{"id":98319,"date":"2016-07-12T22:11:51","date_gmt":"2016-07-12T21:11:51","guid":{"rendered":"http:\/\/www.visit-ulcinj.com\/blog\/?p=98319"},"modified":"2016-07-13T06:59:28","modified_gmt":"2016-07-13T05:59:28","slug":"analisti-politik-albinot-maloku-e-quan-cirkus-dhenien-e-dekorates-gjukaniviqit","status":"publish","type":"post","link":"https:\/\/www.visit-ulcinj.com\/blog\/2016\/07\/12\/analisti-politik-albinot-maloku-e-quan-cirkus-dhenien-e-dekorates-gjukaniviqit\/","title":{"rendered":"Analisti politik, Albinot Maloku e quan cirkus dh\u00ebnien e \u201cDekorat\u00ebs Gjukaniviqit"},"content":{"rendered":"<p class=\"article-title entry-title\"><strong><a href=\"http:\/\/www.visit-ulcinj.com\/blog\/wp-content\/uploads\/2016\/07\/Maloku.jpg\"><img loading=\"lazy\" class=\"alignleft wp-image-98320\" src=\"http:\/\/www.visit-ulcinj.com\/blog\/wp-content\/uploads\/2016\/07\/Maloku.jpg\" alt=\"Maloku\" width=\"508\" height=\"330\" srcset=\"https:\/\/www.visit-ulcinj.com\/blog\/wp-content\/uploads\/2016\/07\/Maloku.jpg 785w, https:\/\/www.visit-ulcinj.com\/blog\/wp-content\/uploads\/2016\/07\/Maloku-300x195.jpg 300w, https:\/\/www.visit-ulcinj.com\/blog\/wp-content\/uploads\/2016\/07\/Maloku-768x499.jpg 768w\" sizes=\"(max-width: 508px) 100vw, 508px\" \/><\/a>Maloku e quan cirkus dh\u00ebnien e \u201cDekorat\u00ebs s\u00eb Flamurit Komb\u00ebtar\u201d kryeministrit, Millo Gjukaniviq<\/strong><\/p>\n<p>Analisti politik, Albinot Maloku \u00ebsht\u00eb shprehur kritik ndaj presidentit t\u00eb Republik\u00ebs s\u00eb Shqip\u00ebris\u00eb, Bujar Nishani p\u00ebr dh\u00ebnien e Dekorat\u00ebs s\u00eb Flamurit Komb\u00ebtar, kryeministrit t\u00eb Malit t\u00eb Zi, Millo Gjukanoviq.<\/p>\n<p>N\u00eb nj\u00eb koment n\u00eb profilin e tij n\u00eb facebook, Maloku shkruan se dallimi mes k\u00ebtij q\u00eb mori Dekorat\u00ebn, dhe subjekteve politike t\u00eb minoritetit serb q\u00eb protestuan kund\u00ebr kreut t\u00eb Kuvendit t\u00eb Shqip\u00ebris\u00eb, Ilir Meta, gjat\u00eb q\u00ebndrimit t\u00eb tij n\u00eb Mal t\u00eb Zi, karshi shqiptar\u00ebve \u00ebsht\u00eb vet\u00ebm n\u00eb\u00a0nuanca.<\/p>\n<p><a href=\"http:\/\/www.visit-ulcinj.com\/blog\/wp-content\/uploads\/2016\/07\/DEKORATA-META-GJUKANOVIQ.jpg\"><img loading=\"lazy\" class=\"alignleft wp-image-98323\" src=\"http:\/\/www.visit-ulcinj.com\/blog\/wp-content\/uploads\/2016\/07\/DEKORATA-META-GJUKANOVIQ.jpg\" alt=\"DEKORATA-META-GJUKANOVIQ\" width=\"508\" height=\"354\" srcset=\"https:\/\/www.visit-ulcinj.com\/blog\/wp-content\/uploads\/2016\/07\/DEKORATA-META-GJUKANOVIQ.jpg 573w, https:\/\/www.visit-ulcinj.com\/blog\/wp-content\/uploads\/2016\/07\/DEKORATA-META-GJUKANOVIQ-300x209.jpg 300w\" sizes=\"(max-width: 508px) 100vw, 508px\" \/><\/a><\/p>\n<p>\u201cPresidenti i Republik\u00ebs s\u00eb Shqip\u00ebris\u00eb,\u00a0Bujar Nishani-Faqja Zyrtare\u00a0i jep Kryeministrit t\u00eb Malit t\u00eb Zi, Millo Gjukanoviq \u201cDekorat\u00ebn e Flamurit Komb\u00ebtar\u201d, nd\u00ebr t\u00eb tjera edhe p\u00ebr \u201cmir\u00eb-p\u00ebrfaq\u00ebsimin e pakic\u00ebs shqiptare n\u00eb jet\u00ebn politike dhe institucionet e Malit t\u00eb Zi\u201d. Cirkus president Nishani a? T\u00eb informojn\u00eb more ty cili \u00ebsht\u00eb pozicioni i shqiptar\u00ebve t\u00eb Malit t\u00eb Zi, cili ishte kontributi i shqiptar\u00ebve n\u00eb b\u00ebrjen e k\u00ebtij shteti dhe cili \u00ebsht\u00eb shp\u00ebrblimi q\u00eb ata morren nga ky shtet? Dallimi mes k\u00ebtij q\u00eb mori Dekorat\u00ebn, dhe subjekteve politike t\u00eb minoritetit serb q\u00eb protestuan kund\u00ebr kreut t\u00eb Kuvendit t\u00eb Shqip\u00ebris\u00eb, Ilir Meta, gjat\u00eb q\u00ebndrimit t\u00eb tij n\u00eb Mal t\u00eb Zi, karshi shqiptar\u00ebve \u00ebsht\u00eb n\u00eb nuanca. Mund\u00ebsit dhe fuqin\u00eb e shqiptar\u00ebve n\u00eb rajon, pra n\u00eb Shqip\u00ebri, Kosov\u00eb, Mal t\u00eb Zi, IRJ t\u00eb Maqedonis\u00eb e edhe n\u00eb Lugin\u00eb, askush nuk po ua shuan m\u00eb shum\u00eb sesa vet\u00eb lidershipi politik shqiptar\u201d, shkruan Maloku.<\/p>\n<p><strong>Parrotlla<\/strong><\/p>\n<p><iframe loading=\"lazy\" src=\"https:\/\/www.youtube.com\/embed\/qTalbDX6ZCU\" width=\"508\" height=\"335\" frameborder=\"0\" allowfullscreen=\"allowfullscreen\"><\/iframe><\/p>\n","protected":false},"excerpt":{"rendered":"<p>Maloku e quan cirkus dh\u00ebnien e \u201cDekorat\u00ebs s\u00eb Flamurit Komb\u00ebtar\u201d kryeministrit, Millo Gjukaniviq Analisti politik, Albinot Maloku \u00ebsht\u00eb shprehur kritik ndaj presidentit t\u00eb Republik\u00ebs s\u00eb Shqip\u00ebris\u00eb, Bujar Nishani p\u00ebr dh\u00ebnien e Dekorat\u00ebs s\u00eb Flamurit Komb\u00ebtar, kryeministrit t\u00eb Malit t\u00eb Zi, Millo Gjukanoviq. N\u00eb nj\u00eb koment n\u00eb profilin e tij n\u00eb facebook, Maloku shkruan se dallimi [&hellip;]<\/p>\n","protected":false},"author":1,"featured_media":0,"comment_status":"closed","ping_status":"closed","sticky":false,"template":"","format":"standard","meta":{"spay_email":"","jetpack_publicize_message":"","jetpack_is_tweetstorm":false,"jetpack_publicize_feature_enabled":true},"categories":[14249,11],"tags":[],"jetpack_publicize_connections":[],"yoast_head":"<!-- This site is optimized with the Yoast SEO plugin v19.1 - https:\/\/yoast.com\/wordpress\/plugins\/seo\/ -->\n<title>Analisti politik, Albinot Maloku e quan cirkus dh\u00ebnien e \u201cDekorat\u00ebs Gjukaniviqit - Lajme nga Ulqini<\/title>\n<meta name=\"description\" content=\"Maloku e quan cirkus dh\u00ebnien e \u201cDekorat\u00ebs s\u00eb Flamurit Komb\u00ebtar\u201d kryeministrit, Millo Gjukaniviq Analisti politik, Albinot Maloku \u00ebsht\u00eb shprehur kritik\" \/>\n<meta name=\"robots\" content=\"index, follow, max-snippet:-1, max-image-preview:large, max-video-preview:-1\" \/>\n<link rel=\"canonical\" href=\"https:\/\/www.visit-ulcinj.com\/blog\/2016\/07\/12\/analisti-politik-albinot-maloku-e-quan-cirkus-dhenien-e-dekorates-gjukaniviqit\/\" \/>\n<meta property=\"og:locale\" content=\"en_US\" \/>\n<meta property=\"og:type\" content=\"article\" \/>\n<meta property=\"og:title\" content=\"Analisti politik, Albinot Maloku e quan cirkus dh\u00ebnien e \u201cDekorat\u00ebs Gjukaniviqit - Lajme nga Ulqini\" \/>\n<meta property=\"og:description\" content=\"Maloku e quan cirkus dh\u00ebnien e \u201cDekorat\u00ebs s\u00eb Flamurit Komb\u00ebtar\u201d kryeministrit, Millo Gjukaniviq Analisti politik, Albinot Maloku \u00ebsht\u00eb shprehur kritik\" \/>\n<meta property=\"og:url\" content=\"https:\/\/www.visit-ulcinj.com\/blog\/2016\/07\/12\/analisti-politik-albinot-maloku-e-quan-cirkus-dhenien-e-dekorates-gjukaniviqit\/\" \/>\n<meta property=\"og:site_name\" content=\"Lajme nga Ulqini\" \/>\n<meta property=\"article:published_time\" content=\"2016-07-12T21:11:51+00:00\" \/>\n<meta property=\"article:modified_time\" content=\"2016-07-13T05:59:28+00:00\" \/>\n<meta property=\"og:image\" content=\"http:\/\/www.visit-ulcinj.com\/blog\/wp-content\/uploads\/2016\/07\/Maloku.jpg\" \/>\n<meta name=\"twitter:label1\" content=\"Written by\" \/>\n\t<meta name=\"twitter:data1\" content=\"ulqini\" \/>\n\t<meta name=\"twitter:label2\" content=\"Est. reading time\" \/>\n\t<meta name=\"twitter:data2\" content=\"1 minute\" \/>\n<script type=\"application\/ld+json\" class=\"yoast-schema-graph\">{\"@context\":\"https:\/\/schema.org\",\"@graph\":[{\"@type\":\"WebSite\",\"@id\":\"https:\/\/www.visit-ulcinj.com\/blog\/#website\",\"url\":\"https:\/\/www.visit-ulcinj.com\/blog\/\",\"name\":\"Lajme nga Ulqini\",\"description\":\"Lajme,Vijesti,Ulqini,Ulqin,Crna Gora,Mali i Zi\",\"potentialAction\":[{\"@type\":\"SearchAction\",\"target\":{\"@type\":\"EntryPoint\",\"urlTemplate\":\"https:\/\/www.visit-ulcinj.com\/blog\/?s={search_term_string}\"},\"query-input\":\"required name=search_term_string\"}],\"inLanguage\":\"en-US\"},{\"@type\":\"ImageObject\",\"inLanguage\":\"en-US\",\"@id\":\"https:\/\/www.visit-ulcinj.com\/blog\/2016\/07\/12\/analisti-politik-albinot-maloku-e-quan-cirkus-dhenien-e-dekorates-gjukaniviqit\/#primaryimage\",\"url\":\"https:\/\/www.visit-ulcinj.com\/blog\/wp-content\/uploads\/2016\/07\/Maloku.jpg\",\"contentUrl\":\"https:\/\/www.visit-ulcinj.com\/blog\/wp-content\/uploads\/2016\/07\/Maloku.jpg\",\"width\":785,\"height\":510},{\"@type\":\"WebPage\",\"@id\":\"https:\/\/www.visit-ulcinj.com\/blog\/2016\/07\/12\/analisti-politik-albinot-maloku-e-quan-cirkus-dhenien-e-dekorates-gjukaniviqit\/#webpage\",\"url\":\"https:\/\/www.visit-ulcinj.com\/blog\/2016\/07\/12\/analisti-politik-albinot-maloku-e-quan-cirkus-dhenien-e-dekorates-gjukaniviqit\/\",\"name\":\"Analisti politik, Albinot Maloku e quan cirkus dh\u00ebnien e \u201cDekorat\u00ebs Gjukaniviqit - Lajme nga Ulqini\",\"isPartOf\":{\"@id\":\"https:\/\/www.visit-ulcinj.com\/blog\/#website\"},\"primaryImageOfPage\":{\"@id\":\"https:\/\/www.visit-ulcinj.com\/blog\/2016\/07\/12\/analisti-politik-albinot-maloku-e-quan-cirkus-dhenien-e-dekorates-gjukaniviqit\/#primaryimage\"},\"datePublished\":\"2016-07-12T21:11:51+00:00\",\"dateModified\":\"2016-07-13T05:59:28+00:00\",\"author\":{\"@id\":\"https:\/\/www.visit-ulcinj.com\/blog\/#\/schema\/person\/dcab619c614d3038751c63bc2aadc06d\"},\"description\":\"Maloku e quan cirkus dh\u00ebnien e \u201cDekorat\u00ebs s\u00eb Flamurit Komb\u00ebtar\u201d kryeministrit, Millo Gjukaniviq Analisti politik, Albinot Maloku \u00ebsht\u00eb shprehur kritik\",\"breadcrumb\":{\"@id\":\"https:\/\/www.visit-ulcinj.com\/blog\/2016\/07\/12\/analisti-politik-albinot-maloku-e-quan-cirkus-dhenien-e-dekorates-gjukaniviqit\/#breadcrumb\"},\"inLanguage\":\"en-US\",\"potentialAction\":[{\"@type\":\"ReadAction\",\"target\":[\"https:\/\/www.visit-ulcinj.com\/blog\/2016\/07\/12\/analisti-politik-albinot-maloku-e-quan-cirkus-dhenien-e-dekorates-gjukaniviqit\/\"]}]},{\"@type\":\"BreadcrumbList\",\"@id\":\"https:\/\/www.visit-ulcinj.com\/blog\/2016\/07\/12\/analisti-politik-albinot-maloku-e-quan-cirkus-dhenien-e-dekorates-gjukaniviqit\/#breadcrumb\",\"itemListElement\":[{\"@type\":\"ListItem\",\"position\":1,\"name\":\"Analisti politik, Albinot Maloku e quan cirkus dh\u00ebnien e \u201cDekorat\u00ebs Gjukaniviqit\"}]},{\"@type\":\"Person\",\"@id\":\"https:\/\/www.visit-ulcinj.com\/blog\/#\/schema\/person\/dcab619c614d3038751c63bc2aadc06d\",\"name\":\"ulqini\",\"sameAs\":[\"http:\/\/www.visit-ulcinj.com\"],\"url\":\"https:\/\/www.visit-ulcinj.com\/blog\/author\/admin\/\"}]}<\/script>\n<!-- \/ Yoast SEO plugin. -->","yoast_head_json":{"title":"Analisti politik, Albinot Maloku e quan cirkus dh\u00ebnien e \u201cDekorat\u00ebs Gjukaniviqit - Lajme nga Ulqini","description":"Maloku e quan cirkus dh\u00ebnien e \u201cDekorat\u00ebs s\u00eb Flamurit Komb\u00ebtar\u201d kryeministrit, Millo Gjukaniviq Analisti politik, Albinot Maloku \u00ebsht\u00eb shprehur kritik","robots":{"index":"index","follow":"follow","max-snippet":"max-snippet:-1","max-image-preview":"max-image-preview:large","max-video-preview":"max-video-preview:-1"},"canonical":"https:\/\/www.visit-ulcinj.com\/blog\/2016\/07\/12\/analisti-politik-albinot-maloku-e-quan-cirkus-dhenien-e-dekorates-gjukaniviqit\/","og_locale":"en_US","og_type":"article","og_title":"Analisti politik, Albinot Maloku e quan cirkus dh\u00ebnien e \u201cDekorat\u00ebs Gjukaniviqit - Lajme nga Ulqini","og_description":"Maloku e quan cirkus dh\u00ebnien e \u201cDekorat\u00ebs s\u00eb Flamurit Komb\u00ebtar\u201d kryeministrit, Millo Gjukaniviq Analisti politik, Albinot Maloku \u00ebsht\u00eb shprehur kritik","og_url":"https:\/\/www.visit-ulcinj.com\/blog\/2016\/07\/12\/analisti-politik-albinot-maloku-e-quan-cirkus-dhenien-e-dekorates-gjukaniviqit\/","og_site_name":"Lajme nga Ulqini","article_published_time":"2016-07-12T21:11:51+00:00","article_modified_time":"2016-07-13T05:59:28+00:00","og_image":[{"url":"http:\/\/www.visit-ulcinj.com\/blog\/wp-content\/uploads\/2016\/07\/Maloku.jpg"}],"twitter_misc":{"Written by":"ulqini","Est. reading time":"1 minute"},"schema":{"@context":"https:\/\/schema.org","@graph":[{"@type":"WebSite","@id":"https:\/\/www.visit-ulcinj.com\/blog\/#website","url":"https:\/\/www.visit-ulcinj.com\/blog\/","name":"Lajme nga Ulqini","description":"Lajme,Vijesti,Ulqini,Ulqin,Crna Gora,Mali i Zi","potentialAction":[{"@type":"SearchAction","target":{"@type":"EntryPoint","urlTemplate":"https:\/\/www.visit-ulcinj.com\/blog\/?s={search_term_string}"},"query-input":"required name=search_term_string"}],"inLanguage":"en-US"},{"@type":"ImageObject","inLanguage":"en-US","@id":"https:\/\/www.visit-ulcinj.com\/blog\/2016\/07\/12\/analisti-politik-albinot-maloku-e-quan-cirkus-dhenien-e-dekorates-gjukaniviqit\/#primaryimage","url":"https:\/\/www.visit-ulcinj.com\/blog\/wp-content\/uploads\/2016\/07\/Maloku.jpg","contentUrl":"https:\/\/www.visit-ulcinj.com\/blog\/wp-content\/uploads\/2016\/07\/Maloku.jpg","width":785,"height":510},{"@type":"WebPage","@id":"https:\/\/www.visit-ulcinj.com\/blog\/2016\/07\/12\/analisti-politik-albinot-maloku-e-quan-cirkus-dhenien-e-dekorates-gjukaniviqit\/#webpage","url":"https:\/\/www.visit-ulcinj.com\/blog\/2016\/07\/12\/analisti-politik-albinot-maloku-e-quan-cirkus-dhenien-e-dekorates-gjukaniviqit\/","name":"Analisti politik, Albinot Maloku e quan cirkus dh\u00ebnien e \u201cDekorat\u00ebs Gjukaniviqit - Lajme nga Ulqini","isPartOf":{"@id":"https:\/\/www.visit-ulcinj.com\/blog\/#website"},"primaryImageOfPage":{"@id":"https:\/\/www.visit-ulcinj.com\/blog\/2016\/07\/12\/analisti-politik-albinot-maloku-e-quan-cirkus-dhenien-e-dekorates-gjukaniviqit\/#primaryimage"},"datePublished":"2016-07-12T21:11:51+00:00","dateModified":"2016-07-13T05:59:28+00:00","author":{"@id":"https:\/\/www.visit-ulcinj.com\/blog\/#\/schema\/person\/dcab619c614d3038751c63bc2aadc06d"},"description":"Maloku e quan cirkus dh\u00ebnien e \u201cDekorat\u00ebs s\u00eb Flamurit Komb\u00ebtar\u201d kryeministrit, Millo Gjukaniviq Analisti politik, Albinot Maloku \u00ebsht\u00eb shprehur kritik","breadcrumb":{"@id":"https:\/\/www.visit-ulcinj.com\/blog\/2016\/07\/12\/analisti-politik-albinot-maloku-e-quan-cirkus-dhenien-e-dekorates-gjukaniviqit\/#breadcrumb"},"inLanguage":"en-US","potentialAction":[{"@type":"ReadAction","target":["https:\/\/www.visit-ulcinj.com\/blog\/2016\/07\/12\/analisti-politik-albinot-maloku-e-quan-cirkus-dhenien-e-dekorates-gjukaniviqit\/"]}]},{"@type":"BreadcrumbList","@id":"https:\/\/www.visit-ulcinj.com\/blog\/2016\/07\/12\/analisti-politik-albinot-maloku-e-quan-cirkus-dhenien-e-dekorates-gjukaniviqit\/#breadcrumb","itemListElement":[{"@type":"ListItem","position":1,"name":"Analisti politik, Albinot Maloku e quan cirkus dh\u00ebnien e \u201cDekorat\u00ebs Gjukaniviqit"}]},{"@type":"Person","@id":"https:\/\/www.visit-ulcinj.com\/blog\/#\/schema\/person\/dcab619c614d3038751c63bc2aadc06d","name":"ulqini","sameAs":["http:\/\/www.visit-ulcinj.com"],"url":"https:\/\/www.visit-ulcinj.com\/blog\/author\/admin\/"}]}},"jetpack_featured_media_url":"","jetpack_sharing_enabled":true,"jetpack_shortlink":"https:\/\/wp.me\/pe6lTn-pzN","_links":{"self":[{"href":"https:\/\/www.visit-ulcinj.com\/blog\/wp-json\/wp\/v2\/posts\/98319"}],"collection":[{"href":"https:\/\/www.visit-ulcinj.com\/blog\/wp-json\/wp\/v2\/posts"}],"about":[{"href":"https:\/\/www.visit-ulcinj.com\/blog\/wp-json\/wp\/v2\/types\/post"}],"author":[{"embeddable":true,"href":"https:\/\/www.visit-ulcinj.com\/blog\/wp-json\/wp\/v2\/users\/1"}],"replies":[{"embeddable":true,"href":"https:\/\/www.visit-ulcinj.com\/blog\/wp-json\/wp\/v2\/comments?post=98319"}],"version-history":[{"count":4,"href":"https:\/\/www.visit-ulcinj.com\/blog\/wp-json\/wp\/v2\/posts\/98319\/revisions"}],"predecessor-version":[{"id":98325,"href":"https:\/\/www.visit-ulcinj.com\/blog\/wp-json\/wp\/v2\/posts\/98319\/revisions\/98325"}],"wp:attachment":[{"href":"https:\/\/www.visit-ulcinj.com\/blog\/wp-json\/wp\/v2\/media?parent=98319"}],"wp:term":[{"taxonomy":"category","embeddable":true,"href":"https:\/\/www.visit-ulcinj.com\/blog\/wp-json\/wp\/v2\/categories?post=98319"},{"taxonomy":"post_tag","embeddable":true,"href":"https:\/\/www.visit-ulcinj.com\/blog\/wp-json\/wp\/v2\/tags?post=98319"}],"curies":[{"name":"wp","href":"https:\/\/api.w.org\/{rel}","templated":true}]}}