{"id":98326,"date":"2016-07-13T06:56:57","date_gmt":"2016-07-13T05:56:57","guid":{"rendered":"http:\/\/www.visit-ulcinj.com\/blog\/?p=98326"},"modified":"2016-07-13T06:56:57","modified_gmt":"2016-07-13T05:56:57","slug":"nika-votuesit-shqiptare-tradhetise-ti-pergjigjen-tradheti","status":"publish","type":"post","link":"https:\/\/www.visit-ulcinj.com\/blog\/2016\/07\/13\/nika-votuesit-shqiptare-tradhetise-ti-pergjigjen-tradheti\/","title":{"rendered":"Nika: Votuesit shqiptar\u00eb &#8211; tradh\u00ebtis\u00eb , t\u2019i p\u00ebrgjigjen me tradh\u00ebti..?!!"},"content":{"rendered":"<p><strong><em><a href=\"http:\/\/www.visit-ulcinj.com\/blog\/wp-content\/uploads\/2014\/11\/Muhamet-Nika.jpg\"><img loading=\"lazy\" class=\"alignleft wp-image-86143 size-full\" src=\"http:\/\/www.visit-ulcinj.com\/blog\/wp-content\/uploads\/2014\/11\/Muhamet-Nika.jpg\" alt=\"Muhamet Nika\" width=\"256\" height=\"319\" srcset=\"https:\/\/www.visit-ulcinj.com\/blog\/wp-content\/uploads\/2014\/11\/Muhamet-Nika.jpg 256w, https:\/\/www.visit-ulcinj.com\/blog\/wp-content\/uploads\/2014\/11\/Muhamet-Nika-240x300.jpg 240w\" sizes=\"(max-width: 256px) 100vw, 256px\" \/><\/a>VUJANOVIQ\u00a0 \u2013\u00a0 SHPALL ZGJEDHJET PARLAMENTARE<\/em><\/strong><\/p>\n<p>Ky \u00a0kuptohet se \u00ebsht\u00eb\u00a0 mendimi im personal , por q\u00eb\u00a0 \u00ebsht\u00eb\u00a0 zgjidhja m\u00eb e mir\u00eb dhe m\u00eb e drejt\u00eb.\u00a0 E \u00a0precizuar , edhe m\u00eb qart\u00eb , \u00a0do t\u00eb thot\u00eb se shqiptar\u00ebt \u2013tradhtis\u00eb \u00a0n\u00eb zgjedhje , k\u00ebsaj radhe \u00a0\u2013 duhet t\u2019i\u00a0 p\u00ebrgjigjen me tradhti ..?!<\/p>\n<p>Nd\u00ebrsa \u00a0e th\u00ebn\u00eb edhe m\u00eb shqip , do t\u00eb thot\u00eb q\u00eb\u00a0 , n\u00ebse\u00a0 partia n\u00eb pushtet i g\u00ebnjeu me vite\u00a0 partit\u00eb shqiptare \u00a0n\u00eb p\u00ebrfaq\u00ebsim \u00a0\u00a0rreth numrit t\u00eb deputet\u00ebve- \u00a0ku sipas nevoj\u00ebs \u00a0\u00a0\u201ciu vidhte &#8230;\u201d nga nj\u00eb deputet &#8230;, \u00a0ose shpesh i mashtronte\u00a0 edhe\u00a0 me lug\u00eb boshe &#8230;. !!! At\u00ebher\u00eb vet\u00ebm \u00a0nj\u00eb tradhti\u00a0 zgjedhore <strong><em>(SHQIPTAR\u00c7E)\u2013<\/em><\/strong> do t\u00eb shlyente tradhtit\u00eb e shkuara dhe k\u00ebt\u00eb q\u00eb po u p\u00ebrgatitet\u00a0 nda deputet\u00ebt shqiptar\u00eb .<\/p>\n<p><strong><em>\u00c7\u2019 \u00ebsht\u00eb m\u00eb e keqja\u00a0 , k\u00ebsaj radhe\u00a0 , n\u00eb k\u00ebt\u00eb pun\u00eb t\u00eb ndyr\u00eb \u00a0e t\u00eb pist\u00eb, \u00ebsht\u00eb p\u00ebrzier edhe vet\u00eb \u00a0Ilir Meta- kryetari i kuvendit shqiptar, i cili jo pa q\u00ebllim , i dha n\u00eb Podgoric\u00eb Gjukanoviqit dekorat\u00ebn e flamurit shqiptar\u00eb &#8211; p\u00ebr t\u00eb k\u00ebnaqur dhe udh\u00ebzuar\u00a0 votuesit shqiptar\u00ebt&#8230;.., e \u00a0n\u00eb an\u00ebn tjet\u00ebr , p\u00ebr t\u00eb motivuar demat (deputet\u00ebt)serb\u00eb\u00a0 q\u00eb jan\u00eb t\u00eb ndjesh\u00ebm n\u00eb ngjyr\u00ebn e kuqe?!Por q\u00eb edhe ky veprim i\u00a0 Met\u00ebs , n\u00eb fund t\u00eb fundit u shkon p\u00ebr shtat&#8230;.?!!<\/em><\/strong><\/p>\n<p>Kujto k\u00ebtu,\u00a0 norm\u00ebn kushtetuese\u00a0 e cila thot\u00eb :\u201d n\u00eb \u00e7do 6000\u00a0 votues , zgjidhet \u00a01 deputet. At\u00ebher\u00eb shqiptar\u00ebt\u00a0 me\u00a0 30mij\u00eb votues\u00a0 i bie t\u00eb ken\u00eb \u00a05 deputet\u00eb.<\/p>\n<p>Por me kalimin e koh\u00ebs, si rezultat i tradhtis\u00eb s\u00eb qeveris\u00eb dhe vet\u00eb tradhtis\u00eb s\u00eb deputet\u00ebve\u00a0 tan\u00eb , shohim q\u00eb \u00a0ky num\u00ebr , t\u00eb binte nga 5- n\u00eb 4 deputet,\u00a0 pastaj nga 4 n\u00eb \u00a02 deputet dhe s\u00eb fundmi, nga \u00a02 \u00a0do bjer\u00eb n\u00eb nj\u00eb , apo \u00a0asnj\u00eb deputet. Thjesht\u00eb do t\u00eb na mbes\u00eb\u00a0 t\u00eb k\u00ebnaqemi \u00a0\u00a0edhe ndonj\u00eb dit\u00eb , me \u00a0deputet shqiptar\u00eb t\u00eb Dps-it&#8230;.?!<\/p>\n<p><strong>\u00a0<\/strong><\/p>\n<p><strong><em>Si t\u00eb veprohet p\u00ebr t\u2019i shp\u00ebtuar k\u00ebsaj t\u00eb keqeje&#8230;.?!!<\/em><\/strong><\/p>\n<p>Duke pasur parasysh q\u00eb bojkotimi , masiv i zgjedhjeve , me gjith\u00eb at\u00eb , do t\u00eb ishte me pasoja dhe me hakmarrje \u00a0t\u00eb dyfishta, nga partia n\u00eb pushtet\u00a0 , po dhe nga partit\u00eb nacionale ,\u00a0 at\u00ebher\u00eb shqiptar\u00ebt \u00a0do t\u00eb duhej q\u00eb masovikisht\u00a0 , t\u00eb dalin n\u00eb zgjedhje dhe t\u00eb anulojn\u00eb vot\u00ebn e vet..?! Sepse vet\u00ebm k\u00ebshtu , do t\u00eb d\u00ebnonin\u00a0 vet\u00eb tradhtin\u00eb e partive nacionale dhe tradhtin\u00eb e partis\u00eb n\u00eb pushtet.<\/p>\n<p>Me k\u00ebt\u00eb veprim ,shqiptar\u00ebt ,do t\u00eb tregonin pjekurin\u00eb e vet duke mos\u00a0 e favorizuar\u00a0 \u00a0\u00a0DPS-n\u00eb , \u00a0kurse\u00a0 n\u00eb an\u00ebn tjet\u00ebr ,do t\u00eb\u00a0 mbronin veten\u00a0 nga \u201ckorrupsioni politik e publik \u201d i partive nacionale..?!!!<\/p>\n<p>&nbsp;<\/p>\n<p><strong><em>\u00a0Vazhdon <\/em><\/strong><\/p>\n<p><strong><em>Pse \u00a0n\u00eb k\u00ebto zgjedhje , nuk b\u00ebn t\u00eb shkojm\u00eb si cjapi , te kasapi&#8230;.,\u00a0 ashtu si na m\u00ebsojn\u00eb\u00a0 partit\u00eb nacionale?!!<\/em><\/strong><\/p>\n","protected":false},"excerpt":{"rendered":"<p>VUJANOVIQ\u00a0 \u2013\u00a0 SHPALL ZGJEDHJET PARLAMENTARE Ky \u00a0kuptohet se \u00ebsht\u00eb\u00a0 mendimi im personal , por q\u00eb\u00a0 \u00ebsht\u00eb\u00a0 zgjidhja m\u00eb e mir\u00eb dhe m\u00eb e drejt\u00eb.\u00a0 E \u00a0precizuar , edhe m\u00eb qart\u00eb , \u00a0do t\u00eb thot\u00eb se shqiptar\u00ebt \u2013tradhtis\u00eb \u00a0n\u00eb zgjedhje , k\u00ebsaj radhe \u00a0\u2013 duhet t\u2019i\u00a0 p\u00ebrgjigjen me tradhti ..?! Nd\u00ebrsa \u00a0e th\u00ebn\u00eb edhe m\u00eb shqip [&hellip;]<\/p>\n","protected":false},"author":1,"featured_media":0,"comment_status":"closed","ping_status":"closed","sticky":false,"template":"","format":"standard","meta":{"spay_email":"","jetpack_publicize_message":"","jetpack_is_tweetstorm":false,"jetpack_publicize_feature_enabled":true},"categories":[14249],"tags":[],"jetpack_publicize_connections":[],"yoast_head":"<!-- This site is optimized with the Yoast SEO plugin v19.1 - https:\/\/yoast.com\/wordpress\/plugins\/seo\/ -->\n<title>Nika: Votuesit shqiptar\u00eb - tradh\u00ebtis\u00eb , t\u2019i p\u00ebrgjigjen me tradh\u00ebti..?!! - Lajme nga Ulqini<\/title>\n<meta name=\"description\" content=\"VUJANOVIQ\u00a0 \u2013\u00a0 SHPALL ZGJEDHJET PARLAMENTARE Ky \u00a0kuptohet se \u00ebsht\u00eb\u00a0 mendimi im personal , por q\u00eb\u00a0 \u00ebsht\u00eb\u00a0 zgjidhja m\u00eb e mir\u00eb dhe m\u00eb e drejt\u00eb.\u00a0 E \u00a0precizuar\" \/>\n<meta name=\"robots\" content=\"index, follow, max-snippet:-1, max-image-preview:large, max-video-preview:-1\" \/>\n<link rel=\"canonical\" href=\"https:\/\/www.visit-ulcinj.com\/blog\/2016\/07\/13\/nika-votuesit-shqiptare-tradhetise-ti-pergjigjen-tradheti\/\" \/>\n<meta property=\"og:locale\" content=\"en_US\" \/>\n<meta property=\"og:type\" content=\"article\" \/>\n<meta property=\"og:title\" content=\"Nika: Votuesit shqiptar\u00eb - tradh\u00ebtis\u00eb , t\u2019i p\u00ebrgjigjen me tradh\u00ebti..?!! - Lajme nga Ulqini\" \/>\n<meta property=\"og:description\" content=\"VUJANOVIQ\u00a0 \u2013\u00a0 SHPALL ZGJEDHJET PARLAMENTARE Ky \u00a0kuptohet se \u00ebsht\u00eb\u00a0 mendimi im personal , por q\u00eb\u00a0 \u00ebsht\u00eb\u00a0 zgjidhja m\u00eb e mir\u00eb dhe m\u00eb e drejt\u00eb.\u00a0 E \u00a0precizuar\" \/>\n<meta property=\"og:url\" content=\"https:\/\/www.visit-ulcinj.com\/blog\/2016\/07\/13\/nika-votuesit-shqiptare-tradhetise-ti-pergjigjen-tradheti\/\" \/>\n<meta property=\"og:site_name\" content=\"Lajme nga Ulqini\" \/>\n<meta property=\"article:published_time\" content=\"2016-07-13T05:56:57+00:00\" \/>\n<meta property=\"og:image\" content=\"http:\/\/www.visit-ulcinj.com\/blog\/wp-content\/uploads\/2014\/11\/Muhamet-Nika.jpg\" \/>\n<meta name=\"twitter:label1\" content=\"Written by\" \/>\n\t<meta name=\"twitter:data1\" content=\"ulqini\" \/>\n\t<meta name=\"twitter:label2\" content=\"Est. reading time\" \/>\n\t<meta name=\"twitter:data2\" content=\"2 minutes\" \/>\n<script type=\"application\/ld+json\" class=\"yoast-schema-graph\">{\"@context\":\"https:\/\/schema.org\",\"@graph\":[{\"@type\":\"WebSite\",\"@id\":\"https:\/\/www.visit-ulcinj.com\/blog\/#website\",\"url\":\"https:\/\/www.visit-ulcinj.com\/blog\/\",\"name\":\"Lajme nga Ulqini\",\"description\":\"Lajme,Vijesti,Ulqini,Ulqin,Crna Gora,Mali i Zi\",\"potentialAction\":[{\"@type\":\"SearchAction\",\"target\":{\"@type\":\"EntryPoint\",\"urlTemplate\":\"https:\/\/www.visit-ulcinj.com\/blog\/?s={search_term_string}\"},\"query-input\":\"required name=search_term_string\"}],\"inLanguage\":\"en-US\"},{\"@type\":\"ImageObject\",\"inLanguage\":\"en-US\",\"@id\":\"https:\/\/www.visit-ulcinj.com\/blog\/2016\/07\/13\/nika-votuesit-shqiptare-tradhetise-ti-pergjigjen-tradheti\/#primaryimage\",\"url\":\"https:\/\/www.visit-ulcinj.com\/blog\/wp-content\/uploads\/2014\/11\/Muhamet-Nika.jpg\",\"contentUrl\":\"https:\/\/www.visit-ulcinj.com\/blog\/wp-content\/uploads\/2014\/11\/Muhamet-Nika.jpg\",\"width\":256,\"height\":319},{\"@type\":\"WebPage\",\"@id\":\"https:\/\/www.visit-ulcinj.com\/blog\/2016\/07\/13\/nika-votuesit-shqiptare-tradhetise-ti-pergjigjen-tradheti\/#webpage\",\"url\":\"https:\/\/www.visit-ulcinj.com\/blog\/2016\/07\/13\/nika-votuesit-shqiptare-tradhetise-ti-pergjigjen-tradheti\/\",\"name\":\"Nika: Votuesit shqiptar\u00eb - tradh\u00ebtis\u00eb , t\u2019i p\u00ebrgjigjen me tradh\u00ebti..?!! - Lajme nga Ulqini\",\"isPartOf\":{\"@id\":\"https:\/\/www.visit-ulcinj.com\/blog\/#website\"},\"primaryImageOfPage\":{\"@id\":\"https:\/\/www.visit-ulcinj.com\/blog\/2016\/07\/13\/nika-votuesit-shqiptare-tradhetise-ti-pergjigjen-tradheti\/#primaryimage\"},\"datePublished\":\"2016-07-13T05:56:57+00:00\",\"dateModified\":\"2016-07-13T05:56:57+00:00\",\"author\":{\"@id\":\"https:\/\/www.visit-ulcinj.com\/blog\/#\/schema\/person\/dcab619c614d3038751c63bc2aadc06d\"},\"description\":\"VUJANOVIQ\u00a0 \u2013\u00a0 SHPALL ZGJEDHJET PARLAMENTARE Ky \u00a0kuptohet se \u00ebsht\u00eb\u00a0 mendimi im personal , por q\u00eb\u00a0 \u00ebsht\u00eb\u00a0 zgjidhja m\u00eb e mir\u00eb dhe m\u00eb e drejt\u00eb.\u00a0 E \u00a0precizuar\",\"breadcrumb\":{\"@id\":\"https:\/\/www.visit-ulcinj.com\/blog\/2016\/07\/13\/nika-votuesit-shqiptare-tradhetise-ti-pergjigjen-tradheti\/#breadcrumb\"},\"inLanguage\":\"en-US\",\"potentialAction\":[{\"@type\":\"ReadAction\",\"target\":[\"https:\/\/www.visit-ulcinj.com\/blog\/2016\/07\/13\/nika-votuesit-shqiptare-tradhetise-ti-pergjigjen-tradheti\/\"]}]},{\"@type\":\"BreadcrumbList\",\"@id\":\"https:\/\/www.visit-ulcinj.com\/blog\/2016\/07\/13\/nika-votuesit-shqiptare-tradhetise-ti-pergjigjen-tradheti\/#breadcrumb\",\"itemListElement\":[{\"@type\":\"ListItem\",\"position\":1,\"name\":\"Nika: Votuesit shqiptar\u00eb &#8211; tradh\u00ebtis\u00eb , t\u2019i p\u00ebrgjigjen me tradh\u00ebti..?!!\"}]},{\"@type\":\"Person\",\"@id\":\"https:\/\/www.visit-ulcinj.com\/blog\/#\/schema\/person\/dcab619c614d3038751c63bc2aadc06d\",\"name\":\"ulqini\",\"sameAs\":[\"http:\/\/www.visit-ulcinj.com\"],\"url\":\"https:\/\/www.visit-ulcinj.com\/blog\/author\/admin\/\"}]}<\/script>\n<!-- \/ Yoast SEO plugin. -->","yoast_head_json":{"title":"Nika: Votuesit shqiptar\u00eb - tradh\u00ebtis\u00eb , t\u2019i p\u00ebrgjigjen me tradh\u00ebti..?!! - Lajme nga Ulqini","description":"VUJANOVIQ\u00a0 \u2013\u00a0 SHPALL ZGJEDHJET PARLAMENTARE Ky \u00a0kuptohet se \u00ebsht\u00eb\u00a0 mendimi im personal , por q\u00eb\u00a0 \u00ebsht\u00eb\u00a0 zgjidhja m\u00eb e mir\u00eb dhe m\u00eb e drejt\u00eb.\u00a0 E \u00a0precizuar","robots":{"index":"index","follow":"follow","max-snippet":"max-snippet:-1","max-image-preview":"max-image-preview:large","max-video-preview":"max-video-preview:-1"},"canonical":"https:\/\/www.visit-ulcinj.com\/blog\/2016\/07\/13\/nika-votuesit-shqiptare-tradhetise-ti-pergjigjen-tradheti\/","og_locale":"en_US","og_type":"article","og_title":"Nika: Votuesit shqiptar\u00eb - tradh\u00ebtis\u00eb , t\u2019i p\u00ebrgjigjen me tradh\u00ebti..?!! - Lajme nga Ulqini","og_description":"VUJANOVIQ\u00a0 \u2013\u00a0 SHPALL ZGJEDHJET PARLAMENTARE Ky \u00a0kuptohet se \u00ebsht\u00eb\u00a0 mendimi im personal , por q\u00eb\u00a0 \u00ebsht\u00eb\u00a0 zgjidhja m\u00eb e mir\u00eb dhe m\u00eb e drejt\u00eb.\u00a0 E \u00a0precizuar","og_url":"https:\/\/www.visit-ulcinj.com\/blog\/2016\/07\/13\/nika-votuesit-shqiptare-tradhetise-ti-pergjigjen-tradheti\/","og_site_name":"Lajme nga Ulqini","article_published_time":"2016-07-13T05:56:57+00:00","og_image":[{"url":"http:\/\/www.visit-ulcinj.com\/blog\/wp-content\/uploads\/2014\/11\/Muhamet-Nika.jpg"}],"twitter_misc":{"Written by":"ulqini","Est. reading time":"2 minutes"},"schema":{"@context":"https:\/\/schema.org","@graph":[{"@type":"WebSite","@id":"https:\/\/www.visit-ulcinj.com\/blog\/#website","url":"https:\/\/www.visit-ulcinj.com\/blog\/","name":"Lajme nga Ulqini","description":"Lajme,Vijesti,Ulqini,Ulqin,Crna Gora,Mali i Zi","potentialAction":[{"@type":"SearchAction","target":{"@type":"EntryPoint","urlTemplate":"https:\/\/www.visit-ulcinj.com\/blog\/?s={search_term_string}"},"query-input":"required name=search_term_string"}],"inLanguage":"en-US"},{"@type":"ImageObject","inLanguage":"en-US","@id":"https:\/\/www.visit-ulcinj.com\/blog\/2016\/07\/13\/nika-votuesit-shqiptare-tradhetise-ti-pergjigjen-tradheti\/#primaryimage","url":"https:\/\/www.visit-ulcinj.com\/blog\/wp-content\/uploads\/2014\/11\/Muhamet-Nika.jpg","contentUrl":"https:\/\/www.visit-ulcinj.com\/blog\/wp-content\/uploads\/2014\/11\/Muhamet-Nika.jpg","width":256,"height":319},{"@type":"WebPage","@id":"https:\/\/www.visit-ulcinj.com\/blog\/2016\/07\/13\/nika-votuesit-shqiptare-tradhetise-ti-pergjigjen-tradheti\/#webpage","url":"https:\/\/www.visit-ulcinj.com\/blog\/2016\/07\/13\/nika-votuesit-shqiptare-tradhetise-ti-pergjigjen-tradheti\/","name":"Nika: Votuesit shqiptar\u00eb - tradh\u00ebtis\u00eb , t\u2019i p\u00ebrgjigjen me tradh\u00ebti..?!! - Lajme nga Ulqini","isPartOf":{"@id":"https:\/\/www.visit-ulcinj.com\/blog\/#website"},"primaryImageOfPage":{"@id":"https:\/\/www.visit-ulcinj.com\/blog\/2016\/07\/13\/nika-votuesit-shqiptare-tradhetise-ti-pergjigjen-tradheti\/#primaryimage"},"datePublished":"2016-07-13T05:56:57+00:00","dateModified":"2016-07-13T05:56:57+00:00","author":{"@id":"https:\/\/www.visit-ulcinj.com\/blog\/#\/schema\/person\/dcab619c614d3038751c63bc2aadc06d"},"description":"VUJANOVIQ\u00a0 \u2013\u00a0 SHPALL ZGJEDHJET PARLAMENTARE Ky \u00a0kuptohet se \u00ebsht\u00eb\u00a0 mendimi im personal , por q\u00eb\u00a0 \u00ebsht\u00eb\u00a0 zgjidhja m\u00eb e mir\u00eb dhe m\u00eb e drejt\u00eb.\u00a0 E \u00a0precizuar","breadcrumb":{"@id":"https:\/\/www.visit-ulcinj.com\/blog\/2016\/07\/13\/nika-votuesit-shqiptare-tradhetise-ti-pergjigjen-tradheti\/#breadcrumb"},"inLanguage":"en-US","potentialAction":[{"@type":"ReadAction","target":["https:\/\/www.visit-ulcinj.com\/blog\/2016\/07\/13\/nika-votuesit-shqiptare-tradhetise-ti-pergjigjen-tradheti\/"]}]},{"@type":"BreadcrumbList","@id":"https:\/\/www.visit-ulcinj.com\/blog\/2016\/07\/13\/nika-votuesit-shqiptare-tradhetise-ti-pergjigjen-tradheti\/#breadcrumb","itemListElement":[{"@type":"ListItem","position":1,"name":"Nika: Votuesit shqiptar\u00eb &#8211; tradh\u00ebtis\u00eb , t\u2019i p\u00ebrgjigjen me tradh\u00ebti..?!!"}]},{"@type":"Person","@id":"https:\/\/www.visit-ulcinj.com\/blog\/#\/schema\/person\/dcab619c614d3038751c63bc2aadc06d","name":"ulqini","sameAs":["http:\/\/www.visit-ulcinj.com"],"url":"https:\/\/www.visit-ulcinj.com\/blog\/author\/admin\/"}]}},"jetpack_featured_media_url":"","jetpack_sharing_enabled":true,"jetpack_shortlink":"https:\/\/wp.me\/pe6lTn-pzU","_links":{"self":[{"href":"https:\/\/www.visit-ulcinj.com\/blog\/wp-json\/wp\/v2\/posts\/98326"}],"collection":[{"href":"https:\/\/www.visit-ulcinj.com\/blog\/wp-json\/wp\/v2\/posts"}],"about":[{"href":"https:\/\/www.visit-ulcinj.com\/blog\/wp-json\/wp\/v2\/types\/post"}],"author":[{"embeddable":true,"href":"https:\/\/www.visit-ulcinj.com\/blog\/wp-json\/wp\/v2\/users\/1"}],"replies":[{"embeddable":true,"href":"https:\/\/www.visit-ulcinj.com\/blog\/wp-json\/wp\/v2\/comments?post=98326"}],"version-history":[{"count":1,"href":"https:\/\/www.visit-ulcinj.com\/blog\/wp-json\/wp\/v2\/posts\/98326\/revisions"}],"predecessor-version":[{"id":98327,"href":"https:\/\/www.visit-ulcinj.com\/blog\/wp-json\/wp\/v2\/posts\/98326\/revisions\/98327"}],"wp:attachment":[{"href":"https:\/\/www.visit-ulcinj.com\/blog\/wp-json\/wp\/v2\/media?parent=98326"}],"wp:term":[{"taxonomy":"category","embeddable":true,"href":"https:\/\/www.visit-ulcinj.com\/blog\/wp-json\/wp\/v2\/categories?post=98326"},{"taxonomy":"post_tag","embeddable":true,"href":"https:\/\/www.visit-ulcinj.com\/blog\/wp-json\/wp\/v2\/tags?post=98326"}],"curies":[{"name":"wp","href":"https:\/\/api.w.org\/{rel}","templated":true}]}}