{"id":98334,"date":"2016-07-13T14:30:49","date_gmt":"2016-07-13T13:30:49","guid":{"rendered":"http:\/\/www.visit-ulcinj.com\/blog\/?p=98334"},"modified":"2016-07-14T13:49:25","modified_gmt":"2016-07-14T12:49:25","slug":"gazeta-newborn-propaganda-kunder-ulqinit-dhe-mashtruese","status":"publish","type":"post","link":"https:\/\/www.visit-ulcinj.com\/blog\/2016\/07\/13\/gazeta-newborn-propaganda-kunder-ulqinit-dhe-mashtruese\/","title":{"rendered":"Gazeta NewBorn: Propaganda kund\u00ebr Ulqinit dhe mashtruese"},"content":{"rendered":"<p class=\"entry-title\"><strong><a href=\"http:\/\/www.visit-ulcinj.com\/blog\/wp-content\/uploads\/2011\/07\/MSM-BEACH-ULQIN_ULQINI_PUSHIME.jpg\"><img loading=\"lazy\" class=\"alignleft wp-image-48631\" src=\"http:\/\/www.visit-ulcinj.com\/blog\/wp-content\/uploads\/2011\/07\/MSM-BEACH-ULQIN_ULQINI_PUSHIME.jpg\" alt=\"MSM BEACH ULQIN_ULQINI_PUSHIME\" width=\"508\" height=\"381\" srcset=\"https:\/\/www.visit-ulcinj.com\/blog\/wp-content\/uploads\/2011\/07\/MSM-BEACH-ULQIN_ULQINI_PUSHIME.jpg 3264w, https:\/\/www.visit-ulcinj.com\/blog\/wp-content\/uploads\/2011\/07\/MSM-BEACH-ULQIN_ULQINI_PUSHIME-300x225.jpg 300w, https:\/\/www.visit-ulcinj.com\/blog\/wp-content\/uploads\/2011\/07\/MSM-BEACH-ULQIN_ULQINI_PUSHIME-1024x768.jpg 1024w\" sizes=\"(max-width: 508px) 100vw, 508px\" \/><\/a>Zmadho Fotografin p\u00ebr t\u00eb shikuar papastertin e plazhit<\/strong><\/p>\n<p class=\"entry-title\"><strong>Kujdes: 50% \u00e7mimet m\u00eb t\u00eb larta n\u00eb Ulqin dhe plazhin e Malit t\u00eb Zi, se sa n\u00eb bregdetin shqiptar<\/strong><\/p>\n<p>P\u00ebrve\u00e7 q\u00eb \u00ebsht\u00eb m\u00eb i vog\u00ebl n\u00eb siperfaqe, bregdeti i Malit t\u00eb Zi \u00ebsht\u00eb p\u00ebrgjysm\u00eb m\u00eb i shtrenjt se ai shqiptar. Nj\u00eb turist shqiptar ka treguar p\u00ebr Gazet\u00ebn NewBorn, se n\u00eb Ulqin \u00e7mimet jan\u00eb shum\u00eb m\u00eb t\u00eb shtrenjta se sa n\u00eb Durr\u00ebs.<\/p>\n<p>Ai ka treguar madje se n\u00eb Ulqin edhe past\u00ebrtia nuk \u00ebsht\u00eb e atij niveli t\u00eb cilit ka qen\u00eb n\u00eb vitetet e kaluara duke b\u00ebr\u00eb k\u00ebshtu q\u00eb shum\u00eb e turisti t\u00eb largohet prej atij bregdeti edhe pse ka pasur nga t\u00eb atill q\u00eb pushimet i kishin planifikuar ti kryejn atje, raporton Gazeta NewBorn.<\/p>\n<p>\u2018\u2019Mua personalisht m\u00eb ka \u00e7mendur \u00e7mimi i lart\u00eb n\u00eb Ulqin. Kam menduar se mos jam n\u00eb Antalya apo n\u00eb ndonj\u00eb bregdet t\u00eb Spanjes me \u00e7mimet q\u00eb jan\u00eb aty. Nuk ka ndodhur m\u00eb par\u00eb, k\u00ebt\u00eb vit\u00eb \u00ebsht\u00eb p\u00ebr tu \u00e7uditur se p\u00ebrse jan\u00eb k\u00ebto ngritje t\u00eb \u00e7mimeve\u2019\u2019 shprehet ky turist.<\/p>\n<p>\u2018\u2019Edhe past\u00ebrtia \u00ebsht\u00eb n\u00eb nivelin m\u00eb t\u00eb dob\u00ebt prej kur un\u00eb kam\u00eb filluar ta vizitoi Ulqinin. N\u00eb k\u00ebt\u00eb vit \u00ebsht\u00eb p\u00ebr t\u00eb ardhur turp se sa i pa past\u00ebr \u00ebsht\u00eb plazhi aty\u2019\u2019, shprehet i mllefosur m\u00eb tutje turisiti p\u00ebr Gazeta NewBorn.<\/p>\n<p>Ndryshe nga kjo, mediat e huaja pat\u00ebn raportuar se bregdeti shqiptar\u00eb \u00ebsht\u00eb nd\u00ebr vendet m\u00eb t\u00eb bukura n\u00eb bot\u00eb p\u00ebr ti kryer pushimet, duke b\u00ebr\u00eb k\u00ebshtu q\u00eb shum\u00eb e turisti t\u00eb vij p\u00ebr ta vizituar at\u00eb\/Gazeta NewBorn\/<\/p>\n<p><a href=\"http:\/\/www.visit-ulcinj.com\/blog\/wp-content\/uploads\/2012\/06\/Plazha-MSM-Ulqin-Mali-i-Zi.jpg\"><img loading=\"lazy\" class=\"alignleft wp-image-61907\" src=\"http:\/\/www.visit-ulcinj.com\/blog\/wp-content\/uploads\/2012\/06\/Plazha-MSM-Ulqin-Mali-i-Zi.jpg\" alt=\"Plazha MSM - Ulqin -Mali i Zi\" width=\"508\" height=\"381\" srcset=\"https:\/\/www.visit-ulcinj.com\/blog\/wp-content\/uploads\/2012\/06\/Plazha-MSM-Ulqin-Mali-i-Zi.jpg 800w, https:\/\/www.visit-ulcinj.com\/blog\/wp-content\/uploads\/2012\/06\/Plazha-MSM-Ulqin-Mali-i-Zi-300x225.jpg 300w\" sizes=\"(max-width: 508px) 100vw, 508px\" \/><\/a><\/p>\n<p><a href=\"http:\/\/www.visit-ulcinj.com\/blog\/wp-content\/uploads\/2014\/06\/MSM-BEACH.jpg\"><img loading=\"lazy\" class=\"alignleft wp-image-83351\" src=\"http:\/\/www.visit-ulcinj.com\/blog\/wp-content\/uploads\/2014\/06\/MSM-BEACH.jpg\" alt=\"MSM-BEACH\" width=\"508\" height=\"381\" srcset=\"https:\/\/www.visit-ulcinj.com\/blog\/wp-content\/uploads\/2014\/06\/MSM-BEACH.jpg 960w, https:\/\/www.visit-ulcinj.com\/blog\/wp-content\/uploads\/2014\/06\/MSM-BEACH-300x225.jpg 300w\" sizes=\"(max-width: 508px) 100vw, 508px\" \/><\/a><\/p>\n<p><a href=\"http:\/\/www.visit-ulcinj.com\/blog\/wp-content\/uploads\/2010\/07\/Plazhi-MSM-ulqin.jpg\"><img loading=\"lazy\" class=\"alignleft wp-image-35368\" src=\"http:\/\/www.visit-ulcinj.com\/blog\/wp-content\/uploads\/2010\/07\/Plazhi-MSM-ulqin.jpg\" alt=\"Plazhi MSM ulqin\" width=\"508\" height=\"381\" srcset=\"https:\/\/www.visit-ulcinj.com\/blog\/wp-content\/uploads\/2010\/07\/Plazhi-MSM-ulqin.jpg 1080w, https:\/\/www.visit-ulcinj.com\/blog\/wp-content\/uploads\/2010\/07\/Plazhi-MSM-ulqin-300x225.jpg 300w, https:\/\/www.visit-ulcinj.com\/blog\/wp-content\/uploads\/2010\/07\/Plazhi-MSM-ulqin-1024x768.jpg 1024w\" sizes=\"(max-width: 508px) 100vw, 508px\" \/><\/a><\/p>\n<p><a href=\"http:\/\/www.visit-ulcinj.com\/blog\/wp-content\/uploads\/2011\/07\/MSM-BEACH-ULQIN_ULQINI_PUSHIME.1jpg.jpg\"><img loading=\"lazy\" class=\"alignleft wp-image-48633\" src=\"http:\/\/www.visit-ulcinj.com\/blog\/wp-content\/uploads\/2011\/07\/MSM-BEACH-ULQIN_ULQINI_PUSHIME.1jpg.jpg\" alt=\"MSM BEACH ULQIN_ULQINI_PUSHIME.1jpg\" width=\"508\" height=\"381\" srcset=\"https:\/\/www.visit-ulcinj.com\/blog\/wp-content\/uploads\/2011\/07\/MSM-BEACH-ULQIN_ULQINI_PUSHIME.1jpg.jpg 3264w, https:\/\/www.visit-ulcinj.com\/blog\/wp-content\/uploads\/2011\/07\/MSM-BEACH-ULQIN_ULQINI_PUSHIME.1jpg-300x225.jpg 300w, https:\/\/www.visit-ulcinj.com\/blog\/wp-content\/uploads\/2011\/07\/MSM-BEACH-ULQIN_ULQINI_PUSHIME.1jpg-1024x768.jpg 1024w\" sizes=\"(max-width: 508px) 100vw, 508px\" \/><\/a><\/p>\n<p><strong>ZMADHO FOTO P\u00cbR TA SHIKUAR PAPASTERTIN N\u00cb PLAZH\u00cb<\/strong><\/p>\n","protected":false},"excerpt":{"rendered":"<p>Zmadho Fotografin p\u00ebr t\u00eb shikuar papastertin e plazhit Kujdes: 50% \u00e7mimet m\u00eb t\u00eb larta n\u00eb Ulqin dhe plazhin e Malit t\u00eb Zi, se sa n\u00eb bregdetin shqiptar P\u00ebrve\u00e7 q\u00eb \u00ebsht\u00eb m\u00eb i vog\u00ebl n\u00eb siperfaqe, bregdeti i Malit t\u00eb Zi \u00ebsht\u00eb p\u00ebrgjysm\u00eb m\u00eb i shtrenjt se ai shqiptar. Nj\u00eb turist shqiptar ka treguar p\u00ebr Gazet\u00ebn [&hellip;]<\/p>\n","protected":false},"author":1,"featured_media":0,"comment_status":"closed","ping_status":"closed","sticky":false,"template":"","format":"standard","meta":{"spay_email":"","jetpack_publicize_message":"","jetpack_is_tweetstorm":false,"jetpack_publicize_feature_enabled":true},"categories":[1,12],"tags":[],"jetpack_publicize_connections":[],"yoast_head":"<!-- This site is optimized with the Yoast SEO plugin v19.1 - https:\/\/yoast.com\/wordpress\/plugins\/seo\/ -->\n<title>Gazeta NewBorn: Propaganda kund\u00ebr Ulqinit dhe mashtruese - Lajme nga Ulqini<\/title>\n<meta name=\"description\" content=\"Zmadho Fotografin p\u00ebr t\u00eb shikuar papastertin e plazhit Kujdes: 50% \u00e7mimet m\u00eb t\u00eb larta n\u00eb Ulqin dhe plazhin e Malit t\u00eb Zi, se sa n\u00eb bregdetin shqiptar\" \/>\n<meta name=\"robots\" content=\"index, follow, max-snippet:-1, max-image-preview:large, max-video-preview:-1\" \/>\n<link rel=\"canonical\" href=\"https:\/\/www.visit-ulcinj.com\/blog\/2016\/07\/13\/gazeta-newborn-propaganda-kunder-ulqinit-dhe-mashtruese\/\" \/>\n<meta property=\"og:locale\" content=\"en_US\" \/>\n<meta property=\"og:type\" content=\"article\" \/>\n<meta property=\"og:title\" content=\"Gazeta NewBorn: Propaganda kund\u00ebr Ulqinit dhe mashtruese - Lajme nga Ulqini\" \/>\n<meta property=\"og:description\" content=\"Zmadho Fotografin p\u00ebr t\u00eb shikuar papastertin e plazhit Kujdes: 50% \u00e7mimet m\u00eb t\u00eb larta n\u00eb Ulqin dhe plazhin e Malit t\u00eb Zi, se sa n\u00eb bregdetin shqiptar\" \/>\n<meta property=\"og:url\" content=\"https:\/\/www.visit-ulcinj.com\/blog\/2016\/07\/13\/gazeta-newborn-propaganda-kunder-ulqinit-dhe-mashtruese\/\" \/>\n<meta property=\"og:site_name\" content=\"Lajme nga Ulqini\" \/>\n<meta property=\"article:published_time\" content=\"2016-07-13T13:30:49+00:00\" \/>\n<meta property=\"article:modified_time\" content=\"2016-07-14T12:49:25+00:00\" \/>\n<meta property=\"og:image\" content=\"http:\/\/www.visit-ulcinj.com\/blog\/wp-content\/uploads\/2011\/07\/MSM-BEACH-ULQIN_ULQINI_PUSHIME.jpg\" \/>\n<meta name=\"twitter:label1\" content=\"Written by\" \/>\n\t<meta name=\"twitter:data1\" content=\"ulqini\" \/>\n\t<meta name=\"twitter:label2\" content=\"Est. reading time\" \/>\n\t<meta name=\"twitter:data2\" content=\"1 minute\" \/>\n<script type=\"application\/ld+json\" class=\"yoast-schema-graph\">{\"@context\":\"https:\/\/schema.org\",\"@graph\":[{\"@type\":\"WebSite\",\"@id\":\"https:\/\/www.visit-ulcinj.com\/blog\/#website\",\"url\":\"https:\/\/www.visit-ulcinj.com\/blog\/\",\"name\":\"Lajme nga Ulqini\",\"description\":\"Lajme,Vijesti,Ulqini,Ulqin,Crna Gora,Mali i Zi\",\"potentialAction\":[{\"@type\":\"SearchAction\",\"target\":{\"@type\":\"EntryPoint\",\"urlTemplate\":\"https:\/\/www.visit-ulcinj.com\/blog\/?s={search_term_string}\"},\"query-input\":\"required name=search_term_string\"}],\"inLanguage\":\"en-US\"},{\"@type\":\"ImageObject\",\"inLanguage\":\"en-US\",\"@id\":\"https:\/\/www.visit-ulcinj.com\/blog\/2016\/07\/13\/gazeta-newborn-propaganda-kunder-ulqinit-dhe-mashtruese\/#primaryimage\",\"url\":\"https:\/\/www.visit-ulcinj.com\/blog\/wp-content\/uploads\/2011\/07\/MSM-BEACH-ULQIN_ULQINI_PUSHIME.jpg\",\"contentUrl\":\"https:\/\/www.visit-ulcinj.com\/blog\/wp-content\/uploads\/2011\/07\/MSM-BEACH-ULQIN_ULQINI_PUSHIME.jpg\",\"width\":\"3264\",\"height\":\"2448\"},{\"@type\":\"WebPage\",\"@id\":\"https:\/\/www.visit-ulcinj.com\/blog\/2016\/07\/13\/gazeta-newborn-propaganda-kunder-ulqinit-dhe-mashtruese\/#webpage\",\"url\":\"https:\/\/www.visit-ulcinj.com\/blog\/2016\/07\/13\/gazeta-newborn-propaganda-kunder-ulqinit-dhe-mashtruese\/\",\"name\":\"Gazeta NewBorn: Propaganda kund\u00ebr Ulqinit dhe mashtruese - Lajme nga Ulqini\",\"isPartOf\":{\"@id\":\"https:\/\/www.visit-ulcinj.com\/blog\/#website\"},\"primaryImageOfPage\":{\"@id\":\"https:\/\/www.visit-ulcinj.com\/blog\/2016\/07\/13\/gazeta-newborn-propaganda-kunder-ulqinit-dhe-mashtruese\/#primaryimage\"},\"datePublished\":\"2016-07-13T13:30:49+00:00\",\"dateModified\":\"2016-07-14T12:49:25+00:00\",\"author\":{\"@id\":\"https:\/\/www.visit-ulcinj.com\/blog\/#\/schema\/person\/dcab619c614d3038751c63bc2aadc06d\"},\"description\":\"Zmadho Fotografin p\u00ebr t\u00eb shikuar papastertin e plazhit Kujdes: 50% \u00e7mimet m\u00eb t\u00eb larta n\u00eb Ulqin dhe plazhin e Malit t\u00eb Zi, se sa n\u00eb bregdetin shqiptar\",\"breadcrumb\":{\"@id\":\"https:\/\/www.visit-ulcinj.com\/blog\/2016\/07\/13\/gazeta-newborn-propaganda-kunder-ulqinit-dhe-mashtruese\/#breadcrumb\"},\"inLanguage\":\"en-US\",\"potentialAction\":[{\"@type\":\"ReadAction\",\"target\":[\"https:\/\/www.visit-ulcinj.com\/blog\/2016\/07\/13\/gazeta-newborn-propaganda-kunder-ulqinit-dhe-mashtruese\/\"]}]},{\"@type\":\"BreadcrumbList\",\"@id\":\"https:\/\/www.visit-ulcinj.com\/blog\/2016\/07\/13\/gazeta-newborn-propaganda-kunder-ulqinit-dhe-mashtruese\/#breadcrumb\",\"itemListElement\":[{\"@type\":\"ListItem\",\"position\":1,\"name\":\"Gazeta NewBorn: Propaganda kund\u00ebr Ulqinit dhe mashtruese\"}]},{\"@type\":\"Person\",\"@id\":\"https:\/\/www.visit-ulcinj.com\/blog\/#\/schema\/person\/dcab619c614d3038751c63bc2aadc06d\",\"name\":\"ulqini\",\"sameAs\":[\"http:\/\/www.visit-ulcinj.com\"],\"url\":\"https:\/\/www.visit-ulcinj.com\/blog\/author\/admin\/\"}]}<\/script>\n<!-- \/ Yoast SEO plugin. -->","yoast_head_json":{"title":"Gazeta NewBorn: Propaganda kund\u00ebr Ulqinit dhe mashtruese - Lajme nga Ulqini","description":"Zmadho Fotografin p\u00ebr t\u00eb shikuar papastertin e plazhit Kujdes: 50% \u00e7mimet m\u00eb t\u00eb larta n\u00eb Ulqin dhe plazhin e Malit t\u00eb Zi, se sa n\u00eb bregdetin shqiptar","robots":{"index":"index","follow":"follow","max-snippet":"max-snippet:-1","max-image-preview":"max-image-preview:large","max-video-preview":"max-video-preview:-1"},"canonical":"https:\/\/www.visit-ulcinj.com\/blog\/2016\/07\/13\/gazeta-newborn-propaganda-kunder-ulqinit-dhe-mashtruese\/","og_locale":"en_US","og_type":"article","og_title":"Gazeta NewBorn: Propaganda kund\u00ebr Ulqinit dhe mashtruese - Lajme nga Ulqini","og_description":"Zmadho Fotografin p\u00ebr t\u00eb shikuar papastertin e plazhit Kujdes: 50% \u00e7mimet m\u00eb t\u00eb larta n\u00eb Ulqin dhe plazhin e Malit t\u00eb Zi, se sa n\u00eb bregdetin shqiptar","og_url":"https:\/\/www.visit-ulcinj.com\/blog\/2016\/07\/13\/gazeta-newborn-propaganda-kunder-ulqinit-dhe-mashtruese\/","og_site_name":"Lajme nga Ulqini","article_published_time":"2016-07-13T13:30:49+00:00","article_modified_time":"2016-07-14T12:49:25+00:00","og_image":[{"url":"http:\/\/www.visit-ulcinj.com\/blog\/wp-content\/uploads\/2011\/07\/MSM-BEACH-ULQIN_ULQINI_PUSHIME.jpg"}],"twitter_misc":{"Written by":"ulqini","Est. reading time":"1 minute"},"schema":{"@context":"https:\/\/schema.org","@graph":[{"@type":"WebSite","@id":"https:\/\/www.visit-ulcinj.com\/blog\/#website","url":"https:\/\/www.visit-ulcinj.com\/blog\/","name":"Lajme nga Ulqini","description":"Lajme,Vijesti,Ulqini,Ulqin,Crna Gora,Mali i Zi","potentialAction":[{"@type":"SearchAction","target":{"@type":"EntryPoint","urlTemplate":"https:\/\/www.visit-ulcinj.com\/blog\/?s={search_term_string}"},"query-input":"required name=search_term_string"}],"inLanguage":"en-US"},{"@type":"ImageObject","inLanguage":"en-US","@id":"https:\/\/www.visit-ulcinj.com\/blog\/2016\/07\/13\/gazeta-newborn-propaganda-kunder-ulqinit-dhe-mashtruese\/#primaryimage","url":"https:\/\/www.visit-ulcinj.com\/blog\/wp-content\/uploads\/2011\/07\/MSM-BEACH-ULQIN_ULQINI_PUSHIME.jpg","contentUrl":"https:\/\/www.visit-ulcinj.com\/blog\/wp-content\/uploads\/2011\/07\/MSM-BEACH-ULQIN_ULQINI_PUSHIME.jpg","width":"3264","height":"2448"},{"@type":"WebPage","@id":"https:\/\/www.visit-ulcinj.com\/blog\/2016\/07\/13\/gazeta-newborn-propaganda-kunder-ulqinit-dhe-mashtruese\/#webpage","url":"https:\/\/www.visit-ulcinj.com\/blog\/2016\/07\/13\/gazeta-newborn-propaganda-kunder-ulqinit-dhe-mashtruese\/","name":"Gazeta NewBorn: Propaganda kund\u00ebr Ulqinit dhe mashtruese - Lajme nga Ulqini","isPartOf":{"@id":"https:\/\/www.visit-ulcinj.com\/blog\/#website"},"primaryImageOfPage":{"@id":"https:\/\/www.visit-ulcinj.com\/blog\/2016\/07\/13\/gazeta-newborn-propaganda-kunder-ulqinit-dhe-mashtruese\/#primaryimage"},"datePublished":"2016-07-13T13:30:49+00:00","dateModified":"2016-07-14T12:49:25+00:00","author":{"@id":"https:\/\/www.visit-ulcinj.com\/blog\/#\/schema\/person\/dcab619c614d3038751c63bc2aadc06d"},"description":"Zmadho Fotografin p\u00ebr t\u00eb shikuar papastertin e plazhit Kujdes: 50% \u00e7mimet m\u00eb t\u00eb larta n\u00eb Ulqin dhe plazhin e Malit t\u00eb Zi, se sa n\u00eb bregdetin shqiptar","breadcrumb":{"@id":"https:\/\/www.visit-ulcinj.com\/blog\/2016\/07\/13\/gazeta-newborn-propaganda-kunder-ulqinit-dhe-mashtruese\/#breadcrumb"},"inLanguage":"en-US","potentialAction":[{"@type":"ReadAction","target":["https:\/\/www.visit-ulcinj.com\/blog\/2016\/07\/13\/gazeta-newborn-propaganda-kunder-ulqinit-dhe-mashtruese\/"]}]},{"@type":"BreadcrumbList","@id":"https:\/\/www.visit-ulcinj.com\/blog\/2016\/07\/13\/gazeta-newborn-propaganda-kunder-ulqinit-dhe-mashtruese\/#breadcrumb","itemListElement":[{"@type":"ListItem","position":1,"name":"Gazeta NewBorn: Propaganda kund\u00ebr Ulqinit dhe mashtruese"}]},{"@type":"Person","@id":"https:\/\/www.visit-ulcinj.com\/blog\/#\/schema\/person\/dcab619c614d3038751c63bc2aadc06d","name":"ulqini","sameAs":["http:\/\/www.visit-ulcinj.com"],"url":"https:\/\/www.visit-ulcinj.com\/blog\/author\/admin\/"}]}},"jetpack_featured_media_url":"","jetpack_sharing_enabled":true,"jetpack_shortlink":"https:\/\/wp.me\/pe6lTn-pA2","_links":{"self":[{"href":"https:\/\/www.visit-ulcinj.com\/blog\/wp-json\/wp\/v2\/posts\/98334"}],"collection":[{"href":"https:\/\/www.visit-ulcinj.com\/blog\/wp-json\/wp\/v2\/posts"}],"about":[{"href":"https:\/\/www.visit-ulcinj.com\/blog\/wp-json\/wp\/v2\/types\/post"}],"author":[{"embeddable":true,"href":"https:\/\/www.visit-ulcinj.com\/blog\/wp-json\/wp\/v2\/users\/1"}],"replies":[{"embeddable":true,"href":"https:\/\/www.visit-ulcinj.com\/blog\/wp-json\/wp\/v2\/comments?post=98334"}],"version-history":[{"count":1,"href":"https:\/\/www.visit-ulcinj.com\/blog\/wp-json\/wp\/v2\/posts\/98334\/revisions"}],"predecessor-version":[{"id":98335,"href":"https:\/\/www.visit-ulcinj.com\/blog\/wp-json\/wp\/v2\/posts\/98334\/revisions\/98335"}],"wp:attachment":[{"href":"https:\/\/www.visit-ulcinj.com\/blog\/wp-json\/wp\/v2\/media?parent=98334"}],"wp:term":[{"taxonomy":"category","embeddable":true,"href":"https:\/\/www.visit-ulcinj.com\/blog\/wp-json\/wp\/v2\/categories?post=98334"},{"taxonomy":"post_tag","embeddable":true,"href":"https:\/\/www.visit-ulcinj.com\/blog\/wp-json\/wp\/v2\/tags?post=98334"}],"curies":[{"name":"wp","href":"https:\/\/api.w.org\/{rel}","templated":true}]}}