{"id":98336,"date":"2016-07-13T14:41:29","date_gmt":"2016-07-13T13:41:29","guid":{"rendered":"http:\/\/www.visit-ulcinj.com\/blog\/?p=98336"},"modified":"2016-07-13T14:41:29","modified_gmt":"2016-07-13T13:41:29","slug":"ilir-meta-takon-disa-deputete-shqiptare-ne-parlamentin-e-malit-te-zi","status":"publish","type":"post","link":"https:\/\/www.visit-ulcinj.com\/blog\/2016\/07\/13\/ilir-meta-takon-disa-deputete-shqiptare-ne-parlamentin-e-malit-te-zi\/","title":{"rendered":"Ilir Meta takon disa deputet\u00eb shqiptar\u00eb n\u00eb Parlamentin e Malit t\u00eb Zi"},"content":{"rendered":"<h4><a href=\"http:\/\/www.visit-ulcinj.com\/blog\/wp-content\/uploads\/2016\/07\/Ilir-Meta-me-deputet\u00ebt-shqiptar\u00eb-t\u00eb-Parlamentin-e-Malit-te-Zi.jpg\"><img loading=\"lazy\" class=\"alignleft wp-image-98337\" src=\"http:\/\/www.visit-ulcinj.com\/blog\/wp-content\/uploads\/2016\/07\/Ilir-Meta-me-deputet\u00ebt-shqiptar\u00eb-t\u00eb-Parlamentin-e-Malit-te-Zi.jpg\" alt=\"Ilir-Meta me deputet\u00ebt shqiptar\u00eb t\u00eb Parlamentin e Malit te Zi\" width=\"508\" height=\"339\" srcset=\"https:\/\/www.visit-ulcinj.com\/blog\/wp-content\/uploads\/2016\/07\/Ilir-Meta-me-deputet\u00ebt-shqiptar\u00eb-t\u00eb-Parlamentin-e-Malit-te-Zi.jpg 999w, https:\/\/www.visit-ulcinj.com\/blog\/wp-content\/uploads\/2016\/07\/Ilir-Meta-me-deputet\u00ebt-shqiptar\u00eb-t\u00eb-Parlamentin-e-Malit-te-Zi-300x200.jpg 300w, https:\/\/www.visit-ulcinj.com\/blog\/wp-content\/uploads\/2016\/07\/Ilir-Meta-me-deputet\u00ebt-shqiptar\u00eb-t\u00eb-Parlamentin-e-Malit-te-Zi-768x512.jpg 768w\" sizes=\"(max-width: 508px) 100vw, 508px\" \/><\/a>Kryetari i Kuvendit t\u00eb Shqip\u00ebris\u00eb, Ilir Meta gjat\u00eb vizit\u00ebs s\u00eb tij n\u00eb Mal t\u00eb Zi, zhvilloi nj\u00eb takim edhe me deputet\u00ebt shqiptar\u00eb t\u00eb Parlamentit malazez.<\/h4>\n<p>Gjat\u00eb bashk\u00ebbisedimit me deputet\u00ebt Halil Dukovic, Luigj Shkrela, Nikoll\u00eb Gegaj, Nik Gjeloshaj dhe Dritan Abazovic, Meta diskutoi p\u00ebr problematikat q\u00eb prekin popullsin\u00eb e pakic\u00ebs autoktone shqiptare t\u00eb Malit t\u00eb Zi dhe d\u00ebgjoi me v\u00ebmendje shqet\u00ebsimet dhe sugjerimet e tyre p\u00ebr disa \u00e7\u00ebshtje t\u00eb ndjeshme p\u00ebr k\u00ebt\u00eb pakic\u00eb nacionale.<\/p>\n<p>Meta pasi u informua nga deputet\u00ebt p\u00ebr \u00e7\u00ebshtje konkrete q\u00eb lidhen me decentralizimin e pushtetit lokal n\u00eb komun\u00ebn e Tuzit, me zbatimin e ligjit p\u00ebr t\u00eb mirat detare n\u00eb Ulqin dhe rrethina, ashtu si\u00e7 zbatohet edhe n\u00eb komuna t\u00eb tjera t\u00eb bregdetit malazez, p\u00ebr \u00e7\u00ebshtje t\u00eb arsimit t\u00eb f\u00ebmij\u00ebve shqiptar\u00eb, apo edhe p\u00ebr p\u00ebrdorimin e simboleve komb\u00ebtare dhe gjuh\u00ebs amtare shqipe n\u00eb institucione lokale n\u00eb komuna me shumic\u00eb shqiptare, n\u00ebnvizoi se Kuvendi i Shqip\u00ebris\u00eb i mb\u00ebshtet k\u00ebrkesat legjitime t\u00eb pakic\u00ebs shqiptare dhe \u00ebsht\u00eb n\u00eb komunikim t\u00eb vazhduesh\u00ebm edhe me autoritetet malazeze t\u00eb cilat kan\u00eb treguar mir\u00ebkuptim p\u00ebr shum\u00eb \u00e7\u00ebshtje, raporton Koha.net.<\/p>\n<p>Kryeparlamentari Meta, shoq\u00ebruar prej Kryetares s\u00eb Komisionit t\u00eb Jasht\u00ebm Arta Dade dhe deputeti i Mal\u00ebsis\u00eb s\u00eb Madhe nj\u00ebkoh\u00ebsisht Kryetar i Grupit Parlamentar t\u00eb Miq\u00ebsis\u00eb, Paulin Sterkaj, p\u00ebrcolli mesazhin se \u201cduke vler\u00ebsuar progresin substancial t\u00eb arritur deri m\u00eb sot si dhe v\u00ebmendjen e autoriteteve malazeze, Tirana zyrtare do t\u00eb punoj\u00eb m\u00eb ngusht\u00eb me Podgoric\u00ebn dhe Kuvendi i Shqip\u00ebris\u00eb do t\u2019i mbaj\u00eb dyert hapur p\u00ebr t\u00eb gjith\u00eb shqet\u00ebsimet legjitime t\u00eb tyre\u201d.<\/p>\n<p>Nj\u00ebkoh\u00ebsisht Meta konfirmoi angazhimin e tij personal p\u00ebr t\u00eb avancuar k\u00ebrkesat shqiptare t\u00eb cilat duhet t\u2019i sh\u00ebrbejn\u00eb jo vet\u00ebm interesit ekonomik e social t\u00eb shqiptar\u00ebve, por edhe stabilitetit e forcimit demokratik si dhe perspektiv\u00ebs euro-atlantike t\u00eb Malit t\u00eb Zi.<\/p>\n<p>\u201cNj\u00eb Mal i Zi i fort\u00eb e i integruar n\u00eb BE e n\u00eb NATO, i sh\u00ebrben m\u00eb mir\u00eb nevojave t\u00eb shqiptar\u00ebve, t\u00eb cil\u00ebt kan\u00eb merita t\u00eb pamohueshme n\u00eb t\u00eb gjith\u00eb momentet ky\u00e7e shtetformuese e demokratike t\u00eb vendit fqinj\u201d, potencoi Meta.<\/p>\n<p>Kreu i Kuvendit, bashk\u00ebrisht me Daden dhe Sterkajn, i inkurajuan deputet\u00ebt shqiptar\u00eb q\u00eb pavar\u00ebsisht p\u00ebrkat\u00ebsive partiake, kur b\u00ebhet fjal\u00eb p\u00ebr prioritetet q\u00eb prekin popullsin\u00eb shqiptare, \u201ct\u00eb gjith\u00eb faktor\u00ebt politik\u00eb duhet t\u00eb bashkohen p\u00ebr t\u2019i sh\u00ebrbyer m\u00eb me efikasitet k\u00ebtij interesi t\u00eb p\u00ebrbashk\u00ebt komb\u00ebtar\u201d.<\/p>\n<p><strong>Koha Net<\/strong><\/p>\n","protected":false},"excerpt":{"rendered":"<p>Kryetari i Kuvendit t\u00eb Shqip\u00ebris\u00eb, Ilir Meta gjat\u00eb vizit\u00ebs s\u00eb tij n\u00eb Mal t\u00eb Zi, zhvilloi nj\u00eb takim edhe me deputet\u00ebt shqiptar\u00eb t\u00eb Parlamentit malazez. Gjat\u00eb bashk\u00ebbisedimit me deputet\u00ebt Halil Dukovic, Luigj Shkrela, Nikoll\u00eb Gegaj, Nik Gjeloshaj dhe Dritan Abazovic, Meta diskutoi p\u00ebr problematikat q\u00eb prekin popullsin\u00eb e pakic\u00ebs autoktone shqiptare t\u00eb Malit t\u00eb Zi [&hellip;]<\/p>\n","protected":false},"author":1,"featured_media":0,"comment_status":"closed","ping_status":"closed","sticky":false,"template":"","format":"standard","meta":{"spay_email":"","jetpack_publicize_message":"","jetpack_is_tweetstorm":false,"jetpack_publicize_feature_enabled":true},"categories":[6],"tags":[],"jetpack_publicize_connections":[],"yoast_head":"<!-- This site is optimized with the Yoast SEO plugin v19.1 - https:\/\/yoast.com\/wordpress\/plugins\/seo\/ -->\n<title>Ilir Meta takon disa deputet\u00eb shqiptar\u00eb n\u00eb Parlamentin e Malit t\u00eb Zi - Lajme nga Ulqini<\/title>\n<meta name=\"description\" content=\"Kryetari i Kuvendit t\u00eb Shqip\u00ebris\u00eb, Ilir Meta gjat\u00eb vizit\u00ebs s\u00eb tij n\u00eb Mal t\u00eb Zi, zhvilloi nj\u00eb takim edhe me deputet\u00ebt shqiptar\u00eb t\u00eb Parlamentit malazez.\" \/>\n<meta name=\"robots\" content=\"index, follow, max-snippet:-1, max-image-preview:large, max-video-preview:-1\" \/>\n<link rel=\"canonical\" href=\"https:\/\/www.visit-ulcinj.com\/blog\/2016\/07\/13\/ilir-meta-takon-disa-deputete-shqiptare-ne-parlamentin-e-malit-te-zi\/\" \/>\n<meta property=\"og:locale\" content=\"en_US\" \/>\n<meta property=\"og:type\" content=\"article\" \/>\n<meta property=\"og:title\" content=\"Ilir Meta takon disa deputet\u00eb shqiptar\u00eb n\u00eb Parlamentin e Malit t\u00eb Zi - Lajme nga Ulqini\" \/>\n<meta property=\"og:description\" content=\"Kryetari i Kuvendit t\u00eb Shqip\u00ebris\u00eb, Ilir Meta gjat\u00eb vizit\u00ebs s\u00eb tij n\u00eb Mal t\u00eb Zi, zhvilloi nj\u00eb takim edhe me deputet\u00ebt shqiptar\u00eb t\u00eb Parlamentit malazez.\" \/>\n<meta property=\"og:url\" content=\"https:\/\/www.visit-ulcinj.com\/blog\/2016\/07\/13\/ilir-meta-takon-disa-deputete-shqiptare-ne-parlamentin-e-malit-te-zi\/\" \/>\n<meta property=\"og:site_name\" content=\"Lajme nga Ulqini\" \/>\n<meta property=\"article:published_time\" content=\"2016-07-13T13:41:29+00:00\" \/>\n<meta name=\"twitter:label1\" content=\"Written by\" \/>\n\t<meta name=\"twitter:data1\" content=\"ulqini\" \/>\n\t<meta name=\"twitter:label2\" content=\"Est. reading time\" \/>\n\t<meta name=\"twitter:data2\" content=\"2 minutes\" \/>\n<script type=\"application\/ld+json\" class=\"yoast-schema-graph\">{\"@context\":\"https:\/\/schema.org\",\"@graph\":[{\"@type\":\"WebSite\",\"@id\":\"https:\/\/www.visit-ulcinj.com\/blog\/#website\",\"url\":\"https:\/\/www.visit-ulcinj.com\/blog\/\",\"name\":\"Lajme nga Ulqini\",\"description\":\"Lajme,Vijesti,Ulqini,Ulqin,Crna Gora,Mali i Zi\",\"potentialAction\":[{\"@type\":\"SearchAction\",\"target\":{\"@type\":\"EntryPoint\",\"urlTemplate\":\"https:\/\/www.visit-ulcinj.com\/blog\/?s={search_term_string}\"},\"query-input\":\"required name=search_term_string\"}],\"inLanguage\":\"en-US\"},{\"@type\":\"WebPage\",\"@id\":\"https:\/\/www.visit-ulcinj.com\/blog\/2016\/07\/13\/ilir-meta-takon-disa-deputete-shqiptare-ne-parlamentin-e-malit-te-zi\/#webpage\",\"url\":\"https:\/\/www.visit-ulcinj.com\/blog\/2016\/07\/13\/ilir-meta-takon-disa-deputete-shqiptare-ne-parlamentin-e-malit-te-zi\/\",\"name\":\"Ilir Meta takon disa deputet\u00eb shqiptar\u00eb n\u00eb Parlamentin e Malit t\u00eb Zi - Lajme nga Ulqini\",\"isPartOf\":{\"@id\":\"https:\/\/www.visit-ulcinj.com\/blog\/#website\"},\"datePublished\":\"2016-07-13T13:41:29+00:00\",\"dateModified\":\"2016-07-13T13:41:29+00:00\",\"author\":{\"@id\":\"https:\/\/www.visit-ulcinj.com\/blog\/#\/schema\/person\/dcab619c614d3038751c63bc2aadc06d\"},\"description\":\"Kryetari i Kuvendit t\u00eb Shqip\u00ebris\u00eb, Ilir Meta gjat\u00eb vizit\u00ebs s\u00eb tij n\u00eb Mal t\u00eb Zi, zhvilloi nj\u00eb takim edhe me deputet\u00ebt shqiptar\u00eb t\u00eb Parlamentit malazez.\",\"breadcrumb\":{\"@id\":\"https:\/\/www.visit-ulcinj.com\/blog\/2016\/07\/13\/ilir-meta-takon-disa-deputete-shqiptare-ne-parlamentin-e-malit-te-zi\/#breadcrumb\"},\"inLanguage\":\"en-US\",\"potentialAction\":[{\"@type\":\"ReadAction\",\"target\":[\"https:\/\/www.visit-ulcinj.com\/blog\/2016\/07\/13\/ilir-meta-takon-disa-deputete-shqiptare-ne-parlamentin-e-malit-te-zi\/\"]}]},{\"@type\":\"BreadcrumbList\",\"@id\":\"https:\/\/www.visit-ulcinj.com\/blog\/2016\/07\/13\/ilir-meta-takon-disa-deputete-shqiptare-ne-parlamentin-e-malit-te-zi\/#breadcrumb\",\"itemListElement\":[{\"@type\":\"ListItem\",\"position\":1,\"name\":\"Ilir Meta takon disa deputet\u00eb shqiptar\u00eb n\u00eb Parlamentin e Malit t\u00eb Zi\"}]},{\"@type\":\"Person\",\"@id\":\"https:\/\/www.visit-ulcinj.com\/blog\/#\/schema\/person\/dcab619c614d3038751c63bc2aadc06d\",\"name\":\"ulqini\",\"sameAs\":[\"http:\/\/www.visit-ulcinj.com\"],\"url\":\"https:\/\/www.visit-ulcinj.com\/blog\/author\/admin\/\"}]}<\/script>\n<!-- \/ Yoast SEO plugin. -->","yoast_head_json":{"title":"Ilir Meta takon disa deputet\u00eb shqiptar\u00eb n\u00eb Parlamentin e Malit t\u00eb Zi - Lajme nga Ulqini","description":"Kryetari i Kuvendit t\u00eb Shqip\u00ebris\u00eb, Ilir Meta gjat\u00eb vizit\u00ebs s\u00eb tij n\u00eb Mal t\u00eb Zi, zhvilloi nj\u00eb takim edhe me deputet\u00ebt shqiptar\u00eb t\u00eb Parlamentit malazez.","robots":{"index":"index","follow":"follow","max-snippet":"max-snippet:-1","max-image-preview":"max-image-preview:large","max-video-preview":"max-video-preview:-1"},"canonical":"https:\/\/www.visit-ulcinj.com\/blog\/2016\/07\/13\/ilir-meta-takon-disa-deputete-shqiptare-ne-parlamentin-e-malit-te-zi\/","og_locale":"en_US","og_type":"article","og_title":"Ilir Meta takon disa deputet\u00eb shqiptar\u00eb n\u00eb Parlamentin e Malit t\u00eb Zi - Lajme nga Ulqini","og_description":"Kryetari i Kuvendit t\u00eb Shqip\u00ebris\u00eb, Ilir Meta gjat\u00eb vizit\u00ebs s\u00eb tij n\u00eb Mal t\u00eb Zi, zhvilloi nj\u00eb takim edhe me deputet\u00ebt shqiptar\u00eb t\u00eb Parlamentit malazez.","og_url":"https:\/\/www.visit-ulcinj.com\/blog\/2016\/07\/13\/ilir-meta-takon-disa-deputete-shqiptare-ne-parlamentin-e-malit-te-zi\/","og_site_name":"Lajme nga Ulqini","article_published_time":"2016-07-13T13:41:29+00:00","twitter_misc":{"Written by":"ulqini","Est. reading time":"2 minutes"},"schema":{"@context":"https:\/\/schema.org","@graph":[{"@type":"WebSite","@id":"https:\/\/www.visit-ulcinj.com\/blog\/#website","url":"https:\/\/www.visit-ulcinj.com\/blog\/","name":"Lajme nga Ulqini","description":"Lajme,Vijesti,Ulqini,Ulqin,Crna Gora,Mali i Zi","potentialAction":[{"@type":"SearchAction","target":{"@type":"EntryPoint","urlTemplate":"https:\/\/www.visit-ulcinj.com\/blog\/?s={search_term_string}"},"query-input":"required name=search_term_string"}],"inLanguage":"en-US"},{"@type":"WebPage","@id":"https:\/\/www.visit-ulcinj.com\/blog\/2016\/07\/13\/ilir-meta-takon-disa-deputete-shqiptare-ne-parlamentin-e-malit-te-zi\/#webpage","url":"https:\/\/www.visit-ulcinj.com\/blog\/2016\/07\/13\/ilir-meta-takon-disa-deputete-shqiptare-ne-parlamentin-e-malit-te-zi\/","name":"Ilir Meta takon disa deputet\u00eb shqiptar\u00eb n\u00eb Parlamentin e Malit t\u00eb Zi - Lajme nga Ulqini","isPartOf":{"@id":"https:\/\/www.visit-ulcinj.com\/blog\/#website"},"datePublished":"2016-07-13T13:41:29+00:00","dateModified":"2016-07-13T13:41:29+00:00","author":{"@id":"https:\/\/www.visit-ulcinj.com\/blog\/#\/schema\/person\/dcab619c614d3038751c63bc2aadc06d"},"description":"Kryetari i Kuvendit t\u00eb Shqip\u00ebris\u00eb, Ilir Meta gjat\u00eb vizit\u00ebs s\u00eb tij n\u00eb Mal t\u00eb Zi, zhvilloi nj\u00eb takim edhe me deputet\u00ebt shqiptar\u00eb t\u00eb Parlamentit malazez.","breadcrumb":{"@id":"https:\/\/www.visit-ulcinj.com\/blog\/2016\/07\/13\/ilir-meta-takon-disa-deputete-shqiptare-ne-parlamentin-e-malit-te-zi\/#breadcrumb"},"inLanguage":"en-US","potentialAction":[{"@type":"ReadAction","target":["https:\/\/www.visit-ulcinj.com\/blog\/2016\/07\/13\/ilir-meta-takon-disa-deputete-shqiptare-ne-parlamentin-e-malit-te-zi\/"]}]},{"@type":"BreadcrumbList","@id":"https:\/\/www.visit-ulcinj.com\/blog\/2016\/07\/13\/ilir-meta-takon-disa-deputete-shqiptare-ne-parlamentin-e-malit-te-zi\/#breadcrumb","itemListElement":[{"@type":"ListItem","position":1,"name":"Ilir Meta takon disa deputet\u00eb shqiptar\u00eb n\u00eb Parlamentin e Malit t\u00eb Zi"}]},{"@type":"Person","@id":"https:\/\/www.visit-ulcinj.com\/blog\/#\/schema\/person\/dcab619c614d3038751c63bc2aadc06d","name":"ulqini","sameAs":["http:\/\/www.visit-ulcinj.com"],"url":"https:\/\/www.visit-ulcinj.com\/blog\/author\/admin\/"}]}},"jetpack_featured_media_url":"","jetpack_sharing_enabled":true,"jetpack_shortlink":"https:\/\/wp.me\/pe6lTn-pA4","_links":{"self":[{"href":"https:\/\/www.visit-ulcinj.com\/blog\/wp-json\/wp\/v2\/posts\/98336"}],"collection":[{"href":"https:\/\/www.visit-ulcinj.com\/blog\/wp-json\/wp\/v2\/posts"}],"about":[{"href":"https:\/\/www.visit-ulcinj.com\/blog\/wp-json\/wp\/v2\/types\/post"}],"author":[{"embeddable":true,"href":"https:\/\/www.visit-ulcinj.com\/blog\/wp-json\/wp\/v2\/users\/1"}],"replies":[{"embeddable":true,"href":"https:\/\/www.visit-ulcinj.com\/blog\/wp-json\/wp\/v2\/comments?post=98336"}],"version-history":[{"count":1,"href":"https:\/\/www.visit-ulcinj.com\/blog\/wp-json\/wp\/v2\/posts\/98336\/revisions"}],"predecessor-version":[{"id":98338,"href":"https:\/\/www.visit-ulcinj.com\/blog\/wp-json\/wp\/v2\/posts\/98336\/revisions\/98338"}],"wp:attachment":[{"href":"https:\/\/www.visit-ulcinj.com\/blog\/wp-json\/wp\/v2\/media?parent=98336"}],"wp:term":[{"taxonomy":"category","embeddable":true,"href":"https:\/\/www.visit-ulcinj.com\/blog\/wp-json\/wp\/v2\/categories?post=98336"},{"taxonomy":"post_tag","embeddable":true,"href":"https:\/\/www.visit-ulcinj.com\/blog\/wp-json\/wp\/v2\/tags?post=98336"}],"curies":[{"name":"wp","href":"https:\/\/api.w.org\/{rel}","templated":true}]}}