{"id":98339,"date":"2016-07-13T14:46:49","date_gmt":"2016-07-13T13:46:49","guid":{"rendered":"http:\/\/www.visit-ulcinj.com\/blog\/?p=98339"},"modified":"2016-07-13T14:46:49","modified_gmt":"2016-07-13T13:46:49","slug":"meta-kerkon-nga-presidenti-vujanoviq-zgjidhje-per-problemet-e-shqiptareve","status":"publish","type":"post","link":"https:\/\/www.visit-ulcinj.com\/blog\/2016\/07\/13\/meta-kerkon-nga-presidenti-vujanoviq-zgjidhje-per-problemet-e-shqiptareve\/","title":{"rendered":"Meta k\u00ebrkon nga presidenti Vujanoviq zgjidhje p\u00ebr problemet e shqiptar\u00ebve"},"content":{"rendered":"<p><strong><a href=\"http:\/\/www.visit-ulcinj.com\/blog\/wp-content\/uploads\/2016\/07\/FILIP-VUJANOVIC-ILIR-META.jpg\"><img loading=\"lazy\" class=\"alignleft wp-image-98340\" src=\"http:\/\/www.visit-ulcinj.com\/blog\/wp-content\/uploads\/2016\/07\/FILIP-VUJANOVIC-ILIR-META.jpg\" alt=\"FILIP-VUJANOVIC-ILIR-META\" width=\"508\" height=\"338\" srcset=\"https:\/\/www.visit-ulcinj.com\/blog\/wp-content\/uploads\/2016\/07\/FILIP-VUJANOVIC-ILIR-META.jpg 701w, https:\/\/www.visit-ulcinj.com\/blog\/wp-content\/uploads\/2016\/07\/FILIP-VUJANOVIC-ILIR-META-300x199.jpg 300w\" sizes=\"(max-width: 508px) 100vw, 508px\" \/><\/a>N\u00eb kuad\u00ebr t\u00eb vizit\u00ebs zyrtare n\u00eb Mal t\u00eb Zi, Kryetari i Kuvendit t\u00eb Shqip\u00ebris\u00eb, Ilir Meta u prit nga presidenti i Malit t\u00eb Zi,\u00a0Filip Vujanoviq, i cili shprehu mir\u00ebnjohjen e thell\u00eb p\u00ebr mb\u00ebshtetjen e vazhdueshme t\u00eb Shqip\u00ebris\u00eb dhe n\u00eb ve\u00e7anti p\u00ebr ratifikimin e protokollit t\u00eb aderimit t\u00eb Malit t\u00eb Zi n\u00eb Traktatin e Atlantikut Verior nga Kuvendi i Shqip\u00ebris\u00eb me 23 qershor.<\/strong><\/p>\n<p>Kryetari i Kuvendit Meta dhe Presidenti Vujanoviq vun\u00eb n\u00eb dukje se marr\u00ebdh\u00ebniet mes Shqip\u00ebris\u00eb dhe Malit t\u00eb Zi jan\u00eb t\u00eb shk\u00eblqyera dhe sh\u00ebrbejn\u00eb si nj\u00eb model p\u00ebr t\u00eb gjith\u00eb rajonin.<\/p>\n<p>N\u00eb k\u00ebt\u00eb kuad\u00ebr, bashk\u00ebpunimi mes dy parlamenteve \u00ebsht\u00eb shum\u00eb i r\u00ebnd\u00ebsish\u00ebm dhe duhet p\u00ebrqendruar n\u00eb avancimin e proceseve integruese euro-atlantike si dhe n\u00eb mb\u00ebshtetje t\u00eb t\u00eb dy qeverive reciproke p\u00ebr zgjerimin e shk\u00ebmbimeve ekonomike e tregtare.<\/p>\n<p>Gjat\u00eb takimit me presidentin e Malit t\u00eb Zi, Filip Vujanovic, Meta preku edhe \u00e7\u00ebshtjen e pakic\u00ebs nacionale shqiptare t\u00eb Malit t\u00eb Zi.<\/p>\n<p>Sipas Met\u00ebs, duhen gjetur zgjidhje konkrete edhe p\u00ebr ato \u00e7\u00ebshtje t\u00eb mbetura q\u00eb shqet\u00ebsojn\u00eb k\u00ebt\u00eb pakic\u00eb, zgjidhje q\u00eb duhet t\u2019i sh\u00ebrbejn\u00eb jo vet\u00ebm ndjeshm\u00ebrive dhe nevojave ekonomike e sociale t\u00eb komunave lokale, por nj\u00ebkoh\u00ebsisht edhe forcimit t\u00eb m\u00ebtejsh\u00ebm demokratik e euro-atlantik t\u00eb Malit t\u00eb Zi.<\/p>\n<p><strong>Lajmi.net<\/strong><\/p>\n","protected":false},"excerpt":{"rendered":"<p>N\u00eb kuad\u00ebr t\u00eb vizit\u00ebs zyrtare n\u00eb Mal t\u00eb Zi, Kryetari i Kuvendit t\u00eb Shqip\u00ebris\u00eb, Ilir Meta u prit nga presidenti i Malit t\u00eb Zi,\u00a0Filip Vujanoviq, i cili shprehu mir\u00ebnjohjen e thell\u00eb p\u00ebr mb\u00ebshtetjen e vazhdueshme t\u00eb Shqip\u00ebris\u00eb dhe n\u00eb ve\u00e7anti p\u00ebr ratifikimin e protokollit t\u00eb aderimit t\u00eb Malit t\u00eb Zi n\u00eb Traktatin e Atlantikut Verior [&hellip;]<\/p>\n","protected":false},"author":1,"featured_media":0,"comment_status":"closed","ping_status":"closed","sticky":false,"template":"","format":"standard","meta":{"spay_email":"","jetpack_publicize_message":"","jetpack_is_tweetstorm":false,"jetpack_publicize_feature_enabled":true},"categories":[6950],"tags":[],"jetpack_publicize_connections":[],"yoast_head":"<!-- This site is optimized with the Yoast SEO plugin v19.1 - https:\/\/yoast.com\/wordpress\/plugins\/seo\/ -->\n<title>Meta k\u00ebrkon nga presidenti Vujanoviq zgjidhje p\u00ebr problemet e shqiptar\u00ebve - Lajme nga Ulqini<\/title>\n<meta name=\"description\" content=\"N\u00eb kuad\u00ebr t\u00eb vizit\u00ebs zyrtare n\u00eb Mal t\u00eb Zi, Kryetari i Kuvendit t\u00eb Shqip\u00ebris\u00eb, Ilir Meta u prit nga presidenti i Malit t\u00eb Zi,\u00a0Filip Vujanoviq, i cili\" \/>\n<meta name=\"robots\" content=\"index, follow, max-snippet:-1, max-image-preview:large, max-video-preview:-1\" \/>\n<link rel=\"canonical\" href=\"https:\/\/www.visit-ulcinj.com\/blog\/2016\/07\/13\/meta-kerkon-nga-presidenti-vujanoviq-zgjidhje-per-problemet-e-shqiptareve\/\" \/>\n<meta property=\"og:locale\" content=\"en_US\" \/>\n<meta property=\"og:type\" content=\"article\" \/>\n<meta property=\"og:title\" content=\"Meta k\u00ebrkon nga presidenti Vujanoviq zgjidhje p\u00ebr problemet e shqiptar\u00ebve - Lajme nga Ulqini\" \/>\n<meta property=\"og:description\" content=\"N\u00eb kuad\u00ebr t\u00eb vizit\u00ebs zyrtare n\u00eb Mal t\u00eb Zi, Kryetari i Kuvendit t\u00eb Shqip\u00ebris\u00eb, Ilir Meta u prit nga presidenti i Malit t\u00eb Zi,\u00a0Filip Vujanoviq, i cili\" \/>\n<meta property=\"og:url\" content=\"https:\/\/www.visit-ulcinj.com\/blog\/2016\/07\/13\/meta-kerkon-nga-presidenti-vujanoviq-zgjidhje-per-problemet-e-shqiptareve\/\" \/>\n<meta property=\"og:site_name\" content=\"Lajme nga Ulqini\" \/>\n<meta property=\"article:published_time\" content=\"2016-07-13T13:46:49+00:00\" \/>\n<meta property=\"og:image\" content=\"http:\/\/www.visit-ulcinj.com\/blog\/wp-content\/uploads\/2016\/07\/FILIP-VUJANOVIC-ILIR-META.jpg\" \/>\n<meta name=\"twitter:label1\" content=\"Written by\" \/>\n\t<meta name=\"twitter:data1\" content=\"ulqini\" \/>\n\t<meta name=\"twitter:label2\" content=\"Est. reading time\" \/>\n\t<meta name=\"twitter:data2\" content=\"1 minute\" \/>\n<script type=\"application\/ld+json\" class=\"yoast-schema-graph\">{\"@context\":\"https:\/\/schema.org\",\"@graph\":[{\"@type\":\"WebSite\",\"@id\":\"https:\/\/www.visit-ulcinj.com\/blog\/#website\",\"url\":\"https:\/\/www.visit-ulcinj.com\/blog\/\",\"name\":\"Lajme nga Ulqini\",\"description\":\"Lajme,Vijesti,Ulqini,Ulqin,Crna Gora,Mali i Zi\",\"potentialAction\":[{\"@type\":\"SearchAction\",\"target\":{\"@type\":\"EntryPoint\",\"urlTemplate\":\"https:\/\/www.visit-ulcinj.com\/blog\/?s={search_term_string}\"},\"query-input\":\"required name=search_term_string\"}],\"inLanguage\":\"en-US\"},{\"@type\":\"ImageObject\",\"inLanguage\":\"en-US\",\"@id\":\"https:\/\/www.visit-ulcinj.com\/blog\/2016\/07\/13\/meta-kerkon-nga-presidenti-vujanoviq-zgjidhje-per-problemet-e-shqiptareve\/#primaryimage\",\"url\":\"https:\/\/www.visit-ulcinj.com\/blog\/wp-content\/uploads\/2016\/07\/FILIP-VUJANOVIC-ILIR-META.jpg\",\"contentUrl\":\"https:\/\/www.visit-ulcinj.com\/blog\/wp-content\/uploads\/2016\/07\/FILIP-VUJANOVIC-ILIR-META.jpg\",\"width\":701,\"height\":466},{\"@type\":\"WebPage\",\"@id\":\"https:\/\/www.visit-ulcinj.com\/blog\/2016\/07\/13\/meta-kerkon-nga-presidenti-vujanoviq-zgjidhje-per-problemet-e-shqiptareve\/#webpage\",\"url\":\"https:\/\/www.visit-ulcinj.com\/blog\/2016\/07\/13\/meta-kerkon-nga-presidenti-vujanoviq-zgjidhje-per-problemet-e-shqiptareve\/\",\"name\":\"Meta k\u00ebrkon nga presidenti Vujanoviq zgjidhje p\u00ebr problemet e shqiptar\u00ebve - Lajme nga Ulqini\",\"isPartOf\":{\"@id\":\"https:\/\/www.visit-ulcinj.com\/blog\/#website\"},\"primaryImageOfPage\":{\"@id\":\"https:\/\/www.visit-ulcinj.com\/blog\/2016\/07\/13\/meta-kerkon-nga-presidenti-vujanoviq-zgjidhje-per-problemet-e-shqiptareve\/#primaryimage\"},\"datePublished\":\"2016-07-13T13:46:49+00:00\",\"dateModified\":\"2016-07-13T13:46:49+00:00\",\"author\":{\"@id\":\"https:\/\/www.visit-ulcinj.com\/blog\/#\/schema\/person\/dcab619c614d3038751c63bc2aadc06d\"},\"description\":\"N\u00eb kuad\u00ebr t\u00eb vizit\u00ebs zyrtare n\u00eb Mal t\u00eb Zi, Kryetari i Kuvendit t\u00eb Shqip\u00ebris\u00eb, Ilir Meta u prit nga presidenti i Malit t\u00eb Zi,\u00a0Filip Vujanoviq, i cili\",\"breadcrumb\":{\"@id\":\"https:\/\/www.visit-ulcinj.com\/blog\/2016\/07\/13\/meta-kerkon-nga-presidenti-vujanoviq-zgjidhje-per-problemet-e-shqiptareve\/#breadcrumb\"},\"inLanguage\":\"en-US\",\"potentialAction\":[{\"@type\":\"ReadAction\",\"target\":[\"https:\/\/www.visit-ulcinj.com\/blog\/2016\/07\/13\/meta-kerkon-nga-presidenti-vujanoviq-zgjidhje-per-problemet-e-shqiptareve\/\"]}]},{\"@type\":\"BreadcrumbList\",\"@id\":\"https:\/\/www.visit-ulcinj.com\/blog\/2016\/07\/13\/meta-kerkon-nga-presidenti-vujanoviq-zgjidhje-per-problemet-e-shqiptareve\/#breadcrumb\",\"itemListElement\":[{\"@type\":\"ListItem\",\"position\":1,\"name\":\"Meta k\u00ebrkon nga presidenti Vujanoviq zgjidhje p\u00ebr problemet e shqiptar\u00ebve\"}]},{\"@type\":\"Person\",\"@id\":\"https:\/\/www.visit-ulcinj.com\/blog\/#\/schema\/person\/dcab619c614d3038751c63bc2aadc06d\",\"name\":\"ulqini\",\"sameAs\":[\"http:\/\/www.visit-ulcinj.com\"],\"url\":\"https:\/\/www.visit-ulcinj.com\/blog\/author\/admin\/\"}]}<\/script>\n<!-- \/ Yoast SEO plugin. -->","yoast_head_json":{"title":"Meta k\u00ebrkon nga presidenti Vujanoviq zgjidhje p\u00ebr problemet e shqiptar\u00ebve - Lajme nga Ulqini","description":"N\u00eb kuad\u00ebr t\u00eb vizit\u00ebs zyrtare n\u00eb Mal t\u00eb Zi, Kryetari i Kuvendit t\u00eb Shqip\u00ebris\u00eb, Ilir Meta u prit nga presidenti i Malit t\u00eb Zi,\u00a0Filip Vujanoviq, i cili","robots":{"index":"index","follow":"follow","max-snippet":"max-snippet:-1","max-image-preview":"max-image-preview:large","max-video-preview":"max-video-preview:-1"},"canonical":"https:\/\/www.visit-ulcinj.com\/blog\/2016\/07\/13\/meta-kerkon-nga-presidenti-vujanoviq-zgjidhje-per-problemet-e-shqiptareve\/","og_locale":"en_US","og_type":"article","og_title":"Meta k\u00ebrkon nga presidenti Vujanoviq zgjidhje p\u00ebr problemet e shqiptar\u00ebve - Lajme nga Ulqini","og_description":"N\u00eb kuad\u00ebr t\u00eb vizit\u00ebs zyrtare n\u00eb Mal t\u00eb Zi, Kryetari i Kuvendit t\u00eb Shqip\u00ebris\u00eb, Ilir Meta u prit nga presidenti i Malit t\u00eb Zi,\u00a0Filip Vujanoviq, i cili","og_url":"https:\/\/www.visit-ulcinj.com\/blog\/2016\/07\/13\/meta-kerkon-nga-presidenti-vujanoviq-zgjidhje-per-problemet-e-shqiptareve\/","og_site_name":"Lajme nga Ulqini","article_published_time":"2016-07-13T13:46:49+00:00","og_image":[{"url":"http:\/\/www.visit-ulcinj.com\/blog\/wp-content\/uploads\/2016\/07\/FILIP-VUJANOVIC-ILIR-META.jpg"}],"twitter_misc":{"Written by":"ulqini","Est. reading time":"1 minute"},"schema":{"@context":"https:\/\/schema.org","@graph":[{"@type":"WebSite","@id":"https:\/\/www.visit-ulcinj.com\/blog\/#website","url":"https:\/\/www.visit-ulcinj.com\/blog\/","name":"Lajme nga Ulqini","description":"Lajme,Vijesti,Ulqini,Ulqin,Crna Gora,Mali i Zi","potentialAction":[{"@type":"SearchAction","target":{"@type":"EntryPoint","urlTemplate":"https:\/\/www.visit-ulcinj.com\/blog\/?s={search_term_string}"},"query-input":"required name=search_term_string"}],"inLanguage":"en-US"},{"@type":"ImageObject","inLanguage":"en-US","@id":"https:\/\/www.visit-ulcinj.com\/blog\/2016\/07\/13\/meta-kerkon-nga-presidenti-vujanoviq-zgjidhje-per-problemet-e-shqiptareve\/#primaryimage","url":"https:\/\/www.visit-ulcinj.com\/blog\/wp-content\/uploads\/2016\/07\/FILIP-VUJANOVIC-ILIR-META.jpg","contentUrl":"https:\/\/www.visit-ulcinj.com\/blog\/wp-content\/uploads\/2016\/07\/FILIP-VUJANOVIC-ILIR-META.jpg","width":701,"height":466},{"@type":"WebPage","@id":"https:\/\/www.visit-ulcinj.com\/blog\/2016\/07\/13\/meta-kerkon-nga-presidenti-vujanoviq-zgjidhje-per-problemet-e-shqiptareve\/#webpage","url":"https:\/\/www.visit-ulcinj.com\/blog\/2016\/07\/13\/meta-kerkon-nga-presidenti-vujanoviq-zgjidhje-per-problemet-e-shqiptareve\/","name":"Meta k\u00ebrkon nga presidenti Vujanoviq zgjidhje p\u00ebr problemet e shqiptar\u00ebve - Lajme nga Ulqini","isPartOf":{"@id":"https:\/\/www.visit-ulcinj.com\/blog\/#website"},"primaryImageOfPage":{"@id":"https:\/\/www.visit-ulcinj.com\/blog\/2016\/07\/13\/meta-kerkon-nga-presidenti-vujanoviq-zgjidhje-per-problemet-e-shqiptareve\/#primaryimage"},"datePublished":"2016-07-13T13:46:49+00:00","dateModified":"2016-07-13T13:46:49+00:00","author":{"@id":"https:\/\/www.visit-ulcinj.com\/blog\/#\/schema\/person\/dcab619c614d3038751c63bc2aadc06d"},"description":"N\u00eb kuad\u00ebr t\u00eb vizit\u00ebs zyrtare n\u00eb Mal t\u00eb Zi, Kryetari i Kuvendit t\u00eb Shqip\u00ebris\u00eb, Ilir Meta u prit nga presidenti i Malit t\u00eb Zi,\u00a0Filip Vujanoviq, i cili","breadcrumb":{"@id":"https:\/\/www.visit-ulcinj.com\/blog\/2016\/07\/13\/meta-kerkon-nga-presidenti-vujanoviq-zgjidhje-per-problemet-e-shqiptareve\/#breadcrumb"},"inLanguage":"en-US","potentialAction":[{"@type":"ReadAction","target":["https:\/\/www.visit-ulcinj.com\/blog\/2016\/07\/13\/meta-kerkon-nga-presidenti-vujanoviq-zgjidhje-per-problemet-e-shqiptareve\/"]}]},{"@type":"BreadcrumbList","@id":"https:\/\/www.visit-ulcinj.com\/blog\/2016\/07\/13\/meta-kerkon-nga-presidenti-vujanoviq-zgjidhje-per-problemet-e-shqiptareve\/#breadcrumb","itemListElement":[{"@type":"ListItem","position":1,"name":"Meta k\u00ebrkon nga presidenti Vujanoviq zgjidhje p\u00ebr problemet e shqiptar\u00ebve"}]},{"@type":"Person","@id":"https:\/\/www.visit-ulcinj.com\/blog\/#\/schema\/person\/dcab619c614d3038751c63bc2aadc06d","name":"ulqini","sameAs":["http:\/\/www.visit-ulcinj.com"],"url":"https:\/\/www.visit-ulcinj.com\/blog\/author\/admin\/"}]}},"jetpack_featured_media_url":"","jetpack_sharing_enabled":true,"jetpack_shortlink":"https:\/\/wp.me\/pe6lTn-pA7","_links":{"self":[{"href":"https:\/\/www.visit-ulcinj.com\/blog\/wp-json\/wp\/v2\/posts\/98339"}],"collection":[{"href":"https:\/\/www.visit-ulcinj.com\/blog\/wp-json\/wp\/v2\/posts"}],"about":[{"href":"https:\/\/www.visit-ulcinj.com\/blog\/wp-json\/wp\/v2\/types\/post"}],"author":[{"embeddable":true,"href":"https:\/\/www.visit-ulcinj.com\/blog\/wp-json\/wp\/v2\/users\/1"}],"replies":[{"embeddable":true,"href":"https:\/\/www.visit-ulcinj.com\/blog\/wp-json\/wp\/v2\/comments?post=98339"}],"version-history":[{"count":1,"href":"https:\/\/www.visit-ulcinj.com\/blog\/wp-json\/wp\/v2\/posts\/98339\/revisions"}],"predecessor-version":[{"id":98341,"href":"https:\/\/www.visit-ulcinj.com\/blog\/wp-json\/wp\/v2\/posts\/98339\/revisions\/98341"}],"wp:attachment":[{"href":"https:\/\/www.visit-ulcinj.com\/blog\/wp-json\/wp\/v2\/media?parent=98339"}],"wp:term":[{"taxonomy":"category","embeddable":true,"href":"https:\/\/www.visit-ulcinj.com\/blog\/wp-json\/wp\/v2\/categories?post=98339"},{"taxonomy":"post_tag","embeddable":true,"href":"https:\/\/www.visit-ulcinj.com\/blog\/wp-json\/wp\/v2\/tags?post=98339"}],"curies":[{"name":"wp","href":"https:\/\/api.w.org\/{rel}","templated":true}]}}