{"id":9834,"date":"2009-01-26T22:56:30","date_gmt":"2009-01-26T21:56:30","guid":{"rendered":"http:\/\/www.visit-ulcinj.com\/blog\/?p=9834"},"modified":"2009-01-26T22:56:34","modified_gmt":"2009-01-26T21:56:34","slug":"cana-nuk-do-te-luaje-me-malten","status":"publish","type":"post","link":"https:\/\/www.visit-ulcinj.com\/blog\/2009\/01\/26\/cana-nuk-do-te-luaje-me-malten\/","title":{"rendered":"Cana nuk do te luaje me Malt\u00ebn"},"content":{"rendered":"<p><a rel=\"attachment wp-att-9836\" href=\"http:\/\/www.visit-ulcinj.com\/blog\/2009\/01\/26\/cana-nuk-do-te-luaje-me-malten\/lorik-cana2\/\"><img loading=\"lazy\" class=\"alignleft size-full wp-image-9836\" title=\"lorik-cana2\" src=\"http:\/\/www.visit-ulcinj.com\/blog\/wp-content\/uploads\/2009\/01\/lorik-cana2.jpg\" alt=\"lorik-cana2\" width=\"570\" height=\"400\" \/><\/a>Lorik Cana duket m\u00eb n\u00eb dyshim se kurr\u00eb p\u00ebr t\u00eb qen\u00eb n\u00eb fush\u00eb n\u00eb ndeshjen e 11 shkurtit kund\u00ebr Malt\u00ebs. Mesfushori i komb\u00ebtares vazhdon t\u00eb vuaj\u00eb d\u00ebmtimin n\u00eb gju t\u00eb p\u00ebsuar n\u00eb fund t\u00eb muajit dhjetor dhe mjek\u00ebt kan\u00eb parashikuar si dat\u00eb rikthimi p\u00ebr t\u00eb 8 shkurtin, dit\u00eb kur Marseja do t\u00eb luaj\u00eb me Bordon\u00eb n\u00eb kampionat.<br \/>\nPor, edhe kjo dat\u00eb nuk \u00ebsht\u00eb e sigurt\u00eb. Madje, ka qen\u00eb vet\u00eb futbollisti, ai q\u00eb ka sqaruar koh\u00ebn e rikthimit n\u00eb nj\u00eb deklarat\u00eb p\u00ebr mediat franceze. \u201cKam qen\u00eb i d\u00ebmtuar, por kurr\u00eb s\u2019kam qen\u00eb jasht\u00eb kaq shum\u00eb. M\u00eb duhet t\u00eb jem i kujdessh\u00ebm, sepse nuk dua t\u00eb rikthehem dhe m\u00eb pas t\u00eb d\u00ebmtohem p\u00ebrs\u00ebri, k\u00ebshtu q\u00eb nuk mund t\u00eb fiksoj nj\u00eb dat\u00eb p\u00ebr rikthimin tim\u201d, \u00ebsht\u00eb shprehur Cana. Mungesa e mundshme e Can\u00ebs \u00ebsht\u00eb problemi m\u00eb i madh p\u00ebr trajnerin e komb\u00ebtares Ari Han n\u00eb prag t\u00eb k\u00ebsaj sfide.<br \/>\nShqip\u00ebria rrezikon t\u00eb mos ket\u00eb as kapitenin Altin Lala p\u00ebr ndeshjen q\u00eb do t\u00eb luhet n\u00eb Valeta. Lala nuk \u00ebsht\u00eb rekuperuar ende pas operacionit nga hernia diskale q\u00eb b\u00ebri n\u00eb fillim t\u00eb dhjetorit. Ndeshja Malt\u00eb-Shqip\u00ebri do t\u00eb zhvillohet m\u00eb 11 shkurt. Komb\u00ebtarja shqiptare ka 5 pik\u00eb pas 4 ndeshjesh p\u00ebr eleminatoret e Bot\u00ebrorit 2010, duke regjistruar nj\u00eb fitore, dy barazime dhe nj\u00eb humbje.<\/p>\n<p><strong>Top Channel<\/strong><\/p>\n<p>[flv]http:\/\/shqiphost.top-channel.tv\/18754796\/flv\/kronika\/cana-mungese.flv[\/flv]<\/p>\n","protected":false},"excerpt":{"rendered":"<p>Lorik Cana duket m\u00eb n\u00eb dyshim se kurr\u00eb p\u00ebr t\u00eb qen\u00eb n\u00eb fush\u00eb n\u00eb ndeshjen e 11 shkurtit kund\u00ebr Malt\u00ebs. Mesfushori i komb\u00ebtares vazhdon t\u00eb vuaj\u00eb d\u00ebmtimin n\u00eb gju t\u00eb p\u00ebsuar n\u00eb fund t\u00eb muajit dhjetor dhe mjek\u00ebt kan\u00eb parashikuar si dat\u00eb rikthimi p\u00ebr t\u00eb 8 shkurtin, dit\u00eb kur Marseja do t\u00eb luaj\u00eb me Bordon\u00eb [&hellip;]<\/p>\n","protected":false},"author":1,"featured_media":0,"comment_status":"open","ping_status":"closed","sticky":false,"template":"","format":"standard","meta":{"spay_email":"","jetpack_publicize_message":"","jetpack_is_tweetstorm":false,"jetpack_publicize_feature_enabled":true},"categories":[3],"tags":[4946,6118,6120,6119],"jetpack_publicize_connections":[],"yoast_head":"<!-- This site is optimized with the Yoast SEO plugin v19.1 - https:\/\/yoast.com\/wordpress\/plugins\/seo\/ -->\n<title>Cana nuk do te luaje me Malt\u00ebn - Lajme nga Ulqini<\/title>\n<meta name=\"description\" content=\"Lorik Cana duket m\u00eb n\u00eb dyshim se kurr\u00eb p\u00ebr t\u00eb qen\u00eb n\u00eb fush\u00eb n\u00eb ndeshjen e 11 shkurtit kund\u00ebr Malt\u00ebs. Mesfushori i komb\u00ebtares vazhdon t\u00eb vuaj\u00eb d\u00ebmtimin n\u00eb\" \/>\n<meta name=\"robots\" content=\"index, follow, max-snippet:-1, max-image-preview:large, max-video-preview:-1\" \/>\n<link rel=\"canonical\" href=\"https:\/\/www.visit-ulcinj.com\/blog\/2009\/01\/26\/cana-nuk-do-te-luaje-me-malten\/\" \/>\n<meta property=\"og:locale\" content=\"en_US\" \/>\n<meta property=\"og:type\" content=\"article\" \/>\n<meta property=\"og:title\" content=\"Cana nuk do te luaje me Malt\u00ebn - Lajme nga Ulqini\" \/>\n<meta property=\"og:description\" content=\"Lorik Cana duket m\u00eb n\u00eb dyshim se kurr\u00eb p\u00ebr t\u00eb qen\u00eb n\u00eb fush\u00eb n\u00eb ndeshjen e 11 shkurtit kund\u00ebr Malt\u00ebs. Mesfushori i komb\u00ebtares vazhdon t\u00eb vuaj\u00eb d\u00ebmtimin n\u00eb\" \/>\n<meta property=\"og:url\" content=\"https:\/\/www.visit-ulcinj.com\/blog\/2009\/01\/26\/cana-nuk-do-te-luaje-me-malten\/\" \/>\n<meta property=\"og:site_name\" content=\"Lajme nga Ulqini\" \/>\n<meta property=\"article:published_time\" content=\"2009-01-26T21:56:30+00:00\" \/>\n<meta property=\"article:modified_time\" content=\"2009-01-26T21:56:34+00:00\" \/>\n<meta property=\"og:image\" content=\"http:\/\/www.visit-ulcinj.com\/blog\/wp-content\/uploads\/2009\/01\/lorik-cana2.jpg\" \/>\n<meta name=\"twitter:label1\" content=\"Written by\" \/>\n\t<meta name=\"twitter:data1\" content=\"ulqini\" \/>\n\t<meta name=\"twitter:label2\" content=\"Est. reading time\" \/>\n\t<meta name=\"twitter:data2\" content=\"1 minute\" \/>\n<script type=\"application\/ld+json\" class=\"yoast-schema-graph\">{\"@context\":\"https:\/\/schema.org\",\"@graph\":[{\"@type\":\"WebSite\",\"@id\":\"https:\/\/www.visit-ulcinj.com\/blog\/#website\",\"url\":\"https:\/\/www.visit-ulcinj.com\/blog\/\",\"name\":\"Lajme nga Ulqini\",\"description\":\"Lajme,Vijesti,Ulqini,Ulqin,Crna Gora,Mali i Zi\",\"potentialAction\":[{\"@type\":\"SearchAction\",\"target\":{\"@type\":\"EntryPoint\",\"urlTemplate\":\"https:\/\/www.visit-ulcinj.com\/blog\/?s={search_term_string}\"},\"query-input\":\"required name=search_term_string\"}],\"inLanguage\":\"en-US\"},{\"@type\":\"ImageObject\",\"inLanguage\":\"en-US\",\"@id\":\"https:\/\/www.visit-ulcinj.com\/blog\/2009\/01\/26\/cana-nuk-do-te-luaje-me-malten\/#primaryimage\",\"url\":\"https:\/\/www.visit-ulcinj.com\/blog\/wp-content\/uploads\/2009\/01\/lorik-cana2.jpg\",\"contentUrl\":\"https:\/\/www.visit-ulcinj.com\/blog\/wp-content\/uploads\/2009\/01\/lorik-cana2.jpg\",\"width\":\"1440\",\"height\":\"900\"},{\"@type\":\"WebPage\",\"@id\":\"https:\/\/www.visit-ulcinj.com\/blog\/2009\/01\/26\/cana-nuk-do-te-luaje-me-malten\/#webpage\",\"url\":\"https:\/\/www.visit-ulcinj.com\/blog\/2009\/01\/26\/cana-nuk-do-te-luaje-me-malten\/\",\"name\":\"Cana nuk do te luaje me Malt\u00ebn - Lajme nga Ulqini\",\"isPartOf\":{\"@id\":\"https:\/\/www.visit-ulcinj.com\/blog\/#website\"},\"primaryImageOfPage\":{\"@id\":\"https:\/\/www.visit-ulcinj.com\/blog\/2009\/01\/26\/cana-nuk-do-te-luaje-me-malten\/#primaryimage\"},\"datePublished\":\"2009-01-26T21:56:30+00:00\",\"dateModified\":\"2009-01-26T21:56:34+00:00\",\"author\":{\"@id\":\"https:\/\/www.visit-ulcinj.com\/blog\/#\/schema\/person\/dcab619c614d3038751c63bc2aadc06d\"},\"description\":\"Lorik Cana duket m\u00eb n\u00eb dyshim se kurr\u00eb p\u00ebr t\u00eb qen\u00eb n\u00eb fush\u00eb n\u00eb ndeshjen e 11 shkurtit kund\u00ebr Malt\u00ebs. Mesfushori i komb\u00ebtares vazhdon t\u00eb vuaj\u00eb d\u00ebmtimin n\u00eb\",\"breadcrumb\":{\"@id\":\"https:\/\/www.visit-ulcinj.com\/blog\/2009\/01\/26\/cana-nuk-do-te-luaje-me-malten\/#breadcrumb\"},\"inLanguage\":\"en-US\",\"potentialAction\":[{\"@type\":\"ReadAction\",\"target\":[\"https:\/\/www.visit-ulcinj.com\/blog\/2009\/01\/26\/cana-nuk-do-te-luaje-me-malten\/\"]}]},{\"@type\":\"BreadcrumbList\",\"@id\":\"https:\/\/www.visit-ulcinj.com\/blog\/2009\/01\/26\/cana-nuk-do-te-luaje-me-malten\/#breadcrumb\",\"itemListElement\":[{\"@type\":\"ListItem\",\"position\":1,\"name\":\"Cana nuk do te luaje me Malt\u00ebn\"}]},{\"@type\":\"Person\",\"@id\":\"https:\/\/www.visit-ulcinj.com\/blog\/#\/schema\/person\/dcab619c614d3038751c63bc2aadc06d\",\"name\":\"ulqini\",\"sameAs\":[\"http:\/\/www.visit-ulcinj.com\"],\"url\":\"https:\/\/www.visit-ulcinj.com\/blog\/author\/admin\/\"}]}<\/script>\n<!-- \/ Yoast SEO plugin. -->","yoast_head_json":{"title":"Cana nuk do te luaje me Malt\u00ebn - Lajme nga Ulqini","description":"Lorik Cana duket m\u00eb n\u00eb dyshim se kurr\u00eb p\u00ebr t\u00eb qen\u00eb n\u00eb fush\u00eb n\u00eb ndeshjen e 11 shkurtit kund\u00ebr Malt\u00ebs. Mesfushori i komb\u00ebtares vazhdon t\u00eb vuaj\u00eb d\u00ebmtimin n\u00eb","robots":{"index":"index","follow":"follow","max-snippet":"max-snippet:-1","max-image-preview":"max-image-preview:large","max-video-preview":"max-video-preview:-1"},"canonical":"https:\/\/www.visit-ulcinj.com\/blog\/2009\/01\/26\/cana-nuk-do-te-luaje-me-malten\/","og_locale":"en_US","og_type":"article","og_title":"Cana nuk do te luaje me Malt\u00ebn - Lajme nga Ulqini","og_description":"Lorik Cana duket m\u00eb n\u00eb dyshim se kurr\u00eb p\u00ebr t\u00eb qen\u00eb n\u00eb fush\u00eb n\u00eb ndeshjen e 11 shkurtit kund\u00ebr Malt\u00ebs. Mesfushori i komb\u00ebtares vazhdon t\u00eb vuaj\u00eb d\u00ebmtimin n\u00eb","og_url":"https:\/\/www.visit-ulcinj.com\/blog\/2009\/01\/26\/cana-nuk-do-te-luaje-me-malten\/","og_site_name":"Lajme nga Ulqini","article_published_time":"2009-01-26T21:56:30+00:00","article_modified_time":"2009-01-26T21:56:34+00:00","og_image":[{"url":"http:\/\/www.visit-ulcinj.com\/blog\/wp-content\/uploads\/2009\/01\/lorik-cana2.jpg"}],"twitter_misc":{"Written by":"ulqini","Est. reading time":"1 minute"},"schema":{"@context":"https:\/\/schema.org","@graph":[{"@type":"WebSite","@id":"https:\/\/www.visit-ulcinj.com\/blog\/#website","url":"https:\/\/www.visit-ulcinj.com\/blog\/","name":"Lajme nga Ulqini","description":"Lajme,Vijesti,Ulqini,Ulqin,Crna Gora,Mali i Zi","potentialAction":[{"@type":"SearchAction","target":{"@type":"EntryPoint","urlTemplate":"https:\/\/www.visit-ulcinj.com\/blog\/?s={search_term_string}"},"query-input":"required name=search_term_string"}],"inLanguage":"en-US"},{"@type":"ImageObject","inLanguage":"en-US","@id":"https:\/\/www.visit-ulcinj.com\/blog\/2009\/01\/26\/cana-nuk-do-te-luaje-me-malten\/#primaryimage","url":"https:\/\/www.visit-ulcinj.com\/blog\/wp-content\/uploads\/2009\/01\/lorik-cana2.jpg","contentUrl":"https:\/\/www.visit-ulcinj.com\/blog\/wp-content\/uploads\/2009\/01\/lorik-cana2.jpg","width":"1440","height":"900"},{"@type":"WebPage","@id":"https:\/\/www.visit-ulcinj.com\/blog\/2009\/01\/26\/cana-nuk-do-te-luaje-me-malten\/#webpage","url":"https:\/\/www.visit-ulcinj.com\/blog\/2009\/01\/26\/cana-nuk-do-te-luaje-me-malten\/","name":"Cana nuk do te luaje me Malt\u00ebn - Lajme nga Ulqini","isPartOf":{"@id":"https:\/\/www.visit-ulcinj.com\/blog\/#website"},"primaryImageOfPage":{"@id":"https:\/\/www.visit-ulcinj.com\/blog\/2009\/01\/26\/cana-nuk-do-te-luaje-me-malten\/#primaryimage"},"datePublished":"2009-01-26T21:56:30+00:00","dateModified":"2009-01-26T21:56:34+00:00","author":{"@id":"https:\/\/www.visit-ulcinj.com\/blog\/#\/schema\/person\/dcab619c614d3038751c63bc2aadc06d"},"description":"Lorik Cana duket m\u00eb n\u00eb dyshim se kurr\u00eb p\u00ebr t\u00eb qen\u00eb n\u00eb fush\u00eb n\u00eb ndeshjen e 11 shkurtit kund\u00ebr Malt\u00ebs. Mesfushori i komb\u00ebtares vazhdon t\u00eb vuaj\u00eb d\u00ebmtimin n\u00eb","breadcrumb":{"@id":"https:\/\/www.visit-ulcinj.com\/blog\/2009\/01\/26\/cana-nuk-do-te-luaje-me-malten\/#breadcrumb"},"inLanguage":"en-US","potentialAction":[{"@type":"ReadAction","target":["https:\/\/www.visit-ulcinj.com\/blog\/2009\/01\/26\/cana-nuk-do-te-luaje-me-malten\/"]}]},{"@type":"BreadcrumbList","@id":"https:\/\/www.visit-ulcinj.com\/blog\/2009\/01\/26\/cana-nuk-do-te-luaje-me-malten\/#breadcrumb","itemListElement":[{"@type":"ListItem","position":1,"name":"Cana nuk do te luaje me Malt\u00ebn"}]},{"@type":"Person","@id":"https:\/\/www.visit-ulcinj.com\/blog\/#\/schema\/person\/dcab619c614d3038751c63bc2aadc06d","name":"ulqini","sameAs":["http:\/\/www.visit-ulcinj.com"],"url":"https:\/\/www.visit-ulcinj.com\/blog\/author\/admin\/"}]}},"jetpack_featured_media_url":"","jetpack_sharing_enabled":true,"jetpack_shortlink":"https:\/\/wp.me\/pe6lTn-2yC","_links":{"self":[{"href":"https:\/\/www.visit-ulcinj.com\/blog\/wp-json\/wp\/v2\/posts\/9834"}],"collection":[{"href":"https:\/\/www.visit-ulcinj.com\/blog\/wp-json\/wp\/v2\/posts"}],"about":[{"href":"https:\/\/www.visit-ulcinj.com\/blog\/wp-json\/wp\/v2\/types\/post"}],"author":[{"embeddable":true,"href":"https:\/\/www.visit-ulcinj.com\/blog\/wp-json\/wp\/v2\/users\/1"}],"replies":[{"embeddable":true,"href":"https:\/\/www.visit-ulcinj.com\/blog\/wp-json\/wp\/v2\/comments?post=9834"}],"version-history":[{"count":0,"href":"https:\/\/www.visit-ulcinj.com\/blog\/wp-json\/wp\/v2\/posts\/9834\/revisions"}],"wp:attachment":[{"href":"https:\/\/www.visit-ulcinj.com\/blog\/wp-json\/wp\/v2\/media?parent=9834"}],"wp:term":[{"taxonomy":"category","embeddable":true,"href":"https:\/\/www.visit-ulcinj.com\/blog\/wp-json\/wp\/v2\/categories?post=9834"},{"taxonomy":"post_tag","embeddable":true,"href":"https:\/\/www.visit-ulcinj.com\/blog\/wp-json\/wp\/v2\/tags?post=9834"}],"curies":[{"name":"wp","href":"https:\/\/api.w.org\/{rel}","templated":true}]}}