{"id":98350,"date":"2016-07-13T15:39:04","date_gmt":"2016-07-13T14:39:04","guid":{"rendered":"http:\/\/www.visit-ulcinj.com\/blog\/?p=98350"},"modified":"2016-07-13T15:40:56","modified_gmt":"2016-07-13T14:40:56","slug":"u-mbajt-festa-e-kulturave-ne-salzburg-sh-tradita-morri-pjes","status":"publish","type":"post","link":"https:\/\/www.visit-ulcinj.com\/blog\/2016\/07\/13\/u-mbajt-festa-e-kulturave-ne-salzburg-sh-tradita-morri-pjes\/","title":{"rendered":"U mbajt \u201eFesta e Kulturave\u201c n\u00eb Salzburg  Sh.A. Tradita morri pjes"},"content":{"rendered":"<p><strong><a href=\"http:\/\/www.visit-ulcinj.com\/blog\/wp-content\/uploads\/2016\/07\/Festa-e-Kulturave-n\u00eb-Sazburg-Tradita-Ana-Malit-.jpg\"><img loading=\"lazy\" class=\"alignleft wp-image-98351\" src=\"http:\/\/www.visit-ulcinj.com\/blog\/wp-content\/uploads\/2016\/07\/Festa-e-Kulturave-n\u00eb-Sazburg-Tradita-Ana-Malit-.jpg\" alt=\"Festa e Kulturave n\u00eb Sazburg - Tradita-Ana-Malit-\" width=\"508\" height=\"338\" srcset=\"https:\/\/www.visit-ulcinj.com\/blog\/wp-content\/uploads\/2016\/07\/Festa-e-Kulturave-n\u00eb-Sazburg-Tradita-Ana-Malit-.jpg 960w, https:\/\/www.visit-ulcinj.com\/blog\/wp-content\/uploads\/2016\/07\/Festa-e-Kulturave-n\u00eb-Sazburg-Tradita-Ana-Malit--300x200.jpg 300w, https:\/\/www.visit-ulcinj.com\/blog\/wp-content\/uploads\/2016\/07\/Festa-e-Kulturave-n\u00eb-Sazburg-Tradita-Ana-Malit--768x511.jpg 768w\" sizes=\"(max-width: 508px) 100vw, 508px\" \/><\/a>U mbajt \u201eFesta e Kulturave\u201c p\u00ebr t\u00eb gjitha kombet e komb\u00ebsit\u00eb q\u00eb jetojn\u00eb n\u00eb Salzburg<\/strong><\/p>\n<p><strong>Shkruan: Miftar Zagragja<\/strong><\/p>\n<p>U mbajt \u201eFesta e\u00a0 Kulturave\u201c\u00a0 n\u00eb Sazburg t\u00eb Austris\u00eb ku\u00a0 k\u00ebte aktivitet\u00a0 \u00a0e organizon vet\u00eb shteti i Astris\u00eb. N\u00eb k\u00ebt\u00eb tubim kulturor ku marrin pjes\u00eb t\u00eb gjitha kombet dhe komb\u00ebsit\u00eb q\u00eb jetojn\u00eb n\u00eb Austri, mori pjes\u00eb edhe Shoqata Austriako-Shqiptare ,,ALEKSAND\u00cbR MOISIU\u201d nga Salzburgu.<\/p>\n<p>Ky aktivitet \u00ebsht\u00eb nj\u00eb shembull i mir\u00eb ku tregohet se si diaspora jon\u00eb shqiptare po organizohet dhe n\u00eb t\u00eb nj\u00ebjt\u00ebn koh\u00eb u ofron t\u00eb rinjve tan\u00eb t\u00eb shpalosin vlera nga \u00a0kultura dhe tradita shqiptare.<\/p>\n<p>Programi \u00a0vijoi me valle e k\u00ebng\u00eb t\u00eb p\u00ebrgatitura enkas p\u00ebr k\u00ebt\u00eb tubim. Si i till\u00eb ky aktivitet ka karakter kulturor dhe u realizua si rezultat i kontributit\u00a0 t\u00eb artist\u00ebve dhe k\u00ebng\u00ebtar\u00ebve t\u00eb mir\u00ebnjohur t\u00eb\u00a0 Sh.A. \u201c Tradita Ana e Malit nga Ulqini\u201d<\/p>\n<p>Me programe t\u00eb pasura kulturore, me pika t\u00eb shumta muzikore dhe valle tradicionale shqiptare \u00a0u ngroh edhe m\u00eb shum\u00eb atmosfera e k\u00ebsaj kremteje, sepse programi i shfaqur\u00a0 paraqiti nj\u00eb thesar t\u00eb v\u00ebrtet\u00eb kulturor.<\/p>\n<p>Artist\u00ebt pjes\u00ebmarrj\u00ebs \u00a0u duartrokiten nga t\u00eb pranishmit e shumt\u00eb.<\/p>\n<p>Nga kjo shihet se Shqiptaret nga te gjitha trojet shqiptare po afirmojn\u00eb kultur\u00ebn dhe vlerat e vendit ton\u00eb, kur dihet se nuk \u00ebsht\u00eb aspak e leht\u00eb t\u00eb b\u00ebhet nj\u00eb organizim i till\u00eb, megjith\u00ebk\u00ebt\u00eb nj\u00eb organizim t\u00eb till\u00eb po e realizojm\u00eb q\u00eb m\u00ebnyr\u00eb q\u00eb t\u00eb ken\u00eb mund\u00ebsi q\u00eb t\u00eb takohen t\u00eb rinjt\u00eb e t\u00eb rejat shqiptare, e po ashtu t\u2019i b\u00ebjm\u00eb me dije shtetit t\u00eb Austris\u00eb se shqiptar\u00ebt jan\u00eb integruar plot\u00ebsisht n\u00eb shoq\u00ebrin\u00eb austriake.<\/p>\n<p>Festa e Kulturave ishte nj\u00eb aktivitetet, n\u00eb t\u00eb cilin u mir\u00ebprit\u00ebn \u00a0pjes\u00ebmarr\u00ebsit dhe kontribuesit nga mbar\u00eb komuniteti shqiptar sie dhe \u00a0ai\u00a0 austriak e ma gjer\u00eb.<\/p>\n<p>Kryetarja\u00a0 e shoqat\u00ebs\u00a0 Lulavere Islami dhe an\u00ebtar\u00ebt e\u00a0 kryesis\u00eb, Vera Obwegeser,Xhevdet Mehmetaj,Shkelzen Balaj,Vahid Zaga dhe Januz Berisha, vijn\u00eb nga treva t\u00eb ndryshme shqiptare.<\/p>\n<p>Arsyeja p\u00ebr\u00a0themelimin e shoqates \u00a0ishte <em>bashkimi<\/em>\u00a0i Kombit, dhe\u00a0 Lidhja\u00a0<em>e <\/em>\u00a0Shqiptar\u00ebve n\u00eb Salzburg dhe kudo \u00a0n\u00eb Austri. Shoqata Austriako Shqiptare ,,ALEKSAND\u00cbR MOISIU\u201d n\u00eb Salzburg, \u00ebsht\u00eb regjitsruar me k\u00ebt\u00eb em\u00ebr, sipas ligjit p\u00ebr Shoqata n\u00eb Republik\u00ebn e Austris:\u00d6sterreichisch Albanische Gesellschaft ,, ALEXANDER MOISSI\u201dSalzburg.<\/p>\n<p>Emri u arsyetua me faktin se M\u00ebrgimtaret q\u00eb jetojn\u00eb n\u00eb Austri, <em>n\u00eb shenj\u00eb nderimi dhe respekti<\/em>\u00a0 p\u00ebr t\u00eb madhin Aleksand\u00ebr Moisiun e \u00a0<em>pa vdeksh\u00ebm. <\/em><\/p>\n<p>Artisti i madh shqiptar, Aleksander Moisiu,u lind m\u00eb( 2 prill 1879\u00a0 dhe vdi\u00e7 m\u00eb 22 mars 1935 ).<\/p>\n<p>U lind n\u00eb Triesht\u00eb nga prind\u00ebr shqiptar\u00eb m\u00ebrgimtar\u00eb.Kishte\u00a0 n\u00ebn\u00eb\u00a0 Amalia de Rad\u00ebn nga shqiptar\u00ebt\u00a0 arb\u00ebresh\u00eb, t\u00eb shp\u00ebrngulur q\u00eb nga koha pas vdekjes s\u00eb Sk\u00ebnderbeut p\u00ebr n\u00eb Sicili t\u00eb Italis\u00eb. Rrjedh nga nj\u00eb\u00a0 familje e njohur me tradita patriotike e kulturore,<\/p>\n<p>Babai i Aleksandrit quhej Moisi Moisiu. Gjithashtu nga nj\u00eb familje me tradita patriotike e kulturore, e njohur q\u00eb nga\u00a0 koha e Sk\u00ebnderbeut e deri n\u00eb dit\u00ebt tona, duke i dh\u00ebn\u00eb\u00a0 emra t\u00eb shquar artit, shkenc\u00ebs dhe historis\u00eb. Ishte nga Kavaja af\u00ebr Durr\u00ebsit\u00a0 n\u00eb Shqip\u00ebri. Nga rob\u00ebria osmane\u00a0 pes\u00eb shekullore, prind\u00ebt e Aleksandrit ishin t\u00eb detyruar t\u00eb jetonin\u00a0 n\u00eb vende\u00a0 ndryshme t\u00eb\u00a0 Europ\u00ebs, pra n\u00eb m\u00ebrgim.<br \/>\nMoisiu prej nj\u00eb vendi n\u00eb vendin tjet\u00ebr, var\u00ebsisht se ku i k\u00ebrkonte puna e tregtis\u00eb\u00a0 prind\u00ebrit e tet\u00eb femij\u00ebve, ..<\/p>\n<p>N\u00eb mosh\u00ebn 19 vje\u00e7are shkon n\u00eb Vjen\u00eb, ku me ndihm\u00ebn e\u00a0<a href=\"https:\/\/sq.wikipedia.org\/w\/index.php?title=Jozef_Kainc&amp;action=edit&amp;redlink=1\">Jozef Kainc<\/a>iu p\u00ebrkushtua aktrimit. M\u00eb\u00a0<a href=\"https:\/\/sq.wikipedia.org\/wiki\/1898\">1898<\/a>\u00a0e nisi karrier\u00ebn e vet si kompars<em>(aktor\u00eb q\u00eb luajn\u00eb rol t\u00eb vog\u00ebl)<\/em>\u00a0n\u00eb Burgtheat\u00ebr. Pastaj vijuan angazhime n\u00eb teat\u00ebr n\u00eb\u00a0<a href=\"https:\/\/sq.wikipedia.org\/wiki\/Praga\">Prag\u00eb<\/a>\u00a0dhe\u00a0<a href=\"https:\/\/sq.wikipedia.org\/wiki\/Berlini\">Berlin<\/a>. N\u00eb Berlin Aleksand\u00ebr Moisiu u pranua n\u00eb seminarin e Max Reinhardt me t\u00eb cilin shkoi n\u00eb turne n\u00eb Petersburg (<a href=\"https:\/\/sq.wikipedia.org\/wiki\/1911\">1911<\/a>). Atje u dallua p\u00ebr rolin e Edipit. Pas k\u00ebtij suksesi ai u angazhua n\u00eb shum\u00eb vende t\u00eb Evrop\u00ebs dhe Amerik\u00ebs Veriore.<\/p>\n<p>Fusha e veprimit t\u00eb Moisiut p\u00ebrmblidhte t\u00eb gjith\u00eb spektrin e literatur\u00ebs evropiane t\u00eb teatrit, duke filluar q\u00eb nga tragjedia antike greke e deri te koha moderne. Shum\u00eb t\u00eb njohura u b\u00ebn\u00eb interpretimet e tij t\u00eb Hamletit, t\u00eb Edipit, t\u00eb Jedermann dhe t\u00eb Fedja n\u00eb vepr\u00ebn e Leon Tolstoit \u201cKufoma e gjall\u00eb\u201d. Ai luajti po ashtu edhe rolet kryesore n\u00eb premierat e pjes\u00ebve teatrale t\u00eb Hauptmann-it (\u201cDer wei\u00dfe Heiland\u201c), t\u00eb Wedekind-it (\u201cFr\u00fchlings Erwachen\u201d) dhe t\u00eb Hofmannsthal-it (\u201cJedermann\u201d).<\/p>\n<p>N\u00eb vitin\u00a0<a href=\"https:\/\/sq.wikipedia.org\/wiki\/1920\">1920<\/a>\u00a0ishte i pari q\u00eb n\u00eb Loj\u00ebrat Festive t\u00eb\u00a0<a href=\"https:\/\/sq.wikipedia.org\/wiki\/Salzburg\">Salzburgut<\/a>\u00a0(Salzburger Festspiele) luajti rolin kryesor n\u00eb \u201cJedermann\u201d.<\/p>\n<p>Moisiu vler\u00ebsohej shum\u00eb nga publiku i tij p\u00ebr shkak t\u00eb z\u00ebrit t\u00eb tij t\u00eb bukur si dhe p\u00ebr angazhimin e tij emocional. Ai llogaritej sidomos n\u00eb vitet para fillimit t\u00eb\u00a0<a href=\"https:\/\/sq.wikipedia.org\/wiki\/Lufta_e_Par%C3%AB_Bot%C3%ABrore\">Lufta e Par\u00eb Bot\u00ebrore<\/a>\u00a0si nj\u00eb nga aktor\u00ebt m\u00eb t\u00eb m\u00ebdhenj n\u00eb hap\u00ebsir\u00ebn gjermanofol\u00ebse. N\u00eb periudh\u00ebn mes dy luft\u00ebrave ishte shum\u00eb koh\u00eb n\u00eb turne. N\u00eb Berlin aktronte n\u00eb k\u00ebt\u00eb koh\u00eb vet\u00ebm si mysafir. Stili i tij i aktrimit llogaritej k\u00ebtu si i vjet\u00ebruar dhe nuk mund t\u00eb matej m\u00eb me zhvillimet teatrore si ai i ekspresionizmit, apo teatri politik i Brecht-it apo i Piscator-it.<\/p>\n<p>Prej vitit\u00a0<a href=\"https:\/\/sq.wikipedia.org\/wiki\/1910\">1910<\/a>\u00a0e deri m\u00eb\u00a0<a href=\"https:\/\/sq.wikipedia.org\/wiki\/1935\">1935<\/a>\u00a0mori pjes\u00eb n\u00eb 10 produksione t\u00eb filmave, 8 prej tyre ishin filma pa z\u00eb.<\/p>\n<p>N\u00eb vitin 1935, pak koh\u00eb para vdekjes s\u00eb tij, Moisiu k\u00ebrkoi shtet\u00ebsin\u00eb e\u00a0<a href=\"https:\/\/sq.wikipedia.org\/wiki\/Shqip%C3%ABria\">Shqip\u00ebris\u00eb<\/a>\u00a0si dhe at\u00eb t\u00eb\u00a0<a href=\"https:\/\/sq.wikipedia.org\/wiki\/Italia\">Italis\u00eb<\/a>. Shqip\u00ebria refuzoi k\u00ebt\u00eb k\u00ebrkes\u00eb, kurse Italia ia dha shtet\u00ebsin\u00eb Moisiut, kur ai ishte i shtrir\u00eb n\u00eb shtratin e vdekjes.<\/p>\n<p>Ai vdiq m\u00eb\u00a0<a href=\"https:\/\/sq.wikipedia.org\/wiki\/23_Mars\">23 mars<\/a>\u00a0t\u00eb vitit\u00a0<a href=\"https:\/\/sq.wikipedia.org\/wiki\/1935\">1935<\/a>\u00a0n\u00eb Vjen\u00eb. Ai \u00ebsht\u00eb i varrosur n\u00eb varrezat e komun\u00ebs s\u00eb Morcote-s\u00eb, pran\u00eb qytetit Lugano n\u00eb kantonin e\u00a0<a href=\"https:\/\/sq.wikipedia.org\/w\/index.php?title=Tessin&amp;action=edit&amp;redlink=1\">Tessin<\/a>-it n\u00eb\u00a0<a href=\"https:\/\/sq.wikipedia.org\/wiki\/Zvicra\">Zvic\u00ebr<\/a>.<\/p>\n<p>Moisiu sot adhurohet dhe respektohet sidomos n\u00eb Shqip\u00ebri si nj\u00eb nd\u00ebr aktor\u00ebt m\u00eb t\u00eb m\u00ebdhenj t\u00eb vendit, edhe pse ai q\u00eb nga rinia e tij m\u00eb nuk e vizitoi Shqip\u00ebrin\u00eb.<\/p>\n<p><em>\u00a0Bashk\u00ebkombasit tan\u00eb, q\u00eb nga koha kur kan\u00eb ardhur e deri tani,kan\u00eb arritur t\u00eb integrohen n\u00eb jet\u00ebn dhe shoq\u00ebrin\u00eb austriak\u00eb, por \u00a0kan\u00eb arritur q\u00eb ta ruajn\u00eb edhe gjuh\u00ebn, kultur\u00ebn dhe tradit\u00ebn komb\u00ebtare shqiptare. Kurse bashk\u00ebkombasit tan\u00eb t\u00eb mosh\u00ebs t\u00eb re, t\u00eb gjith\u00eb, pa p\u00ebrjashtime ndjekin m\u00ebsimin plotesues ne gjuhen shqipe.<\/em><\/p>\n<p>Organizimi i shqiptar\u00ebve \u00ebsht\u00eb i domosdosh\u00ebm\u00a0 p\u00ebr t\u00eb ruajtur gjuh\u00ebn kultur\u00ebn dhe tradit\u00ebn shqiptare. Ky organizim i shk\u00eblqyer \u00ebsht\u00eb merit\u00eb e t\u00eb gjith\u00eb Kryesis\u00eb se Shoqates Austriako- Shqiptare \u201c Alexander Moissi\u201d Salzburg,\u00a0 dhe bashkeatdhetarve qe jetojn ne Salzburg me rrethin sie dhe te gjitha nenave dhe grave shqiptare qe kontribuan me gatime tradicionale, pasi qe institucionet e dy shteteve shqiptare nuk ju pergjigjen thirrjes se Shoqates per mbeshtetje.<\/p>\n<div class=\"entry-content\">\n<p>K\u00ebta njer\u00ebz t\u00eb vyesh\u00ebm gjith\u00e7ka q\u00eb kan\u00eb b\u00ebr\u00eb, e kan\u00eb b\u00ebr\u00eb n\u00eb em\u00ebr\u00a0 t\u00eb p\u00ebrkushtimit\u00a0 p\u00ebr kulturen shqiptare. Kryesija e Shoqates falenderon te gjith ata qe dhan kontribut dhe ndihmuan ne finalizimin e keti projekti madheshtore.<\/p>\n<div class=\"entry-footer\">\n<div class=\"footer-wrap\">\n<div class=\"entry-author\">\n<div class=\"author\"><strong>\u00a0<span class=\"name\">Bota Press <\/span><\/strong><\/div>\n<div class=\"author\"><\/div>\n<div class=\"author\"><strong>M\u00eb tep\u00ebr Fotografi n\u00eb Faqen e Facebookut <span class=\"fwn fcg\"><span class=\"fwb fcg\" data-ft=\"{&quot;tn&quot;:&quot;k&quot;}\"><a id=\"js_13v\" href=\"https:\/\/www.facebook.com\/ShoqataAlexanderMoissi\/?fref=nf\" data-hovercard=\"\/ajax\/hovercard\/page.php?id=266047423497803&amp;extragetparams=%7B%22fref%22%3A%22nf%22%7D\">\u00d6sterreichisch-Albanische Gesellschaft &#8220;Alexander Moissi&#8221;<\/a><\/span><\/span><\/strong><\/div>\n<p><iframe loading=\"lazy\" src=\"https:\/\/www.youtube.com\/embed\/HmDWUt2n_C8\" width=\"508\" height=\"335\" frameborder=\"0\" allowfullscreen=\"allowfullscreen\"><\/iframe><\/p>\n<p><a href=\"http:\/\/www.visit-ulcinj.com\/blog\/wp-content\/uploads\/2016\/07\/Festa-e-Kulturave-n\u00eb-Sazburg-Tradita-Ana-Malit-2.jpg\"><img loading=\"lazy\" class=\"alignleft wp-image-98352\" src=\"http:\/\/www.visit-ulcinj.com\/blog\/wp-content\/uploads\/2016\/07\/Festa-e-Kulturave-n\u00eb-Sazburg-Tradita-Ana-Malit-2.jpg\" alt=\"Festa e Kulturave n\u00eb Sazburg - Tradita-Ana-Malit-2\" width=\"508\" height=\"286\" srcset=\"https:\/\/www.visit-ulcinj.com\/blog\/wp-content\/uploads\/2016\/07\/Festa-e-Kulturave-n\u00eb-Sazburg-Tradita-Ana-Malit-2.jpg 960w, https:\/\/www.visit-ulcinj.com\/blog\/wp-content\/uploads\/2016\/07\/Festa-e-Kulturave-n\u00eb-Sazburg-Tradita-Ana-Malit-2-300x169.jpg 300w, https:\/\/www.visit-ulcinj.com\/blog\/wp-content\/uploads\/2016\/07\/Festa-e-Kulturave-n\u00eb-Sazburg-Tradita-Ana-Malit-2-768x432.jpg 768w\" sizes=\"(max-width: 508px) 100vw, 508px\" \/><\/a><\/p>\n<\/div>\n<\/div>\n<\/div>\n<\/div>\n","protected":false},"excerpt":{"rendered":"<p>U mbajt \u201eFesta e Kulturave\u201c p\u00ebr t\u00eb gjitha kombet e komb\u00ebsit\u00eb q\u00eb jetojn\u00eb n\u00eb Salzburg Shkruan: Miftar Zagragja U mbajt \u201eFesta e\u00a0 Kulturave\u201c\u00a0 n\u00eb Sazburg t\u00eb Austris\u00eb ku\u00a0 k\u00ebte aktivitet\u00a0 \u00a0e organizon vet\u00eb shteti i Astris\u00eb. N\u00eb k\u00ebt\u00eb tubim kulturor ku marrin pjes\u00eb t\u00eb gjitha kombet dhe komb\u00ebsit\u00eb q\u00eb jetojn\u00eb n\u00eb Austri, mori pjes\u00eb edhe [&hellip;]<\/p>\n","protected":false},"author":1,"featured_media":0,"comment_status":"closed","ping_status":"closed","sticky":false,"template":"","format":"standard","meta":{"spay_email":"","jetpack_publicize_message":"","jetpack_is_tweetstorm":false,"jetpack_publicize_feature_enabled":true},"categories":[13],"tags":[],"jetpack_publicize_connections":[],"yoast_head":"<!-- This site is optimized with the Yoast SEO plugin v19.1 - https:\/\/yoast.com\/wordpress\/plugins\/seo\/ -->\n<title>U mbajt \u201eFesta e Kulturave\u201c n\u00eb Salzburg Sh.A. Tradita morri pjes - Lajme nga Ulqini<\/title>\n<meta name=\"description\" content=\"U mbajt \u201eFesta e Kulturave\u201c p\u00ebr t\u00eb gjitha kombet e komb\u00ebsit\u00eb q\u00eb jetojn\u00eb n\u00eb Salzburg Shkruan: Miftar Zagragja U mbajt \u201eFesta e\u00a0 Kulturave\u201c\u00a0 n\u00eb Sazburg t\u00eb\" \/>\n<meta name=\"robots\" content=\"index, follow, max-snippet:-1, max-image-preview:large, max-video-preview:-1\" \/>\n<link rel=\"canonical\" href=\"https:\/\/www.visit-ulcinj.com\/blog\/2016\/07\/13\/u-mbajt-festa-e-kulturave-ne-salzburg-sh-tradita-morri-pjes\/\" \/>\n<meta property=\"og:locale\" content=\"en_US\" \/>\n<meta property=\"og:type\" content=\"article\" \/>\n<meta property=\"og:title\" content=\"U mbajt \u201eFesta e Kulturave\u201c n\u00eb Salzburg Sh.A. Tradita morri pjes - Lajme nga Ulqini\" \/>\n<meta property=\"og:description\" content=\"U mbajt \u201eFesta e Kulturave\u201c p\u00ebr t\u00eb gjitha kombet e komb\u00ebsit\u00eb q\u00eb jetojn\u00eb n\u00eb Salzburg Shkruan: Miftar Zagragja U mbajt \u201eFesta e\u00a0 Kulturave\u201c\u00a0 n\u00eb Sazburg t\u00eb\" \/>\n<meta property=\"og:url\" content=\"https:\/\/www.visit-ulcinj.com\/blog\/2016\/07\/13\/u-mbajt-festa-e-kulturave-ne-salzburg-sh-tradita-morri-pjes\/\" \/>\n<meta property=\"og:site_name\" content=\"Lajme nga Ulqini\" \/>\n<meta property=\"article:published_time\" content=\"2016-07-13T14:39:04+00:00\" \/>\n<meta property=\"article:modified_time\" content=\"2016-07-13T14:40:56+00:00\" \/>\n<meta name=\"twitter:label1\" content=\"Written by\" \/>\n\t<meta name=\"twitter:data1\" content=\"ulqini\" \/>\n\t<meta name=\"twitter:label2\" content=\"Est. reading time\" \/>\n\t<meta name=\"twitter:data2\" content=\"6 minutes\" \/>\n<script type=\"application\/ld+json\" class=\"yoast-schema-graph\">{\"@context\":\"https:\/\/schema.org\",\"@graph\":[{\"@type\":\"WebSite\",\"@id\":\"https:\/\/www.visit-ulcinj.com\/blog\/#website\",\"url\":\"https:\/\/www.visit-ulcinj.com\/blog\/\",\"name\":\"Lajme nga Ulqini\",\"description\":\"Lajme,Vijesti,Ulqini,Ulqin,Crna Gora,Mali i Zi\",\"potentialAction\":[{\"@type\":\"SearchAction\",\"target\":{\"@type\":\"EntryPoint\",\"urlTemplate\":\"https:\/\/www.visit-ulcinj.com\/blog\/?s={search_term_string}\"},\"query-input\":\"required name=search_term_string\"}],\"inLanguage\":\"en-US\"},{\"@type\":\"WebPage\",\"@id\":\"https:\/\/www.visit-ulcinj.com\/blog\/2016\/07\/13\/u-mbajt-festa-e-kulturave-ne-salzburg-sh-tradita-morri-pjes\/#webpage\",\"url\":\"https:\/\/www.visit-ulcinj.com\/blog\/2016\/07\/13\/u-mbajt-festa-e-kulturave-ne-salzburg-sh-tradita-morri-pjes\/\",\"name\":\"U mbajt \u201eFesta e Kulturave\u201c n\u00eb Salzburg Sh.A. Tradita morri pjes - Lajme nga Ulqini\",\"isPartOf\":{\"@id\":\"https:\/\/www.visit-ulcinj.com\/blog\/#website\"},\"datePublished\":\"2016-07-13T14:39:04+00:00\",\"dateModified\":\"2016-07-13T14:40:56+00:00\",\"author\":{\"@id\":\"https:\/\/www.visit-ulcinj.com\/blog\/#\/schema\/person\/dcab619c614d3038751c63bc2aadc06d\"},\"description\":\"U mbajt \u201eFesta e Kulturave\u201c p\u00ebr t\u00eb gjitha kombet e komb\u00ebsit\u00eb q\u00eb jetojn\u00eb n\u00eb Salzburg Shkruan: Miftar Zagragja U mbajt \u201eFesta e\u00a0 Kulturave\u201c\u00a0 n\u00eb Sazburg t\u00eb\",\"breadcrumb\":{\"@id\":\"https:\/\/www.visit-ulcinj.com\/blog\/2016\/07\/13\/u-mbajt-festa-e-kulturave-ne-salzburg-sh-tradita-morri-pjes\/#breadcrumb\"},\"inLanguage\":\"en-US\",\"potentialAction\":[{\"@type\":\"ReadAction\",\"target\":[\"https:\/\/www.visit-ulcinj.com\/blog\/2016\/07\/13\/u-mbajt-festa-e-kulturave-ne-salzburg-sh-tradita-morri-pjes\/\"]}]},{\"@type\":\"BreadcrumbList\",\"@id\":\"https:\/\/www.visit-ulcinj.com\/blog\/2016\/07\/13\/u-mbajt-festa-e-kulturave-ne-salzburg-sh-tradita-morri-pjes\/#breadcrumb\",\"itemListElement\":[{\"@type\":\"ListItem\",\"position\":1,\"name\":\"U mbajt \u201eFesta e Kulturave\u201c n\u00eb Salzburg Sh.A. Tradita morri pjes\"}]},{\"@type\":\"Person\",\"@id\":\"https:\/\/www.visit-ulcinj.com\/blog\/#\/schema\/person\/dcab619c614d3038751c63bc2aadc06d\",\"name\":\"ulqini\",\"sameAs\":[\"http:\/\/www.visit-ulcinj.com\"],\"url\":\"https:\/\/www.visit-ulcinj.com\/blog\/author\/admin\/\"}]}<\/script>\n<!-- \/ Yoast SEO plugin. -->","yoast_head_json":{"title":"U mbajt \u201eFesta e Kulturave\u201c n\u00eb Salzburg Sh.A. Tradita morri pjes - Lajme nga Ulqini","description":"U mbajt \u201eFesta e Kulturave\u201c p\u00ebr t\u00eb gjitha kombet e komb\u00ebsit\u00eb q\u00eb jetojn\u00eb n\u00eb Salzburg Shkruan: Miftar Zagragja U mbajt \u201eFesta e\u00a0 Kulturave\u201c\u00a0 n\u00eb Sazburg t\u00eb","robots":{"index":"index","follow":"follow","max-snippet":"max-snippet:-1","max-image-preview":"max-image-preview:large","max-video-preview":"max-video-preview:-1"},"canonical":"https:\/\/www.visit-ulcinj.com\/blog\/2016\/07\/13\/u-mbajt-festa-e-kulturave-ne-salzburg-sh-tradita-morri-pjes\/","og_locale":"en_US","og_type":"article","og_title":"U mbajt \u201eFesta e Kulturave\u201c n\u00eb Salzburg Sh.A. Tradita morri pjes - Lajme nga Ulqini","og_description":"U mbajt \u201eFesta e Kulturave\u201c p\u00ebr t\u00eb gjitha kombet e komb\u00ebsit\u00eb q\u00eb jetojn\u00eb n\u00eb Salzburg Shkruan: Miftar Zagragja U mbajt \u201eFesta e\u00a0 Kulturave\u201c\u00a0 n\u00eb Sazburg t\u00eb","og_url":"https:\/\/www.visit-ulcinj.com\/blog\/2016\/07\/13\/u-mbajt-festa-e-kulturave-ne-salzburg-sh-tradita-morri-pjes\/","og_site_name":"Lajme nga Ulqini","article_published_time":"2016-07-13T14:39:04+00:00","article_modified_time":"2016-07-13T14:40:56+00:00","twitter_misc":{"Written by":"ulqini","Est. reading time":"6 minutes"},"schema":{"@context":"https:\/\/schema.org","@graph":[{"@type":"WebSite","@id":"https:\/\/www.visit-ulcinj.com\/blog\/#website","url":"https:\/\/www.visit-ulcinj.com\/blog\/","name":"Lajme nga Ulqini","description":"Lajme,Vijesti,Ulqini,Ulqin,Crna Gora,Mali i Zi","potentialAction":[{"@type":"SearchAction","target":{"@type":"EntryPoint","urlTemplate":"https:\/\/www.visit-ulcinj.com\/blog\/?s={search_term_string}"},"query-input":"required name=search_term_string"}],"inLanguage":"en-US"},{"@type":"WebPage","@id":"https:\/\/www.visit-ulcinj.com\/blog\/2016\/07\/13\/u-mbajt-festa-e-kulturave-ne-salzburg-sh-tradita-morri-pjes\/#webpage","url":"https:\/\/www.visit-ulcinj.com\/blog\/2016\/07\/13\/u-mbajt-festa-e-kulturave-ne-salzburg-sh-tradita-morri-pjes\/","name":"U mbajt \u201eFesta e Kulturave\u201c n\u00eb Salzburg Sh.A. Tradita morri pjes - Lajme nga Ulqini","isPartOf":{"@id":"https:\/\/www.visit-ulcinj.com\/blog\/#website"},"datePublished":"2016-07-13T14:39:04+00:00","dateModified":"2016-07-13T14:40:56+00:00","author":{"@id":"https:\/\/www.visit-ulcinj.com\/blog\/#\/schema\/person\/dcab619c614d3038751c63bc2aadc06d"},"description":"U mbajt \u201eFesta e Kulturave\u201c p\u00ebr t\u00eb gjitha kombet e komb\u00ebsit\u00eb q\u00eb jetojn\u00eb n\u00eb Salzburg Shkruan: Miftar Zagragja U mbajt \u201eFesta e\u00a0 Kulturave\u201c\u00a0 n\u00eb Sazburg t\u00eb","breadcrumb":{"@id":"https:\/\/www.visit-ulcinj.com\/blog\/2016\/07\/13\/u-mbajt-festa-e-kulturave-ne-salzburg-sh-tradita-morri-pjes\/#breadcrumb"},"inLanguage":"en-US","potentialAction":[{"@type":"ReadAction","target":["https:\/\/www.visit-ulcinj.com\/blog\/2016\/07\/13\/u-mbajt-festa-e-kulturave-ne-salzburg-sh-tradita-morri-pjes\/"]}]},{"@type":"BreadcrumbList","@id":"https:\/\/www.visit-ulcinj.com\/blog\/2016\/07\/13\/u-mbajt-festa-e-kulturave-ne-salzburg-sh-tradita-morri-pjes\/#breadcrumb","itemListElement":[{"@type":"ListItem","position":1,"name":"U mbajt \u201eFesta e Kulturave\u201c n\u00eb Salzburg Sh.A. Tradita morri pjes"}]},{"@type":"Person","@id":"https:\/\/www.visit-ulcinj.com\/blog\/#\/schema\/person\/dcab619c614d3038751c63bc2aadc06d","name":"ulqini","sameAs":["http:\/\/www.visit-ulcinj.com"],"url":"https:\/\/www.visit-ulcinj.com\/blog\/author\/admin\/"}]}},"jetpack_featured_media_url":"","jetpack_sharing_enabled":true,"jetpack_shortlink":"https:\/\/wp.me\/pe6lTn-pAi","_links":{"self":[{"href":"https:\/\/www.visit-ulcinj.com\/blog\/wp-json\/wp\/v2\/posts\/98350"}],"collection":[{"href":"https:\/\/www.visit-ulcinj.com\/blog\/wp-json\/wp\/v2\/posts"}],"about":[{"href":"https:\/\/www.visit-ulcinj.com\/blog\/wp-json\/wp\/v2\/types\/post"}],"author":[{"embeddable":true,"href":"https:\/\/www.visit-ulcinj.com\/blog\/wp-json\/wp\/v2\/users\/1"}],"replies":[{"embeddable":true,"href":"https:\/\/www.visit-ulcinj.com\/blog\/wp-json\/wp\/v2\/comments?post=98350"}],"version-history":[{"count":2,"href":"https:\/\/www.visit-ulcinj.com\/blog\/wp-json\/wp\/v2\/posts\/98350\/revisions"}],"predecessor-version":[{"id":98354,"href":"https:\/\/www.visit-ulcinj.com\/blog\/wp-json\/wp\/v2\/posts\/98350\/revisions\/98354"}],"wp:attachment":[{"href":"https:\/\/www.visit-ulcinj.com\/blog\/wp-json\/wp\/v2\/media?parent=98350"}],"wp:term":[{"taxonomy":"category","embeddable":true,"href":"https:\/\/www.visit-ulcinj.com\/blog\/wp-json\/wp\/v2\/categories?post=98350"},{"taxonomy":"post_tag","embeddable":true,"href":"https:\/\/www.visit-ulcinj.com\/blog\/wp-json\/wp\/v2\/tags?post=98350"}],"curies":[{"name":"wp","href":"https:\/\/api.w.org\/{rel}","templated":true}]}}