{"id":98355,"date":"2016-07-13T16:02:34","date_gmt":"2016-07-13T15:02:34","guid":{"rendered":"http:\/\/www.visit-ulcinj.com\/blog\/?p=98355"},"modified":"2016-07-14T19:23:55","modified_gmt":"2016-07-14T18:23:55","slug":"interviste-ilir-harasanin-tv-teuta-video","status":"publish","type":"post","link":"https:\/\/www.visit-ulcinj.com\/blog\/2016\/07\/13\/interviste-ilir-harasanin-tv-teuta-video\/","title":{"rendered":"Intervist\u00eb me Ilir Harasanin &#8211; TV Teuta &#8211; Video"},"content":{"rendered":"<p><a href=\"http:\/\/www.visit-ulcinj.com\/blog\/wp-content\/uploads\/2016\/07\/Ilir-Harasani.jpg\"><img loading=\"lazy\" class=\"alignleft wp-image-98356\" src=\"http:\/\/www.visit-ulcinj.com\/blog\/wp-content\/uploads\/2016\/07\/Ilir-Harasani.jpg\" alt=\"Ilir Harasani\" width=\"508\" height=\"362\" srcset=\"https:\/\/www.visit-ulcinj.com\/blog\/wp-content\/uploads\/2016\/07\/Ilir-Harasani.jpg 580w, https:\/\/www.visit-ulcinj.com\/blog\/wp-content\/uploads\/2016\/07\/Ilir-Harasani-300x214.jpg 300w\" sizes=\"(max-width: 508px) 100vw, 508px\" \/><\/a>Funksionari i L\u00ebvizjes qytetare URA, Ilir Harasani, esht\u00eb aktualisht ndihm\u00ebs drejtor n\u00eb Drejtorin\u00eb p\u00ebr pun\u00eb inspektuese t\u00eb Malit t\u00eb Zi.<\/p>\n<p>Ilir Harasani \u00ebsht\u00eb jurist i diplomuar dhe sekretar i K\u00ebshillit komunal t\u00eb URA-s\u00eb n\u00eb Ulqin.<\/p>\n<p><iframe loading=\"lazy\" frameborder=\"0\" width=\"508\" height=\"350\" src=\"\/\/www.dailymotion.com\/embed\/video\/x4jv82m?autoPlay=1\" allowfullscreen><\/iframe><\/p>\n","protected":false},"excerpt":{"rendered":"<p>Funksionari i L\u00ebvizjes qytetare URA, Ilir Harasani, esht\u00eb aktualisht ndihm\u00ebs drejtor n\u00eb Drejtorin\u00eb p\u00ebr pun\u00eb inspektuese t\u00eb Malit t\u00eb Zi. Ilir Harasani \u00ebsht\u00eb jurist i diplomuar dhe sekretar i K\u00ebshillit komunal t\u00eb URA-s\u00eb n\u00eb Ulqin.<\/p>\n","protected":false},"author":1,"featured_media":0,"comment_status":"closed","ping_status":"closed","sticky":false,"template":"","format":"standard","meta":{"spay_email":"","jetpack_publicize_message":"","jetpack_is_tweetstorm":false,"jetpack_publicize_feature_enabled":true},"categories":[5,6950],"tags":[],"jetpack_publicize_connections":[],"yoast_head":"<!-- This site is optimized with the Yoast SEO plugin v19.1 - https:\/\/yoast.com\/wordpress\/plugins\/seo\/ -->\n<title>Intervist\u00eb me Ilir Harasanin - TV Teuta - Video - Lajme nga Ulqini<\/title>\n<meta name=\"description\" content=\"Funksionari i L\u00ebvizjes qytetare URA, Ilir Harasani, esht\u00eb aktualisht ndihm\u00ebs drejtor n\u00eb Drejtorin\u00eb p\u00ebr pun\u00eb inspektuese t\u00eb Malit t\u00eb Zi. Ilir Harasani\" \/>\n<meta name=\"robots\" content=\"index, follow, max-snippet:-1, max-image-preview:large, max-video-preview:-1\" \/>\n<link rel=\"canonical\" href=\"https:\/\/www.visit-ulcinj.com\/blog\/2016\/07\/13\/interviste-ilir-harasanin-tv-teuta-video\/\" \/>\n<meta property=\"og:locale\" content=\"en_US\" \/>\n<meta property=\"og:type\" content=\"article\" \/>\n<meta property=\"og:title\" content=\"Intervist\u00eb me Ilir Harasanin - TV Teuta - Video - Lajme nga Ulqini\" \/>\n<meta property=\"og:description\" content=\"Funksionari i L\u00ebvizjes qytetare URA, Ilir Harasani, esht\u00eb aktualisht ndihm\u00ebs drejtor n\u00eb Drejtorin\u00eb p\u00ebr pun\u00eb inspektuese t\u00eb Malit t\u00eb Zi. Ilir Harasani\" \/>\n<meta property=\"og:url\" content=\"https:\/\/www.visit-ulcinj.com\/blog\/2016\/07\/13\/interviste-ilir-harasanin-tv-teuta-video\/\" \/>\n<meta property=\"og:site_name\" content=\"Lajme nga Ulqini\" \/>\n<meta property=\"article:published_time\" content=\"2016-07-13T15:02:34+00:00\" \/>\n<meta property=\"article:modified_time\" content=\"2016-07-14T18:23:55+00:00\" \/>\n<meta property=\"og:image\" content=\"http:\/\/www.visit-ulcinj.com\/blog\/wp-content\/uploads\/2016\/07\/Ilir-Harasani.jpg\" \/>\n<meta name=\"twitter:label1\" content=\"Written by\" \/>\n\t<meta name=\"twitter:data1\" content=\"ulqini\" \/>\n<script type=\"application\/ld+json\" class=\"yoast-schema-graph\">{\"@context\":\"https:\/\/schema.org\",\"@graph\":[{\"@type\":\"WebSite\",\"@id\":\"https:\/\/www.visit-ulcinj.com\/blog\/#website\",\"url\":\"https:\/\/www.visit-ulcinj.com\/blog\/\",\"name\":\"Lajme nga Ulqini\",\"description\":\"Lajme,Vijesti,Ulqini,Ulqin,Crna Gora,Mali i Zi\",\"potentialAction\":[{\"@type\":\"SearchAction\",\"target\":{\"@type\":\"EntryPoint\",\"urlTemplate\":\"https:\/\/www.visit-ulcinj.com\/blog\/?s={search_term_string}\"},\"query-input\":\"required name=search_term_string\"}],\"inLanguage\":\"en-US\"},{\"@type\":\"ImageObject\",\"inLanguage\":\"en-US\",\"@id\":\"https:\/\/www.visit-ulcinj.com\/blog\/2016\/07\/13\/interviste-ilir-harasanin-tv-teuta-video\/#primaryimage\",\"url\":\"https:\/\/www.visit-ulcinj.com\/blog\/wp-content\/uploads\/2016\/07\/Ilir-Harasani.jpg\",\"contentUrl\":\"https:\/\/www.visit-ulcinj.com\/blog\/wp-content\/uploads\/2016\/07\/Ilir-Harasani.jpg\",\"width\":580,\"height\":413},{\"@type\":\"WebPage\",\"@id\":\"https:\/\/www.visit-ulcinj.com\/blog\/2016\/07\/13\/interviste-ilir-harasanin-tv-teuta-video\/#webpage\",\"url\":\"https:\/\/www.visit-ulcinj.com\/blog\/2016\/07\/13\/interviste-ilir-harasanin-tv-teuta-video\/\",\"name\":\"Intervist\u00eb me Ilir Harasanin - TV Teuta - Video - Lajme nga Ulqini\",\"isPartOf\":{\"@id\":\"https:\/\/www.visit-ulcinj.com\/blog\/#website\"},\"primaryImageOfPage\":{\"@id\":\"https:\/\/www.visit-ulcinj.com\/blog\/2016\/07\/13\/interviste-ilir-harasanin-tv-teuta-video\/#primaryimage\"},\"datePublished\":\"2016-07-13T15:02:34+00:00\",\"dateModified\":\"2016-07-14T18:23:55+00:00\",\"author\":{\"@id\":\"https:\/\/www.visit-ulcinj.com\/blog\/#\/schema\/person\/dcab619c614d3038751c63bc2aadc06d\"},\"description\":\"Funksionari i L\u00ebvizjes qytetare URA, Ilir Harasani, esht\u00eb aktualisht ndihm\u00ebs drejtor n\u00eb Drejtorin\u00eb p\u00ebr pun\u00eb inspektuese t\u00eb Malit t\u00eb Zi. Ilir Harasani\",\"breadcrumb\":{\"@id\":\"https:\/\/www.visit-ulcinj.com\/blog\/2016\/07\/13\/interviste-ilir-harasanin-tv-teuta-video\/#breadcrumb\"},\"inLanguage\":\"en-US\",\"potentialAction\":[{\"@type\":\"ReadAction\",\"target\":[\"https:\/\/www.visit-ulcinj.com\/blog\/2016\/07\/13\/interviste-ilir-harasanin-tv-teuta-video\/\"]}]},{\"@type\":\"BreadcrumbList\",\"@id\":\"https:\/\/www.visit-ulcinj.com\/blog\/2016\/07\/13\/interviste-ilir-harasanin-tv-teuta-video\/#breadcrumb\",\"itemListElement\":[{\"@type\":\"ListItem\",\"position\":1,\"name\":\"Intervist\u00eb me Ilir Harasanin &#8211; TV Teuta &#8211; Video\"}]},{\"@type\":\"Person\",\"@id\":\"https:\/\/www.visit-ulcinj.com\/blog\/#\/schema\/person\/dcab619c614d3038751c63bc2aadc06d\",\"name\":\"ulqini\",\"sameAs\":[\"http:\/\/www.visit-ulcinj.com\"],\"url\":\"https:\/\/www.visit-ulcinj.com\/blog\/author\/admin\/\"}]}<\/script>\n<!-- \/ Yoast SEO plugin. -->","yoast_head_json":{"title":"Intervist\u00eb me Ilir Harasanin - TV Teuta - Video - Lajme nga Ulqini","description":"Funksionari i L\u00ebvizjes qytetare URA, Ilir Harasani, esht\u00eb aktualisht ndihm\u00ebs drejtor n\u00eb Drejtorin\u00eb p\u00ebr pun\u00eb inspektuese t\u00eb Malit t\u00eb Zi. Ilir Harasani","robots":{"index":"index","follow":"follow","max-snippet":"max-snippet:-1","max-image-preview":"max-image-preview:large","max-video-preview":"max-video-preview:-1"},"canonical":"https:\/\/www.visit-ulcinj.com\/blog\/2016\/07\/13\/interviste-ilir-harasanin-tv-teuta-video\/","og_locale":"en_US","og_type":"article","og_title":"Intervist\u00eb me Ilir Harasanin - TV Teuta - Video - Lajme nga Ulqini","og_description":"Funksionari i L\u00ebvizjes qytetare URA, Ilir Harasani, esht\u00eb aktualisht ndihm\u00ebs drejtor n\u00eb Drejtorin\u00eb p\u00ebr pun\u00eb inspektuese t\u00eb Malit t\u00eb Zi. Ilir Harasani","og_url":"https:\/\/www.visit-ulcinj.com\/blog\/2016\/07\/13\/interviste-ilir-harasanin-tv-teuta-video\/","og_site_name":"Lajme nga Ulqini","article_published_time":"2016-07-13T15:02:34+00:00","article_modified_time":"2016-07-14T18:23:55+00:00","og_image":[{"url":"http:\/\/www.visit-ulcinj.com\/blog\/wp-content\/uploads\/2016\/07\/Ilir-Harasani.jpg"}],"twitter_misc":{"Written by":"ulqini"},"schema":{"@context":"https:\/\/schema.org","@graph":[{"@type":"WebSite","@id":"https:\/\/www.visit-ulcinj.com\/blog\/#website","url":"https:\/\/www.visit-ulcinj.com\/blog\/","name":"Lajme nga Ulqini","description":"Lajme,Vijesti,Ulqini,Ulqin,Crna Gora,Mali i Zi","potentialAction":[{"@type":"SearchAction","target":{"@type":"EntryPoint","urlTemplate":"https:\/\/www.visit-ulcinj.com\/blog\/?s={search_term_string}"},"query-input":"required name=search_term_string"}],"inLanguage":"en-US"},{"@type":"ImageObject","inLanguage":"en-US","@id":"https:\/\/www.visit-ulcinj.com\/blog\/2016\/07\/13\/interviste-ilir-harasanin-tv-teuta-video\/#primaryimage","url":"https:\/\/www.visit-ulcinj.com\/blog\/wp-content\/uploads\/2016\/07\/Ilir-Harasani.jpg","contentUrl":"https:\/\/www.visit-ulcinj.com\/blog\/wp-content\/uploads\/2016\/07\/Ilir-Harasani.jpg","width":580,"height":413},{"@type":"WebPage","@id":"https:\/\/www.visit-ulcinj.com\/blog\/2016\/07\/13\/interviste-ilir-harasanin-tv-teuta-video\/#webpage","url":"https:\/\/www.visit-ulcinj.com\/blog\/2016\/07\/13\/interviste-ilir-harasanin-tv-teuta-video\/","name":"Intervist\u00eb me Ilir Harasanin - TV Teuta - Video - Lajme nga Ulqini","isPartOf":{"@id":"https:\/\/www.visit-ulcinj.com\/blog\/#website"},"primaryImageOfPage":{"@id":"https:\/\/www.visit-ulcinj.com\/blog\/2016\/07\/13\/interviste-ilir-harasanin-tv-teuta-video\/#primaryimage"},"datePublished":"2016-07-13T15:02:34+00:00","dateModified":"2016-07-14T18:23:55+00:00","author":{"@id":"https:\/\/www.visit-ulcinj.com\/blog\/#\/schema\/person\/dcab619c614d3038751c63bc2aadc06d"},"description":"Funksionari i L\u00ebvizjes qytetare URA, Ilir Harasani, esht\u00eb aktualisht ndihm\u00ebs drejtor n\u00eb Drejtorin\u00eb p\u00ebr pun\u00eb inspektuese t\u00eb Malit t\u00eb Zi. Ilir Harasani","breadcrumb":{"@id":"https:\/\/www.visit-ulcinj.com\/blog\/2016\/07\/13\/interviste-ilir-harasanin-tv-teuta-video\/#breadcrumb"},"inLanguage":"en-US","potentialAction":[{"@type":"ReadAction","target":["https:\/\/www.visit-ulcinj.com\/blog\/2016\/07\/13\/interviste-ilir-harasanin-tv-teuta-video\/"]}]},{"@type":"BreadcrumbList","@id":"https:\/\/www.visit-ulcinj.com\/blog\/2016\/07\/13\/interviste-ilir-harasanin-tv-teuta-video\/#breadcrumb","itemListElement":[{"@type":"ListItem","position":1,"name":"Intervist\u00eb me Ilir Harasanin &#8211; TV Teuta &#8211; Video"}]},{"@type":"Person","@id":"https:\/\/www.visit-ulcinj.com\/blog\/#\/schema\/person\/dcab619c614d3038751c63bc2aadc06d","name":"ulqini","sameAs":["http:\/\/www.visit-ulcinj.com"],"url":"https:\/\/www.visit-ulcinj.com\/blog\/author\/admin\/"}]}},"jetpack_featured_media_url":"","jetpack_sharing_enabled":true,"jetpack_shortlink":"https:\/\/wp.me\/pe6lTn-pAn","_links":{"self":[{"href":"https:\/\/www.visit-ulcinj.com\/blog\/wp-json\/wp\/v2\/posts\/98355"}],"collection":[{"href":"https:\/\/www.visit-ulcinj.com\/blog\/wp-json\/wp\/v2\/posts"}],"about":[{"href":"https:\/\/www.visit-ulcinj.com\/blog\/wp-json\/wp\/v2\/types\/post"}],"author":[{"embeddable":true,"href":"https:\/\/www.visit-ulcinj.com\/blog\/wp-json\/wp\/v2\/users\/1"}],"replies":[{"embeddable":true,"href":"https:\/\/www.visit-ulcinj.com\/blog\/wp-json\/wp\/v2\/comments?post=98355"}],"version-history":[{"count":1,"href":"https:\/\/www.visit-ulcinj.com\/blog\/wp-json\/wp\/v2\/posts\/98355\/revisions"}],"predecessor-version":[{"id":98357,"href":"https:\/\/www.visit-ulcinj.com\/blog\/wp-json\/wp\/v2\/posts\/98355\/revisions\/98357"}],"wp:attachment":[{"href":"https:\/\/www.visit-ulcinj.com\/blog\/wp-json\/wp\/v2\/media?parent=98355"}],"wp:term":[{"taxonomy":"category","embeddable":true,"href":"https:\/\/www.visit-ulcinj.com\/blog\/wp-json\/wp\/v2\/categories?post=98355"},{"taxonomy":"post_tag","embeddable":true,"href":"https:\/\/www.visit-ulcinj.com\/blog\/wp-json\/wp\/v2\/tags?post=98355"}],"curies":[{"name":"wp","href":"https:\/\/api.w.org\/{rel}","templated":true}]}}