{"id":98358,"date":"2016-07-13T17:22:58","date_gmt":"2016-07-13T16:22:58","guid":{"rendered":"http:\/\/www.visit-ulcinj.com\/blog\/?p=98358"},"modified":"2016-07-13T17:22:58","modified_gmt":"2016-07-13T16:22:58","slug":"zyrtarizohet-mesimi-ne-gjuhen-shqipe-ne-zare-te-kroacise","status":"publish","type":"post","link":"https:\/\/www.visit-ulcinj.com\/blog\/2016\/07\/13\/zyrtarizohet-mesimi-ne-gjuhen-shqipe-ne-zare-te-kroacise\/","title":{"rendered":"Zyrtarizohet M\u00ebsimi n\u00eb Gjuh\u00ebn Shqipe n\u00eb Zar\u00eb t\u00eb Kroacis\u00eb"},"content":{"rendered":"<p><a href=\"http:\/\/www.visit-ulcinj.com\/blog\/wp-content\/uploads\/2016\/07\/ZADAR.jpg\"><img loading=\"lazy\" class=\"alignleft wp-image-98359\" src=\"http:\/\/www.visit-ulcinj.com\/blog\/wp-content\/uploads\/2016\/07\/ZADAR.jpg\" alt=\"ZADAR\" width=\"508\" height=\"381\" \/><\/a>Rreth 50 nx\u00ebn\u00ebs t\u00eb komunitetit shqiptar do ta ken\u00eb mund\u00ebsin\u00eb q\u00eb n\u00eb gjuh\u00ebn e tyre t\u2019i ndjekin m\u00ebsimet n\u00eb l\u00ebnd\u00ebt e gjuh\u00ebs dhe kultur\u00ebs shqiptare, sipas vendimit t\u00eb Ministri s\u00eb Dijes, Arsimit dhe Sportit, raporton portali lokal i lajmeve Zadarski List.<\/p>\n<p>Viti i ri shkollor n\u00eb Zar\u00eb t\u00eb Kroacis\u00eb do t\u00eb nis\u00eb me funksionalizimin e shkoll\u00ebs s\u00eb par\u00eb t\u00eb mesme n\u00eb gjuh\u00ebn shqipe p\u00ebr nx\u00ebn\u00ebsit e pakic\u00ebs shqiptare n\u00eb rrethin\u00ebn e k\u00ebtij qyteti.<\/p>\n<p>Rreth 50 nx\u00ebn\u00ebs t\u00eb komunitetit shqiptar do ta ken\u00eb mund\u00ebsin\u00eb q\u00eb n\u00eb gjuh\u00ebn e tyre t\u2019i ndjekin m\u00ebsimet n\u00eb l\u00ebnd\u00ebt e gjuh\u00ebs dhe kultur\u00ebs shqiptare, sipas vendimit t\u00eb Ministri s\u00eb Dijes, Arsimit dhe Sportit, raporton portali lokal i lajmeve Zadarski List.<\/p>\n<p>Adem Shala, kryetar Bashk\u00ebsis\u00eb Nd\u00ebr-Rajonale t\u00eb Shqiptar\u00ebve n\u00eb Zar\u00eb tha se iniciativa p\u00ebr k\u00ebt\u00eb vendim ka ardhur para nj\u00eb viti e gjysm\u00eb.<\/p>\n<p>Vendimi \u00ebsht\u00eb p\u00ebrsh\u00ebndetur edhe nga ekzekutivi kosovar.<\/p>\n<p>N\u00eb nj\u00eb deklarat\u00eb p\u00ebr KALLXO.com, shefi i Zyr\u00ebs p\u00ebr Informim n\u00eb Ministrin\u00eb e Diaspor\u00ebs, Lorik Pustina tha se kjo ministri n\u00eb kuad\u00ebr t\u00eb planit t\u00eb veprimit dhe mandatit q\u00eb ushtron, si nj\u00eb nd\u00ebr projektet m\u00eb t\u00eb r\u00ebnd\u00ebsishme e ka m\u00ebsimin shqip n\u00eb diaspor\u00eb.<\/p>\n<p>\u201cN\u00eb kuad\u00ebr t\u00eb k\u00ebtyre p\u00ebrpjekjeve, vet\u00eb Ministri i Diaspor\u00ebs, z. Valon Murati ka patur takime me zyrtar\u00eb t\u00eb lart\u00eb t\u00eb shtetit kroat, vet Ministrin e Arsimit t\u00eb Kroacis\u00eb, nga i cili \u00ebsht\u00eb k\u00ebrkuar p\u00ebrkrahje n\u00eb hapjen e shkollave dhe paraleleve shqipe n\u00eb Kroaci. Nj\u00eb kontribut t\u00eb madh n\u00eb k\u00ebt\u00eb drejtim ka dh\u00ebn\u00eb edhe diaspora shqiptare n\u00eb Kroaci, p\u00ebrkat\u00ebsisht shoqatat t\u00eb cilat veprojn\u00eb atje, lidhja e m\u00ebsuesve shqiptar\u00eb dhe Ambasada e Kosov\u00ebs n\u00eb Zagreb\u201d, tha Lorik Pustina.<\/p>\n<p>KALLXO.com<\/p>\n","protected":false},"excerpt":{"rendered":"<p>Rreth 50 nx\u00ebn\u00ebs t\u00eb komunitetit shqiptar do ta ken\u00eb mund\u00ebsin\u00eb q\u00eb n\u00eb gjuh\u00ebn e tyre t\u2019i ndjekin m\u00ebsimet n\u00eb l\u00ebnd\u00ebt e gjuh\u00ebs dhe kultur\u00ebs shqiptare, sipas vendimit t\u00eb Ministri s\u00eb Dijes, Arsimit dhe Sportit, raporton portali lokal i lajmeve Zadarski List. Viti i ri shkollor n\u00eb Zar\u00eb t\u00eb Kroacis\u00eb do t\u00eb nis\u00eb me funksionalizimin e [&hellip;]<\/p>\n","protected":false},"author":1,"featured_media":0,"comment_status":"closed","ping_status":"closed","sticky":false,"template":"","format":"standard","meta":{"spay_email":"","jetpack_publicize_message":"","jetpack_is_tweetstorm":false,"jetpack_publicize_feature_enabled":true},"categories":[14],"tags":[],"jetpack_publicize_connections":[],"yoast_head":"<!-- This site is optimized with the Yoast SEO plugin v19.1 - https:\/\/yoast.com\/wordpress\/plugins\/seo\/ -->\n<title>Zyrtarizohet M\u00ebsimi n\u00eb Gjuh\u00ebn Shqipe n\u00eb Zar\u00eb t\u00eb Kroacis\u00eb - Lajme nga Ulqini<\/title>\n<meta name=\"description\" content=\"Rreth 50 nx\u00ebn\u00ebs t\u00eb komunitetit shqiptar do ta ken\u00eb mund\u00ebsin\u00eb q\u00eb n\u00eb gjuh\u00ebn e tyre t\u2019i ndjekin m\u00ebsimet n\u00eb l\u00ebnd\u00ebt e gjuh\u00ebs dhe kultur\u00ebs shqiptare, sipas\" \/>\n<meta name=\"robots\" content=\"index, follow, max-snippet:-1, max-image-preview:large, max-video-preview:-1\" \/>\n<link rel=\"canonical\" href=\"https:\/\/www.visit-ulcinj.com\/blog\/2016\/07\/13\/zyrtarizohet-mesimi-ne-gjuhen-shqipe-ne-zare-te-kroacise\/\" \/>\n<meta property=\"og:locale\" content=\"en_US\" \/>\n<meta property=\"og:type\" content=\"article\" \/>\n<meta property=\"og:title\" content=\"Zyrtarizohet M\u00ebsimi n\u00eb Gjuh\u00ebn Shqipe n\u00eb Zar\u00eb t\u00eb Kroacis\u00eb - Lajme nga Ulqini\" \/>\n<meta property=\"og:description\" content=\"Rreth 50 nx\u00ebn\u00ebs t\u00eb komunitetit shqiptar do ta ken\u00eb mund\u00ebsin\u00eb q\u00eb n\u00eb gjuh\u00ebn e tyre t\u2019i ndjekin m\u00ebsimet n\u00eb l\u00ebnd\u00ebt e gjuh\u00ebs dhe kultur\u00ebs shqiptare, sipas\" \/>\n<meta property=\"og:url\" content=\"https:\/\/www.visit-ulcinj.com\/blog\/2016\/07\/13\/zyrtarizohet-mesimi-ne-gjuhen-shqipe-ne-zare-te-kroacise\/\" \/>\n<meta property=\"og:site_name\" content=\"Lajme nga Ulqini\" \/>\n<meta property=\"article:published_time\" content=\"2016-07-13T16:22:58+00:00\" \/>\n<meta property=\"og:image\" content=\"http:\/\/www.visit-ulcinj.com\/blog\/wp-content\/uploads\/2016\/07\/ZADAR.jpg\" \/>\n<meta name=\"twitter:label1\" content=\"Written by\" \/>\n\t<meta name=\"twitter:data1\" content=\"ulqini\" \/>\n\t<meta name=\"twitter:label2\" content=\"Est. reading time\" \/>\n\t<meta name=\"twitter:data2\" content=\"2 minutes\" \/>\n<script type=\"application\/ld+json\" class=\"yoast-schema-graph\">{\"@context\":\"https:\/\/schema.org\",\"@graph\":[{\"@type\":\"WebSite\",\"@id\":\"https:\/\/www.visit-ulcinj.com\/blog\/#website\",\"url\":\"https:\/\/www.visit-ulcinj.com\/blog\/\",\"name\":\"Lajme nga Ulqini\",\"description\":\"Lajme,Vijesti,Ulqini,Ulqin,Crna Gora,Mali i Zi\",\"potentialAction\":[{\"@type\":\"SearchAction\",\"target\":{\"@type\":\"EntryPoint\",\"urlTemplate\":\"https:\/\/www.visit-ulcinj.com\/blog\/?s={search_term_string}\"},\"query-input\":\"required name=search_term_string\"}],\"inLanguage\":\"en-US\"},{\"@type\":\"ImageObject\",\"inLanguage\":\"en-US\",\"@id\":\"https:\/\/www.visit-ulcinj.com\/blog\/2016\/07\/13\/zyrtarizohet-mesimi-ne-gjuhen-shqipe-ne-zare-te-kroacise\/#primaryimage\",\"url\":\"http:\/\/www.visit-ulcinj.com\/blog\/wp-content\/uploads\/2016\/07\/ZADAR.jpg\",\"contentUrl\":\"http:\/\/www.visit-ulcinj.com\/blog\/wp-content\/uploads\/2016\/07\/ZADAR.jpg\"},{\"@type\":\"WebPage\",\"@id\":\"https:\/\/www.visit-ulcinj.com\/blog\/2016\/07\/13\/zyrtarizohet-mesimi-ne-gjuhen-shqipe-ne-zare-te-kroacise\/#webpage\",\"url\":\"https:\/\/www.visit-ulcinj.com\/blog\/2016\/07\/13\/zyrtarizohet-mesimi-ne-gjuhen-shqipe-ne-zare-te-kroacise\/\",\"name\":\"Zyrtarizohet M\u00ebsimi n\u00eb Gjuh\u00ebn Shqipe n\u00eb Zar\u00eb t\u00eb Kroacis\u00eb - Lajme nga Ulqini\",\"isPartOf\":{\"@id\":\"https:\/\/www.visit-ulcinj.com\/blog\/#website\"},\"primaryImageOfPage\":{\"@id\":\"https:\/\/www.visit-ulcinj.com\/blog\/2016\/07\/13\/zyrtarizohet-mesimi-ne-gjuhen-shqipe-ne-zare-te-kroacise\/#primaryimage\"},\"datePublished\":\"2016-07-13T16:22:58+00:00\",\"dateModified\":\"2016-07-13T16:22:58+00:00\",\"author\":{\"@id\":\"https:\/\/www.visit-ulcinj.com\/blog\/#\/schema\/person\/dcab619c614d3038751c63bc2aadc06d\"},\"description\":\"Rreth 50 nx\u00ebn\u00ebs t\u00eb komunitetit shqiptar do ta ken\u00eb mund\u00ebsin\u00eb q\u00eb n\u00eb gjuh\u00ebn e tyre t\u2019i ndjekin m\u00ebsimet n\u00eb l\u00ebnd\u00ebt e gjuh\u00ebs dhe kultur\u00ebs shqiptare, sipas\",\"breadcrumb\":{\"@id\":\"https:\/\/www.visit-ulcinj.com\/blog\/2016\/07\/13\/zyrtarizohet-mesimi-ne-gjuhen-shqipe-ne-zare-te-kroacise\/#breadcrumb\"},\"inLanguage\":\"en-US\",\"potentialAction\":[{\"@type\":\"ReadAction\",\"target\":[\"https:\/\/www.visit-ulcinj.com\/blog\/2016\/07\/13\/zyrtarizohet-mesimi-ne-gjuhen-shqipe-ne-zare-te-kroacise\/\"]}]},{\"@type\":\"BreadcrumbList\",\"@id\":\"https:\/\/www.visit-ulcinj.com\/blog\/2016\/07\/13\/zyrtarizohet-mesimi-ne-gjuhen-shqipe-ne-zare-te-kroacise\/#breadcrumb\",\"itemListElement\":[{\"@type\":\"ListItem\",\"position\":1,\"name\":\"Zyrtarizohet M\u00ebsimi n\u00eb Gjuh\u00ebn Shqipe n\u00eb Zar\u00eb t\u00eb Kroacis\u00eb\"}]},{\"@type\":\"Person\",\"@id\":\"https:\/\/www.visit-ulcinj.com\/blog\/#\/schema\/person\/dcab619c614d3038751c63bc2aadc06d\",\"name\":\"ulqini\",\"sameAs\":[\"http:\/\/www.visit-ulcinj.com\"],\"url\":\"https:\/\/www.visit-ulcinj.com\/blog\/author\/admin\/\"}]}<\/script>\n<!-- \/ Yoast SEO plugin. -->","yoast_head_json":{"title":"Zyrtarizohet M\u00ebsimi n\u00eb Gjuh\u00ebn Shqipe n\u00eb Zar\u00eb t\u00eb Kroacis\u00eb - Lajme nga Ulqini","description":"Rreth 50 nx\u00ebn\u00ebs t\u00eb komunitetit shqiptar do ta ken\u00eb mund\u00ebsin\u00eb q\u00eb n\u00eb gjuh\u00ebn e tyre t\u2019i ndjekin m\u00ebsimet n\u00eb l\u00ebnd\u00ebt e gjuh\u00ebs dhe kultur\u00ebs shqiptare, sipas","robots":{"index":"index","follow":"follow","max-snippet":"max-snippet:-1","max-image-preview":"max-image-preview:large","max-video-preview":"max-video-preview:-1"},"canonical":"https:\/\/www.visit-ulcinj.com\/blog\/2016\/07\/13\/zyrtarizohet-mesimi-ne-gjuhen-shqipe-ne-zare-te-kroacise\/","og_locale":"en_US","og_type":"article","og_title":"Zyrtarizohet M\u00ebsimi n\u00eb Gjuh\u00ebn Shqipe n\u00eb Zar\u00eb t\u00eb Kroacis\u00eb - Lajme nga Ulqini","og_description":"Rreth 50 nx\u00ebn\u00ebs t\u00eb komunitetit shqiptar do ta ken\u00eb mund\u00ebsin\u00eb q\u00eb n\u00eb gjuh\u00ebn e tyre t\u2019i ndjekin m\u00ebsimet n\u00eb l\u00ebnd\u00ebt e gjuh\u00ebs dhe kultur\u00ebs shqiptare, sipas","og_url":"https:\/\/www.visit-ulcinj.com\/blog\/2016\/07\/13\/zyrtarizohet-mesimi-ne-gjuhen-shqipe-ne-zare-te-kroacise\/","og_site_name":"Lajme nga Ulqini","article_published_time":"2016-07-13T16:22:58+00:00","og_image":[{"url":"http:\/\/www.visit-ulcinj.com\/blog\/wp-content\/uploads\/2016\/07\/ZADAR.jpg"}],"twitter_misc":{"Written by":"ulqini","Est. reading time":"2 minutes"},"schema":{"@context":"https:\/\/schema.org","@graph":[{"@type":"WebSite","@id":"https:\/\/www.visit-ulcinj.com\/blog\/#website","url":"https:\/\/www.visit-ulcinj.com\/blog\/","name":"Lajme nga Ulqini","description":"Lajme,Vijesti,Ulqini,Ulqin,Crna Gora,Mali i Zi","potentialAction":[{"@type":"SearchAction","target":{"@type":"EntryPoint","urlTemplate":"https:\/\/www.visit-ulcinj.com\/blog\/?s={search_term_string}"},"query-input":"required name=search_term_string"}],"inLanguage":"en-US"},{"@type":"ImageObject","inLanguage":"en-US","@id":"https:\/\/www.visit-ulcinj.com\/blog\/2016\/07\/13\/zyrtarizohet-mesimi-ne-gjuhen-shqipe-ne-zare-te-kroacise\/#primaryimage","url":"http:\/\/www.visit-ulcinj.com\/blog\/wp-content\/uploads\/2016\/07\/ZADAR.jpg","contentUrl":"http:\/\/www.visit-ulcinj.com\/blog\/wp-content\/uploads\/2016\/07\/ZADAR.jpg"},{"@type":"WebPage","@id":"https:\/\/www.visit-ulcinj.com\/blog\/2016\/07\/13\/zyrtarizohet-mesimi-ne-gjuhen-shqipe-ne-zare-te-kroacise\/#webpage","url":"https:\/\/www.visit-ulcinj.com\/blog\/2016\/07\/13\/zyrtarizohet-mesimi-ne-gjuhen-shqipe-ne-zare-te-kroacise\/","name":"Zyrtarizohet M\u00ebsimi n\u00eb Gjuh\u00ebn Shqipe n\u00eb Zar\u00eb t\u00eb Kroacis\u00eb - Lajme nga Ulqini","isPartOf":{"@id":"https:\/\/www.visit-ulcinj.com\/blog\/#website"},"primaryImageOfPage":{"@id":"https:\/\/www.visit-ulcinj.com\/blog\/2016\/07\/13\/zyrtarizohet-mesimi-ne-gjuhen-shqipe-ne-zare-te-kroacise\/#primaryimage"},"datePublished":"2016-07-13T16:22:58+00:00","dateModified":"2016-07-13T16:22:58+00:00","author":{"@id":"https:\/\/www.visit-ulcinj.com\/blog\/#\/schema\/person\/dcab619c614d3038751c63bc2aadc06d"},"description":"Rreth 50 nx\u00ebn\u00ebs t\u00eb komunitetit shqiptar do ta ken\u00eb mund\u00ebsin\u00eb q\u00eb n\u00eb gjuh\u00ebn e tyre t\u2019i ndjekin m\u00ebsimet n\u00eb l\u00ebnd\u00ebt e gjuh\u00ebs dhe kultur\u00ebs shqiptare, sipas","breadcrumb":{"@id":"https:\/\/www.visit-ulcinj.com\/blog\/2016\/07\/13\/zyrtarizohet-mesimi-ne-gjuhen-shqipe-ne-zare-te-kroacise\/#breadcrumb"},"inLanguage":"en-US","potentialAction":[{"@type":"ReadAction","target":["https:\/\/www.visit-ulcinj.com\/blog\/2016\/07\/13\/zyrtarizohet-mesimi-ne-gjuhen-shqipe-ne-zare-te-kroacise\/"]}]},{"@type":"BreadcrumbList","@id":"https:\/\/www.visit-ulcinj.com\/blog\/2016\/07\/13\/zyrtarizohet-mesimi-ne-gjuhen-shqipe-ne-zare-te-kroacise\/#breadcrumb","itemListElement":[{"@type":"ListItem","position":1,"name":"Zyrtarizohet M\u00ebsimi n\u00eb Gjuh\u00ebn Shqipe n\u00eb Zar\u00eb t\u00eb Kroacis\u00eb"}]},{"@type":"Person","@id":"https:\/\/www.visit-ulcinj.com\/blog\/#\/schema\/person\/dcab619c614d3038751c63bc2aadc06d","name":"ulqini","sameAs":["http:\/\/www.visit-ulcinj.com"],"url":"https:\/\/www.visit-ulcinj.com\/blog\/author\/admin\/"}]}},"jetpack_featured_media_url":"","jetpack_sharing_enabled":true,"jetpack_shortlink":"https:\/\/wp.me\/pe6lTn-pAq","_links":{"self":[{"href":"https:\/\/www.visit-ulcinj.com\/blog\/wp-json\/wp\/v2\/posts\/98358"}],"collection":[{"href":"https:\/\/www.visit-ulcinj.com\/blog\/wp-json\/wp\/v2\/posts"}],"about":[{"href":"https:\/\/www.visit-ulcinj.com\/blog\/wp-json\/wp\/v2\/types\/post"}],"author":[{"embeddable":true,"href":"https:\/\/www.visit-ulcinj.com\/blog\/wp-json\/wp\/v2\/users\/1"}],"replies":[{"embeddable":true,"href":"https:\/\/www.visit-ulcinj.com\/blog\/wp-json\/wp\/v2\/comments?post=98358"}],"version-history":[{"count":1,"href":"https:\/\/www.visit-ulcinj.com\/blog\/wp-json\/wp\/v2\/posts\/98358\/revisions"}],"predecessor-version":[{"id":98360,"href":"https:\/\/www.visit-ulcinj.com\/blog\/wp-json\/wp\/v2\/posts\/98358\/revisions\/98360"}],"wp:attachment":[{"href":"https:\/\/www.visit-ulcinj.com\/blog\/wp-json\/wp\/v2\/media?parent=98358"}],"wp:term":[{"taxonomy":"category","embeddable":true,"href":"https:\/\/www.visit-ulcinj.com\/blog\/wp-json\/wp\/v2\/categories?post=98358"},{"taxonomy":"post_tag","embeddable":true,"href":"https:\/\/www.visit-ulcinj.com\/blog\/wp-json\/wp\/v2\/tags?post=98358"}],"curies":[{"name":"wp","href":"https:\/\/api.w.org\/{rel}","templated":true}]}}