{"id":98365,"date":"2016-07-14T13:58:41","date_gmt":"2016-07-14T12:58:41","guid":{"rendered":"http:\/\/www.visit-ulcinj.com\/blog\/?p=98365"},"modified":"2016-07-14T13:58:41","modified_gmt":"2016-07-14T12:58:41","slug":"budva-ndigjon-ne-festival-era-istrefin-video","status":"publish","type":"post","link":"https:\/\/www.visit-ulcinj.com\/blog\/2016\/07\/14\/budva-ndigjon-ne-festival-era-istrefin-video\/","title":{"rendered":"Budva ndigjon n\u00eb festival Era Istrefin &#8211; Video"},"content":{"rendered":"<p><strong><a href=\"http:\/\/www.visit-ulcinj.com\/blog\/wp-content\/uploads\/2016\/07\/Era-Istrefi-.jpg\"><img loading=\"lazy\" class=\"alignleft wp-image-98366\" src=\"http:\/\/www.visit-ulcinj.com\/blog\/wp-content\/uploads\/2016\/07\/Era-Istrefi-.jpg\" alt=\"Era-Istrefi-\" width=\"508\" height=\"336\" \/><\/a>Ekskluzive: Era Istrefi d\u00ebgjohet n\u00eb festivalin m\u00eb t\u00eb madh n\u00eb Budva (Video)<\/strong><\/p>\n<p>Suksesi i yllit kosovar me k\u00ebng\u00ebn &#8220;BonBon&#8221; nuk po ka t\u00eb ndalur. K\u00ebnga tashm\u00eb ka b\u00ebr\u00eb xhiron e bot\u00ebs duke u d\u00ebgjuar gjithandej dhe nuk ka t\u00eb ndalur.<\/p>\n<p>E m\u00eb e fundit vjen nga Budva ku lajmi.net ka siguruar nj\u00eb video ku d\u00ebgjohet \u201cBonBon\u201d n\u00eb festivalin m\u00eb t\u00eb madh muzikor \u201cSea Dance Festival\u201d, i cili zhvillohet n\u00eb \u201cJaz Beach\u201d shkruan lajmi.net.<\/p>\n<p>Festivali ka nisur sot dhe do t\u00eb zgjas\u00eb deri t\u00eb shtun\u00ebn. N\u00eb k\u00ebt\u00eb festival pritet t\u00eb marrin pjes\u00eb Dj-t\u00eb m\u00eb t\u00eb njohur bot\u00ebror por edhe k\u00ebng\u00ebtar\u00eb t\u00eb njohur nga bota.<\/p>\n<p>Ndryshe Era Istrefi me k\u00ebng\u00ebn \u201cBonBon\u201d po arrin shifr\u00ebn e 100 milion\u00eb klikimeve n\u00eb Youtube, q\u00eb v\u00ebrteton suksesin e garantuar t\u00eb k\u00ebng\u00ebtares shqiptare.\/Lajmi.net.<\/p>\n<p><iframe loading=\"lazy\" frameborder=\"0\" width=\"508\" height=\"370\" src=\"\/\/www.dailymotion.com\/embed\/video\/x4k5snx?autoPlay=1\" allowfullscreen><\/iframe><\/p>\n","protected":false},"excerpt":{"rendered":"<p>Ekskluzive: Era Istrefi d\u00ebgjohet n\u00eb festivalin m\u00eb t\u00eb madh n\u00eb Budva (Video) Suksesi i yllit kosovar me k\u00ebng\u00ebn &#8220;BonBon&#8221; nuk po ka t\u00eb ndalur. K\u00ebnga tashm\u00eb ka b\u00ebr\u00eb xhiron e bot\u00ebs duke u d\u00ebgjuar gjithandej dhe nuk ka t\u00eb ndalur. E m\u00eb e fundit vjen nga Budva ku lajmi.net ka siguruar nj\u00eb video ku d\u00ebgjohet [&hellip;]<\/p>\n","protected":false},"author":1,"featured_media":0,"comment_status":"closed","ping_status":"closed","sticky":false,"template":"","format":"standard","meta":{"spay_email":"","jetpack_publicize_message":"","jetpack_is_tweetstorm":false,"jetpack_publicize_feature_enabled":true},"categories":[1],"tags":[],"jetpack_publicize_connections":[],"yoast_head":"<!-- This site is optimized with the Yoast SEO plugin v19.1 - https:\/\/yoast.com\/wordpress\/plugins\/seo\/ -->\n<title>Budva ndigjon n\u00eb festival Era Istrefin - Video - Lajme nga Ulqini<\/title>\n<meta name=\"description\" content=\"Ekskluzive: Era Istrefi d\u00ebgjohet n\u00eb festivalin m\u00eb t\u00eb madh n\u00eb Budva (Video) Suksesi i yllit kosovar me k\u00ebng\u00ebn &quot;BonBon&quot; nuk po ka t\u00eb ndalur. K\u00ebnga tashm\u00eb ka\" \/>\n<meta name=\"robots\" content=\"index, follow, max-snippet:-1, max-image-preview:large, max-video-preview:-1\" \/>\n<link rel=\"canonical\" href=\"https:\/\/www.visit-ulcinj.com\/blog\/2016\/07\/14\/budva-ndigjon-ne-festival-era-istrefin-video\/\" \/>\n<meta property=\"og:locale\" content=\"en_US\" \/>\n<meta property=\"og:type\" content=\"article\" \/>\n<meta property=\"og:title\" content=\"Budva ndigjon n\u00eb festival Era Istrefin - Video - Lajme nga Ulqini\" \/>\n<meta property=\"og:description\" content=\"Ekskluzive: Era Istrefi d\u00ebgjohet n\u00eb festivalin m\u00eb t\u00eb madh n\u00eb Budva (Video) Suksesi i yllit kosovar me k\u00ebng\u00ebn &quot;BonBon&quot; nuk po ka t\u00eb ndalur. K\u00ebnga tashm\u00eb ka\" \/>\n<meta property=\"og:url\" content=\"https:\/\/www.visit-ulcinj.com\/blog\/2016\/07\/14\/budva-ndigjon-ne-festival-era-istrefin-video\/\" \/>\n<meta property=\"og:site_name\" content=\"Lajme nga Ulqini\" \/>\n<meta property=\"article:published_time\" content=\"2016-07-14T12:58:41+00:00\" \/>\n<meta property=\"og:image\" content=\"http:\/\/www.visit-ulcinj.com\/blog\/wp-content\/uploads\/2016\/07\/Era-Istrefi-.jpg\" \/>\n<meta name=\"twitter:label1\" content=\"Written by\" \/>\n\t<meta name=\"twitter:data1\" content=\"ulqini\" \/>\n\t<meta name=\"twitter:label2\" content=\"Est. reading time\" \/>\n\t<meta name=\"twitter:data2\" content=\"1 minute\" \/>\n<script type=\"application\/ld+json\" class=\"yoast-schema-graph\">{\"@context\":\"https:\/\/schema.org\",\"@graph\":[{\"@type\":\"WebSite\",\"@id\":\"https:\/\/www.visit-ulcinj.com\/blog\/#website\",\"url\":\"https:\/\/www.visit-ulcinj.com\/blog\/\",\"name\":\"Lajme nga Ulqini\",\"description\":\"Lajme,Vijesti,Ulqini,Ulqin,Crna Gora,Mali i Zi\",\"potentialAction\":[{\"@type\":\"SearchAction\",\"target\":{\"@type\":\"EntryPoint\",\"urlTemplate\":\"https:\/\/www.visit-ulcinj.com\/blog\/?s={search_term_string}\"},\"query-input\":\"required name=search_term_string\"}],\"inLanguage\":\"en-US\"},{\"@type\":\"ImageObject\",\"inLanguage\":\"en-US\",\"@id\":\"https:\/\/www.visit-ulcinj.com\/blog\/2016\/07\/14\/budva-ndigjon-ne-festival-era-istrefin-video\/#primaryimage\",\"url\":\"http:\/\/www.visit-ulcinj.com\/blog\/wp-content\/uploads\/2016\/07\/Era-Istrefi-.jpg\",\"contentUrl\":\"http:\/\/www.visit-ulcinj.com\/blog\/wp-content\/uploads\/2016\/07\/Era-Istrefi-.jpg\"},{\"@type\":\"WebPage\",\"@id\":\"https:\/\/www.visit-ulcinj.com\/blog\/2016\/07\/14\/budva-ndigjon-ne-festival-era-istrefin-video\/#webpage\",\"url\":\"https:\/\/www.visit-ulcinj.com\/blog\/2016\/07\/14\/budva-ndigjon-ne-festival-era-istrefin-video\/\",\"name\":\"Budva ndigjon n\u00eb festival Era Istrefin - Video - Lajme nga Ulqini\",\"isPartOf\":{\"@id\":\"https:\/\/www.visit-ulcinj.com\/blog\/#website\"},\"primaryImageOfPage\":{\"@id\":\"https:\/\/www.visit-ulcinj.com\/blog\/2016\/07\/14\/budva-ndigjon-ne-festival-era-istrefin-video\/#primaryimage\"},\"datePublished\":\"2016-07-14T12:58:41+00:00\",\"dateModified\":\"2016-07-14T12:58:41+00:00\",\"author\":{\"@id\":\"https:\/\/www.visit-ulcinj.com\/blog\/#\/schema\/person\/dcab619c614d3038751c63bc2aadc06d\"},\"description\":\"Ekskluzive: Era Istrefi d\u00ebgjohet n\u00eb festivalin m\u00eb t\u00eb madh n\u00eb Budva (Video) Suksesi i yllit kosovar me k\u00ebng\u00ebn \\\"BonBon\\\" nuk po ka t\u00eb ndalur. K\u00ebnga tashm\u00eb ka\",\"breadcrumb\":{\"@id\":\"https:\/\/www.visit-ulcinj.com\/blog\/2016\/07\/14\/budva-ndigjon-ne-festival-era-istrefin-video\/#breadcrumb\"},\"inLanguage\":\"en-US\",\"potentialAction\":[{\"@type\":\"ReadAction\",\"target\":[\"https:\/\/www.visit-ulcinj.com\/blog\/2016\/07\/14\/budva-ndigjon-ne-festival-era-istrefin-video\/\"]}]},{\"@type\":\"BreadcrumbList\",\"@id\":\"https:\/\/www.visit-ulcinj.com\/blog\/2016\/07\/14\/budva-ndigjon-ne-festival-era-istrefin-video\/#breadcrumb\",\"itemListElement\":[{\"@type\":\"ListItem\",\"position\":1,\"name\":\"Budva ndigjon n\u00eb festival Era Istrefin &#8211; Video\"}]},{\"@type\":\"Person\",\"@id\":\"https:\/\/www.visit-ulcinj.com\/blog\/#\/schema\/person\/dcab619c614d3038751c63bc2aadc06d\",\"name\":\"ulqini\",\"sameAs\":[\"http:\/\/www.visit-ulcinj.com\"],\"url\":\"https:\/\/www.visit-ulcinj.com\/blog\/author\/admin\/\"}]}<\/script>\n<!-- \/ Yoast SEO plugin. -->","yoast_head_json":{"title":"Budva ndigjon n\u00eb festival Era Istrefin - Video - Lajme nga Ulqini","description":"Ekskluzive: Era Istrefi d\u00ebgjohet n\u00eb festivalin m\u00eb t\u00eb madh n\u00eb Budva (Video) Suksesi i yllit kosovar me k\u00ebng\u00ebn \"BonBon\" nuk po ka t\u00eb ndalur. K\u00ebnga tashm\u00eb ka","robots":{"index":"index","follow":"follow","max-snippet":"max-snippet:-1","max-image-preview":"max-image-preview:large","max-video-preview":"max-video-preview:-1"},"canonical":"https:\/\/www.visit-ulcinj.com\/blog\/2016\/07\/14\/budva-ndigjon-ne-festival-era-istrefin-video\/","og_locale":"en_US","og_type":"article","og_title":"Budva ndigjon n\u00eb festival Era Istrefin - Video - Lajme nga Ulqini","og_description":"Ekskluzive: Era Istrefi d\u00ebgjohet n\u00eb festivalin m\u00eb t\u00eb madh n\u00eb Budva (Video) Suksesi i yllit kosovar me k\u00ebng\u00ebn \"BonBon\" nuk po ka t\u00eb ndalur. K\u00ebnga tashm\u00eb ka","og_url":"https:\/\/www.visit-ulcinj.com\/blog\/2016\/07\/14\/budva-ndigjon-ne-festival-era-istrefin-video\/","og_site_name":"Lajme nga Ulqini","article_published_time":"2016-07-14T12:58:41+00:00","og_image":[{"url":"http:\/\/www.visit-ulcinj.com\/blog\/wp-content\/uploads\/2016\/07\/Era-Istrefi-.jpg"}],"twitter_misc":{"Written by":"ulqini","Est. reading time":"1 minute"},"schema":{"@context":"https:\/\/schema.org","@graph":[{"@type":"WebSite","@id":"https:\/\/www.visit-ulcinj.com\/blog\/#website","url":"https:\/\/www.visit-ulcinj.com\/blog\/","name":"Lajme nga Ulqini","description":"Lajme,Vijesti,Ulqini,Ulqin,Crna Gora,Mali i Zi","potentialAction":[{"@type":"SearchAction","target":{"@type":"EntryPoint","urlTemplate":"https:\/\/www.visit-ulcinj.com\/blog\/?s={search_term_string}"},"query-input":"required name=search_term_string"}],"inLanguage":"en-US"},{"@type":"ImageObject","inLanguage":"en-US","@id":"https:\/\/www.visit-ulcinj.com\/blog\/2016\/07\/14\/budva-ndigjon-ne-festival-era-istrefin-video\/#primaryimage","url":"http:\/\/www.visit-ulcinj.com\/blog\/wp-content\/uploads\/2016\/07\/Era-Istrefi-.jpg","contentUrl":"http:\/\/www.visit-ulcinj.com\/blog\/wp-content\/uploads\/2016\/07\/Era-Istrefi-.jpg"},{"@type":"WebPage","@id":"https:\/\/www.visit-ulcinj.com\/blog\/2016\/07\/14\/budva-ndigjon-ne-festival-era-istrefin-video\/#webpage","url":"https:\/\/www.visit-ulcinj.com\/blog\/2016\/07\/14\/budva-ndigjon-ne-festival-era-istrefin-video\/","name":"Budva ndigjon n\u00eb festival Era Istrefin - Video - Lajme nga Ulqini","isPartOf":{"@id":"https:\/\/www.visit-ulcinj.com\/blog\/#website"},"primaryImageOfPage":{"@id":"https:\/\/www.visit-ulcinj.com\/blog\/2016\/07\/14\/budva-ndigjon-ne-festival-era-istrefin-video\/#primaryimage"},"datePublished":"2016-07-14T12:58:41+00:00","dateModified":"2016-07-14T12:58:41+00:00","author":{"@id":"https:\/\/www.visit-ulcinj.com\/blog\/#\/schema\/person\/dcab619c614d3038751c63bc2aadc06d"},"description":"Ekskluzive: Era Istrefi d\u00ebgjohet n\u00eb festivalin m\u00eb t\u00eb madh n\u00eb Budva (Video) Suksesi i yllit kosovar me k\u00ebng\u00ebn \"BonBon\" nuk po ka t\u00eb ndalur. K\u00ebnga tashm\u00eb ka","breadcrumb":{"@id":"https:\/\/www.visit-ulcinj.com\/blog\/2016\/07\/14\/budva-ndigjon-ne-festival-era-istrefin-video\/#breadcrumb"},"inLanguage":"en-US","potentialAction":[{"@type":"ReadAction","target":["https:\/\/www.visit-ulcinj.com\/blog\/2016\/07\/14\/budva-ndigjon-ne-festival-era-istrefin-video\/"]}]},{"@type":"BreadcrumbList","@id":"https:\/\/www.visit-ulcinj.com\/blog\/2016\/07\/14\/budva-ndigjon-ne-festival-era-istrefin-video\/#breadcrumb","itemListElement":[{"@type":"ListItem","position":1,"name":"Budva ndigjon n\u00eb festival Era Istrefin &#8211; Video"}]},{"@type":"Person","@id":"https:\/\/www.visit-ulcinj.com\/blog\/#\/schema\/person\/dcab619c614d3038751c63bc2aadc06d","name":"ulqini","sameAs":["http:\/\/www.visit-ulcinj.com"],"url":"https:\/\/www.visit-ulcinj.com\/blog\/author\/admin\/"}]}},"jetpack_featured_media_url":"","jetpack_sharing_enabled":true,"jetpack_shortlink":"https:\/\/wp.me\/pe6lTn-pAx","_links":{"self":[{"href":"https:\/\/www.visit-ulcinj.com\/blog\/wp-json\/wp\/v2\/posts\/98365"}],"collection":[{"href":"https:\/\/www.visit-ulcinj.com\/blog\/wp-json\/wp\/v2\/posts"}],"about":[{"href":"https:\/\/www.visit-ulcinj.com\/blog\/wp-json\/wp\/v2\/types\/post"}],"author":[{"embeddable":true,"href":"https:\/\/www.visit-ulcinj.com\/blog\/wp-json\/wp\/v2\/users\/1"}],"replies":[{"embeddable":true,"href":"https:\/\/www.visit-ulcinj.com\/blog\/wp-json\/wp\/v2\/comments?post=98365"}],"version-history":[{"count":1,"href":"https:\/\/www.visit-ulcinj.com\/blog\/wp-json\/wp\/v2\/posts\/98365\/revisions"}],"predecessor-version":[{"id":98367,"href":"https:\/\/www.visit-ulcinj.com\/blog\/wp-json\/wp\/v2\/posts\/98365\/revisions\/98367"}],"wp:attachment":[{"href":"https:\/\/www.visit-ulcinj.com\/blog\/wp-json\/wp\/v2\/media?parent=98365"}],"wp:term":[{"taxonomy":"category","embeddable":true,"href":"https:\/\/www.visit-ulcinj.com\/blog\/wp-json\/wp\/v2\/categories?post=98365"},{"taxonomy":"post_tag","embeddable":true,"href":"https:\/\/www.visit-ulcinj.com\/blog\/wp-json\/wp\/v2\/tags?post=98365"}],"curies":[{"name":"wp","href":"https:\/\/api.w.org\/{rel}","templated":true}]}}