{"id":98405,"date":"2016-07-17T14:51:16","date_gmt":"2016-07-17T13:51:16","guid":{"rendered":"http:\/\/www.visit-ulcinj.com\/blog\/?p=98405"},"modified":"2016-07-17T14:53:02","modified_gmt":"2016-07-17T13:53:02","slug":"ja-si-e-festoi-ditelindjen-e-30-te-ledri-ne-ulqin","status":"publish","type":"post","link":"https:\/\/www.visit-ulcinj.com\/blog\/2016\/07\/17\/ja-si-e-festoi-ditelindjen-e-30-te-ledri-ne-ulqin\/","title":{"rendered":"Ja si e festoi dit\u00eblindjen e 30-t\u00eb Ledri n\u00eb Ulqin &#8211; Video"},"content":{"rendered":"<p><a href=\"http:\/\/www.visit-ulcinj.com\/blog\/wp-content\/uploads\/2016\/07\/Ledri-Vula-ne-Ulqin.jpg\"><img loading=\"lazy\" class=\"alignleft wp-image-98406\" src=\"http:\/\/www.visit-ulcinj.com\/blog\/wp-content\/uploads\/2016\/07\/Ledri-Vula-ne-Ulqin.jpg\" alt=\"Ledri Vula ne Ulqin\" width=\"508\" height=\"286\" \/><\/a>Nuk ishte xhirim i Vitit t\u00eb Ri, e as festa e 28 N\u00ebntorit, por pothuajse t\u00eb gjith\u00eb emrat eminent t\u00eb estrad\u00ebs u pan\u00eb n\u00eb nj\u00eb super vil\u00eb n\u00eb Ulqin.<\/p>\n<p>Ata q\u00eb t\u00eb gjith\u00eb<span id=\"more-450778\"><\/span> ishin prezent p\u00ebr vet\u00ebm nj\u00eb q\u00ebllim, p\u00ebr t\u00eb festuar dit\u00eblindjen e 30-t\u00eb t\u00eb shokut, t\u00eb bashk\u00ebpun\u00ebtorit e familjarit t\u00eb tyre Ledri Vul\u00ebs. Reperi p\u00ebrjetoi nj\u00eb nga dit\u00eblindjet m\u00eb t\u00eb mira n\u00eb jet\u00ebn e tij t\u00eb Diel\u00ebn e jav\u00ebs q\u00eb lam\u00eb pas.<\/p>\n<p>Nj\u00eb ambient p\u00ebrrallor n\u00eb hyrje, me nj\u00eb dekorim dhe poster t\u00eb ve\u00e7ant\u00eb p\u00ebr fotografi, ushqim kryesisht me fruta t\u00eb detit, pije pa limit e muzik\u00eb e zgjedhur, po i priste t\u00eb gjith\u00eb miqt\u00eb e reperit p\u00ebr t\u2019i drejtuar n\u00eb ambientin e fest\u00ebs.<\/p>\n<p>Festa ishte ndar\u00eb n\u00eb dy pjes\u00eb kati i sip\u00ebrm dhe ai i posht\u00ebm, q\u00eb t\u00eb gjith\u00eb sipas nevoj\u00ebs t\u00eb akomodonin veten. Stafi i sht\u00ebpis\u00eb po kujdesej me t\u00eb gjitha llojet e pijeve dhe k\u00ebrkesave t\u00eb t\u00eb ftuarve. Lart\u00eb n\u00eb ballkonin e katit t\u00eb par\u00eb t\u00eb vil\u00ebs ishte ndar\u00eb pjesa e muzik\u00ebs, q\u00eb do t\u00eb arg\u00ebtonte t\u00eb pranishmit. Muzik\u00eb live shqipe dhe e huaj, m\u00eb pas performanca nga Dj.<\/p>\n<p>Obligative ishte ardhja e mysafirve n\u00eb ora 21:00 q\u00eb t\u00eb kishin koh\u00eb t\u00eb ambientoheshin e t\u00eb prisnin yllin e mbr\u00ebmjes, i cili nuk kishte iden\u00eb m\u00eb t\u00eb vog\u00ebl se \u00e7far\u00eb po e priste.<\/p>\n<p>Materiali i m\u00ebposht\u00ebm ju sjell n\u00eb detaje gjith\u00eb eventin q\u00eb nga secili i pranish\u00ebm u cil\u00ebsua si fantastik.\/Prive\/<\/p>\n<p><iframe loading=\"lazy\" src=\"https:\/\/www.youtube.com\/embed\/aPJWN7iPYJM\" width=\"508\" height=\"315\" frameborder=\"0\" allowfullscreen=\"allowfullscreen\"><\/iframe><\/p>\n","protected":false},"excerpt":{"rendered":"<p>Nuk ishte xhirim i Vitit t\u00eb Ri, e as festa e 28 N\u00ebntorit, por pothuajse t\u00eb gjith\u00eb emrat eminent t\u00eb estrad\u00ebs u pan\u00eb n\u00eb nj\u00eb super vil\u00eb n\u00eb Ulqin. Ata q\u00eb t\u00eb gjith\u00eb ishin prezent p\u00ebr vet\u00ebm nj\u00eb q\u00ebllim, p\u00ebr t\u00eb festuar dit\u00eblindjen e 30-t\u00eb t\u00eb shokut, t\u00eb bashk\u00ebpun\u00ebtorit e familjarit t\u00eb tyre Ledri Vul\u00ebs. [&hellip;]<\/p>\n","protected":false},"author":1,"featured_media":0,"comment_status":"closed","ping_status":"closed","sticky":false,"template":"","format":"standard","meta":{"spay_email":"","jetpack_publicize_message":"","jetpack_is_tweetstorm":false,"jetpack_publicize_feature_enabled":true},"categories":[6950],"tags":[],"jetpack_publicize_connections":[],"yoast_head":"<!-- This site is optimized with the Yoast SEO plugin v19.1 - https:\/\/yoast.com\/wordpress\/plugins\/seo\/ -->\n<title>Ja si e festoi dit\u00eblindjen e 30-t\u00eb Ledri n\u00eb Ulqin - Video - Lajme nga Ulqini<\/title>\n<meta name=\"description\" content=\"Nuk ishte xhirim i Vitit t\u00eb Ri, e as festa e 28 N\u00ebntorit, por pothuajse t\u00eb gjith\u00eb emrat eminent t\u00eb estrad\u00ebs u pan\u00eb n\u00eb nj\u00eb super vil\u00eb n\u00eb Ulqin. Ata q\u00eb t\u00eb\" \/>\n<meta name=\"robots\" content=\"index, follow, max-snippet:-1, max-image-preview:large, max-video-preview:-1\" \/>\n<link rel=\"canonical\" href=\"https:\/\/www.visit-ulcinj.com\/blog\/2016\/07\/17\/ja-si-e-festoi-ditelindjen-e-30-te-ledri-ne-ulqin\/\" \/>\n<meta property=\"og:locale\" content=\"en_US\" \/>\n<meta property=\"og:type\" content=\"article\" \/>\n<meta property=\"og:title\" content=\"Ja si e festoi dit\u00eblindjen e 30-t\u00eb Ledri n\u00eb Ulqin - Video - Lajme nga Ulqini\" \/>\n<meta property=\"og:description\" content=\"Nuk ishte xhirim i Vitit t\u00eb Ri, e as festa e 28 N\u00ebntorit, por pothuajse t\u00eb gjith\u00eb emrat eminent t\u00eb estrad\u00ebs u pan\u00eb n\u00eb nj\u00eb super vil\u00eb n\u00eb Ulqin. Ata q\u00eb t\u00eb\" \/>\n<meta property=\"og:url\" content=\"https:\/\/www.visit-ulcinj.com\/blog\/2016\/07\/17\/ja-si-e-festoi-ditelindjen-e-30-te-ledri-ne-ulqin\/\" \/>\n<meta property=\"og:site_name\" content=\"Lajme nga Ulqini\" \/>\n<meta property=\"article:published_time\" content=\"2016-07-17T13:51:16+00:00\" \/>\n<meta property=\"article:modified_time\" content=\"2016-07-17T13:53:02+00:00\" \/>\n<meta property=\"og:image\" content=\"http:\/\/www.visit-ulcinj.com\/blog\/wp-content\/uploads\/2016\/07\/Ledri-Vula-ne-Ulqin.jpg\" \/>\n<meta name=\"twitter:label1\" content=\"Written by\" \/>\n\t<meta name=\"twitter:data1\" content=\"ulqini\" \/>\n\t<meta name=\"twitter:label2\" content=\"Est. reading time\" \/>\n\t<meta name=\"twitter:data2\" content=\"1 minute\" \/>\n<script type=\"application\/ld+json\" class=\"yoast-schema-graph\">{\"@context\":\"https:\/\/schema.org\",\"@graph\":[{\"@type\":\"WebSite\",\"@id\":\"https:\/\/www.visit-ulcinj.com\/blog\/#website\",\"url\":\"https:\/\/www.visit-ulcinj.com\/blog\/\",\"name\":\"Lajme nga Ulqini\",\"description\":\"Lajme,Vijesti,Ulqini,Ulqin,Crna Gora,Mali i Zi\",\"potentialAction\":[{\"@type\":\"SearchAction\",\"target\":{\"@type\":\"EntryPoint\",\"urlTemplate\":\"https:\/\/www.visit-ulcinj.com\/blog\/?s={search_term_string}\"},\"query-input\":\"required name=search_term_string\"}],\"inLanguage\":\"en-US\"},{\"@type\":\"ImageObject\",\"inLanguage\":\"en-US\",\"@id\":\"https:\/\/www.visit-ulcinj.com\/blog\/2016\/07\/17\/ja-si-e-festoi-ditelindjen-e-30-te-ledri-ne-ulqin\/#primaryimage\",\"url\":\"http:\/\/www.visit-ulcinj.com\/blog\/wp-content\/uploads\/2016\/07\/Ledri-Vula-ne-Ulqin.jpg\",\"contentUrl\":\"http:\/\/www.visit-ulcinj.com\/blog\/wp-content\/uploads\/2016\/07\/Ledri-Vula-ne-Ulqin.jpg\"},{\"@type\":\"WebPage\",\"@id\":\"https:\/\/www.visit-ulcinj.com\/blog\/2016\/07\/17\/ja-si-e-festoi-ditelindjen-e-30-te-ledri-ne-ulqin\/#webpage\",\"url\":\"https:\/\/www.visit-ulcinj.com\/blog\/2016\/07\/17\/ja-si-e-festoi-ditelindjen-e-30-te-ledri-ne-ulqin\/\",\"name\":\"Ja si e festoi dit\u00eblindjen e 30-t\u00eb Ledri n\u00eb Ulqin - Video - Lajme nga Ulqini\",\"isPartOf\":{\"@id\":\"https:\/\/www.visit-ulcinj.com\/blog\/#website\"},\"primaryImageOfPage\":{\"@id\":\"https:\/\/www.visit-ulcinj.com\/blog\/2016\/07\/17\/ja-si-e-festoi-ditelindjen-e-30-te-ledri-ne-ulqin\/#primaryimage\"},\"datePublished\":\"2016-07-17T13:51:16+00:00\",\"dateModified\":\"2016-07-17T13:53:02+00:00\",\"author\":{\"@id\":\"https:\/\/www.visit-ulcinj.com\/blog\/#\/schema\/person\/dcab619c614d3038751c63bc2aadc06d\"},\"description\":\"Nuk ishte xhirim i Vitit t\u00eb Ri, e as festa e 28 N\u00ebntorit, por pothuajse t\u00eb gjith\u00eb emrat eminent t\u00eb estrad\u00ebs u pan\u00eb n\u00eb nj\u00eb super vil\u00eb n\u00eb Ulqin. Ata q\u00eb t\u00eb\",\"breadcrumb\":{\"@id\":\"https:\/\/www.visit-ulcinj.com\/blog\/2016\/07\/17\/ja-si-e-festoi-ditelindjen-e-30-te-ledri-ne-ulqin\/#breadcrumb\"},\"inLanguage\":\"en-US\",\"potentialAction\":[{\"@type\":\"ReadAction\",\"target\":[\"https:\/\/www.visit-ulcinj.com\/blog\/2016\/07\/17\/ja-si-e-festoi-ditelindjen-e-30-te-ledri-ne-ulqin\/\"]}]},{\"@type\":\"BreadcrumbList\",\"@id\":\"https:\/\/www.visit-ulcinj.com\/blog\/2016\/07\/17\/ja-si-e-festoi-ditelindjen-e-30-te-ledri-ne-ulqin\/#breadcrumb\",\"itemListElement\":[{\"@type\":\"ListItem\",\"position\":1,\"name\":\"Ja si e festoi dit\u00eblindjen e 30-t\u00eb Ledri n\u00eb Ulqin &#8211; Video\"}]},{\"@type\":\"Person\",\"@id\":\"https:\/\/www.visit-ulcinj.com\/blog\/#\/schema\/person\/dcab619c614d3038751c63bc2aadc06d\",\"name\":\"ulqini\",\"sameAs\":[\"http:\/\/www.visit-ulcinj.com\"],\"url\":\"https:\/\/www.visit-ulcinj.com\/blog\/author\/admin\/\"}]}<\/script>\n<!-- \/ Yoast SEO plugin. -->","yoast_head_json":{"title":"Ja si e festoi dit\u00eblindjen e 30-t\u00eb Ledri n\u00eb Ulqin - Video - Lajme nga Ulqini","description":"Nuk ishte xhirim i Vitit t\u00eb Ri, e as festa e 28 N\u00ebntorit, por pothuajse t\u00eb gjith\u00eb emrat eminent t\u00eb estrad\u00ebs u pan\u00eb n\u00eb nj\u00eb super vil\u00eb n\u00eb Ulqin. Ata q\u00eb t\u00eb","robots":{"index":"index","follow":"follow","max-snippet":"max-snippet:-1","max-image-preview":"max-image-preview:large","max-video-preview":"max-video-preview:-1"},"canonical":"https:\/\/www.visit-ulcinj.com\/blog\/2016\/07\/17\/ja-si-e-festoi-ditelindjen-e-30-te-ledri-ne-ulqin\/","og_locale":"en_US","og_type":"article","og_title":"Ja si e festoi dit\u00eblindjen e 30-t\u00eb Ledri n\u00eb Ulqin - Video - Lajme nga Ulqini","og_description":"Nuk ishte xhirim i Vitit t\u00eb Ri, e as festa e 28 N\u00ebntorit, por pothuajse t\u00eb gjith\u00eb emrat eminent t\u00eb estrad\u00ebs u pan\u00eb n\u00eb nj\u00eb super vil\u00eb n\u00eb Ulqin. Ata q\u00eb t\u00eb","og_url":"https:\/\/www.visit-ulcinj.com\/blog\/2016\/07\/17\/ja-si-e-festoi-ditelindjen-e-30-te-ledri-ne-ulqin\/","og_site_name":"Lajme nga Ulqini","article_published_time":"2016-07-17T13:51:16+00:00","article_modified_time":"2016-07-17T13:53:02+00:00","og_image":[{"url":"http:\/\/www.visit-ulcinj.com\/blog\/wp-content\/uploads\/2016\/07\/Ledri-Vula-ne-Ulqin.jpg"}],"twitter_misc":{"Written by":"ulqini","Est. reading time":"1 minute"},"schema":{"@context":"https:\/\/schema.org","@graph":[{"@type":"WebSite","@id":"https:\/\/www.visit-ulcinj.com\/blog\/#website","url":"https:\/\/www.visit-ulcinj.com\/blog\/","name":"Lajme nga Ulqini","description":"Lajme,Vijesti,Ulqini,Ulqin,Crna Gora,Mali i Zi","potentialAction":[{"@type":"SearchAction","target":{"@type":"EntryPoint","urlTemplate":"https:\/\/www.visit-ulcinj.com\/blog\/?s={search_term_string}"},"query-input":"required name=search_term_string"}],"inLanguage":"en-US"},{"@type":"ImageObject","inLanguage":"en-US","@id":"https:\/\/www.visit-ulcinj.com\/blog\/2016\/07\/17\/ja-si-e-festoi-ditelindjen-e-30-te-ledri-ne-ulqin\/#primaryimage","url":"http:\/\/www.visit-ulcinj.com\/blog\/wp-content\/uploads\/2016\/07\/Ledri-Vula-ne-Ulqin.jpg","contentUrl":"http:\/\/www.visit-ulcinj.com\/blog\/wp-content\/uploads\/2016\/07\/Ledri-Vula-ne-Ulqin.jpg"},{"@type":"WebPage","@id":"https:\/\/www.visit-ulcinj.com\/blog\/2016\/07\/17\/ja-si-e-festoi-ditelindjen-e-30-te-ledri-ne-ulqin\/#webpage","url":"https:\/\/www.visit-ulcinj.com\/blog\/2016\/07\/17\/ja-si-e-festoi-ditelindjen-e-30-te-ledri-ne-ulqin\/","name":"Ja si e festoi dit\u00eblindjen e 30-t\u00eb Ledri n\u00eb Ulqin - Video - Lajme nga Ulqini","isPartOf":{"@id":"https:\/\/www.visit-ulcinj.com\/blog\/#website"},"primaryImageOfPage":{"@id":"https:\/\/www.visit-ulcinj.com\/blog\/2016\/07\/17\/ja-si-e-festoi-ditelindjen-e-30-te-ledri-ne-ulqin\/#primaryimage"},"datePublished":"2016-07-17T13:51:16+00:00","dateModified":"2016-07-17T13:53:02+00:00","author":{"@id":"https:\/\/www.visit-ulcinj.com\/blog\/#\/schema\/person\/dcab619c614d3038751c63bc2aadc06d"},"description":"Nuk ishte xhirim i Vitit t\u00eb Ri, e as festa e 28 N\u00ebntorit, por pothuajse t\u00eb gjith\u00eb emrat eminent t\u00eb estrad\u00ebs u pan\u00eb n\u00eb nj\u00eb super vil\u00eb n\u00eb Ulqin. Ata q\u00eb t\u00eb","breadcrumb":{"@id":"https:\/\/www.visit-ulcinj.com\/blog\/2016\/07\/17\/ja-si-e-festoi-ditelindjen-e-30-te-ledri-ne-ulqin\/#breadcrumb"},"inLanguage":"en-US","potentialAction":[{"@type":"ReadAction","target":["https:\/\/www.visit-ulcinj.com\/blog\/2016\/07\/17\/ja-si-e-festoi-ditelindjen-e-30-te-ledri-ne-ulqin\/"]}]},{"@type":"BreadcrumbList","@id":"https:\/\/www.visit-ulcinj.com\/blog\/2016\/07\/17\/ja-si-e-festoi-ditelindjen-e-30-te-ledri-ne-ulqin\/#breadcrumb","itemListElement":[{"@type":"ListItem","position":1,"name":"Ja si e festoi dit\u00eblindjen e 30-t\u00eb Ledri n\u00eb Ulqin &#8211; Video"}]},{"@type":"Person","@id":"https:\/\/www.visit-ulcinj.com\/blog\/#\/schema\/person\/dcab619c614d3038751c63bc2aadc06d","name":"ulqini","sameAs":["http:\/\/www.visit-ulcinj.com"],"url":"https:\/\/www.visit-ulcinj.com\/blog\/author\/admin\/"}]}},"jetpack_featured_media_url":"","jetpack_sharing_enabled":true,"jetpack_shortlink":"https:\/\/wp.me\/pe6lTn-pBb","_links":{"self":[{"href":"https:\/\/www.visit-ulcinj.com\/blog\/wp-json\/wp\/v2\/posts\/98405"}],"collection":[{"href":"https:\/\/www.visit-ulcinj.com\/blog\/wp-json\/wp\/v2\/posts"}],"about":[{"href":"https:\/\/www.visit-ulcinj.com\/blog\/wp-json\/wp\/v2\/types\/post"}],"author":[{"embeddable":true,"href":"https:\/\/www.visit-ulcinj.com\/blog\/wp-json\/wp\/v2\/users\/1"}],"replies":[{"embeddable":true,"href":"https:\/\/www.visit-ulcinj.com\/blog\/wp-json\/wp\/v2\/comments?post=98405"}],"version-history":[{"count":3,"href":"https:\/\/www.visit-ulcinj.com\/blog\/wp-json\/wp\/v2\/posts\/98405\/revisions"}],"predecessor-version":[{"id":98409,"href":"https:\/\/www.visit-ulcinj.com\/blog\/wp-json\/wp\/v2\/posts\/98405\/revisions\/98409"}],"wp:attachment":[{"href":"https:\/\/www.visit-ulcinj.com\/blog\/wp-json\/wp\/v2\/media?parent=98405"}],"wp:term":[{"taxonomy":"category","embeddable":true,"href":"https:\/\/www.visit-ulcinj.com\/blog\/wp-json\/wp\/v2\/categories?post=98405"},{"taxonomy":"post_tag","embeddable":true,"href":"https:\/\/www.visit-ulcinj.com\/blog\/wp-json\/wp\/v2\/tags?post=98405"}],"curies":[{"name":"wp","href":"https:\/\/api.w.org\/{rel}","templated":true}]}}