{"id":98411,"date":"2016-07-17T15:14:31","date_gmt":"2016-07-17T14:14:31","guid":{"rendered":"http:\/\/www.visit-ulcinj.com\/blog\/?p=98411"},"modified":"2016-07-17T15:17:55","modified_gmt":"2016-07-17T14:17:55","slug":"festa-e-veres-2016-ne-kraje","status":"publish","type":"post","link":"https:\/\/www.visit-ulcinj.com\/blog\/2016\/07\/17\/festa-e-veres-2016-ne-kraje\/","title":{"rendered":"Festa e ver\u00ebs 2016 n\u00eb Kraj\u00eb"},"content":{"rendered":"<p><a href=\"http:\/\/www.visit-ulcinj.com\/blog\/wp-content\/uploads\/2016\/07\/Festa-e-ver\u00ebs-2016-n\u00eb-Kraje.jpg\"><img loading=\"lazy\" class=\"alignleft wp-image-98412\" src=\"http:\/\/www.visit-ulcinj.com\/blog\/wp-content\/uploads\/2016\/07\/Festa-e-ver\u00ebs-2016-n\u00eb-Kraje.jpg\" alt=\"Festa e ver\u00ebs 2016 n\u00eb Kraje\" width=\"508\" height=\"254\" srcset=\"https:\/\/www.visit-ulcinj.com\/blog\/wp-content\/uploads\/2016\/07\/Festa-e-ver\u00ebs-2016-n\u00eb-Kraje.jpg 640w, https:\/\/www.visit-ulcinj.com\/blog\/wp-content\/uploads\/2016\/07\/Festa-e-ver\u00ebs-2016-n\u00eb-Kraje-300x150.jpg 300w\" sizes=\"(max-width: 508px) 100vw, 508px\" \/><\/a>Festa e Ver\u00ebs 2016 n\u00eb Kraj\u00eb, e cila n\u00eb vazhdim\u00ebsi organizohet n\u00eb k\u00ebt\u00eb trev\u00eb etnike shiqptare prej vitit 1993, do t\u00eb mbahet me dat\u00ebn 26 korrik t\u00eb k\u00ebtij viti, njoftohet nga organizatori.<\/p>\n<p>Manifestimi do t\u00eb mbahet n\u00eb oborrin e shkoll\u00ebs \u201cGjergj Kastrioti Skenderbeu\u201d me fillim n\u00eb ora 20.00.<\/p>\n<p>Ftohen t\u00eb gjith\u00eb dashamir\u00ebsit q\u00eb t\u00eb marrin pjes\u00eb n\u00eb num\u00ebr sa m\u00eb t\u00eb madh n\u00eb k\u00ebt\u00eb festim unik t\u00eb Kraj\u00ebs.<\/p>\n<!--YouTube Error: bad URL entered-->\n","protected":false},"excerpt":{"rendered":"<p>Festa e Ver\u00ebs 2016 n\u00eb Kraj\u00eb, e cila n\u00eb vazhdim\u00ebsi organizohet n\u00eb k\u00ebt\u00eb trev\u00eb etnike shiqptare prej vitit 1993, do t\u00eb mbahet me dat\u00ebn 26 korrik t\u00eb k\u00ebtij viti, njoftohet nga organizatori. Manifestimi do t\u00eb mbahet n\u00eb oborrin e shkoll\u00ebs \u201cGjergj Kastrioti Skenderbeu\u201d me fillim n\u00eb ora 20.00. Ftohen t\u00eb gjith\u00eb dashamir\u00ebsit q\u00eb t\u00eb marrin [&hellip;]<\/p>\n","protected":false},"author":1,"featured_media":0,"comment_status":"closed","ping_status":"closed","sticky":false,"template":"","format":"standard","meta":{"spay_email":"","jetpack_publicize_message":"","jetpack_is_tweetstorm":false,"jetpack_publicize_feature_enabled":true},"categories":[14],"tags":[],"jetpack_publicize_connections":[],"yoast_head":"<!-- This site is optimized with the Yoast SEO plugin v19.1 - https:\/\/yoast.com\/wordpress\/plugins\/seo\/ -->\n<title>Festa e ver\u00ebs 2016 n\u00eb Kraj\u00eb - Lajme nga Ulqini<\/title>\n<meta name=\"description\" content=\"Festa e Ver\u00ebs 2016 n\u00eb Kraj\u00eb, e cila n\u00eb vazhdim\u00ebsi organizohet n\u00eb k\u00ebt\u00eb trev\u00eb etnike shiqptare prej vitit 1993, do t\u00eb mbahet me dat\u00ebn 26 korrik t\u00eb k\u00ebtij\" \/>\n<meta name=\"robots\" content=\"index, follow, max-snippet:-1, max-image-preview:large, max-video-preview:-1\" \/>\n<link rel=\"canonical\" href=\"https:\/\/www.visit-ulcinj.com\/blog\/2016\/07\/17\/festa-e-veres-2016-ne-kraje\/\" \/>\n<meta property=\"og:locale\" content=\"en_US\" \/>\n<meta property=\"og:type\" content=\"article\" \/>\n<meta property=\"og:title\" content=\"Festa e ver\u00ebs 2016 n\u00eb Kraj\u00eb - Lajme nga Ulqini\" \/>\n<meta property=\"og:description\" content=\"Festa e Ver\u00ebs 2016 n\u00eb Kraj\u00eb, e cila n\u00eb vazhdim\u00ebsi organizohet n\u00eb k\u00ebt\u00eb trev\u00eb etnike shiqptare prej vitit 1993, do t\u00eb mbahet me dat\u00ebn 26 korrik t\u00eb k\u00ebtij\" \/>\n<meta property=\"og:url\" content=\"https:\/\/www.visit-ulcinj.com\/blog\/2016\/07\/17\/festa-e-veres-2016-ne-kraje\/\" \/>\n<meta property=\"og:site_name\" content=\"Lajme nga Ulqini\" \/>\n<meta property=\"article:published_time\" content=\"2016-07-17T14:14:31+00:00\" \/>\n<meta property=\"article:modified_time\" content=\"2016-07-17T14:17:55+00:00\" \/>\n<meta name=\"twitter:label1\" content=\"Written by\" \/>\n\t<meta name=\"twitter:data1\" content=\"ulqini\" \/>\n<script type=\"application\/ld+json\" class=\"yoast-schema-graph\">{\"@context\":\"https:\/\/schema.org\",\"@graph\":[{\"@type\":\"WebSite\",\"@id\":\"https:\/\/www.visit-ulcinj.com\/blog\/#website\",\"url\":\"https:\/\/www.visit-ulcinj.com\/blog\/\",\"name\":\"Lajme nga Ulqini\",\"description\":\"Lajme,Vijesti,Ulqini,Ulqin,Crna Gora,Mali i Zi\",\"potentialAction\":[{\"@type\":\"SearchAction\",\"target\":{\"@type\":\"EntryPoint\",\"urlTemplate\":\"https:\/\/www.visit-ulcinj.com\/blog\/?s={search_term_string}\"},\"query-input\":\"required name=search_term_string\"}],\"inLanguage\":\"en-US\"},{\"@type\":\"WebPage\",\"@id\":\"https:\/\/www.visit-ulcinj.com\/blog\/2016\/07\/17\/festa-e-veres-2016-ne-kraje\/#webpage\",\"url\":\"https:\/\/www.visit-ulcinj.com\/blog\/2016\/07\/17\/festa-e-veres-2016-ne-kraje\/\",\"name\":\"Festa e ver\u00ebs 2016 n\u00eb Kraj\u00eb - Lajme nga Ulqini\",\"isPartOf\":{\"@id\":\"https:\/\/www.visit-ulcinj.com\/blog\/#website\"},\"datePublished\":\"2016-07-17T14:14:31+00:00\",\"dateModified\":\"2016-07-17T14:17:55+00:00\",\"author\":{\"@id\":\"https:\/\/www.visit-ulcinj.com\/blog\/#\/schema\/person\/dcab619c614d3038751c63bc2aadc06d\"},\"description\":\"Festa e Ver\u00ebs 2016 n\u00eb Kraj\u00eb, e cila n\u00eb vazhdim\u00ebsi organizohet n\u00eb k\u00ebt\u00eb trev\u00eb etnike shiqptare prej vitit 1993, do t\u00eb mbahet me dat\u00ebn 26 korrik t\u00eb k\u00ebtij\",\"breadcrumb\":{\"@id\":\"https:\/\/www.visit-ulcinj.com\/blog\/2016\/07\/17\/festa-e-veres-2016-ne-kraje\/#breadcrumb\"},\"inLanguage\":\"en-US\",\"potentialAction\":[{\"@type\":\"ReadAction\",\"target\":[\"https:\/\/www.visit-ulcinj.com\/blog\/2016\/07\/17\/festa-e-veres-2016-ne-kraje\/\"]}]},{\"@type\":\"BreadcrumbList\",\"@id\":\"https:\/\/www.visit-ulcinj.com\/blog\/2016\/07\/17\/festa-e-veres-2016-ne-kraje\/#breadcrumb\",\"itemListElement\":[{\"@type\":\"ListItem\",\"position\":1,\"name\":\"Festa e ver\u00ebs 2016 n\u00eb Kraj\u00eb\"}]},{\"@type\":\"Person\",\"@id\":\"https:\/\/www.visit-ulcinj.com\/blog\/#\/schema\/person\/dcab619c614d3038751c63bc2aadc06d\",\"name\":\"ulqini\",\"sameAs\":[\"http:\/\/www.visit-ulcinj.com\"],\"url\":\"https:\/\/www.visit-ulcinj.com\/blog\/author\/admin\/\"}]}<\/script>\n<!-- \/ Yoast SEO plugin. -->","yoast_head_json":{"title":"Festa e ver\u00ebs 2016 n\u00eb Kraj\u00eb - Lajme nga Ulqini","description":"Festa e Ver\u00ebs 2016 n\u00eb Kraj\u00eb, e cila n\u00eb vazhdim\u00ebsi organizohet n\u00eb k\u00ebt\u00eb trev\u00eb etnike shiqptare prej vitit 1993, do t\u00eb mbahet me dat\u00ebn 26 korrik t\u00eb k\u00ebtij","robots":{"index":"index","follow":"follow","max-snippet":"max-snippet:-1","max-image-preview":"max-image-preview:large","max-video-preview":"max-video-preview:-1"},"canonical":"https:\/\/www.visit-ulcinj.com\/blog\/2016\/07\/17\/festa-e-veres-2016-ne-kraje\/","og_locale":"en_US","og_type":"article","og_title":"Festa e ver\u00ebs 2016 n\u00eb Kraj\u00eb - Lajme nga Ulqini","og_description":"Festa e Ver\u00ebs 2016 n\u00eb Kraj\u00eb, e cila n\u00eb vazhdim\u00ebsi organizohet n\u00eb k\u00ebt\u00eb trev\u00eb etnike shiqptare prej vitit 1993, do t\u00eb mbahet me dat\u00ebn 26 korrik t\u00eb k\u00ebtij","og_url":"https:\/\/www.visit-ulcinj.com\/blog\/2016\/07\/17\/festa-e-veres-2016-ne-kraje\/","og_site_name":"Lajme nga Ulqini","article_published_time":"2016-07-17T14:14:31+00:00","article_modified_time":"2016-07-17T14:17:55+00:00","twitter_misc":{"Written by":"ulqini"},"schema":{"@context":"https:\/\/schema.org","@graph":[{"@type":"WebSite","@id":"https:\/\/www.visit-ulcinj.com\/blog\/#website","url":"https:\/\/www.visit-ulcinj.com\/blog\/","name":"Lajme nga Ulqini","description":"Lajme,Vijesti,Ulqini,Ulqin,Crna Gora,Mali i Zi","potentialAction":[{"@type":"SearchAction","target":{"@type":"EntryPoint","urlTemplate":"https:\/\/www.visit-ulcinj.com\/blog\/?s={search_term_string}"},"query-input":"required name=search_term_string"}],"inLanguage":"en-US"},{"@type":"WebPage","@id":"https:\/\/www.visit-ulcinj.com\/blog\/2016\/07\/17\/festa-e-veres-2016-ne-kraje\/#webpage","url":"https:\/\/www.visit-ulcinj.com\/blog\/2016\/07\/17\/festa-e-veres-2016-ne-kraje\/","name":"Festa e ver\u00ebs 2016 n\u00eb Kraj\u00eb - Lajme nga Ulqini","isPartOf":{"@id":"https:\/\/www.visit-ulcinj.com\/blog\/#website"},"datePublished":"2016-07-17T14:14:31+00:00","dateModified":"2016-07-17T14:17:55+00:00","author":{"@id":"https:\/\/www.visit-ulcinj.com\/blog\/#\/schema\/person\/dcab619c614d3038751c63bc2aadc06d"},"description":"Festa e Ver\u00ebs 2016 n\u00eb Kraj\u00eb, e cila n\u00eb vazhdim\u00ebsi organizohet n\u00eb k\u00ebt\u00eb trev\u00eb etnike shiqptare prej vitit 1993, do t\u00eb mbahet me dat\u00ebn 26 korrik t\u00eb k\u00ebtij","breadcrumb":{"@id":"https:\/\/www.visit-ulcinj.com\/blog\/2016\/07\/17\/festa-e-veres-2016-ne-kraje\/#breadcrumb"},"inLanguage":"en-US","potentialAction":[{"@type":"ReadAction","target":["https:\/\/www.visit-ulcinj.com\/blog\/2016\/07\/17\/festa-e-veres-2016-ne-kraje\/"]}]},{"@type":"BreadcrumbList","@id":"https:\/\/www.visit-ulcinj.com\/blog\/2016\/07\/17\/festa-e-veres-2016-ne-kraje\/#breadcrumb","itemListElement":[{"@type":"ListItem","position":1,"name":"Festa e ver\u00ebs 2016 n\u00eb Kraj\u00eb"}]},{"@type":"Person","@id":"https:\/\/www.visit-ulcinj.com\/blog\/#\/schema\/person\/dcab619c614d3038751c63bc2aadc06d","name":"ulqini","sameAs":["http:\/\/www.visit-ulcinj.com"],"url":"https:\/\/www.visit-ulcinj.com\/blog\/author\/admin\/"}]}},"jetpack_featured_media_url":"","jetpack_sharing_enabled":true,"jetpack_shortlink":"https:\/\/wp.me\/pe6lTn-pBh","_links":{"self":[{"href":"https:\/\/www.visit-ulcinj.com\/blog\/wp-json\/wp\/v2\/posts\/98411"}],"collection":[{"href":"https:\/\/www.visit-ulcinj.com\/blog\/wp-json\/wp\/v2\/posts"}],"about":[{"href":"https:\/\/www.visit-ulcinj.com\/blog\/wp-json\/wp\/v2\/types\/post"}],"author":[{"embeddable":true,"href":"https:\/\/www.visit-ulcinj.com\/blog\/wp-json\/wp\/v2\/users\/1"}],"replies":[{"embeddable":true,"href":"https:\/\/www.visit-ulcinj.com\/blog\/wp-json\/wp\/v2\/comments?post=98411"}],"version-history":[{"count":3,"href":"https:\/\/www.visit-ulcinj.com\/blog\/wp-json\/wp\/v2\/posts\/98411\/revisions"}],"predecessor-version":[{"id":98415,"href":"https:\/\/www.visit-ulcinj.com\/blog\/wp-json\/wp\/v2\/posts\/98411\/revisions\/98415"}],"wp:attachment":[{"href":"https:\/\/www.visit-ulcinj.com\/blog\/wp-json\/wp\/v2\/media?parent=98411"}],"wp:term":[{"taxonomy":"category","embeddable":true,"href":"https:\/\/www.visit-ulcinj.com\/blog\/wp-json\/wp\/v2\/categories?post=98411"},{"taxonomy":"post_tag","embeddable":true,"href":"https:\/\/www.visit-ulcinj.com\/blog\/wp-json\/wp\/v2\/tags?post=98411"}],"curies":[{"name":"wp","href":"https:\/\/api.w.org\/{rel}","templated":true}]}}