{"id":98421,"date":"2016-07-18T13:12:45","date_gmt":"2016-07-18T12:12:45","guid":{"rendered":"http:\/\/www.visit-ulcinj.com\/blog\/?p=98421"},"modified":"2016-07-18T13:14:19","modified_gmt":"2016-07-18T12:14:19","slug":"mali-i-zi-nen-trysni-politike-per-anetaresimin-ne-nato-video","status":"publish","type":"post","link":"https:\/\/www.visit-ulcinj.com\/blog\/2016\/07\/18\/mali-i-zi-nen-trysni-politike-per-anetaresimin-ne-nato-video\/","title":{"rendered":"Mali i Zi n\u00ebn trysni politike p\u00ebr an\u00ebtar\u00ebsimin n\u00eb NATO + Video"},"content":{"rendered":"<p><a href=\"http:\/\/www.visit-ulcinj.com\/blog\/wp-content\/uploads\/2015\/07\/crna-gora-nato-.jpg\"><img loading=\"lazy\" class=\"alignleft wp-image-91300\" src=\"http:\/\/www.visit-ulcinj.com\/blog\/wp-content\/uploads\/2015\/07\/crna-gora-nato-.jpg\" alt=\"crna-gora-nato-\" width=\"508\" height=\"295\" srcset=\"https:\/\/www.visit-ulcinj.com\/blog\/wp-content\/uploads\/2015\/07\/crna-gora-nato-.jpg 800w, https:\/\/www.visit-ulcinj.com\/blog\/wp-content\/uploads\/2015\/07\/crna-gora-nato--300x174.jpg 300w\" sizes=\"(max-width: 508px) 100vw, 508px\" \/><\/a>An\u00ebtar\u00ebsimi i Malit t\u00eb Zi n\u00eb NATO po shkakton f\u00ebrkime midis diplomacis\u00eb Ruse dhe autoriteteve malazeze p\u00ebr situat\u00ebn n\u00eb rajon. Nd\u00ebrsa Rusia po angazhohet p\u00ebr formimin e nj\u00eb territori neutral n\u00eb Ballkan, analist\u00ebt dhe zyrtar\u00ebt n\u00eb Mal t\u00eb Zi k\u00ebt\u00eb e kuptojn\u00eb si nj\u00eb trysni politike ndaj nj\u00eb shtetit t\u00eb vog\u00ebl n\u00eb rajon.<\/p>\n<p>Ata theksuan se integrimi n\u00eb NATO dhe BE \u00ebsht\u00eb tejet pozitiv p\u00ebr Podgoric\u00ebn dhe autoritetet malazeze k\u00ebrkuan nga Moska q\u00eb t\u00eb respektoj\u00eb t\u00eb drejt\u00ebn e Malit t\u00eb Zi p\u00ebr ti marr\u00eb vet vendimet p\u00ebr t\u00eb ardhmen e vendit.<\/p>\n<p>Korrespondenti i Z\u00ebrit t\u00eb Amerik\u00ebs Ali Salaj\u00a0 p\u00ebrgatiti kronik\u00ebn.<\/p>\n<p>VAO<\/p>\n<!--YouTube Error: bad URL entered-->\n","protected":false},"excerpt":{"rendered":"<p>An\u00ebtar\u00ebsimi i Malit t\u00eb Zi n\u00eb NATO po shkakton f\u00ebrkime midis diplomacis\u00eb Ruse dhe autoriteteve malazeze p\u00ebr situat\u00ebn n\u00eb rajon. Nd\u00ebrsa Rusia po angazhohet p\u00ebr formimin e nj\u00eb territori neutral n\u00eb Ballkan, analist\u00ebt dhe zyrtar\u00ebt n\u00eb Mal t\u00eb Zi k\u00ebt\u00eb e kuptojn\u00eb si nj\u00eb trysni politike ndaj nj\u00eb shtetit t\u00eb vog\u00ebl n\u00eb rajon. Ata theksuan [&hellip;]<\/p>\n","protected":false},"author":1,"featured_media":0,"comment_status":"closed","ping_status":"closed","sticky":false,"template":"","format":"standard","meta":{"spay_email":"","jetpack_publicize_message":"","jetpack_is_tweetstorm":false,"jetpack_publicize_feature_enabled":true},"categories":[6],"tags":[],"jetpack_publicize_connections":[],"yoast_head":"<!-- This site is optimized with the Yoast SEO plugin v19.1 - https:\/\/yoast.com\/wordpress\/plugins\/seo\/ -->\n<title>Mali i Zi n\u00ebn trysni politike p\u00ebr an\u00ebtar\u00ebsimin n\u00eb NATO + Video - Lajme nga Ulqini<\/title>\n<meta name=\"description\" content=\"An\u00ebtar\u00ebsimi i Malit t\u00eb Zi n\u00eb NATO po shkakton f\u00ebrkime midis diplomacis\u00eb Ruse dhe autoriteteve malazeze p\u00ebr situat\u00ebn n\u00eb rajon. Nd\u00ebrsa Rusia po angazhohet\" \/>\n<meta name=\"robots\" content=\"index, follow, max-snippet:-1, max-image-preview:large, max-video-preview:-1\" \/>\n<link rel=\"canonical\" href=\"https:\/\/www.visit-ulcinj.com\/blog\/2016\/07\/18\/mali-i-zi-nen-trysni-politike-per-anetaresimin-ne-nato-video\/\" \/>\n<meta property=\"og:locale\" content=\"en_US\" \/>\n<meta property=\"og:type\" content=\"article\" \/>\n<meta property=\"og:title\" content=\"Mali i Zi n\u00ebn trysni politike p\u00ebr an\u00ebtar\u00ebsimin n\u00eb NATO + Video - Lajme nga Ulqini\" \/>\n<meta property=\"og:description\" content=\"An\u00ebtar\u00ebsimi i Malit t\u00eb Zi n\u00eb NATO po shkakton f\u00ebrkime midis diplomacis\u00eb Ruse dhe autoriteteve malazeze p\u00ebr situat\u00ebn n\u00eb rajon. Nd\u00ebrsa Rusia po angazhohet\" \/>\n<meta property=\"og:url\" content=\"https:\/\/www.visit-ulcinj.com\/blog\/2016\/07\/18\/mali-i-zi-nen-trysni-politike-per-anetaresimin-ne-nato-video\/\" \/>\n<meta property=\"og:site_name\" content=\"Lajme nga Ulqini\" \/>\n<meta property=\"article:published_time\" content=\"2016-07-18T12:12:45+00:00\" \/>\n<meta property=\"article:modified_time\" content=\"2016-07-18T12:14:19+00:00\" \/>\n<meta property=\"og:image\" content=\"http:\/\/www.visit-ulcinj.com\/blog\/wp-content\/uploads\/2015\/07\/crna-gora-nato-.jpg\" \/>\n<meta name=\"twitter:label1\" content=\"Written by\" \/>\n\t<meta name=\"twitter:data1\" content=\"ulqini\" \/>\n\t<meta name=\"twitter:label2\" content=\"Est. reading time\" \/>\n\t<meta name=\"twitter:data2\" content=\"1 minute\" \/>\n<script type=\"application\/ld+json\" class=\"yoast-schema-graph\">{\"@context\":\"https:\/\/schema.org\",\"@graph\":[{\"@type\":\"WebSite\",\"@id\":\"https:\/\/www.visit-ulcinj.com\/blog\/#website\",\"url\":\"https:\/\/www.visit-ulcinj.com\/blog\/\",\"name\":\"Lajme nga Ulqini\",\"description\":\"Lajme,Vijesti,Ulqini,Ulqin,Crna Gora,Mali i Zi\",\"potentialAction\":[{\"@type\":\"SearchAction\",\"target\":{\"@type\":\"EntryPoint\",\"urlTemplate\":\"https:\/\/www.visit-ulcinj.com\/blog\/?s={search_term_string}\"},\"query-input\":\"required name=search_term_string\"}],\"inLanguage\":\"en-US\"},{\"@type\":\"ImageObject\",\"inLanguage\":\"en-US\",\"@id\":\"https:\/\/www.visit-ulcinj.com\/blog\/2016\/07\/18\/mali-i-zi-nen-trysni-politike-per-anetaresimin-ne-nato-video\/#primaryimage\",\"url\":\"https:\/\/www.visit-ulcinj.com\/blog\/wp-content\/uploads\/2015\/07\/crna-gora-nato-.jpg\",\"contentUrl\":\"https:\/\/www.visit-ulcinj.com\/blog\/wp-content\/uploads\/2015\/07\/crna-gora-nato-.jpg\",\"width\":800,\"height\":465},{\"@type\":\"WebPage\",\"@id\":\"https:\/\/www.visit-ulcinj.com\/blog\/2016\/07\/18\/mali-i-zi-nen-trysni-politike-per-anetaresimin-ne-nato-video\/#webpage\",\"url\":\"https:\/\/www.visit-ulcinj.com\/blog\/2016\/07\/18\/mali-i-zi-nen-trysni-politike-per-anetaresimin-ne-nato-video\/\",\"name\":\"Mali i Zi n\u00ebn trysni politike p\u00ebr an\u00ebtar\u00ebsimin n\u00eb NATO + Video - Lajme nga Ulqini\",\"isPartOf\":{\"@id\":\"https:\/\/www.visit-ulcinj.com\/blog\/#website\"},\"primaryImageOfPage\":{\"@id\":\"https:\/\/www.visit-ulcinj.com\/blog\/2016\/07\/18\/mali-i-zi-nen-trysni-politike-per-anetaresimin-ne-nato-video\/#primaryimage\"},\"datePublished\":\"2016-07-18T12:12:45+00:00\",\"dateModified\":\"2016-07-18T12:14:19+00:00\",\"author\":{\"@id\":\"https:\/\/www.visit-ulcinj.com\/blog\/#\/schema\/person\/dcab619c614d3038751c63bc2aadc06d\"},\"description\":\"An\u00ebtar\u00ebsimi i Malit t\u00eb Zi n\u00eb NATO po shkakton f\u00ebrkime midis diplomacis\u00eb Ruse dhe autoriteteve malazeze p\u00ebr situat\u00ebn n\u00eb rajon. Nd\u00ebrsa Rusia po angazhohet\",\"breadcrumb\":{\"@id\":\"https:\/\/www.visit-ulcinj.com\/blog\/2016\/07\/18\/mali-i-zi-nen-trysni-politike-per-anetaresimin-ne-nato-video\/#breadcrumb\"},\"inLanguage\":\"en-US\",\"potentialAction\":[{\"@type\":\"ReadAction\",\"target\":[\"https:\/\/www.visit-ulcinj.com\/blog\/2016\/07\/18\/mali-i-zi-nen-trysni-politike-per-anetaresimin-ne-nato-video\/\"]}]},{\"@type\":\"BreadcrumbList\",\"@id\":\"https:\/\/www.visit-ulcinj.com\/blog\/2016\/07\/18\/mali-i-zi-nen-trysni-politike-per-anetaresimin-ne-nato-video\/#breadcrumb\",\"itemListElement\":[{\"@type\":\"ListItem\",\"position\":1,\"name\":\"Mali i Zi n\u00ebn trysni politike p\u00ebr an\u00ebtar\u00ebsimin n\u00eb NATO + Video\"}]},{\"@type\":\"Person\",\"@id\":\"https:\/\/www.visit-ulcinj.com\/blog\/#\/schema\/person\/dcab619c614d3038751c63bc2aadc06d\",\"name\":\"ulqini\",\"sameAs\":[\"http:\/\/www.visit-ulcinj.com\"],\"url\":\"https:\/\/www.visit-ulcinj.com\/blog\/author\/admin\/\"}]}<\/script>\n<!-- \/ Yoast SEO plugin. -->","yoast_head_json":{"title":"Mali i Zi n\u00ebn trysni politike p\u00ebr an\u00ebtar\u00ebsimin n\u00eb NATO + Video - Lajme nga Ulqini","description":"An\u00ebtar\u00ebsimi i Malit t\u00eb Zi n\u00eb NATO po shkakton f\u00ebrkime midis diplomacis\u00eb Ruse dhe autoriteteve malazeze p\u00ebr situat\u00ebn n\u00eb rajon. Nd\u00ebrsa Rusia po angazhohet","robots":{"index":"index","follow":"follow","max-snippet":"max-snippet:-1","max-image-preview":"max-image-preview:large","max-video-preview":"max-video-preview:-1"},"canonical":"https:\/\/www.visit-ulcinj.com\/blog\/2016\/07\/18\/mali-i-zi-nen-trysni-politike-per-anetaresimin-ne-nato-video\/","og_locale":"en_US","og_type":"article","og_title":"Mali i Zi n\u00ebn trysni politike p\u00ebr an\u00ebtar\u00ebsimin n\u00eb NATO + Video - Lajme nga Ulqini","og_description":"An\u00ebtar\u00ebsimi i Malit t\u00eb Zi n\u00eb NATO po shkakton f\u00ebrkime midis diplomacis\u00eb Ruse dhe autoriteteve malazeze p\u00ebr situat\u00ebn n\u00eb rajon. Nd\u00ebrsa Rusia po angazhohet","og_url":"https:\/\/www.visit-ulcinj.com\/blog\/2016\/07\/18\/mali-i-zi-nen-trysni-politike-per-anetaresimin-ne-nato-video\/","og_site_name":"Lajme nga Ulqini","article_published_time":"2016-07-18T12:12:45+00:00","article_modified_time":"2016-07-18T12:14:19+00:00","og_image":[{"url":"http:\/\/www.visit-ulcinj.com\/blog\/wp-content\/uploads\/2015\/07\/crna-gora-nato-.jpg"}],"twitter_misc":{"Written by":"ulqini","Est. reading time":"1 minute"},"schema":{"@context":"https:\/\/schema.org","@graph":[{"@type":"WebSite","@id":"https:\/\/www.visit-ulcinj.com\/blog\/#website","url":"https:\/\/www.visit-ulcinj.com\/blog\/","name":"Lajme nga Ulqini","description":"Lajme,Vijesti,Ulqini,Ulqin,Crna Gora,Mali i Zi","potentialAction":[{"@type":"SearchAction","target":{"@type":"EntryPoint","urlTemplate":"https:\/\/www.visit-ulcinj.com\/blog\/?s={search_term_string}"},"query-input":"required name=search_term_string"}],"inLanguage":"en-US"},{"@type":"ImageObject","inLanguage":"en-US","@id":"https:\/\/www.visit-ulcinj.com\/blog\/2016\/07\/18\/mali-i-zi-nen-trysni-politike-per-anetaresimin-ne-nato-video\/#primaryimage","url":"https:\/\/www.visit-ulcinj.com\/blog\/wp-content\/uploads\/2015\/07\/crna-gora-nato-.jpg","contentUrl":"https:\/\/www.visit-ulcinj.com\/blog\/wp-content\/uploads\/2015\/07\/crna-gora-nato-.jpg","width":800,"height":465},{"@type":"WebPage","@id":"https:\/\/www.visit-ulcinj.com\/blog\/2016\/07\/18\/mali-i-zi-nen-trysni-politike-per-anetaresimin-ne-nato-video\/#webpage","url":"https:\/\/www.visit-ulcinj.com\/blog\/2016\/07\/18\/mali-i-zi-nen-trysni-politike-per-anetaresimin-ne-nato-video\/","name":"Mali i Zi n\u00ebn trysni politike p\u00ebr an\u00ebtar\u00ebsimin n\u00eb NATO + Video - Lajme nga Ulqini","isPartOf":{"@id":"https:\/\/www.visit-ulcinj.com\/blog\/#website"},"primaryImageOfPage":{"@id":"https:\/\/www.visit-ulcinj.com\/blog\/2016\/07\/18\/mali-i-zi-nen-trysni-politike-per-anetaresimin-ne-nato-video\/#primaryimage"},"datePublished":"2016-07-18T12:12:45+00:00","dateModified":"2016-07-18T12:14:19+00:00","author":{"@id":"https:\/\/www.visit-ulcinj.com\/blog\/#\/schema\/person\/dcab619c614d3038751c63bc2aadc06d"},"description":"An\u00ebtar\u00ebsimi i Malit t\u00eb Zi n\u00eb NATO po shkakton f\u00ebrkime midis diplomacis\u00eb Ruse dhe autoriteteve malazeze p\u00ebr situat\u00ebn n\u00eb rajon. Nd\u00ebrsa Rusia po angazhohet","breadcrumb":{"@id":"https:\/\/www.visit-ulcinj.com\/blog\/2016\/07\/18\/mali-i-zi-nen-trysni-politike-per-anetaresimin-ne-nato-video\/#breadcrumb"},"inLanguage":"en-US","potentialAction":[{"@type":"ReadAction","target":["https:\/\/www.visit-ulcinj.com\/blog\/2016\/07\/18\/mali-i-zi-nen-trysni-politike-per-anetaresimin-ne-nato-video\/"]}]},{"@type":"BreadcrumbList","@id":"https:\/\/www.visit-ulcinj.com\/blog\/2016\/07\/18\/mali-i-zi-nen-trysni-politike-per-anetaresimin-ne-nato-video\/#breadcrumb","itemListElement":[{"@type":"ListItem","position":1,"name":"Mali i Zi n\u00ebn trysni politike p\u00ebr an\u00ebtar\u00ebsimin n\u00eb NATO + Video"}]},{"@type":"Person","@id":"https:\/\/www.visit-ulcinj.com\/blog\/#\/schema\/person\/dcab619c614d3038751c63bc2aadc06d","name":"ulqini","sameAs":["http:\/\/www.visit-ulcinj.com"],"url":"https:\/\/www.visit-ulcinj.com\/blog\/author\/admin\/"}]}},"jetpack_featured_media_url":"","jetpack_sharing_enabled":true,"jetpack_shortlink":"https:\/\/wp.me\/pe6lTn-pBr","_links":{"self":[{"href":"https:\/\/www.visit-ulcinj.com\/blog\/wp-json\/wp\/v2\/posts\/98421"}],"collection":[{"href":"https:\/\/www.visit-ulcinj.com\/blog\/wp-json\/wp\/v2\/posts"}],"about":[{"href":"https:\/\/www.visit-ulcinj.com\/blog\/wp-json\/wp\/v2\/types\/post"}],"author":[{"embeddable":true,"href":"https:\/\/www.visit-ulcinj.com\/blog\/wp-json\/wp\/v2\/users\/1"}],"replies":[{"embeddable":true,"href":"https:\/\/www.visit-ulcinj.com\/blog\/wp-json\/wp\/v2\/comments?post=98421"}],"version-history":[{"count":2,"href":"https:\/\/www.visit-ulcinj.com\/blog\/wp-json\/wp\/v2\/posts\/98421\/revisions"}],"predecessor-version":[{"id":98423,"href":"https:\/\/www.visit-ulcinj.com\/blog\/wp-json\/wp\/v2\/posts\/98421\/revisions\/98423"}],"wp:attachment":[{"href":"https:\/\/www.visit-ulcinj.com\/blog\/wp-json\/wp\/v2\/media?parent=98421"}],"wp:term":[{"taxonomy":"category","embeddable":true,"href":"https:\/\/www.visit-ulcinj.com\/blog\/wp-json\/wp\/v2\/categories?post=98421"},{"taxonomy":"post_tag","embeddable":true,"href":"https:\/\/www.visit-ulcinj.com\/blog\/wp-json\/wp\/v2\/tags?post=98421"}],"curies":[{"name":"wp","href":"https:\/\/api.w.org\/{rel}","templated":true}]}}