{"id":98424,"date":"2016-07-18T13:20:03","date_gmt":"2016-07-18T12:20:03","guid":{"rendered":"http:\/\/www.visit-ulcinj.com\/blog\/?p=98424"},"modified":"2016-07-18T13:21:01","modified_gmt":"2016-07-18T12:21:01","slug":"nika-si-ma-vodhen-mandatin-e-deputetit-ne-97-98-dhe-pse","status":"publish","type":"post","link":"https:\/\/www.visit-ulcinj.com\/blog\/2016\/07\/18\/nika-si-ma-vodhen-mandatin-e-deputetit-ne-97-98-dhe-pse\/","title":{"rendered":"Nika:  Si ma vodh\u00ebn mandatin e deputetit n\u00eb 97-98 dhe pse\u2026.?!"},"content":{"rendered":"<p><em><strong><a href=\"http:\/\/www.visit-ulcinj.com\/blog\/wp-content\/uploads\/2014\/11\/Muhamet-Nika.jpg\"><img loading=\"lazy\" class=\"alignleft wp-image-86143 size-full\" src=\"http:\/\/www.visit-ulcinj.com\/blog\/wp-content\/uploads\/2014\/11\/Muhamet-Nika.jpg\" alt=\"Muhamet Nika\" width=\"256\" height=\"319\" srcset=\"https:\/\/www.visit-ulcinj.com\/blog\/wp-content\/uploads\/2014\/11\/Muhamet-Nika.jpg 256w, https:\/\/www.visit-ulcinj.com\/blog\/wp-content\/uploads\/2014\/11\/Muhamet-Nika-240x300.jpg 240w\" sizes=\"(max-width: 256px) 100vw, 256px\" \/><\/a>Shkruan Muhamet Nika<\/strong><\/em><\/p>\n<ol start=\"3\">\n<li><em><strong> ZGJEDHJET 2016\u00a0 <\/strong><\/em><\/li>\n<\/ol>\n<p><em><strong>\u00a0&#8211;\u00a0\u00a0 T\u00cb\u00a0\u00a0 ANULOJM\u00cb\u00a0 VOT\u00cbN\u2026?!!! <\/strong><\/em><\/p>\n<p><em><strong>&#8211;\u00a0 KUSH\u00a0 E HESHT KRIMIN I GARANTOHET FUND I FALIMENTUAR\u2026?!<\/strong><\/em><\/p>\n<p>N\u00eb shkrimin paraprak\u00a0 p\u00ebrmend\u00ebm se DPS shqiptar\u00ebve \u2013 \u00a0 Iu jepte \u201d pak\u00eb m\u00eb shum\u00eb deputet\u00eb\u201d(5 me kushtetut\u00eb) dhe n\u00ebse\u00a0 i nevojitej \u00a0ndonj\u00eb\u00a0 prej tyre \u00a0p\u00ebr shumic\u00eb, iu merrte\u00a0\u00a0 me trik zgjedhor &#8230;?! \u2013 Her\u00eb nj\u00eb\u00a0 , e her\u00eb dy&#8230;.?!<\/p>\n<p>Si pas praktik\u00ebs, shteti, anulonte nj\u00eb vend votim t\u00eb nj\u00ebsis\u00eb s\u00eb par\u00eb , ku p\u00ebrs\u00ebriteshin zakonisht zgjedhjet dhe pastaj \u00a0DPS duksh\u00ebm fitonte. Kjo i shkonte \u00a0n\u00eb favor deputetit shqiptar\u00eb nga DPS, \u00a0q\u00eb garonte \u00a0n\u00eb nj\u00ebsin\u00eb e dyt\u00eb dhe \u00a0i cili \u00a0rrezikohej nga deputeti i fundit nga lista shqiptare- q\u00eb\u00a0 at\u00ebher\u00eb i ra\u00a0 t\u00eb \u00a0isha un\u00eb&#8230;?!PRA SIPAS FORMUL\u00cbS S\u00cb DONTONIT \u2013 ISH I PRIVILEGJUAR&#8230;.?!<\/p>\n<p>\u00cbsht\u00eb \u00e7udi-\u00a0 por\u00a0 kjo pun\u00eb , p\u00ebr\u00a0 nj\u00eb koh\u00eb\u00a0\u00a0 t\u00eb gjat\u00eb \u201c\u00a0 tolerohej \u201c edhe nga opozita &#8230;?! P\u00ebr ata q\u00eb d\u00ebshirojn\u00eb t\u00eb din\u00eb arsyen- \u00a0le t\u00eb ndjekin vazhdimin e 4 t\u00eb\u00a0 radh\u00ebs s\u00eb\u00a0 k\u00ebtij shkrimi&#8230;?<\/p>\n<p>Pasi ngjau akti\u00a0 i grabitjes s\u00eb \u00a0cekur &#8211; pata nj\u00eb bised\u00eb n\u00eb 4 sy me Bardhin .\u00a0 Por q\u00eb p\u00ebr k\u00ebt\u00eb bised\u00eb ,\u00a0 asnj\u00ebher\u00eb nuk kam folur publikisht&#8230;?! Bile as n\u00eb tekstin publik t\u00eb dor\u00ebheqjes&#8230;.?!!<\/p>\n<p>Bardhi , n\u00eb k\u00ebt\u00eb pun\u00eb , u mundua q\u00eb\u00a0 \u00a0fajin \u00a0p\u00ebr \u00a0vjedhje, ta hedh edhe\u00a0 te an\u00ebtari i \u00a0kryesis\u00eb s\u00eb Lidhjes ,q\u00eb v\u00ebllain e kish \u00a0\u00a0an\u00ebtar\u00eb\u00a0 t\u00eb \u00a0komisionit \u00a0zgjedhor republikan . Dhe \u00a0i cili \u201c na e kish hedhur &#8230;.\u201d, \u00a0pasi kish n\u00ebnshkruar\u00a0 si p\u00ebrfaq\u00ebsues i yni\u00a0 q\u00eb LD,\u00a0 \u00a0n\u00eb zgjedhje\u00a0 kish fituar\u00a0 vet\u00ebm\u00a0 nj\u00eb deputet ?!<\/p>\n<p>Nd\u00ebrsa\u00a0 un\u00eb\u00a0 , \u00a0isha v\u00ebrtetuar n\u00eb t\u00eb kund\u00ebrt\u00ebn e k\u00ebsaj q\u00eb thuhej- vet\u00eb personalisht. \u00a0Duke u bindur,\u00a0 q\u00eb \u00a0\u00a0ky person, k\u00ebt\u00eb e kish n\u00ebnshkruar \u2013 i manipuluar\u00a0 dhe me siguri- pa dijen e vet( t\u00eb pakt\u00ebn kjo ish bindja e ime&#8230;).<\/p>\n<p>\u00c7\u2019 \u00ebsht\u00eb\u00a0 e v\u00ebrteta , p\u00ebr\u00a0 veprimin\u00a0 e tij , u binda dhe\u00a0 fillova t\u00eb dyshoj \u00a0edhe\u00a0 pse lajmi i par\u00eb i rezultatit \u00a0n\u00eb TV , \u00a0ishte se LD- kish fituar dy deputet\u00eb&#8230;.?! Dyshimi\u00a0 mu shtua- nat\u00ebn e zgjedhjeve, kur\u00a0 nj\u00eb shok i imi( <em>edhe k\u00ebtij nuk po ia p\u00ebrmend emrin me q\u00ebllim<\/em>&#8230;)?! ,\u00a0\u00a0 e kish thirr direkt\u00a0 n\u00eb telefon : \u201c &#8230;.Se kush kish fituar &#8230; dhe ky po duket \u2013 \u201cmortus pijanus&#8230;\u201d, i ish p\u00ebrgjigjur q\u00eb kish fituar \u201c Da \u017divimo\u00a0 Blje&#8230;\u201c?!! Nd\u00ebrsa \u00a0kish pasuar\u00a0 pyetja e radh\u00ebs: \u201e Nuk po ju pyes p\u00ebr \u201e Da zhivimo bole&#8230;.\u201c, por a ka fitu\u00a0 Muhamet Nika&#8230;.\u201c?!\u00a0 T\u00eb nes\u00ebrmen- pas dreke, u takova personalisht\u00a0 me\u00a0 t\u00eb\u00a0 si an\u00ebtar i\u00a0 komisionit,\u00a0 n\u00eb nj\u00eb kafiteri t\u00eb Kat\u00ebrkoll\u00ebs. Kurse ai \u00a0mundohej t\u00eb m\u00eb siguronte \u00a0q\u00eb ishte \u00a0\u00a0fituar \u00a0edhe mandati i dyt\u00eb..?! Pasi pash\u00eb\u00a0 q\u00eb n\u00eb dor\u00eb mbante\u00a0 2\u00a0 procesverbale t\u00eb\u00a0 komisionit dhe \u00a0i \u00a0thash hapi , pash\u00eb se \u00a0nuk ishin t\u00eb ngjajsh\u00ebm- \u00a0sipas nj\u00ebrit Lidhja kish fituar 2 deputet\u00eb \u00a0dhe tjetrit \u2013 vet\u00ebm nj\u00eb\u00a0 1 deputet?!<\/p>\n<p>P\u00ebr \u00e7udin\u00eb time , pash\u00eb se\u00a0 t\u00eb dy procesverbalet ishin n\u00ebnshkruar\u00a0 nga t\u00eb gjith\u00eb an\u00ebtar\u00ebt\u00a0 e komisionit nga t\u00eb gjitha partit\u00eb?! Por edhe ky vet \u2013 dukej\u00a0 t\u00eb ishte i habitur&#8230; , duke u munduar t\u00eb m\u00eb bind\u00eb n\u00eb validitetin\u00a0 e t\u00eb parit&#8230; ?! Dhe se\u00a0 k\u00ebte\u00a0 gj\u00eb vet\u00ebm tashti po e shihte &#8230;.?! Kuptohet , se\u00a0 p\u00ebrve\u00e7 asaj q\u00eb i thash : pse e ke n\u00ebnshkruar edhe t\u00eb dytin- kur ke n\u00ebnshkruar t\u00eb parin&#8230;,?! Nd\u00ebrsa \u00a0ai \u00a0rrudhte \u00a0vet\u00ebm \u00a0krah\u00ebt..?!!<\/p>\n<p>Kuptohet q\u00eb u solla n\u00eb m\u00ebnyr\u00eb t\u00eb denj\u00eb me te , pasi pash\u00eb q\u00eb \u00a0ishte e qart\u00eb \u00a0, q\u00eb rezultatin e\u00a0\u00a0 grabitjes s\u00eb t\u00eb dytit &#8230;, e kish p\u00ebrpunuar policia e fshet\u00eb , mbi t\u00eb cil\u00ebn , p\u00ebr koh\u00ebn nuk ia vlente t\u00eb ngriteshe ?! Vet\u00ebm\u00a0 se u sigurova, \u00a0q\u00eb \u00a0procesverbalet do t\u2019ia dor\u00ebzonte \u00a0Bardhit&#8230;.?!<\/p>\n<p>Por po i kthehem tem\u00ebs&#8230;, kujtoj \u00a0q\u00eb Bardhit , i thash\u00eb\u00a0 se ka mund\u00ebsi t\u00eb jet\u00eb edhe ashtu, q\u00eb na e kan\u00eb vjedhur duke na e futur&#8230;, por p\u00ebrse t\u00eb mos ankohemi n\u00eb instanc\u00ebn p\u00ebrkat\u00ebse dhe bile t\u00eb shfryt\u00ebzonim t\u00eb drejt\u00ebn e njehjes s\u00eb votave \u00a0edhe me dor\u00eb( 30mij\u00eb votat e \u00a0njesis\u00eb s\u00eb dyt\u00eb) ? E \u00a0duke e paguar edhe na vet\u00eb \u00a0&#8211; si parti komisionin \u2013 Te kjo ide, \u00a0ardha , sepse edhe n\u00eb Amerik\u00eb\u00a0 k\u00ebt\u00eb vit \u00a0p\u00ebr t\u00eb mos p\u00ebrs\u00ebritur zgjedhjet kishin pranuar q\u00eb edhe nj\u00eb her\u00eb me dor\u00eb t\u00eb njeheshin votat&#8230;?! Por kuptohet\u00a0 , se k\u00ebt\u00eb propozim\u00a0 timin nuk e pranoi dhe at\u00ebher\u00eb \u2013 pas disa koh\u00ebsh , kur u binda n\u00eb shitjen e mandatit\u00a0 tim- vendosa\u00a0 t\u00eb largohem nga Ld-\u00a0 ja , edhe pse isha i vet\u00ebdijsh\u00ebm , q\u00eb propaganda e saj \u2013 do t\u00eb m\u00eb shpallte\u00a0 si tradh\u00ebtar , mir\u00ebpo nuk u brengosa?!<\/p>\n<p>&#8211; K\u00ebt\u00eb e b\u00ebn\u00eb edhe her\u00ebve tjera&#8230;.??!!!! Por nejse \u2013 koha d\u00ebshmoi dhe d\u00ebshmon t\u00eb v\u00ebrtet\u00ebn&#8230;?!<\/p>\n<p>Po duket &#8211; un\u00eb\u00a0 u flijova , sepse DPS- it , i mungonte vet\u00ebm nj\u00eb deputet,p\u00ebr t\u00eb b\u00ebr\u00eb shumic\u00ebn&#8230;?! ATA \u2013SHTETI ; P\u00cbR T\u00cb SIGURUAR K\u00cbT\u00cb \u00a0P\u00cbRS\u00cbRITEN ZGJEDHJET N\u00cb NJ\u00cb VENDVOTIM N\u00cb NJ\u00cbSIN\u00cb E PAR\u00cb \u2013 DIKU N\u00cb TIVAT ,\u00a0 I CILI P\u00cbRFUNDIMISHT , SIPAS MUND\u00cbSIS\u00cb S\u00cb DERDHJES S\u00cb VOTAVE &#8211; PREJ NJ\u00cbSIS\u00cb \u00a0\u00a0S\u00cb PAR\u00cb N\u00cb NJ\u00cbSIN\u00cb E DYT\u00cb- \u00a0ME SHTYRI\u00a0 MUA ME VOTAT E TIVATIT JASHT\u00cb PARLAMENTIT..?!<\/p>\n<p>\u2013 KAM D\u00cbGJUAR Q\u00cb N\u00cb K\u00cbT\u00cb VEND VOTIM ( Q\u00cb Q\u00cbLLIMISHT ISH ANULUAR, ISHIN \u00a0VOTUES KRYESISHT FAMILJAR\u00cb T\u00cb USHTRIS\u00cb JUGOSLLAVE\u00a0 T\u00cb CIL\u00cbT LEHT\u00cb VOTONIN &#8211;\u00a0 \u201eP\u00cbR MOTIV PATRIOTIK..\u201c <em>, SEPSE RREZIKOHESHIN NGA HYRJA N\u00cb QEVERI , T\u00cb NDONJ\u00cb MINISTRI \u00a0SHQIPTAR : T\u00cb MBROJTJES \u2013 POLICIS\u00cb &#8211;\u00a0 \u00a0T\u00cb PUN\u00cbVE T\u00cb JASHTME,\u00a0 APO\u00a0 T\u00cb\u00a0 FINANCAVE&#8230;?! E Q\u00cb KJO T\u00cb MOS NDODHTE\u00a0 \u2013 ISH DAKORD\u00a0 DHE \u00a0P\u00cbRKUJDES\u00cbJ EDHE OPOZITA..?!!! \u00a0SHIKUAR N\u00cb ANOLOGJI \u2013 KJO I BINTE P\u00cbR TA &#8211; SIKUR T\u00cb KISHE GABELIN DH\u00cbND\u00cbR&#8230;.?! MBASE KY RREGULL\u00a0 I PA SHKRUAR\u00a0 VLEN EDHE SOT&#8230;?!!<\/em><\/p>\n<p>Pra deri diku \u2013 Bardhi MBASE \u00a0edhe kish t\u00eb drejt\u00eb q\u00eb nuk ankohej, \u00a0sepse \u2013 ne nuk e kishim\u00a0 t\u00eb mundur\u00a0 t\u00eb fitonim vota n\u00eb nj\u00ebsin\u00eb e par\u00eb nga serbo malazez\u00ebt E USHTRIS\u00cb JUGOSLLAVE&#8230;?!!!<\/p>\n<p>M\u00eb von\u00eb pun\u00ebt ndryshuan dhe\u00a0 po- Cungu , \u201e u kujtua\u201c dhe filloi t\u00eb fitoj\u00eb\u00a0 vota edhe n\u00eb nj\u00ebsin\u00eb e par\u00eb- Ai e di se si&#8230;?!!Por kur nuk \u00a0u\u00a0 piu m\u00eb uj\u00eb ligji nga Cungu&#8230;, u ra nd\u00ebr mend ta nd\u00ebrrojn\u00eb \u00a0ligjin \u00a0e ta \u00e7ojn\u00eb n\u00eb Venecia<\/p>\n<p>&#8211; <strong><em>Prandaj pas miratimit t\u00eb ligjit t\u00eb ri, \u00a0\u00a0pat\u00ebm k\u00ebt\u00eb fotografi&#8230;, \u00a0q\u00eb dikush qeshte e dikush sa nuk qante..?!!<\/em><\/strong><\/p>\n<div id=\"attachment_63749\" style=\"width: 518px\" class=\"wp-caption alignleft\"><a href=\"http:\/\/www.visit-ulcinj.com\/blog\/wp-content\/uploads\/2012\/09\/gencinimanbegu-vaseljsinistaj-mehmetzenka-mehmetbardhi.jpg\"><img aria-describedby=\"caption-attachment-63749\" loading=\"lazy\" class=\"wp-image-63749\" src=\"http:\/\/www.visit-ulcinj.com\/blog\/wp-content\/uploads\/2012\/09\/gencinimanbegu-vaseljsinistaj-mehmetzenka-mehmetbardhi.jpg\" alt=\"Predstavnici albanskih stranaka (Foto: Luka Zekovi?)\" width=\"508\" height=\"344\" srcset=\"https:\/\/www.visit-ulcinj.com\/blog\/wp-content\/uploads\/2012\/09\/gencinimanbegu-vaseljsinistaj-mehmetzenka-mehmetbardhi.jpg 1000w, https:\/\/www.visit-ulcinj.com\/blog\/wp-content\/uploads\/2012\/09\/gencinimanbegu-vaseljsinistaj-mehmetzenka-mehmetbardhi-300x203.jpg 300w\" sizes=\"(max-width: 508px) 100vw, 508px\" \/><\/a><p id=\"caption-attachment-63749\" class=\"wp-caption-text\"><strong>Predstavnici albanskih stranaka (Foto: Luka Zekoviq)<\/strong><\/p><\/div>\n<p><strong><em>Predstavnici albanskih stranaka (Foto: Luka Zekoviq)<\/em><\/strong><\/p>\n<p>&nbsp;<\/p>\n<p><strong><em>\u00a0Vazhdon \u2013 nr. 4.<\/em><\/strong><\/p>\n<p><strong><em>\u00c7far\u00eb i tha\u00a0 deputeti serb \u2013Dragan Shoq, Filip Vujanoviqit rreth\u00a0 vendeve t\u00eb garantuara shqiptare \u00a0dhe si u zhvillua m\u00eb tej ngjarja&#8230; <\/em><\/strong><\/p>\n<p><strong><em>Kush e flijoi\u00a0 mandatit tim&#8230;..?!!<\/em><\/strong><\/p>\n<p><strong>Pik\u00ebpamjet e shprehura n\u00eb faqen \u201cOPINIONE\u201d nuk p\u00ebrfaq\u00ebsojn\u00eb domosdoshm\u00ebrisht politik\u00ebn redaksionale t\u00eb \u201eLajmeve nga Ulqini\u201e<\/strong><\/p>\n","protected":false},"excerpt":{"rendered":"<p>Shkruan Muhamet Nika ZGJEDHJET 2016\u00a0 \u00a0&#8211;\u00a0\u00a0 T\u00cb\u00a0\u00a0 ANULOJM\u00cb\u00a0 VOT\u00cbN\u2026?!!! &#8211;\u00a0 KUSH\u00a0 E HESHT KRIMIN I GARANTOHET FUND I FALIMENTUAR\u2026?! N\u00eb shkrimin paraprak\u00a0 p\u00ebrmend\u00ebm se DPS shqiptar\u00ebve \u2013 \u00a0 Iu jepte \u201d pak\u00eb m\u00eb shum\u00eb deputet\u00eb\u201d(5 me kushtetut\u00eb) dhe n\u00ebse\u00a0 i nevojitej \u00a0ndonj\u00eb\u00a0 prej tyre \u00a0p\u00ebr shumic\u00eb, iu merrte\u00a0\u00a0 me trik zgjedhor &#8230;?! \u2013 Her\u00eb nj\u00eb\u00a0 [&hellip;]<\/p>\n","protected":false},"author":1,"featured_media":0,"comment_status":"closed","ping_status":"closed","sticky":false,"template":"","format":"standard","meta":{"spay_email":"","jetpack_publicize_message":"","jetpack_is_tweetstorm":false,"jetpack_publicize_feature_enabled":true},"categories":[14249],"tags":[],"jetpack_publicize_connections":[],"yoast_head":"<!-- This site is optimized with the Yoast SEO plugin v19.1 - https:\/\/yoast.com\/wordpress\/plugins\/seo\/ -->\n<title>Nika: Si ma vodh\u00ebn mandatin e deputetit n\u00eb 97-98 dhe pse\u2026.?! - Lajme nga Ulqini<\/title>\n<meta name=\"description\" content=\"Shkruan Muhamet Nika ZGJEDHJET 2016\u00a0 \u00a0-\u00a0\u00a0 T\u00cb\u00a0\u00a0 ANULOJM\u00cb\u00a0 VOT\u00cbN\u2026?!!! -\u00a0 KUSH\u00a0 E HESHT KRIMIN I GARANTOHET FUND I FALIMENTUAR\u2026?! N\u00eb shkrimin paraprak\u00a0\" \/>\n<meta name=\"robots\" content=\"index, follow, max-snippet:-1, max-image-preview:large, max-video-preview:-1\" \/>\n<link rel=\"canonical\" href=\"https:\/\/www.visit-ulcinj.com\/blog\/2016\/07\/18\/nika-si-ma-vodhen-mandatin-e-deputetit-ne-97-98-dhe-pse\/\" \/>\n<meta property=\"og:locale\" content=\"en_US\" \/>\n<meta property=\"og:type\" content=\"article\" \/>\n<meta property=\"og:title\" content=\"Nika: Si ma vodh\u00ebn mandatin e deputetit n\u00eb 97-98 dhe pse\u2026.?! - Lajme nga Ulqini\" \/>\n<meta property=\"og:description\" content=\"Shkruan Muhamet Nika ZGJEDHJET 2016\u00a0 \u00a0-\u00a0\u00a0 T\u00cb\u00a0\u00a0 ANULOJM\u00cb\u00a0 VOT\u00cbN\u2026?!!! -\u00a0 KUSH\u00a0 E HESHT KRIMIN I GARANTOHET FUND I FALIMENTUAR\u2026?! N\u00eb shkrimin paraprak\u00a0\" \/>\n<meta property=\"og:url\" content=\"https:\/\/www.visit-ulcinj.com\/blog\/2016\/07\/18\/nika-si-ma-vodhen-mandatin-e-deputetit-ne-97-98-dhe-pse\/\" \/>\n<meta property=\"og:site_name\" content=\"Lajme nga Ulqini\" \/>\n<meta property=\"article:published_time\" content=\"2016-07-18T12:20:03+00:00\" \/>\n<meta property=\"article:modified_time\" content=\"2016-07-18T12:21:01+00:00\" \/>\n<meta property=\"og:image\" content=\"http:\/\/www.visit-ulcinj.com\/blog\/wp-content\/uploads\/2014\/11\/Muhamet-Nika.jpg\" \/>\n<meta name=\"twitter:label1\" content=\"Written by\" \/>\n\t<meta name=\"twitter:data1\" content=\"ulqini\" \/>\n\t<meta name=\"twitter:label2\" content=\"Est. reading time\" \/>\n\t<meta name=\"twitter:data2\" content=\"6 minutes\" \/>\n<script type=\"application\/ld+json\" class=\"yoast-schema-graph\">{\"@context\":\"https:\/\/schema.org\",\"@graph\":[{\"@type\":\"WebSite\",\"@id\":\"https:\/\/www.visit-ulcinj.com\/blog\/#website\",\"url\":\"https:\/\/www.visit-ulcinj.com\/blog\/\",\"name\":\"Lajme nga Ulqini\",\"description\":\"Lajme,Vijesti,Ulqini,Ulqin,Crna Gora,Mali i Zi\",\"potentialAction\":[{\"@type\":\"SearchAction\",\"target\":{\"@type\":\"EntryPoint\",\"urlTemplate\":\"https:\/\/www.visit-ulcinj.com\/blog\/?s={search_term_string}\"},\"query-input\":\"required name=search_term_string\"}],\"inLanguage\":\"en-US\"},{\"@type\":\"ImageObject\",\"inLanguage\":\"en-US\",\"@id\":\"https:\/\/www.visit-ulcinj.com\/blog\/2016\/07\/18\/nika-si-ma-vodhen-mandatin-e-deputetit-ne-97-98-dhe-pse\/#primaryimage\",\"url\":\"https:\/\/www.visit-ulcinj.com\/blog\/wp-content\/uploads\/2014\/11\/Muhamet-Nika.jpg\",\"contentUrl\":\"https:\/\/www.visit-ulcinj.com\/blog\/wp-content\/uploads\/2014\/11\/Muhamet-Nika.jpg\",\"width\":256,\"height\":319},{\"@type\":\"WebPage\",\"@id\":\"https:\/\/www.visit-ulcinj.com\/blog\/2016\/07\/18\/nika-si-ma-vodhen-mandatin-e-deputetit-ne-97-98-dhe-pse\/#webpage\",\"url\":\"https:\/\/www.visit-ulcinj.com\/blog\/2016\/07\/18\/nika-si-ma-vodhen-mandatin-e-deputetit-ne-97-98-dhe-pse\/\",\"name\":\"Nika: Si ma vodh\u00ebn mandatin e deputetit n\u00eb 97-98 dhe pse\u2026.?! - Lajme nga Ulqini\",\"isPartOf\":{\"@id\":\"https:\/\/www.visit-ulcinj.com\/blog\/#website\"},\"primaryImageOfPage\":{\"@id\":\"https:\/\/www.visit-ulcinj.com\/blog\/2016\/07\/18\/nika-si-ma-vodhen-mandatin-e-deputetit-ne-97-98-dhe-pse\/#primaryimage\"},\"datePublished\":\"2016-07-18T12:20:03+00:00\",\"dateModified\":\"2016-07-18T12:21:01+00:00\",\"author\":{\"@id\":\"https:\/\/www.visit-ulcinj.com\/blog\/#\/schema\/person\/dcab619c614d3038751c63bc2aadc06d\"},\"description\":\"Shkruan Muhamet Nika ZGJEDHJET 2016\u00a0 \u00a0-\u00a0\u00a0 T\u00cb\u00a0\u00a0 ANULOJM\u00cb\u00a0 VOT\u00cbN\u2026?!!! -\u00a0 KUSH\u00a0 E HESHT KRIMIN I GARANTOHET FUND I FALIMENTUAR\u2026?! N\u00eb shkrimin paraprak\u00a0\",\"breadcrumb\":{\"@id\":\"https:\/\/www.visit-ulcinj.com\/blog\/2016\/07\/18\/nika-si-ma-vodhen-mandatin-e-deputetit-ne-97-98-dhe-pse\/#breadcrumb\"},\"inLanguage\":\"en-US\",\"potentialAction\":[{\"@type\":\"ReadAction\",\"target\":[\"https:\/\/www.visit-ulcinj.com\/blog\/2016\/07\/18\/nika-si-ma-vodhen-mandatin-e-deputetit-ne-97-98-dhe-pse\/\"]}]},{\"@type\":\"BreadcrumbList\",\"@id\":\"https:\/\/www.visit-ulcinj.com\/blog\/2016\/07\/18\/nika-si-ma-vodhen-mandatin-e-deputetit-ne-97-98-dhe-pse\/#breadcrumb\",\"itemListElement\":[{\"@type\":\"ListItem\",\"position\":1,\"name\":\"Nika: Si ma vodh\u00ebn mandatin e deputetit n\u00eb 97-98 dhe pse\u2026.?!\"}]},{\"@type\":\"Person\",\"@id\":\"https:\/\/www.visit-ulcinj.com\/blog\/#\/schema\/person\/dcab619c614d3038751c63bc2aadc06d\",\"name\":\"ulqini\",\"sameAs\":[\"http:\/\/www.visit-ulcinj.com\"],\"url\":\"https:\/\/www.visit-ulcinj.com\/blog\/author\/admin\/\"}]}<\/script>\n<!-- \/ Yoast SEO plugin. -->","yoast_head_json":{"title":"Nika: Si ma vodh\u00ebn mandatin e deputetit n\u00eb 97-98 dhe pse\u2026.?! - Lajme nga Ulqini","description":"Shkruan Muhamet Nika ZGJEDHJET 2016\u00a0 \u00a0-\u00a0\u00a0 T\u00cb\u00a0\u00a0 ANULOJM\u00cb\u00a0 VOT\u00cbN\u2026?!!! -\u00a0 KUSH\u00a0 E HESHT KRIMIN I GARANTOHET FUND I FALIMENTUAR\u2026?! N\u00eb shkrimin paraprak\u00a0","robots":{"index":"index","follow":"follow","max-snippet":"max-snippet:-1","max-image-preview":"max-image-preview:large","max-video-preview":"max-video-preview:-1"},"canonical":"https:\/\/www.visit-ulcinj.com\/blog\/2016\/07\/18\/nika-si-ma-vodhen-mandatin-e-deputetit-ne-97-98-dhe-pse\/","og_locale":"en_US","og_type":"article","og_title":"Nika: Si ma vodh\u00ebn mandatin e deputetit n\u00eb 97-98 dhe pse\u2026.?! - Lajme nga Ulqini","og_description":"Shkruan Muhamet Nika ZGJEDHJET 2016\u00a0 \u00a0-\u00a0\u00a0 T\u00cb\u00a0\u00a0 ANULOJM\u00cb\u00a0 VOT\u00cbN\u2026?!!! -\u00a0 KUSH\u00a0 E HESHT KRIMIN I GARANTOHET FUND I FALIMENTUAR\u2026?! N\u00eb shkrimin paraprak\u00a0","og_url":"https:\/\/www.visit-ulcinj.com\/blog\/2016\/07\/18\/nika-si-ma-vodhen-mandatin-e-deputetit-ne-97-98-dhe-pse\/","og_site_name":"Lajme nga Ulqini","article_published_time":"2016-07-18T12:20:03+00:00","article_modified_time":"2016-07-18T12:21:01+00:00","og_image":[{"url":"http:\/\/www.visit-ulcinj.com\/blog\/wp-content\/uploads\/2014\/11\/Muhamet-Nika.jpg"}],"twitter_misc":{"Written by":"ulqini","Est. reading time":"6 minutes"},"schema":{"@context":"https:\/\/schema.org","@graph":[{"@type":"WebSite","@id":"https:\/\/www.visit-ulcinj.com\/blog\/#website","url":"https:\/\/www.visit-ulcinj.com\/blog\/","name":"Lajme nga Ulqini","description":"Lajme,Vijesti,Ulqini,Ulqin,Crna Gora,Mali i Zi","potentialAction":[{"@type":"SearchAction","target":{"@type":"EntryPoint","urlTemplate":"https:\/\/www.visit-ulcinj.com\/blog\/?s={search_term_string}"},"query-input":"required name=search_term_string"}],"inLanguage":"en-US"},{"@type":"ImageObject","inLanguage":"en-US","@id":"https:\/\/www.visit-ulcinj.com\/blog\/2016\/07\/18\/nika-si-ma-vodhen-mandatin-e-deputetit-ne-97-98-dhe-pse\/#primaryimage","url":"https:\/\/www.visit-ulcinj.com\/blog\/wp-content\/uploads\/2014\/11\/Muhamet-Nika.jpg","contentUrl":"https:\/\/www.visit-ulcinj.com\/blog\/wp-content\/uploads\/2014\/11\/Muhamet-Nika.jpg","width":256,"height":319},{"@type":"WebPage","@id":"https:\/\/www.visit-ulcinj.com\/blog\/2016\/07\/18\/nika-si-ma-vodhen-mandatin-e-deputetit-ne-97-98-dhe-pse\/#webpage","url":"https:\/\/www.visit-ulcinj.com\/blog\/2016\/07\/18\/nika-si-ma-vodhen-mandatin-e-deputetit-ne-97-98-dhe-pse\/","name":"Nika: Si ma vodh\u00ebn mandatin e deputetit n\u00eb 97-98 dhe pse\u2026.?! - Lajme nga Ulqini","isPartOf":{"@id":"https:\/\/www.visit-ulcinj.com\/blog\/#website"},"primaryImageOfPage":{"@id":"https:\/\/www.visit-ulcinj.com\/blog\/2016\/07\/18\/nika-si-ma-vodhen-mandatin-e-deputetit-ne-97-98-dhe-pse\/#primaryimage"},"datePublished":"2016-07-18T12:20:03+00:00","dateModified":"2016-07-18T12:21:01+00:00","author":{"@id":"https:\/\/www.visit-ulcinj.com\/blog\/#\/schema\/person\/dcab619c614d3038751c63bc2aadc06d"},"description":"Shkruan Muhamet Nika ZGJEDHJET 2016\u00a0 \u00a0-\u00a0\u00a0 T\u00cb\u00a0\u00a0 ANULOJM\u00cb\u00a0 VOT\u00cbN\u2026?!!! -\u00a0 KUSH\u00a0 E HESHT KRIMIN I GARANTOHET FUND I FALIMENTUAR\u2026?! N\u00eb shkrimin paraprak\u00a0","breadcrumb":{"@id":"https:\/\/www.visit-ulcinj.com\/blog\/2016\/07\/18\/nika-si-ma-vodhen-mandatin-e-deputetit-ne-97-98-dhe-pse\/#breadcrumb"},"inLanguage":"en-US","potentialAction":[{"@type":"ReadAction","target":["https:\/\/www.visit-ulcinj.com\/blog\/2016\/07\/18\/nika-si-ma-vodhen-mandatin-e-deputetit-ne-97-98-dhe-pse\/"]}]},{"@type":"BreadcrumbList","@id":"https:\/\/www.visit-ulcinj.com\/blog\/2016\/07\/18\/nika-si-ma-vodhen-mandatin-e-deputetit-ne-97-98-dhe-pse\/#breadcrumb","itemListElement":[{"@type":"ListItem","position":1,"name":"Nika: Si ma vodh\u00ebn mandatin e deputetit n\u00eb 97-98 dhe pse\u2026.?!"}]},{"@type":"Person","@id":"https:\/\/www.visit-ulcinj.com\/blog\/#\/schema\/person\/dcab619c614d3038751c63bc2aadc06d","name":"ulqini","sameAs":["http:\/\/www.visit-ulcinj.com"],"url":"https:\/\/www.visit-ulcinj.com\/blog\/author\/admin\/"}]}},"jetpack_featured_media_url":"","jetpack_sharing_enabled":true,"jetpack_shortlink":"https:\/\/wp.me\/pe6lTn-pBu","_links":{"self":[{"href":"https:\/\/www.visit-ulcinj.com\/blog\/wp-json\/wp\/v2\/posts\/98424"}],"collection":[{"href":"https:\/\/www.visit-ulcinj.com\/blog\/wp-json\/wp\/v2\/posts"}],"about":[{"href":"https:\/\/www.visit-ulcinj.com\/blog\/wp-json\/wp\/v2\/types\/post"}],"author":[{"embeddable":true,"href":"https:\/\/www.visit-ulcinj.com\/blog\/wp-json\/wp\/v2\/users\/1"}],"replies":[{"embeddable":true,"href":"https:\/\/www.visit-ulcinj.com\/blog\/wp-json\/wp\/v2\/comments?post=98424"}],"version-history":[{"count":2,"href":"https:\/\/www.visit-ulcinj.com\/blog\/wp-json\/wp\/v2\/posts\/98424\/revisions"}],"predecessor-version":[{"id":98426,"href":"https:\/\/www.visit-ulcinj.com\/blog\/wp-json\/wp\/v2\/posts\/98424\/revisions\/98426"}],"wp:attachment":[{"href":"https:\/\/www.visit-ulcinj.com\/blog\/wp-json\/wp\/v2\/media?parent=98424"}],"wp:term":[{"taxonomy":"category","embeddable":true,"href":"https:\/\/www.visit-ulcinj.com\/blog\/wp-json\/wp\/v2\/categories?post=98424"},{"taxonomy":"post_tag","embeddable":true,"href":"https:\/\/www.visit-ulcinj.com\/blog\/wp-json\/wp\/v2\/tags?post=98424"}],"curies":[{"name":"wp","href":"https:\/\/api.w.org\/{rel}","templated":true}]}}