{"id":98430,"date":"2016-07-18T13:47:32","date_gmt":"2016-07-18T12:47:32","guid":{"rendered":"http:\/\/www.visit-ulcinj.com\/blog\/?p=98430"},"modified":"2016-07-18T13:47:32","modified_gmt":"2016-07-18T12:47:32","slug":"fuada-lamezevic-ulcinj-da-osnuje-preduzece-parking-servis","status":"publish","type":"post","link":"https:\/\/www.visit-ulcinj.com\/blog\/2016\/07\/18\/fuada-lamezevic-ulcinj-da-osnuje-preduzece-parking-servis\/","title":{"rendered":"Fuada Lame\u017eevi\u0107: Ulcinj da osnuje preduze\u0107e \u201cParking servis\u201d"},"content":{"rendered":"<p><strong> <a href=\"http:\/\/www.visit-ulcinj.com\/blog\/wp-content\/uploads\/2016\/04\/Fuad-Lamezevic-pozitivna-Ulcinj.jpg\"><img loading=\"lazy\" class=\"alignleft wp-image-96160\" src=\"http:\/\/www.visit-ulcinj.com\/blog\/wp-content\/uploads\/2016\/04\/Fuad-Lamezevic-pozitivna-Ulcinj.jpg\" alt=\"Fuad-Lamezevic-pozitivna-Ulcinj\" width=\"508\" height=\"339\" srcset=\"https:\/\/www.visit-ulcinj.com\/blog\/wp-content\/uploads\/2016\/04\/Fuad-Lamezevic-pozitivna-Ulcinj.jpg 999w, https:\/\/www.visit-ulcinj.com\/blog\/wp-content\/uploads\/2016\/04\/Fuad-Lamezevic-pozitivna-Ulcinj-300x200.jpg 300w\" sizes=\"(max-width: 508px) 100vw, 508px\" \/><\/a>Op\u0161tinski odbor Pozitivne Crne Gore Ulcinj poziva nadle\u017ene da izna\u0111u mogu\u0107nost da u \u0161to kra\u0107em roku osnuju preduze\u0107e \u201cParking servis\u201d u Ulcinju, kako bi sljede\u0107u turisti\u010dku sezonu do\u010dekali u \u0161to ure\u0111enijem saobra\u0107ajnom ambijentu, navodi se u saop\u0161tenju predsjednika OO Pozitivne Ulcinj Fuada Lame\u017eevi\u0107a. <\/strong><\/p>\n<p>\u201eVe\u0107 dugo najavljivano osnivanje Preduzeca \u201cParking servis\u201d u Ulcinju do sada nije naislo na razumijevanje nadle\u017enih, zbog toga trpe grad, gra\u0111ani kao i turisti, kako u toku turisticke sezone, tako i u periodu van nje. Tako\u0111e, osnivanje Parking servis-a imalo bi pozitivni ekonomski efekat kako za bud\u017eet grada, tako i za gra\u0111ane Ulcinja time \u0161to bi se smanjio i broj nezaposlenih\u201c, navodi on.<\/p>\n<p>Pozitivna poziva nadle\u017ene da u \u0161to kra\u0107em roku osnuju preduze\u0107e \u201cParking servis\u201d u Ulcinju, kako bi slede\u0107u turisti\u010dku sezonu do\u010dekali u ure\u0111enijem saobra\u0107ajnom ambijentu.<\/p>\n<p><strong>Izvor: CDM<\/strong><\/p>\n","protected":false},"excerpt":{"rendered":"<p>Op\u0161tinski odbor Pozitivne Crne Gore Ulcinj poziva nadle\u017ene da izna\u0111u mogu\u0107nost da u \u0161to kra\u0107em roku osnuju preduze\u0107e \u201cParking servis\u201d u Ulcinju, kako bi sljede\u0107u turisti\u010dku sezonu do\u010dekali u \u0161to ure\u0111enijem saobra\u0107ajnom ambijentu, navodi se u saop\u0161tenju predsjednika OO Pozitivne Ulcinj Fuada Lame\u017eevi\u0107a. \u201eVe\u0107 dugo najavljivano osnivanje Preduzeca \u201cParking servis\u201d u Ulcinju do sada nije [&hellip;]<\/p>\n","protected":false},"author":1,"featured_media":0,"comment_status":"closed","ping_status":"closed","sticky":false,"template":"","format":"standard","meta":{"spay_email":"","jetpack_publicize_message":"","jetpack_is_tweetstorm":false,"jetpack_publicize_feature_enabled":true},"categories":[8337],"tags":[],"jetpack_publicize_connections":[],"yoast_head":"<!-- This site is optimized with the Yoast SEO plugin v19.1 - https:\/\/yoast.com\/wordpress\/plugins\/seo\/ -->\n<title>Fuada Lame\u017eevi\u0107: Ulcinj da osnuje preduze\u0107e \u201cParking servis\u201d - Lajme nga Ulqini<\/title>\n<meta name=\"description\" content=\"Op\u0161tinski odbor Pozitivne Crne Gore Ulcinj poziva nadle\u017ene da izna\u0111u mogu\u0107nost da u \u0161to kra\u0107em roku osnuju preduze\u0107e \u201cParking servis\u201d u Ulcinju, kako bi\" \/>\n<meta name=\"robots\" content=\"index, follow, max-snippet:-1, max-image-preview:large, max-video-preview:-1\" \/>\n<link rel=\"canonical\" href=\"https:\/\/www.visit-ulcinj.com\/blog\/2016\/07\/18\/fuada-lamezevic-ulcinj-da-osnuje-preduzece-parking-servis\/\" \/>\n<meta property=\"og:locale\" content=\"en_US\" \/>\n<meta property=\"og:type\" content=\"article\" \/>\n<meta property=\"og:title\" content=\"Fuada Lame\u017eevi\u0107: Ulcinj da osnuje preduze\u0107e \u201cParking servis\u201d - Lajme nga Ulqini\" \/>\n<meta property=\"og:description\" content=\"Op\u0161tinski odbor Pozitivne Crne Gore Ulcinj poziva nadle\u017ene da izna\u0111u mogu\u0107nost da u \u0161to kra\u0107em roku osnuju preduze\u0107e \u201cParking servis\u201d u Ulcinju, kako bi\" \/>\n<meta property=\"og:url\" content=\"https:\/\/www.visit-ulcinj.com\/blog\/2016\/07\/18\/fuada-lamezevic-ulcinj-da-osnuje-preduzece-parking-servis\/\" \/>\n<meta property=\"og:site_name\" content=\"Lajme nga Ulqini\" \/>\n<meta property=\"article:published_time\" content=\"2016-07-18T12:47:32+00:00\" \/>\n<meta property=\"og:image\" content=\"http:\/\/www.visit-ulcinj.com\/blog\/wp-content\/uploads\/2016\/04\/Fuad-Lamezevic-pozitivna-Ulcinj.jpg\" \/>\n<meta name=\"twitter:label1\" content=\"Written by\" \/>\n\t<meta name=\"twitter:data1\" content=\"ulqini\" \/>\n\t<meta name=\"twitter:label2\" content=\"Est. reading time\" \/>\n\t<meta name=\"twitter:data2\" content=\"1 minute\" \/>\n<script type=\"application\/ld+json\" class=\"yoast-schema-graph\">{\"@context\":\"https:\/\/schema.org\",\"@graph\":[{\"@type\":\"WebSite\",\"@id\":\"https:\/\/www.visit-ulcinj.com\/blog\/#website\",\"url\":\"https:\/\/www.visit-ulcinj.com\/blog\/\",\"name\":\"Lajme nga Ulqini\",\"description\":\"Lajme,Vijesti,Ulqini,Ulqin,Crna Gora,Mali i Zi\",\"potentialAction\":[{\"@type\":\"SearchAction\",\"target\":{\"@type\":\"EntryPoint\",\"urlTemplate\":\"https:\/\/www.visit-ulcinj.com\/blog\/?s={search_term_string}\"},\"query-input\":\"required name=search_term_string\"}],\"inLanguage\":\"en-US\"},{\"@type\":\"ImageObject\",\"inLanguage\":\"en-US\",\"@id\":\"https:\/\/www.visit-ulcinj.com\/blog\/2016\/07\/18\/fuada-lamezevic-ulcinj-da-osnuje-preduzece-parking-servis\/#primaryimage\",\"url\":\"https:\/\/www.visit-ulcinj.com\/blog\/wp-content\/uploads\/2016\/04\/Fuad-Lamezevic-pozitivna-Ulcinj.jpg\",\"contentUrl\":\"https:\/\/www.visit-ulcinj.com\/blog\/wp-content\/uploads\/2016\/04\/Fuad-Lamezevic-pozitivna-Ulcinj.jpg\",\"width\":999,\"height\":667},{\"@type\":\"WebPage\",\"@id\":\"https:\/\/www.visit-ulcinj.com\/blog\/2016\/07\/18\/fuada-lamezevic-ulcinj-da-osnuje-preduzece-parking-servis\/#webpage\",\"url\":\"https:\/\/www.visit-ulcinj.com\/blog\/2016\/07\/18\/fuada-lamezevic-ulcinj-da-osnuje-preduzece-parking-servis\/\",\"name\":\"Fuada Lame\u017eevi\u0107: Ulcinj da osnuje preduze\u0107e \u201cParking servis\u201d - Lajme nga Ulqini\",\"isPartOf\":{\"@id\":\"https:\/\/www.visit-ulcinj.com\/blog\/#website\"},\"primaryImageOfPage\":{\"@id\":\"https:\/\/www.visit-ulcinj.com\/blog\/2016\/07\/18\/fuada-lamezevic-ulcinj-da-osnuje-preduzece-parking-servis\/#primaryimage\"},\"datePublished\":\"2016-07-18T12:47:32+00:00\",\"dateModified\":\"2016-07-18T12:47:32+00:00\",\"author\":{\"@id\":\"https:\/\/www.visit-ulcinj.com\/blog\/#\/schema\/person\/dcab619c614d3038751c63bc2aadc06d\"},\"description\":\"Op\u0161tinski odbor Pozitivne Crne Gore Ulcinj poziva nadle\u017ene da izna\u0111u mogu\u0107nost da u \u0161to kra\u0107em roku osnuju preduze\u0107e \u201cParking servis\u201d u Ulcinju, kako bi\",\"breadcrumb\":{\"@id\":\"https:\/\/www.visit-ulcinj.com\/blog\/2016\/07\/18\/fuada-lamezevic-ulcinj-da-osnuje-preduzece-parking-servis\/#breadcrumb\"},\"inLanguage\":\"en-US\",\"potentialAction\":[{\"@type\":\"ReadAction\",\"target\":[\"https:\/\/www.visit-ulcinj.com\/blog\/2016\/07\/18\/fuada-lamezevic-ulcinj-da-osnuje-preduzece-parking-servis\/\"]}]},{\"@type\":\"BreadcrumbList\",\"@id\":\"https:\/\/www.visit-ulcinj.com\/blog\/2016\/07\/18\/fuada-lamezevic-ulcinj-da-osnuje-preduzece-parking-servis\/#breadcrumb\",\"itemListElement\":[{\"@type\":\"ListItem\",\"position\":1,\"name\":\"Fuada Lame\u017eevi\u0107: Ulcinj da osnuje preduze\u0107e \u201cParking servis\u201d\"}]},{\"@type\":\"Person\",\"@id\":\"https:\/\/www.visit-ulcinj.com\/blog\/#\/schema\/person\/dcab619c614d3038751c63bc2aadc06d\",\"name\":\"ulqini\",\"sameAs\":[\"http:\/\/www.visit-ulcinj.com\"],\"url\":\"https:\/\/www.visit-ulcinj.com\/blog\/author\/admin\/\"}]}<\/script>\n<!-- \/ Yoast SEO plugin. -->","yoast_head_json":{"title":"Fuada Lame\u017eevi\u0107: Ulcinj da osnuje preduze\u0107e \u201cParking servis\u201d - Lajme nga Ulqini","description":"Op\u0161tinski odbor Pozitivne Crne Gore Ulcinj poziva nadle\u017ene da izna\u0111u mogu\u0107nost da u \u0161to kra\u0107em roku osnuju preduze\u0107e \u201cParking servis\u201d u Ulcinju, kako bi","robots":{"index":"index","follow":"follow","max-snippet":"max-snippet:-1","max-image-preview":"max-image-preview:large","max-video-preview":"max-video-preview:-1"},"canonical":"https:\/\/www.visit-ulcinj.com\/blog\/2016\/07\/18\/fuada-lamezevic-ulcinj-da-osnuje-preduzece-parking-servis\/","og_locale":"en_US","og_type":"article","og_title":"Fuada Lame\u017eevi\u0107: Ulcinj da osnuje preduze\u0107e \u201cParking servis\u201d - Lajme nga Ulqini","og_description":"Op\u0161tinski odbor Pozitivne Crne Gore Ulcinj poziva nadle\u017ene da izna\u0111u mogu\u0107nost da u \u0161to kra\u0107em roku osnuju preduze\u0107e \u201cParking servis\u201d u Ulcinju, kako bi","og_url":"https:\/\/www.visit-ulcinj.com\/blog\/2016\/07\/18\/fuada-lamezevic-ulcinj-da-osnuje-preduzece-parking-servis\/","og_site_name":"Lajme nga Ulqini","article_published_time":"2016-07-18T12:47:32+00:00","og_image":[{"url":"http:\/\/www.visit-ulcinj.com\/blog\/wp-content\/uploads\/2016\/04\/Fuad-Lamezevic-pozitivna-Ulcinj.jpg"}],"twitter_misc":{"Written by":"ulqini","Est. reading time":"1 minute"},"schema":{"@context":"https:\/\/schema.org","@graph":[{"@type":"WebSite","@id":"https:\/\/www.visit-ulcinj.com\/blog\/#website","url":"https:\/\/www.visit-ulcinj.com\/blog\/","name":"Lajme nga Ulqini","description":"Lajme,Vijesti,Ulqini,Ulqin,Crna Gora,Mali i Zi","potentialAction":[{"@type":"SearchAction","target":{"@type":"EntryPoint","urlTemplate":"https:\/\/www.visit-ulcinj.com\/blog\/?s={search_term_string}"},"query-input":"required name=search_term_string"}],"inLanguage":"en-US"},{"@type":"ImageObject","inLanguage":"en-US","@id":"https:\/\/www.visit-ulcinj.com\/blog\/2016\/07\/18\/fuada-lamezevic-ulcinj-da-osnuje-preduzece-parking-servis\/#primaryimage","url":"https:\/\/www.visit-ulcinj.com\/blog\/wp-content\/uploads\/2016\/04\/Fuad-Lamezevic-pozitivna-Ulcinj.jpg","contentUrl":"https:\/\/www.visit-ulcinj.com\/blog\/wp-content\/uploads\/2016\/04\/Fuad-Lamezevic-pozitivna-Ulcinj.jpg","width":999,"height":667},{"@type":"WebPage","@id":"https:\/\/www.visit-ulcinj.com\/blog\/2016\/07\/18\/fuada-lamezevic-ulcinj-da-osnuje-preduzece-parking-servis\/#webpage","url":"https:\/\/www.visit-ulcinj.com\/blog\/2016\/07\/18\/fuada-lamezevic-ulcinj-da-osnuje-preduzece-parking-servis\/","name":"Fuada Lame\u017eevi\u0107: Ulcinj da osnuje preduze\u0107e \u201cParking servis\u201d - Lajme nga Ulqini","isPartOf":{"@id":"https:\/\/www.visit-ulcinj.com\/blog\/#website"},"primaryImageOfPage":{"@id":"https:\/\/www.visit-ulcinj.com\/blog\/2016\/07\/18\/fuada-lamezevic-ulcinj-da-osnuje-preduzece-parking-servis\/#primaryimage"},"datePublished":"2016-07-18T12:47:32+00:00","dateModified":"2016-07-18T12:47:32+00:00","author":{"@id":"https:\/\/www.visit-ulcinj.com\/blog\/#\/schema\/person\/dcab619c614d3038751c63bc2aadc06d"},"description":"Op\u0161tinski odbor Pozitivne Crne Gore Ulcinj poziva nadle\u017ene da izna\u0111u mogu\u0107nost da u \u0161to kra\u0107em roku osnuju preduze\u0107e \u201cParking servis\u201d u Ulcinju, kako bi","breadcrumb":{"@id":"https:\/\/www.visit-ulcinj.com\/blog\/2016\/07\/18\/fuada-lamezevic-ulcinj-da-osnuje-preduzece-parking-servis\/#breadcrumb"},"inLanguage":"en-US","potentialAction":[{"@type":"ReadAction","target":["https:\/\/www.visit-ulcinj.com\/blog\/2016\/07\/18\/fuada-lamezevic-ulcinj-da-osnuje-preduzece-parking-servis\/"]}]},{"@type":"BreadcrumbList","@id":"https:\/\/www.visit-ulcinj.com\/blog\/2016\/07\/18\/fuada-lamezevic-ulcinj-da-osnuje-preduzece-parking-servis\/#breadcrumb","itemListElement":[{"@type":"ListItem","position":1,"name":"Fuada Lame\u017eevi\u0107: Ulcinj da osnuje preduze\u0107e \u201cParking servis\u201d"}]},{"@type":"Person","@id":"https:\/\/www.visit-ulcinj.com\/blog\/#\/schema\/person\/dcab619c614d3038751c63bc2aadc06d","name":"ulqini","sameAs":["http:\/\/www.visit-ulcinj.com"],"url":"https:\/\/www.visit-ulcinj.com\/blog\/author\/admin\/"}]}},"jetpack_featured_media_url":"","jetpack_sharing_enabled":true,"jetpack_shortlink":"https:\/\/wp.me\/pe6lTn-pBA","_links":{"self":[{"href":"https:\/\/www.visit-ulcinj.com\/blog\/wp-json\/wp\/v2\/posts\/98430"}],"collection":[{"href":"https:\/\/www.visit-ulcinj.com\/blog\/wp-json\/wp\/v2\/posts"}],"about":[{"href":"https:\/\/www.visit-ulcinj.com\/blog\/wp-json\/wp\/v2\/types\/post"}],"author":[{"embeddable":true,"href":"https:\/\/www.visit-ulcinj.com\/blog\/wp-json\/wp\/v2\/users\/1"}],"replies":[{"embeddable":true,"href":"https:\/\/www.visit-ulcinj.com\/blog\/wp-json\/wp\/v2\/comments?post=98430"}],"version-history":[{"count":1,"href":"https:\/\/www.visit-ulcinj.com\/blog\/wp-json\/wp\/v2\/posts\/98430\/revisions"}],"predecessor-version":[{"id":98431,"href":"https:\/\/www.visit-ulcinj.com\/blog\/wp-json\/wp\/v2\/posts\/98430\/revisions\/98431"}],"wp:attachment":[{"href":"https:\/\/www.visit-ulcinj.com\/blog\/wp-json\/wp\/v2\/media?parent=98430"}],"wp:term":[{"taxonomy":"category","embeddable":true,"href":"https:\/\/www.visit-ulcinj.com\/blog\/wp-json\/wp\/v2\/categories?post=98430"},{"taxonomy":"post_tag","embeddable":true,"href":"https:\/\/www.visit-ulcinj.com\/blog\/wp-json\/wp\/v2\/tags?post=98430"}],"curies":[{"name":"wp","href":"https:\/\/api.w.org\/{rel}","templated":true}]}}