{"id":98436,"date":"2016-07-18T16:40:30","date_gmt":"2016-07-18T15:40:30","guid":{"rendered":"http:\/\/www.visit-ulcinj.com\/blog\/?p=98436"},"modified":"2016-07-18T16:40:30","modified_gmt":"2016-07-18T15:40:30","slug":"nik-deljosaj-vujanovic-raspisivanjem-izbora-onemogucio-vracanje-prava-albancima","status":"publish","type":"post","link":"https:\/\/www.visit-ulcinj.com\/blog\/2016\/07\/18\/nik-deljosaj-vujanovic-raspisivanjem-izbora-onemogucio-vracanje-prava-albancima\/","title":{"rendered":"Nik \u0110eljo\u0161aj: Vujanovi\u0107 raspisivanjem izbora onemogu\u0107io vra\u0107anje prava Albancima"},"content":{"rendered":"<p><strong><a href=\"http:\/\/www.visit-ulcinj.com\/blog\/wp-content\/uploads\/2015\/01\/Nik-Gjeloshaj.jpg\"><img loading=\"lazy\" class=\"alignleft wp-image-88096\" src=\"http:\/\/www.visit-ulcinj.com\/blog\/wp-content\/uploads\/2015\/01\/Nik-Gjeloshaj.jpg\" alt=\"Nik-Gjeloshaj\" width=\"508\" height=\"339\" srcset=\"https:\/\/www.visit-ulcinj.com\/blog\/wp-content\/uploads\/2015\/01\/Nik-Gjeloshaj.jpg 960w, https:\/\/www.visit-ulcinj.com\/blog\/wp-content\/uploads\/2015\/01\/Nik-Gjeloshaj-300x200.jpg 300w\" sizes=\"(max-width: 508px) 100vw, 508px\" \/><\/a>Poslije izdavanja Rje\u010dnika crnogorskog narodnog i knji\u017eevnog jezika, u kojem se na najpodmukliji na\u010din CANU uz finansijsku podr\u0161ku Vlade Crne Gore, vrije\u0111aju i napadaju Albanci, dobijamo nastavak antialbanskog djelovanja. Na scenu je sada stupio predsjednik Crne Gore Filip Vujanovi\u0107, koji je anulirao politi\u010dki Sporazum o slobodnim i fer izborima. Sporazumom vlasti i opozicije, na narednoj sjednici Skup\u0161tine je trebalo da se na\u0111e rje\u0161enje u vra\u0107anju oduzetih prava Albanacima u izbornom zakonu. Grubim uplitanjem u odre\u0111ivanju izbora bez konsultacija, Vujanovi\u0107 je namjerno kako bi zaustavio ove izmjene, raspisao izbore, i time onemogu\u0107io izmjene u izbornim zakonima \u2013 smatra poslanik Albanske alternative Nik \u0110eljo\u0161aj.<\/strong><\/p>\n<div id=\"articleContent\">\n<p><strong>Saop\u0161tenje \u0110eljo\u0161aja prenosimo bez redakcijskih intervencija<\/strong>:<\/p>\n<p>\u201eDalje, sljedeci napad na albansku nacionalu manjinu je nepo\u0161tovanje zakona o lokalnoj samoupravi, gdje op\u0161tine u okviru Glavnog grada dobijaju status lokalne samouprave i Zakona o teritorijalnoj organizaciji Crne Gore gdje smo do\u0161li do teritorijalne promjene. Vujanovi\u0107 i pored usvojenih zakona ostavlja u \u017eivotu gradsku op\u0161tinu Tuzi, iako ona vi\u0161e po zakonima Crne Gore vise ne postoji.<\/p>\n<p>Najvi\u0161i pravni akt o definasanju lokalnih uprava je Zakon o lokalnoj samoupravi, a tim zakonom su Tuzi definisane da imaju sva prava i obaveze kao op\u0161tine, Glavni grad i Prijestonica. Vujanovi\u0107 odbija da ove zakonske \u010dinjenice po\u0161tuje, nego nastavlja politiku protiv Malesije i pravi se da se ni\u0161ta nije desilo i produ\u017eava zivot ne\u010demu \u0161to ne postoji vi\u0161e u pravnom sistemu Crne Gore, gradske op\u0161tine.<\/p>\n<p>Znam da se bojite izbora u Malesiji, da sva istra\u017eivanja pokazuju da \u0107emo Vas pobijediti ubjedljivije nego 2006. godine i poku\u0161avate da odla\u017eete raznim manipualcija gubitak vlasti u Malesiji.<\/p>\n<p>Jo\u0161 jednom Vas pozivam javno, da po\u0161tujete zakone koje je usvojila Skup\u0161tina Crne Gore, takvi kakvi jesu, nakaradni, koje su izglasali Va\u0161i partijski drugovi, a protiv kojih su glasali autenti\u010dni albanski poslanici, ali da pretvarate dr\u017eavu u zemlju \u010duda dokazuje da mi koji smo glasali protiv, mi Vas pozivamo na po\u0161tovanje zakona.<\/p>\n<p>O Vujanovi\u0107evoj obmani me\u0111unarodne zajendice, da biste pitanje op\u0161tine rijesili, nego ne postoji saglasnost albanskih partija po modelu rje\u0161avanja, dobi\u0107ete veoma brzo odgovor.<\/p>\n<p>I naravno da \u0107emo istom dinamikom i pa\u017enjom i ove slu\u010dajeve ispratiti kao sa Rje\u010dnikom, u kojem je izvrije\u0111ana direktno petina Crne Gore, a Vi g. Vujanovi\u0107u nijeste nijednu rije\u010d izgovorili, odnosno &#8211; \u0107utanjem ste podr\u017eali nedjelo CANU.<\/p>\n<p><strong>Izvor: PortalAnalitika<\/strong><\/p>\n<\/div>\n<p>&nbsp;<\/p>\n","protected":false},"excerpt":{"rendered":"<p>Poslije izdavanja Rje\u010dnika crnogorskog narodnog i knji\u017eevnog jezika, u kojem se na najpodmukliji na\u010din CANU uz finansijsku podr\u0161ku Vlade Crne Gore, vrije\u0111aju i napadaju Albanci, dobijamo nastavak antialbanskog djelovanja. Na scenu je sada stupio predsjednik Crne Gore Filip Vujanovi\u0107, koji je anulirao politi\u010dki Sporazum o slobodnim i fer izborima. Sporazumom vlasti i opozicije, na narednoj [&hellip;]<\/p>\n","protected":false},"author":1,"featured_media":0,"comment_status":"closed","ping_status":"closed","sticky":false,"template":"","format":"standard","meta":{"spay_email":"","jetpack_publicize_message":"","jetpack_is_tweetstorm":false,"jetpack_publicize_feature_enabled":true},"categories":[6950],"tags":[],"jetpack_publicize_connections":[],"yoast_head":"<!-- This site is optimized with the Yoast SEO plugin v19.1 - https:\/\/yoast.com\/wordpress\/plugins\/seo\/ -->\n<title>Nik \u0110eljo\u0161aj: Vujanovi\u0107 raspisivanjem izbora onemogu\u0107io vra\u0107anje prava Albancima - Lajme nga Ulqini<\/title>\n<meta name=\"description\" content=\"Poslije izdavanja Rje\u010dnika crnogorskog narodnog i knji\u017eevnog jezika, u kojem se na najpodmukliji na\u010din CANU uz finansijsku podr\u0161ku Vlade Crne Gore,\" \/>\n<meta name=\"robots\" content=\"index, follow, max-snippet:-1, max-image-preview:large, max-video-preview:-1\" \/>\n<link rel=\"canonical\" href=\"https:\/\/www.visit-ulcinj.com\/blog\/2016\/07\/18\/nik-deljosaj-vujanovic-raspisivanjem-izbora-onemogucio-vracanje-prava-albancima\/\" \/>\n<meta property=\"og:locale\" content=\"en_US\" \/>\n<meta property=\"og:type\" content=\"article\" \/>\n<meta property=\"og:title\" content=\"Nik \u0110eljo\u0161aj: Vujanovi\u0107 raspisivanjem izbora onemogu\u0107io vra\u0107anje prava Albancima - Lajme nga Ulqini\" \/>\n<meta property=\"og:description\" content=\"Poslije izdavanja Rje\u010dnika crnogorskog narodnog i knji\u017eevnog jezika, u kojem se na najpodmukliji na\u010din CANU uz finansijsku podr\u0161ku Vlade Crne Gore,\" \/>\n<meta property=\"og:url\" content=\"https:\/\/www.visit-ulcinj.com\/blog\/2016\/07\/18\/nik-deljosaj-vujanovic-raspisivanjem-izbora-onemogucio-vracanje-prava-albancima\/\" \/>\n<meta property=\"og:site_name\" content=\"Lajme nga Ulqini\" \/>\n<meta property=\"article:published_time\" content=\"2016-07-18T15:40:30+00:00\" \/>\n<meta property=\"og:image\" content=\"http:\/\/www.visit-ulcinj.com\/blog\/wp-content\/uploads\/2015\/01\/Nik-Gjeloshaj.jpg\" \/>\n<meta name=\"twitter:label1\" content=\"Written by\" \/>\n\t<meta name=\"twitter:data1\" content=\"ulqini\" \/>\n\t<meta name=\"twitter:label2\" content=\"Est. reading time\" \/>\n\t<meta name=\"twitter:data2\" content=\"2 minutes\" \/>\n<script type=\"application\/ld+json\" class=\"yoast-schema-graph\">{\"@context\":\"https:\/\/schema.org\",\"@graph\":[{\"@type\":\"WebSite\",\"@id\":\"https:\/\/www.visit-ulcinj.com\/blog\/#website\",\"url\":\"https:\/\/www.visit-ulcinj.com\/blog\/\",\"name\":\"Lajme nga Ulqini\",\"description\":\"Lajme,Vijesti,Ulqini,Ulqin,Crna Gora,Mali i Zi\",\"potentialAction\":[{\"@type\":\"SearchAction\",\"target\":{\"@type\":\"EntryPoint\",\"urlTemplate\":\"https:\/\/www.visit-ulcinj.com\/blog\/?s={search_term_string}\"},\"query-input\":\"required name=search_term_string\"}],\"inLanguage\":\"en-US\"},{\"@type\":\"ImageObject\",\"inLanguage\":\"en-US\",\"@id\":\"https:\/\/www.visit-ulcinj.com\/blog\/2016\/07\/18\/nik-deljosaj-vujanovic-raspisivanjem-izbora-onemogucio-vracanje-prava-albancima\/#primaryimage\",\"url\":\"https:\/\/www.visit-ulcinj.com\/blog\/wp-content\/uploads\/2015\/01\/Nik-Gjeloshaj.jpg\",\"contentUrl\":\"https:\/\/www.visit-ulcinj.com\/blog\/wp-content\/uploads\/2015\/01\/Nik-Gjeloshaj.jpg\",\"width\":960,\"height\":640},{\"@type\":\"WebPage\",\"@id\":\"https:\/\/www.visit-ulcinj.com\/blog\/2016\/07\/18\/nik-deljosaj-vujanovic-raspisivanjem-izbora-onemogucio-vracanje-prava-albancima\/#webpage\",\"url\":\"https:\/\/www.visit-ulcinj.com\/blog\/2016\/07\/18\/nik-deljosaj-vujanovic-raspisivanjem-izbora-onemogucio-vracanje-prava-albancima\/\",\"name\":\"Nik \u0110eljo\u0161aj: Vujanovi\u0107 raspisivanjem izbora onemogu\u0107io vra\u0107anje prava Albancima - Lajme nga Ulqini\",\"isPartOf\":{\"@id\":\"https:\/\/www.visit-ulcinj.com\/blog\/#website\"},\"primaryImageOfPage\":{\"@id\":\"https:\/\/www.visit-ulcinj.com\/blog\/2016\/07\/18\/nik-deljosaj-vujanovic-raspisivanjem-izbora-onemogucio-vracanje-prava-albancima\/#primaryimage\"},\"datePublished\":\"2016-07-18T15:40:30+00:00\",\"dateModified\":\"2016-07-18T15:40:30+00:00\",\"author\":{\"@id\":\"https:\/\/www.visit-ulcinj.com\/blog\/#\/schema\/person\/dcab619c614d3038751c63bc2aadc06d\"},\"description\":\"Poslije izdavanja Rje\u010dnika crnogorskog narodnog i knji\u017eevnog jezika, u kojem se na najpodmukliji na\u010din CANU uz finansijsku podr\u0161ku Vlade Crne Gore,\",\"breadcrumb\":{\"@id\":\"https:\/\/www.visit-ulcinj.com\/blog\/2016\/07\/18\/nik-deljosaj-vujanovic-raspisivanjem-izbora-onemogucio-vracanje-prava-albancima\/#breadcrumb\"},\"inLanguage\":\"en-US\",\"potentialAction\":[{\"@type\":\"ReadAction\",\"target\":[\"https:\/\/www.visit-ulcinj.com\/blog\/2016\/07\/18\/nik-deljosaj-vujanovic-raspisivanjem-izbora-onemogucio-vracanje-prava-albancima\/\"]}]},{\"@type\":\"BreadcrumbList\",\"@id\":\"https:\/\/www.visit-ulcinj.com\/blog\/2016\/07\/18\/nik-deljosaj-vujanovic-raspisivanjem-izbora-onemogucio-vracanje-prava-albancima\/#breadcrumb\",\"itemListElement\":[{\"@type\":\"ListItem\",\"position\":1,\"name\":\"Nik \u0110eljo\u0161aj: Vujanovi\u0107 raspisivanjem izbora onemogu\u0107io vra\u0107anje prava Albancima\"}]},{\"@type\":\"Person\",\"@id\":\"https:\/\/www.visit-ulcinj.com\/blog\/#\/schema\/person\/dcab619c614d3038751c63bc2aadc06d\",\"name\":\"ulqini\",\"sameAs\":[\"http:\/\/www.visit-ulcinj.com\"],\"url\":\"https:\/\/www.visit-ulcinj.com\/blog\/author\/admin\/\"}]}<\/script>\n<!-- \/ Yoast SEO plugin. -->","yoast_head_json":{"title":"Nik \u0110eljo\u0161aj: Vujanovi\u0107 raspisivanjem izbora onemogu\u0107io vra\u0107anje prava Albancima - Lajme nga Ulqini","description":"Poslije izdavanja Rje\u010dnika crnogorskog narodnog i knji\u017eevnog jezika, u kojem se na najpodmukliji na\u010din CANU uz finansijsku podr\u0161ku Vlade Crne Gore,","robots":{"index":"index","follow":"follow","max-snippet":"max-snippet:-1","max-image-preview":"max-image-preview:large","max-video-preview":"max-video-preview:-1"},"canonical":"https:\/\/www.visit-ulcinj.com\/blog\/2016\/07\/18\/nik-deljosaj-vujanovic-raspisivanjem-izbora-onemogucio-vracanje-prava-albancima\/","og_locale":"en_US","og_type":"article","og_title":"Nik \u0110eljo\u0161aj: Vujanovi\u0107 raspisivanjem izbora onemogu\u0107io vra\u0107anje prava Albancima - Lajme nga Ulqini","og_description":"Poslije izdavanja Rje\u010dnika crnogorskog narodnog i knji\u017eevnog jezika, u kojem se na najpodmukliji na\u010din CANU uz finansijsku podr\u0161ku Vlade Crne Gore,","og_url":"https:\/\/www.visit-ulcinj.com\/blog\/2016\/07\/18\/nik-deljosaj-vujanovic-raspisivanjem-izbora-onemogucio-vracanje-prava-albancima\/","og_site_name":"Lajme nga Ulqini","article_published_time":"2016-07-18T15:40:30+00:00","og_image":[{"url":"http:\/\/www.visit-ulcinj.com\/blog\/wp-content\/uploads\/2015\/01\/Nik-Gjeloshaj.jpg"}],"twitter_misc":{"Written by":"ulqini","Est. reading time":"2 minutes"},"schema":{"@context":"https:\/\/schema.org","@graph":[{"@type":"WebSite","@id":"https:\/\/www.visit-ulcinj.com\/blog\/#website","url":"https:\/\/www.visit-ulcinj.com\/blog\/","name":"Lajme nga Ulqini","description":"Lajme,Vijesti,Ulqini,Ulqin,Crna Gora,Mali i Zi","potentialAction":[{"@type":"SearchAction","target":{"@type":"EntryPoint","urlTemplate":"https:\/\/www.visit-ulcinj.com\/blog\/?s={search_term_string}"},"query-input":"required name=search_term_string"}],"inLanguage":"en-US"},{"@type":"ImageObject","inLanguage":"en-US","@id":"https:\/\/www.visit-ulcinj.com\/blog\/2016\/07\/18\/nik-deljosaj-vujanovic-raspisivanjem-izbora-onemogucio-vracanje-prava-albancima\/#primaryimage","url":"https:\/\/www.visit-ulcinj.com\/blog\/wp-content\/uploads\/2015\/01\/Nik-Gjeloshaj.jpg","contentUrl":"https:\/\/www.visit-ulcinj.com\/blog\/wp-content\/uploads\/2015\/01\/Nik-Gjeloshaj.jpg","width":960,"height":640},{"@type":"WebPage","@id":"https:\/\/www.visit-ulcinj.com\/blog\/2016\/07\/18\/nik-deljosaj-vujanovic-raspisivanjem-izbora-onemogucio-vracanje-prava-albancima\/#webpage","url":"https:\/\/www.visit-ulcinj.com\/blog\/2016\/07\/18\/nik-deljosaj-vujanovic-raspisivanjem-izbora-onemogucio-vracanje-prava-albancima\/","name":"Nik \u0110eljo\u0161aj: Vujanovi\u0107 raspisivanjem izbora onemogu\u0107io vra\u0107anje prava Albancima - Lajme nga Ulqini","isPartOf":{"@id":"https:\/\/www.visit-ulcinj.com\/blog\/#website"},"primaryImageOfPage":{"@id":"https:\/\/www.visit-ulcinj.com\/blog\/2016\/07\/18\/nik-deljosaj-vujanovic-raspisivanjem-izbora-onemogucio-vracanje-prava-albancima\/#primaryimage"},"datePublished":"2016-07-18T15:40:30+00:00","dateModified":"2016-07-18T15:40:30+00:00","author":{"@id":"https:\/\/www.visit-ulcinj.com\/blog\/#\/schema\/person\/dcab619c614d3038751c63bc2aadc06d"},"description":"Poslije izdavanja Rje\u010dnika crnogorskog narodnog i knji\u017eevnog jezika, u kojem se na najpodmukliji na\u010din CANU uz finansijsku podr\u0161ku Vlade Crne Gore,","breadcrumb":{"@id":"https:\/\/www.visit-ulcinj.com\/blog\/2016\/07\/18\/nik-deljosaj-vujanovic-raspisivanjem-izbora-onemogucio-vracanje-prava-albancima\/#breadcrumb"},"inLanguage":"en-US","potentialAction":[{"@type":"ReadAction","target":["https:\/\/www.visit-ulcinj.com\/blog\/2016\/07\/18\/nik-deljosaj-vujanovic-raspisivanjem-izbora-onemogucio-vracanje-prava-albancima\/"]}]},{"@type":"BreadcrumbList","@id":"https:\/\/www.visit-ulcinj.com\/blog\/2016\/07\/18\/nik-deljosaj-vujanovic-raspisivanjem-izbora-onemogucio-vracanje-prava-albancima\/#breadcrumb","itemListElement":[{"@type":"ListItem","position":1,"name":"Nik \u0110eljo\u0161aj: Vujanovi\u0107 raspisivanjem izbora onemogu\u0107io vra\u0107anje prava Albancima"}]},{"@type":"Person","@id":"https:\/\/www.visit-ulcinj.com\/blog\/#\/schema\/person\/dcab619c614d3038751c63bc2aadc06d","name":"ulqini","sameAs":["http:\/\/www.visit-ulcinj.com"],"url":"https:\/\/www.visit-ulcinj.com\/blog\/author\/admin\/"}]}},"jetpack_featured_media_url":"","jetpack_sharing_enabled":true,"jetpack_shortlink":"https:\/\/wp.me\/pe6lTn-pBG","_links":{"self":[{"href":"https:\/\/www.visit-ulcinj.com\/blog\/wp-json\/wp\/v2\/posts\/98436"}],"collection":[{"href":"https:\/\/www.visit-ulcinj.com\/blog\/wp-json\/wp\/v2\/posts"}],"about":[{"href":"https:\/\/www.visit-ulcinj.com\/blog\/wp-json\/wp\/v2\/types\/post"}],"author":[{"embeddable":true,"href":"https:\/\/www.visit-ulcinj.com\/blog\/wp-json\/wp\/v2\/users\/1"}],"replies":[{"embeddable":true,"href":"https:\/\/www.visit-ulcinj.com\/blog\/wp-json\/wp\/v2\/comments?post=98436"}],"version-history":[{"count":1,"href":"https:\/\/www.visit-ulcinj.com\/blog\/wp-json\/wp\/v2\/posts\/98436\/revisions"}],"predecessor-version":[{"id":98437,"href":"https:\/\/www.visit-ulcinj.com\/blog\/wp-json\/wp\/v2\/posts\/98436\/revisions\/98437"}],"wp:attachment":[{"href":"https:\/\/www.visit-ulcinj.com\/blog\/wp-json\/wp\/v2\/media?parent=98436"}],"wp:term":[{"taxonomy":"category","embeddable":true,"href":"https:\/\/www.visit-ulcinj.com\/blog\/wp-json\/wp\/v2\/categories?post=98436"},{"taxonomy":"post_tag","embeddable":true,"href":"https:\/\/www.visit-ulcinj.com\/blog\/wp-json\/wp\/v2\/tags?post=98436"}],"curies":[{"name":"wp","href":"https:\/\/api.w.org\/{rel}","templated":true}]}}