{"id":98444,"date":"2016-07-19T07:22:07","date_gmt":"2016-07-19T06:22:07","guid":{"rendered":"http:\/\/www.visit-ulcinj.com\/blog\/?p=98444"},"modified":"2016-07-19T07:22:07","modified_gmt":"2016-07-19T06:22:07","slug":"kuvendi-ulqinit-pa-kvorum-rreth-objekteve-te-perkohshme","status":"publish","type":"post","link":"https:\/\/www.visit-ulcinj.com\/blog\/2016\/07\/19\/kuvendi-ulqinit-pa-kvorum-rreth-objekteve-te-perkohshme\/","title":{"rendered":"Kuvendi i Ulqinit pa kvorum rreth objekteve t\u00eb p\u00ebrkohshme"},"content":{"rendered":"<p><strong><em><a href=\"http:\/\/www.visit-ulcinj.com\/blog\/wp-content\/uploads\/2016\/07\/Kuvendi-Komunal-Ulqin.jpg\"><img loading=\"lazy\" class=\"alignleft wp-image-98445\" src=\"http:\/\/www.visit-ulcinj.com\/blog\/wp-content\/uploads\/2016\/07\/Kuvendi-Komunal-Ulqin.jpg\" alt=\"Kuvendi-Komunal-Ulqin\" width=\"508\" height=\"243\" srcset=\"https:\/\/www.visit-ulcinj.com\/blog\/wp-content\/uploads\/2016\/07\/Kuvendi-Komunal-Ulqin.jpg 702w, https:\/\/www.visit-ulcinj.com\/blog\/wp-content\/uploads\/2016\/07\/Kuvendi-Komunal-Ulqin-300x144.jpg 300w\" sizes=\"(max-width: 508px) 100vw, 508px\" \/><\/a>Nga Muhamet Nika<\/em><\/strong><\/p>\n<p><strong><em>K\u00ebshilltari \u00a0B. Bashoviq \u2013 po duket,\u00a0\u00a0 ia\u00a0 mbath\u00a0 nga frika\u00a0 e p\u00ebrgjegj\u00ebsis\u00eb&#8230; ?!<\/em><\/strong><\/p>\n<p><em>Ai n\u00eb fillim , t\u00eb diskutimit t\u00eb tij, kish cekur q\u00eb vendimi k\u00ebshtu si propozohet ishte keqp\u00ebrdorim klasik i nenit 58 t\u00eb ligjit p\u00ebr pushtetin lokal. Duke arsyetuar , q\u00eb \u00a0neni i cekur\u00a0 , i jep t\u00eb drejt\u00eb \u00a0kryetarit t\u00eb \u00a0komun\u00ebs t\u00eb n\u00ebnshkruaj vendime \u00a0\u201cn\u00eb em\u00ebr t\u00eb kuvendit\u201d , n\u00eb situata t\u00eb jasht\u00ebzakonshme \u2013 q\u00eb nuk i pat\u00ebm, si \u00a0n\u00eb koh\u00eb\u00a0 :\u00a0 termetesh &#8211; \u00a0v\u00ebrshimesh , gjendje lufte e \u00a0tjera. <\/em><\/p>\n<p><em>\u201cGergavinat \u2013 gojt\u00eb e liga \u201c flasin se n\u00eb program\u00a0 jan\u00eb furur edhe \u00a0ato objekte nd\u00ebrtimore( si \u2013bazene etj&#8230;), \u00a0q\u00eb \u00a0\u00a0inspeksioni republikan ka urdh\u00ebruar t\u00eb prishen&#8230;.?!!Ose objekte afariste q\u00eb kan\u00eb nisur nga themelet me kall\u00ebzime penale&#8230;.?!<\/em><\/p>\n<p>Kjo u pa t\u00eb ndodhi, pasi komisioni i ligjeve \u00a0t\u00eb cilin e kryeson \u2013Bashoviq, \u00a0i kish\u00a0 propozuar\u00a0 kuvendit \u2013 votimin e \u00a0vendimit jasht\u00eb ligjit \u00a0dhe ai po duket ish i vet\u00ebdijsh\u00ebm p\u00ebr pasojat eventuale nes\u00ebr&#8230;.?!P\u00ebr \u00e7udi n\u00eb kuvend pat\u00ebn mbetur vet\u00ebm 13 k\u00ebshilltar\u00eb(d\u00ebshmitar\u00eb) t\u00eb \u00e7\u00ebshtjes&#8230;, ogurzez\u00eb hebraike&#8230;.?!<\/p>\n<p>Pas atyre \u00a0t\u00eb Boros\u00a0 N\u00eb kuvend , na zuri veshi edhe do akuza\u00a0 tjera t\u00eb radh\u00ebs, kur ata q\u00eb e braktis\u00ebn &#8211; \u00a0than\u00eb p\u00ebr ata q\u00eb mbeten n\u00eb kuvend,\u00a0 se k\u00ebt\u00eb po e b\u00ebnin , thjesht\u00eb\u00a0 pasi\u00a0 n\u00eb pyetje ishin interesat e tyre personale duke abuzuar n\u00eb em\u00ebr t\u00eb popullit- interesit t\u00eb p\u00ebrgjithsh\u00ebm me ligj&#8230;. ?!<\/p>\n<p>Por q\u00eb k\u00ebshilltar\u00ebt e ikur \u00a0t\u00eb kthehen n\u00eb kuvend\u00a0 , nuk\u00a0 ndihmuan as sugjerimet\u00a0 dhe\u201d bet\u00eb\u201d \u00a0e deputetit Genc\u00a0 Nimanbegu \u2013 se\u00a0 me k\u00ebt\u00eb propozim plani t\u00eb plot\u00ebsuar\u00a0 e t\u00eb firmosur \u00a0\u00a0nga\u00a0\u00a0 Cungu\u00a0 e \u00a0Radoviq q\u00ebllimi kish qen\u00eb i mir\u00eb.\u00a0 Si dhe po ashtu nuk ndihmoi , as k\u00ebrc\u00ebnimi\u00a0 i ish \u2013 n\u00ebnkryetar A Mavriq, i cili i k\u00ebrc\u00ebnoi \u00a0k\u00ebshilltar\u00ebt e PD-s\u00eb, \u00a0q\u00eb n\u00ebse k\u00ebta , nuk \u00a0iu\u00a0 votojn\u00eb\u00a0 objektet e p\u00ebrkohshme &#8211; tok\u00ebn\u00a0 e komun\u00ebs\u00a0 (me pak pare..)?\u201d K\u00ebta t\u00eb Forc\u00ebs \u2013 nuk do t\u2019iu\u00a0 votojn\u00eb Met Gjonin\u00a0 p\u00ebr n\u00ebnkryetar t\u00eb komun\u00ebs..?!<\/p>\n<p>Nj\u00eb k\u00ebrc\u00ebnim disi \u00a0pak sa\u00a0 i \u00e7uditsh\u00ebm&#8230;?!<\/p>\n<p>Ishalla k\u00ebtyre t\u00eb PD-s\u00eb , iu ndien p\u00ebr Metin si n\u00ebnkryetar \u2013 p\u00ebrndryshe objektet u mbeten pa leje&#8230;?!!<\/p>\n<p>Tjet\u00ebr &#8211; Gjithashtu \u00a0u dyshua , se me k\u00ebt\u00eb vendim p\u00ebrfitonin \u00a0edhe ata persona\u00a0 q\u00eb\u00a0 objektet e tyre nuk hynin n\u00eb k\u00ebt\u00eb kategori\u00a0 p\u00ebr pages\u00eb \u00a0minimale&#8230;. Mendohej n\u00eb objektet super luksoze dhe\u00a0 n\u00eb disa \u00a0kate \u00a0&#8230;?!.<\/p>\n<p>V\u00ebrejtje dhe \u00a0dyshime reale-ai \u00a0ngriti edhe\u00a0 \u00a0n\u00eb pun\u00ebn e \u00a0komisionit t\u00eb\u00a0 \u00a0tenderave\u00a0 \u00a0i cili \u00a0po duket \u00a0me vite po vazhdon praktik\u00ebn e anulimit t\u00eb tyre \u2013 kuptohet \u00a0kur ata nuk i fitonte pala , me t\u00eb cil\u00ebn , funksionar\u00ebt e lart\u00eb t\u00eb komun\u00ebs kishin qen\u00eb n\u00eb \u00a0\u201dmarr\u00ebveshje paraprake si \u00a0rasti i parkingut\u00a0\u00a0 \u201c te Vra\u00e7ari- n\u00eb Ran\u00eb. Enigm\u00eb tjet\u00ebr ishte p\u00ebr kuvend se kush e cakton \u00e7mimin&#8230; q\u00eb nj\u00eb hap\u00ebsir\u00eb atraktive\u00a0 t\u00eb \u00a0kushtonte disa dhjetra mija euro\u2013 q\u00eb fitohej me pak para \u2013 nga t\u00eb nj\u00ebjtit persona dhe prej rastit n\u00eb rast \u2013 pa p\u00eblqim t\u00eb kuvendit rreth \u00e7mimit &#8230;?!<\/p>\n<p>Si rezultat i gjith\u00eb k\u00ebsaj pune t\u00eb personave q\u00eb udh\u00ebheqin me tendera- \u00a0u tha se\u00a0 sot\u00a0 \u00a0komuna paguan shpesh shuma t\u00eb majme parash n\u00eb \u00a0procese \u00a0t\u00eb ndryshme gjyqsore dhe\u00a0 p\u00ebr t\u00eb cilat askush nuk kollitet .?!<\/p>\n","protected":false},"excerpt":{"rendered":"<p>Nga Muhamet Nika K\u00ebshilltari \u00a0B. Bashoviq \u2013 po duket,\u00a0\u00a0 ia\u00a0 mbath\u00a0 nga frika\u00a0 e p\u00ebrgjegj\u00ebsis\u00eb&#8230; ?! Ai n\u00eb fillim , t\u00eb diskutimit t\u00eb tij, kish cekur q\u00eb vendimi k\u00ebshtu si propozohet ishte keqp\u00ebrdorim klasik i nenit 58 t\u00eb ligjit p\u00ebr pushtetin lokal. Duke arsyetuar , q\u00eb \u00a0neni i cekur\u00a0 , i jep t\u00eb drejt\u00eb \u00a0kryetarit [&hellip;]<\/p>\n","protected":false},"author":1,"featured_media":0,"comment_status":"closed","ping_status":"closed","sticky":false,"template":"","format":"standard","meta":{"spay_email":"","jetpack_publicize_message":"","jetpack_is_tweetstorm":false,"jetpack_publicize_feature_enabled":true},"categories":[6950],"tags":[],"jetpack_publicize_connections":[],"yoast_head":"<!-- This site is optimized with the Yoast SEO plugin v19.1 - https:\/\/yoast.com\/wordpress\/plugins\/seo\/ -->\n<title>Kuvendi i Ulqinit pa kvorum rreth objekteve t\u00eb p\u00ebrkohshme - Lajme nga Ulqini<\/title>\n<meta name=\"description\" content=\"Nga Muhamet Nika K\u00ebshilltari \u00a0B. Bashoviq \u2013 po duket,\u00a0\u00a0 ia\u00a0 mbath\u00a0 nga frika\u00a0 e p\u00ebrgjegj\u00ebsis\u00eb... ?! Ai n\u00eb fillim , t\u00eb diskutimit t\u00eb tij, kish cekur q\u00eb\" \/>\n<meta name=\"robots\" content=\"index, follow, max-snippet:-1, max-image-preview:large, max-video-preview:-1\" \/>\n<link rel=\"canonical\" href=\"https:\/\/www.visit-ulcinj.com\/blog\/2016\/07\/19\/kuvendi-ulqinit-pa-kvorum-rreth-objekteve-te-perkohshme\/\" \/>\n<meta property=\"og:locale\" content=\"en_US\" \/>\n<meta property=\"og:type\" content=\"article\" \/>\n<meta property=\"og:title\" content=\"Kuvendi i Ulqinit pa kvorum rreth objekteve t\u00eb p\u00ebrkohshme - Lajme nga Ulqini\" \/>\n<meta property=\"og:description\" content=\"Nga Muhamet Nika K\u00ebshilltari \u00a0B. Bashoviq \u2013 po duket,\u00a0\u00a0 ia\u00a0 mbath\u00a0 nga frika\u00a0 e p\u00ebrgjegj\u00ebsis\u00eb... ?! Ai n\u00eb fillim , t\u00eb diskutimit t\u00eb tij, kish cekur q\u00eb\" \/>\n<meta property=\"og:url\" content=\"https:\/\/www.visit-ulcinj.com\/blog\/2016\/07\/19\/kuvendi-ulqinit-pa-kvorum-rreth-objekteve-te-perkohshme\/\" \/>\n<meta property=\"og:site_name\" content=\"Lajme nga Ulqini\" \/>\n<meta property=\"article:published_time\" content=\"2016-07-19T06:22:07+00:00\" \/>\n<meta property=\"og:image\" content=\"http:\/\/www.visit-ulcinj.com\/blog\/wp-content\/uploads\/2016\/07\/Kuvendi-Komunal-Ulqin.jpg\" \/>\n<meta name=\"twitter:label1\" content=\"Written by\" \/>\n\t<meta name=\"twitter:data1\" content=\"ulqini\" \/>\n\t<meta name=\"twitter:label2\" content=\"Est. reading time\" \/>\n\t<meta name=\"twitter:data2\" content=\"3 minutes\" \/>\n<script type=\"application\/ld+json\" class=\"yoast-schema-graph\">{\"@context\":\"https:\/\/schema.org\",\"@graph\":[{\"@type\":\"WebSite\",\"@id\":\"https:\/\/www.visit-ulcinj.com\/blog\/#website\",\"url\":\"https:\/\/www.visit-ulcinj.com\/blog\/\",\"name\":\"Lajme nga Ulqini\",\"description\":\"Lajme,Vijesti,Ulqini,Ulqin,Crna Gora,Mali i Zi\",\"potentialAction\":[{\"@type\":\"SearchAction\",\"target\":{\"@type\":\"EntryPoint\",\"urlTemplate\":\"https:\/\/www.visit-ulcinj.com\/blog\/?s={search_term_string}\"},\"query-input\":\"required name=search_term_string\"}],\"inLanguage\":\"en-US\"},{\"@type\":\"ImageObject\",\"inLanguage\":\"en-US\",\"@id\":\"https:\/\/www.visit-ulcinj.com\/blog\/2016\/07\/19\/kuvendi-ulqinit-pa-kvorum-rreth-objekteve-te-perkohshme\/#primaryimage\",\"url\":\"https:\/\/www.visit-ulcinj.com\/blog\/wp-content\/uploads\/2016\/07\/Kuvendi-Komunal-Ulqin.jpg\",\"contentUrl\":\"https:\/\/www.visit-ulcinj.com\/blog\/wp-content\/uploads\/2016\/07\/Kuvendi-Komunal-Ulqin.jpg\",\"width\":702,\"height\":336},{\"@type\":\"WebPage\",\"@id\":\"https:\/\/www.visit-ulcinj.com\/blog\/2016\/07\/19\/kuvendi-ulqinit-pa-kvorum-rreth-objekteve-te-perkohshme\/#webpage\",\"url\":\"https:\/\/www.visit-ulcinj.com\/blog\/2016\/07\/19\/kuvendi-ulqinit-pa-kvorum-rreth-objekteve-te-perkohshme\/\",\"name\":\"Kuvendi i Ulqinit pa kvorum rreth objekteve t\u00eb p\u00ebrkohshme - Lajme nga Ulqini\",\"isPartOf\":{\"@id\":\"https:\/\/www.visit-ulcinj.com\/blog\/#website\"},\"primaryImageOfPage\":{\"@id\":\"https:\/\/www.visit-ulcinj.com\/blog\/2016\/07\/19\/kuvendi-ulqinit-pa-kvorum-rreth-objekteve-te-perkohshme\/#primaryimage\"},\"datePublished\":\"2016-07-19T06:22:07+00:00\",\"dateModified\":\"2016-07-19T06:22:07+00:00\",\"author\":{\"@id\":\"https:\/\/www.visit-ulcinj.com\/blog\/#\/schema\/person\/dcab619c614d3038751c63bc2aadc06d\"},\"description\":\"Nga Muhamet Nika K\u00ebshilltari \u00a0B. Bashoviq \u2013 po duket,\u00a0\u00a0 ia\u00a0 mbath\u00a0 nga frika\u00a0 e p\u00ebrgjegj\u00ebsis\u00eb... ?! Ai n\u00eb fillim , t\u00eb diskutimit t\u00eb tij, kish cekur q\u00eb\",\"breadcrumb\":{\"@id\":\"https:\/\/www.visit-ulcinj.com\/blog\/2016\/07\/19\/kuvendi-ulqinit-pa-kvorum-rreth-objekteve-te-perkohshme\/#breadcrumb\"},\"inLanguage\":\"en-US\",\"potentialAction\":[{\"@type\":\"ReadAction\",\"target\":[\"https:\/\/www.visit-ulcinj.com\/blog\/2016\/07\/19\/kuvendi-ulqinit-pa-kvorum-rreth-objekteve-te-perkohshme\/\"]}]},{\"@type\":\"BreadcrumbList\",\"@id\":\"https:\/\/www.visit-ulcinj.com\/blog\/2016\/07\/19\/kuvendi-ulqinit-pa-kvorum-rreth-objekteve-te-perkohshme\/#breadcrumb\",\"itemListElement\":[{\"@type\":\"ListItem\",\"position\":1,\"name\":\"Kuvendi i Ulqinit pa kvorum rreth objekteve t\u00eb p\u00ebrkohshme\"}]},{\"@type\":\"Person\",\"@id\":\"https:\/\/www.visit-ulcinj.com\/blog\/#\/schema\/person\/dcab619c614d3038751c63bc2aadc06d\",\"name\":\"ulqini\",\"sameAs\":[\"http:\/\/www.visit-ulcinj.com\"],\"url\":\"https:\/\/www.visit-ulcinj.com\/blog\/author\/admin\/\"}]}<\/script>\n<!-- \/ Yoast SEO plugin. -->","yoast_head_json":{"title":"Kuvendi i Ulqinit pa kvorum rreth objekteve t\u00eb p\u00ebrkohshme - Lajme nga Ulqini","description":"Nga Muhamet Nika K\u00ebshilltari \u00a0B. Bashoviq \u2013 po duket,\u00a0\u00a0 ia\u00a0 mbath\u00a0 nga frika\u00a0 e p\u00ebrgjegj\u00ebsis\u00eb... ?! Ai n\u00eb fillim , t\u00eb diskutimit t\u00eb tij, kish cekur q\u00eb","robots":{"index":"index","follow":"follow","max-snippet":"max-snippet:-1","max-image-preview":"max-image-preview:large","max-video-preview":"max-video-preview:-1"},"canonical":"https:\/\/www.visit-ulcinj.com\/blog\/2016\/07\/19\/kuvendi-ulqinit-pa-kvorum-rreth-objekteve-te-perkohshme\/","og_locale":"en_US","og_type":"article","og_title":"Kuvendi i Ulqinit pa kvorum rreth objekteve t\u00eb p\u00ebrkohshme - Lajme nga Ulqini","og_description":"Nga Muhamet Nika K\u00ebshilltari \u00a0B. Bashoviq \u2013 po duket,\u00a0\u00a0 ia\u00a0 mbath\u00a0 nga frika\u00a0 e p\u00ebrgjegj\u00ebsis\u00eb... ?! Ai n\u00eb fillim , t\u00eb diskutimit t\u00eb tij, kish cekur q\u00eb","og_url":"https:\/\/www.visit-ulcinj.com\/blog\/2016\/07\/19\/kuvendi-ulqinit-pa-kvorum-rreth-objekteve-te-perkohshme\/","og_site_name":"Lajme nga Ulqini","article_published_time":"2016-07-19T06:22:07+00:00","og_image":[{"url":"http:\/\/www.visit-ulcinj.com\/blog\/wp-content\/uploads\/2016\/07\/Kuvendi-Komunal-Ulqin.jpg"}],"twitter_misc":{"Written by":"ulqini","Est. reading time":"3 minutes"},"schema":{"@context":"https:\/\/schema.org","@graph":[{"@type":"WebSite","@id":"https:\/\/www.visit-ulcinj.com\/blog\/#website","url":"https:\/\/www.visit-ulcinj.com\/blog\/","name":"Lajme nga Ulqini","description":"Lajme,Vijesti,Ulqini,Ulqin,Crna Gora,Mali i Zi","potentialAction":[{"@type":"SearchAction","target":{"@type":"EntryPoint","urlTemplate":"https:\/\/www.visit-ulcinj.com\/blog\/?s={search_term_string}"},"query-input":"required name=search_term_string"}],"inLanguage":"en-US"},{"@type":"ImageObject","inLanguage":"en-US","@id":"https:\/\/www.visit-ulcinj.com\/blog\/2016\/07\/19\/kuvendi-ulqinit-pa-kvorum-rreth-objekteve-te-perkohshme\/#primaryimage","url":"https:\/\/www.visit-ulcinj.com\/blog\/wp-content\/uploads\/2016\/07\/Kuvendi-Komunal-Ulqin.jpg","contentUrl":"https:\/\/www.visit-ulcinj.com\/blog\/wp-content\/uploads\/2016\/07\/Kuvendi-Komunal-Ulqin.jpg","width":702,"height":336},{"@type":"WebPage","@id":"https:\/\/www.visit-ulcinj.com\/blog\/2016\/07\/19\/kuvendi-ulqinit-pa-kvorum-rreth-objekteve-te-perkohshme\/#webpage","url":"https:\/\/www.visit-ulcinj.com\/blog\/2016\/07\/19\/kuvendi-ulqinit-pa-kvorum-rreth-objekteve-te-perkohshme\/","name":"Kuvendi i Ulqinit pa kvorum rreth objekteve t\u00eb p\u00ebrkohshme - Lajme nga Ulqini","isPartOf":{"@id":"https:\/\/www.visit-ulcinj.com\/blog\/#website"},"primaryImageOfPage":{"@id":"https:\/\/www.visit-ulcinj.com\/blog\/2016\/07\/19\/kuvendi-ulqinit-pa-kvorum-rreth-objekteve-te-perkohshme\/#primaryimage"},"datePublished":"2016-07-19T06:22:07+00:00","dateModified":"2016-07-19T06:22:07+00:00","author":{"@id":"https:\/\/www.visit-ulcinj.com\/blog\/#\/schema\/person\/dcab619c614d3038751c63bc2aadc06d"},"description":"Nga Muhamet Nika K\u00ebshilltari \u00a0B. Bashoviq \u2013 po duket,\u00a0\u00a0 ia\u00a0 mbath\u00a0 nga frika\u00a0 e p\u00ebrgjegj\u00ebsis\u00eb... ?! Ai n\u00eb fillim , t\u00eb diskutimit t\u00eb tij, kish cekur q\u00eb","breadcrumb":{"@id":"https:\/\/www.visit-ulcinj.com\/blog\/2016\/07\/19\/kuvendi-ulqinit-pa-kvorum-rreth-objekteve-te-perkohshme\/#breadcrumb"},"inLanguage":"en-US","potentialAction":[{"@type":"ReadAction","target":["https:\/\/www.visit-ulcinj.com\/blog\/2016\/07\/19\/kuvendi-ulqinit-pa-kvorum-rreth-objekteve-te-perkohshme\/"]}]},{"@type":"BreadcrumbList","@id":"https:\/\/www.visit-ulcinj.com\/blog\/2016\/07\/19\/kuvendi-ulqinit-pa-kvorum-rreth-objekteve-te-perkohshme\/#breadcrumb","itemListElement":[{"@type":"ListItem","position":1,"name":"Kuvendi i Ulqinit pa kvorum rreth objekteve t\u00eb p\u00ebrkohshme"}]},{"@type":"Person","@id":"https:\/\/www.visit-ulcinj.com\/blog\/#\/schema\/person\/dcab619c614d3038751c63bc2aadc06d","name":"ulqini","sameAs":["http:\/\/www.visit-ulcinj.com"],"url":"https:\/\/www.visit-ulcinj.com\/blog\/author\/admin\/"}]}},"jetpack_featured_media_url":"","jetpack_sharing_enabled":true,"jetpack_shortlink":"https:\/\/wp.me\/pe6lTn-pBO","_links":{"self":[{"href":"https:\/\/www.visit-ulcinj.com\/blog\/wp-json\/wp\/v2\/posts\/98444"}],"collection":[{"href":"https:\/\/www.visit-ulcinj.com\/blog\/wp-json\/wp\/v2\/posts"}],"about":[{"href":"https:\/\/www.visit-ulcinj.com\/blog\/wp-json\/wp\/v2\/types\/post"}],"author":[{"embeddable":true,"href":"https:\/\/www.visit-ulcinj.com\/blog\/wp-json\/wp\/v2\/users\/1"}],"replies":[{"embeddable":true,"href":"https:\/\/www.visit-ulcinj.com\/blog\/wp-json\/wp\/v2\/comments?post=98444"}],"version-history":[{"count":1,"href":"https:\/\/www.visit-ulcinj.com\/blog\/wp-json\/wp\/v2\/posts\/98444\/revisions"}],"predecessor-version":[{"id":98446,"href":"https:\/\/www.visit-ulcinj.com\/blog\/wp-json\/wp\/v2\/posts\/98444\/revisions\/98446"}],"wp:attachment":[{"href":"https:\/\/www.visit-ulcinj.com\/blog\/wp-json\/wp\/v2\/media?parent=98444"}],"wp:term":[{"taxonomy":"category","embeddable":true,"href":"https:\/\/www.visit-ulcinj.com\/blog\/wp-json\/wp\/v2\/categories?post=98444"},{"taxonomy":"post_tag","embeddable":true,"href":"https:\/\/www.visit-ulcinj.com\/blog\/wp-json\/wp\/v2\/tags?post=98444"}],"curies":[{"name":"wp","href":"https:\/\/api.w.org\/{rel}","templated":true}]}}