{"id":98447,"date":"2016-07-19T07:35:05","date_gmt":"2016-07-19T06:35:05","guid":{"rendered":"http:\/\/www.visit-ulcinj.com\/blog\/?p=98447"},"modified":"2016-07-19T07:35:05","modified_gmt":"2016-07-19T06:35:05","slug":"ne-parlamentin-e-malit-te-zi-te-flitet-edhe-shqip","status":"publish","type":"post","link":"https:\/\/www.visit-ulcinj.com\/blog\/2016\/07\/19\/ne-parlamentin-e-malit-te-zi-te-flitet-edhe-shqip\/","title":{"rendered":"N\u00eb parlamentin e Malit t\u00eb Zi do t\u00eb flitet edhe shqip"},"content":{"rendered":"<p><a href=\"http:\/\/www.visit-ulcinj.com\/blog\/wp-content\/uploads\/2016\/07\/Kuvendi-i-malit-te-zi.jpg\"><img loading=\"lazy\" class=\"alignleft wp-image-98448\" src=\"http:\/\/www.visit-ulcinj.com\/blog\/wp-content\/uploads\/2016\/07\/Kuvendi-i-malit-te-zi.jpg\" alt=\"Kuvendi-i-malit-te-zi\" width=\"508\" height=\"339\" srcset=\"https:\/\/www.visit-ulcinj.com\/blog\/wp-content\/uploads\/2016\/07\/Kuvendi-i-malit-te-zi.jpg 598w, https:\/\/www.visit-ulcinj.com\/blog\/wp-content\/uploads\/2016\/07\/Kuvendi-i-malit-te-zi-300x200.jpg 300w\" sizes=\"(max-width: 508px) 100vw, 508px\" \/><\/a>Prej sot (e h\u00ebn\u00eb), deputet\u00ebt shqiptar\u00eb n\u00eb Kuvendin e Malit t\u00eb Zi mund t\u2019i mbajn\u00eb fjalimet e tyre n\u00eb gjuh\u00ebn shqipe.<\/p>\n<p>K\u00ebt\u00eb e ka b\u00ebr\u00eb t\u00eb ditur kryetari i Kuvendit, Darko Pajoviq, duke shpjeguar se b\u00ebhet fjal\u00eb p\u00ebr nj\u00eb \u201cprojekt pilot\u201d.<\/p>\n<p>\u201cPrej sot, p\u00ebrmes nj\u00eb projekti pilot n\u00eb Malin e Zi, mund\u00ebsohet q\u00eb deputet\u00ebt shqipotar\u00eb t\u00eb flasin n\u00eb gjuh\u00ebn shqipe. Kjo \u00ebsht\u00eb dhe arsyeja q\u00eb kemi kufje p\u00ebrpara\u201d, ka th\u00ebn\u00eb ai.<\/p>\n<p>T\u00eb h\u00ebn\u00ebn, n\u00eb bankat e deputet\u00ebve t\u00eb Malit t\u00eb Zi ishin vendosur kufje p\u00ebr p\u00ebrkthim simultan t\u00eb fjalimeve t\u00eb deputet\u00ebve. (r.m.)<\/p>\n<p><strong>illyriapress<\/strong><\/p>\n","protected":false},"excerpt":{"rendered":"<p>Prej sot (e h\u00ebn\u00eb), deputet\u00ebt shqiptar\u00eb n\u00eb Kuvendin e Malit t\u00eb Zi mund t\u2019i mbajn\u00eb fjalimet e tyre n\u00eb gjuh\u00ebn shqipe. K\u00ebt\u00eb e ka b\u00ebr\u00eb t\u00eb ditur kryetari i Kuvendit, Darko Pajoviq, duke shpjeguar se b\u00ebhet fjal\u00eb p\u00ebr nj\u00eb \u201cprojekt pilot\u201d. \u201cPrej sot, p\u00ebrmes nj\u00eb projekti pilot n\u00eb Malin e Zi, mund\u00ebsohet q\u00eb deputet\u00ebt shqipotar\u00eb [&hellip;]<\/p>\n","protected":false},"author":1,"featured_media":0,"comment_status":"closed","ping_status":"closed","sticky":false,"template":"","format":"standard","meta":{"spay_email":"","jetpack_publicize_message":"","jetpack_is_tweetstorm":false,"jetpack_publicize_feature_enabled":true},"categories":[12],"tags":[],"jetpack_publicize_connections":[],"yoast_head":"<!-- This site is optimized with the Yoast SEO plugin v19.1 - https:\/\/yoast.com\/wordpress\/plugins\/seo\/ -->\n<title>N\u00eb parlamentin e Malit t\u00eb Zi do t\u00eb flitet edhe shqip - Lajme nga Ulqini<\/title>\n<meta name=\"description\" content=\"Prej sot (e h\u00ebn\u00eb), deputet\u00ebt shqiptar\u00eb n\u00eb Kuvendin e Malit t\u00eb Zi mund t\u2019i mbajn\u00eb fjalimet e tyre n\u00eb gjuh\u00ebn shqipe. K\u00ebt\u00eb e ka b\u00ebr\u00eb t\u00eb ditur kryetari i\" \/>\n<meta name=\"robots\" content=\"index, follow, max-snippet:-1, max-image-preview:large, max-video-preview:-1\" \/>\n<link rel=\"canonical\" href=\"https:\/\/www.visit-ulcinj.com\/blog\/2016\/07\/19\/ne-parlamentin-e-malit-te-zi-te-flitet-edhe-shqip\/\" \/>\n<meta property=\"og:locale\" content=\"en_US\" \/>\n<meta property=\"og:type\" content=\"article\" \/>\n<meta property=\"og:title\" content=\"N\u00eb parlamentin e Malit t\u00eb Zi do t\u00eb flitet edhe shqip - Lajme nga Ulqini\" \/>\n<meta property=\"og:description\" content=\"Prej sot (e h\u00ebn\u00eb), deputet\u00ebt shqiptar\u00eb n\u00eb Kuvendin e Malit t\u00eb Zi mund t\u2019i mbajn\u00eb fjalimet e tyre n\u00eb gjuh\u00ebn shqipe. K\u00ebt\u00eb e ka b\u00ebr\u00eb t\u00eb ditur kryetari i\" \/>\n<meta property=\"og:url\" content=\"https:\/\/www.visit-ulcinj.com\/blog\/2016\/07\/19\/ne-parlamentin-e-malit-te-zi-te-flitet-edhe-shqip\/\" \/>\n<meta property=\"og:site_name\" content=\"Lajme nga Ulqini\" \/>\n<meta property=\"article:published_time\" content=\"2016-07-19T06:35:05+00:00\" \/>\n<meta property=\"og:image\" content=\"http:\/\/www.visit-ulcinj.com\/blog\/wp-content\/uploads\/2016\/07\/Kuvendi-i-malit-te-zi.jpg\" \/>\n<meta name=\"twitter:label1\" content=\"Written by\" \/>\n\t<meta name=\"twitter:data1\" content=\"ulqini\" \/>\n\t<meta name=\"twitter:label2\" content=\"Est. reading time\" \/>\n\t<meta name=\"twitter:data2\" content=\"1 minute\" \/>\n<script type=\"application\/ld+json\" class=\"yoast-schema-graph\">{\"@context\":\"https:\/\/schema.org\",\"@graph\":[{\"@type\":\"WebSite\",\"@id\":\"https:\/\/www.visit-ulcinj.com\/blog\/#website\",\"url\":\"https:\/\/www.visit-ulcinj.com\/blog\/\",\"name\":\"Lajme nga Ulqini\",\"description\":\"Lajme,Vijesti,Ulqini,Ulqin,Crna Gora,Mali i Zi\",\"potentialAction\":[{\"@type\":\"SearchAction\",\"target\":{\"@type\":\"EntryPoint\",\"urlTemplate\":\"https:\/\/www.visit-ulcinj.com\/blog\/?s={search_term_string}\"},\"query-input\":\"required name=search_term_string\"}],\"inLanguage\":\"en-US\"},{\"@type\":\"ImageObject\",\"inLanguage\":\"en-US\",\"@id\":\"https:\/\/www.visit-ulcinj.com\/blog\/2016\/07\/19\/ne-parlamentin-e-malit-te-zi-te-flitet-edhe-shqip\/#primaryimage\",\"url\":\"https:\/\/www.visit-ulcinj.com\/blog\/wp-content\/uploads\/2016\/07\/Kuvendi-i-malit-te-zi.jpg\",\"contentUrl\":\"https:\/\/www.visit-ulcinj.com\/blog\/wp-content\/uploads\/2016\/07\/Kuvendi-i-malit-te-zi.jpg\",\"width\":598,\"height\":399},{\"@type\":\"WebPage\",\"@id\":\"https:\/\/www.visit-ulcinj.com\/blog\/2016\/07\/19\/ne-parlamentin-e-malit-te-zi-te-flitet-edhe-shqip\/#webpage\",\"url\":\"https:\/\/www.visit-ulcinj.com\/blog\/2016\/07\/19\/ne-parlamentin-e-malit-te-zi-te-flitet-edhe-shqip\/\",\"name\":\"N\u00eb parlamentin e Malit t\u00eb Zi do t\u00eb flitet edhe shqip - Lajme nga Ulqini\",\"isPartOf\":{\"@id\":\"https:\/\/www.visit-ulcinj.com\/blog\/#website\"},\"primaryImageOfPage\":{\"@id\":\"https:\/\/www.visit-ulcinj.com\/blog\/2016\/07\/19\/ne-parlamentin-e-malit-te-zi-te-flitet-edhe-shqip\/#primaryimage\"},\"datePublished\":\"2016-07-19T06:35:05+00:00\",\"dateModified\":\"2016-07-19T06:35:05+00:00\",\"author\":{\"@id\":\"https:\/\/www.visit-ulcinj.com\/blog\/#\/schema\/person\/dcab619c614d3038751c63bc2aadc06d\"},\"description\":\"Prej sot (e h\u00ebn\u00eb), deputet\u00ebt shqiptar\u00eb n\u00eb Kuvendin e Malit t\u00eb Zi mund t\u2019i mbajn\u00eb fjalimet e tyre n\u00eb gjuh\u00ebn shqipe. K\u00ebt\u00eb e ka b\u00ebr\u00eb t\u00eb ditur kryetari i\",\"breadcrumb\":{\"@id\":\"https:\/\/www.visit-ulcinj.com\/blog\/2016\/07\/19\/ne-parlamentin-e-malit-te-zi-te-flitet-edhe-shqip\/#breadcrumb\"},\"inLanguage\":\"en-US\",\"potentialAction\":[{\"@type\":\"ReadAction\",\"target\":[\"https:\/\/www.visit-ulcinj.com\/blog\/2016\/07\/19\/ne-parlamentin-e-malit-te-zi-te-flitet-edhe-shqip\/\"]}]},{\"@type\":\"BreadcrumbList\",\"@id\":\"https:\/\/www.visit-ulcinj.com\/blog\/2016\/07\/19\/ne-parlamentin-e-malit-te-zi-te-flitet-edhe-shqip\/#breadcrumb\",\"itemListElement\":[{\"@type\":\"ListItem\",\"position\":1,\"name\":\"N\u00eb parlamentin e Malit t\u00eb Zi do t\u00eb flitet edhe shqip\"}]},{\"@type\":\"Person\",\"@id\":\"https:\/\/www.visit-ulcinj.com\/blog\/#\/schema\/person\/dcab619c614d3038751c63bc2aadc06d\",\"name\":\"ulqini\",\"sameAs\":[\"http:\/\/www.visit-ulcinj.com\"],\"url\":\"https:\/\/www.visit-ulcinj.com\/blog\/author\/admin\/\"}]}<\/script>\n<!-- \/ Yoast SEO plugin. -->","yoast_head_json":{"title":"N\u00eb parlamentin e Malit t\u00eb Zi do t\u00eb flitet edhe shqip - Lajme nga Ulqini","description":"Prej sot (e h\u00ebn\u00eb), deputet\u00ebt shqiptar\u00eb n\u00eb Kuvendin e Malit t\u00eb Zi mund t\u2019i mbajn\u00eb fjalimet e tyre n\u00eb gjuh\u00ebn shqipe. K\u00ebt\u00eb e ka b\u00ebr\u00eb t\u00eb ditur kryetari i","robots":{"index":"index","follow":"follow","max-snippet":"max-snippet:-1","max-image-preview":"max-image-preview:large","max-video-preview":"max-video-preview:-1"},"canonical":"https:\/\/www.visit-ulcinj.com\/blog\/2016\/07\/19\/ne-parlamentin-e-malit-te-zi-te-flitet-edhe-shqip\/","og_locale":"en_US","og_type":"article","og_title":"N\u00eb parlamentin e Malit t\u00eb Zi do t\u00eb flitet edhe shqip - Lajme nga Ulqini","og_description":"Prej sot (e h\u00ebn\u00eb), deputet\u00ebt shqiptar\u00eb n\u00eb Kuvendin e Malit t\u00eb Zi mund t\u2019i mbajn\u00eb fjalimet e tyre n\u00eb gjuh\u00ebn shqipe. K\u00ebt\u00eb e ka b\u00ebr\u00eb t\u00eb ditur kryetari i","og_url":"https:\/\/www.visit-ulcinj.com\/blog\/2016\/07\/19\/ne-parlamentin-e-malit-te-zi-te-flitet-edhe-shqip\/","og_site_name":"Lajme nga Ulqini","article_published_time":"2016-07-19T06:35:05+00:00","og_image":[{"url":"http:\/\/www.visit-ulcinj.com\/blog\/wp-content\/uploads\/2016\/07\/Kuvendi-i-malit-te-zi.jpg"}],"twitter_misc":{"Written by":"ulqini","Est. reading time":"1 minute"},"schema":{"@context":"https:\/\/schema.org","@graph":[{"@type":"WebSite","@id":"https:\/\/www.visit-ulcinj.com\/blog\/#website","url":"https:\/\/www.visit-ulcinj.com\/blog\/","name":"Lajme nga Ulqini","description":"Lajme,Vijesti,Ulqini,Ulqin,Crna Gora,Mali i Zi","potentialAction":[{"@type":"SearchAction","target":{"@type":"EntryPoint","urlTemplate":"https:\/\/www.visit-ulcinj.com\/blog\/?s={search_term_string}"},"query-input":"required name=search_term_string"}],"inLanguage":"en-US"},{"@type":"ImageObject","inLanguage":"en-US","@id":"https:\/\/www.visit-ulcinj.com\/blog\/2016\/07\/19\/ne-parlamentin-e-malit-te-zi-te-flitet-edhe-shqip\/#primaryimage","url":"https:\/\/www.visit-ulcinj.com\/blog\/wp-content\/uploads\/2016\/07\/Kuvendi-i-malit-te-zi.jpg","contentUrl":"https:\/\/www.visit-ulcinj.com\/blog\/wp-content\/uploads\/2016\/07\/Kuvendi-i-malit-te-zi.jpg","width":598,"height":399},{"@type":"WebPage","@id":"https:\/\/www.visit-ulcinj.com\/blog\/2016\/07\/19\/ne-parlamentin-e-malit-te-zi-te-flitet-edhe-shqip\/#webpage","url":"https:\/\/www.visit-ulcinj.com\/blog\/2016\/07\/19\/ne-parlamentin-e-malit-te-zi-te-flitet-edhe-shqip\/","name":"N\u00eb parlamentin e Malit t\u00eb Zi do t\u00eb flitet edhe shqip - Lajme nga Ulqini","isPartOf":{"@id":"https:\/\/www.visit-ulcinj.com\/blog\/#website"},"primaryImageOfPage":{"@id":"https:\/\/www.visit-ulcinj.com\/blog\/2016\/07\/19\/ne-parlamentin-e-malit-te-zi-te-flitet-edhe-shqip\/#primaryimage"},"datePublished":"2016-07-19T06:35:05+00:00","dateModified":"2016-07-19T06:35:05+00:00","author":{"@id":"https:\/\/www.visit-ulcinj.com\/blog\/#\/schema\/person\/dcab619c614d3038751c63bc2aadc06d"},"description":"Prej sot (e h\u00ebn\u00eb), deputet\u00ebt shqiptar\u00eb n\u00eb Kuvendin e Malit t\u00eb Zi mund t\u2019i mbajn\u00eb fjalimet e tyre n\u00eb gjuh\u00ebn shqipe. K\u00ebt\u00eb e ka b\u00ebr\u00eb t\u00eb ditur kryetari i","breadcrumb":{"@id":"https:\/\/www.visit-ulcinj.com\/blog\/2016\/07\/19\/ne-parlamentin-e-malit-te-zi-te-flitet-edhe-shqip\/#breadcrumb"},"inLanguage":"en-US","potentialAction":[{"@type":"ReadAction","target":["https:\/\/www.visit-ulcinj.com\/blog\/2016\/07\/19\/ne-parlamentin-e-malit-te-zi-te-flitet-edhe-shqip\/"]}]},{"@type":"BreadcrumbList","@id":"https:\/\/www.visit-ulcinj.com\/blog\/2016\/07\/19\/ne-parlamentin-e-malit-te-zi-te-flitet-edhe-shqip\/#breadcrumb","itemListElement":[{"@type":"ListItem","position":1,"name":"N\u00eb parlamentin e Malit t\u00eb Zi do t\u00eb flitet edhe shqip"}]},{"@type":"Person","@id":"https:\/\/www.visit-ulcinj.com\/blog\/#\/schema\/person\/dcab619c614d3038751c63bc2aadc06d","name":"ulqini","sameAs":["http:\/\/www.visit-ulcinj.com"],"url":"https:\/\/www.visit-ulcinj.com\/blog\/author\/admin\/"}]}},"jetpack_featured_media_url":"","jetpack_sharing_enabled":true,"jetpack_shortlink":"https:\/\/wp.me\/pe6lTn-pBR","_links":{"self":[{"href":"https:\/\/www.visit-ulcinj.com\/blog\/wp-json\/wp\/v2\/posts\/98447"}],"collection":[{"href":"https:\/\/www.visit-ulcinj.com\/blog\/wp-json\/wp\/v2\/posts"}],"about":[{"href":"https:\/\/www.visit-ulcinj.com\/blog\/wp-json\/wp\/v2\/types\/post"}],"author":[{"embeddable":true,"href":"https:\/\/www.visit-ulcinj.com\/blog\/wp-json\/wp\/v2\/users\/1"}],"replies":[{"embeddable":true,"href":"https:\/\/www.visit-ulcinj.com\/blog\/wp-json\/wp\/v2\/comments?post=98447"}],"version-history":[{"count":1,"href":"https:\/\/www.visit-ulcinj.com\/blog\/wp-json\/wp\/v2\/posts\/98447\/revisions"}],"predecessor-version":[{"id":98449,"href":"https:\/\/www.visit-ulcinj.com\/blog\/wp-json\/wp\/v2\/posts\/98447\/revisions\/98449"}],"wp:attachment":[{"href":"https:\/\/www.visit-ulcinj.com\/blog\/wp-json\/wp\/v2\/media?parent=98447"}],"wp:term":[{"taxonomy":"category","embeddable":true,"href":"https:\/\/www.visit-ulcinj.com\/blog\/wp-json\/wp\/v2\/categories?post=98447"},{"taxonomy":"post_tag","embeddable":true,"href":"https:\/\/www.visit-ulcinj.com\/blog\/wp-json\/wp\/v2\/tags?post=98447"}],"curies":[{"name":"wp","href":"https:\/\/api.w.org\/{rel}","templated":true}]}}