{"id":98450,"date":"2016-07-19T14:05:19","date_gmt":"2016-07-19T13:05:19","guid":{"rendered":"http:\/\/www.visit-ulcinj.com\/blog\/?p=98450"},"modified":"2016-07-19T14:05:19","modified_gmt":"2016-07-19T13:05:19","slug":"gvozdenovic-moguca-proizvodnja-soli-u-ulcinju","status":"publish","type":"post","link":"https:\/\/www.visit-ulcinj.com\/blog\/2016\/07\/19\/gvozdenovic-moguca-proizvodnja-soli-u-ulcinju\/","title":{"rendered":"Gvozdenovi\u0107: Mogu\u0107a proizvodnja soli u Ulcinju"},"content":{"rendered":"<p><strong><a href=\"http:\/\/www.visit-ulcinj.com\/blog\/wp-content\/uploads\/2016\/07\/Branimir-Gvozdenovic-Pirana-Solana-SLO.jpg\"><img loading=\"lazy\" class=\"alignleft wp-image-98451\" src=\"http:\/\/www.visit-ulcinj.com\/blog\/wp-content\/uploads\/2016\/07\/Branimir-Gvozdenovic-Pirana-Solana-SLO.jpg\" alt=\"Branimir Gvozdenovic-Pirana-Solana-SLO\" width=\"508\" height=\"381\" srcset=\"https:\/\/www.visit-ulcinj.com\/blog\/wp-content\/uploads\/2016\/07\/Branimir-Gvozdenovic-Pirana-Solana-SLO.jpg 900w, https:\/\/www.visit-ulcinj.com\/blog\/wp-content\/uploads\/2016\/07\/Branimir-Gvozdenovic-Pirana-Solana-SLO-300x225.jpg 300w, https:\/\/www.visit-ulcinj.com\/blog\/wp-content\/uploads\/2016\/07\/Branimir-Gvozdenovic-Pirana-Solana-SLO-768x576.jpg 768w\" sizes=\"(max-width: 508px) 100vw, 508px\" \/><\/a>Ministar odr\u017eivog razvoja i turizma Branimir Gvozdenovi\u0107 kazao je da primjer proizvodnje soli na najtradicionalniji na\u010din koji je zastupljen u Piranskoj solani, daje za pravo da se nadamo da \u0107e ve\u0107 ove godine biti mogu\u0107e obnoviti proizvodnju soli u Ulcinju, u koli\u010dinama u skladu sa trenutnim mogu\u0107nostima. <\/strong><\/p>\n<p>On je, s predsjednikom Upravnog odbora Javnog preduze\u0107a za nacionalne parkove Uro\u0161em Andrija\u0161evi\u0107em, boravio u posjeti Piranskoj solani u Sloveniji.<\/p>\n<p>Posjeta je, kako je saop\u0161teno iz Ministarstva odr\u017eivog razvoja i turizma organizovana sa ciljem upoznavanja sa procesom proizvodnje soli u Piranu i analize mogu\u0107nosti primjene istog proizvodnog modela u Crnoj Gori, kako bi ve\u0107 tokom ove godine,u mogu\u0107oj mjeri, bila pokrenuta ova aktivnost na solani u Ulcinju.<\/p>\n<p>\u201ePrimjer proizvodnje soli na najtradicionalniji na\u010din koji je zastupljen u Piranskoj solani, daje nam za pravo da se nadamo da \u0107e ve\u0107 ove godine biti mogu\u0107e obnoviti proizvodnju soli u Ulcinju, u koli\u010dinama u skladu sa trenutnim mogu\u0107nostima. Tako\u0111e, ohrabreni smo ovim \u0161to smo vidjeli, jer na duplo manjem prostoru nego \u0161to je ulcinjska solana, jednako uspje\u0161no funkcioni\u0161u proizvodnja soli, proizvodnja kozmeti\u010dkih i ljekovitih preparata, zdravstveni turizam i park prirode\u201c, istakao je Gvozdenovi\u0107.<\/p>\n<p>Posjeta je, kako se navodi, bila prilika i za razmjenu iskustava po pitanju kori\u0161\u0107enja finansijskih mogu\u0107nosti pretpristupnih fondova EU, koje je Piranska solana u velikoj mjeri iskoristila.<\/p>\n<p>Dogovorena je i uzvratna posjeta predstavnika solane Piran, kako bi se na samom lokalitetu ulcinjske solane upoznali sa trenutnim stanjem i mogu\u0107nostima za proizvodnju, \u0161to, imaju\u0107i u vidu jednostavan proizvodni proces, mo\u017ee rezultirati skorom berbom soli i obnovom proizvodnje u Ulcinju.<\/p>\n<p><strong>Izvor: RTCG<\/strong><\/p>\n","protected":false},"excerpt":{"rendered":"<p>Ministar odr\u017eivog razvoja i turizma Branimir Gvozdenovi\u0107 kazao je da primjer proizvodnje soli na najtradicionalniji na\u010din koji je zastupljen u Piranskoj solani, daje za pravo da se nadamo da \u0107e ve\u0107 ove godine biti mogu\u0107e obnoviti proizvodnju soli u Ulcinju, u koli\u010dinama u skladu sa trenutnim mogu\u0107nostima. On je, s predsjednikom Upravnog odbora Javnog preduze\u0107a [&hellip;]<\/p>\n","protected":false},"author":1,"featured_media":0,"comment_status":"closed","ping_status":"closed","sticky":false,"template":"","format":"standard","meta":{"spay_email":"","jetpack_publicize_message":"","jetpack_is_tweetstorm":false,"jetpack_publicize_feature_enabled":true},"categories":[8337],"tags":[],"jetpack_publicize_connections":[],"yoast_head":"<!-- This site is optimized with the Yoast SEO plugin v19.1 - https:\/\/yoast.com\/wordpress\/plugins\/seo\/ -->\n<title>Gvozdenovi\u0107: Mogu\u0107a proizvodnja soli u Ulcinju - Lajme nga Ulqini<\/title>\n<meta name=\"description\" content=\"Ministar odr\u017eivog razvoja i turizma Branimir Gvozdenovi\u0107 kazao je da primjer proizvodnje soli na najtradicionalniji na\u010din koji je zastupljen u Piranskoj\" \/>\n<meta name=\"robots\" content=\"index, follow, max-snippet:-1, max-image-preview:large, max-video-preview:-1\" \/>\n<link rel=\"canonical\" href=\"https:\/\/www.visit-ulcinj.com\/blog\/2016\/07\/19\/gvozdenovic-moguca-proizvodnja-soli-u-ulcinju\/\" \/>\n<meta property=\"og:locale\" content=\"en_US\" \/>\n<meta property=\"og:type\" content=\"article\" \/>\n<meta property=\"og:title\" content=\"Gvozdenovi\u0107: Mogu\u0107a proizvodnja soli u Ulcinju - Lajme nga Ulqini\" \/>\n<meta property=\"og:description\" content=\"Ministar odr\u017eivog razvoja i turizma Branimir Gvozdenovi\u0107 kazao je da primjer proizvodnje soli na najtradicionalniji na\u010din koji je zastupljen u Piranskoj\" \/>\n<meta property=\"og:url\" content=\"https:\/\/www.visit-ulcinj.com\/blog\/2016\/07\/19\/gvozdenovic-moguca-proizvodnja-soli-u-ulcinju\/\" \/>\n<meta property=\"og:site_name\" content=\"Lajme nga Ulqini\" \/>\n<meta property=\"article:published_time\" content=\"2016-07-19T13:05:19+00:00\" \/>\n<meta property=\"og:image\" content=\"http:\/\/www.visit-ulcinj.com\/blog\/wp-content\/uploads\/2016\/07\/Branimir-Gvozdenovic-Pirana-Solana-SLO.jpg\" \/>\n<meta name=\"twitter:label1\" content=\"Written by\" \/>\n\t<meta name=\"twitter:data1\" content=\"ulqini\" \/>\n\t<meta name=\"twitter:label2\" content=\"Est. reading time\" \/>\n\t<meta name=\"twitter:data2\" content=\"1 minute\" \/>\n<script type=\"application\/ld+json\" class=\"yoast-schema-graph\">{\"@context\":\"https:\/\/schema.org\",\"@graph\":[{\"@type\":\"WebSite\",\"@id\":\"https:\/\/www.visit-ulcinj.com\/blog\/#website\",\"url\":\"https:\/\/www.visit-ulcinj.com\/blog\/\",\"name\":\"Lajme nga Ulqini\",\"description\":\"Lajme,Vijesti,Ulqini,Ulqin,Crna Gora,Mali i Zi\",\"potentialAction\":[{\"@type\":\"SearchAction\",\"target\":{\"@type\":\"EntryPoint\",\"urlTemplate\":\"https:\/\/www.visit-ulcinj.com\/blog\/?s={search_term_string}\"},\"query-input\":\"required name=search_term_string\"}],\"inLanguage\":\"en-US\"},{\"@type\":\"ImageObject\",\"inLanguage\":\"en-US\",\"@id\":\"https:\/\/www.visit-ulcinj.com\/blog\/2016\/07\/19\/gvozdenovic-moguca-proizvodnja-soli-u-ulcinju\/#primaryimage\",\"url\":\"https:\/\/www.visit-ulcinj.com\/blog\/wp-content\/uploads\/2016\/07\/Branimir-Gvozdenovic-Pirana-Solana-SLO.jpg\",\"contentUrl\":\"https:\/\/www.visit-ulcinj.com\/blog\/wp-content\/uploads\/2016\/07\/Branimir-Gvozdenovic-Pirana-Solana-SLO.jpg\",\"width\":900,\"height\":675},{\"@type\":\"WebPage\",\"@id\":\"https:\/\/www.visit-ulcinj.com\/blog\/2016\/07\/19\/gvozdenovic-moguca-proizvodnja-soli-u-ulcinju\/#webpage\",\"url\":\"https:\/\/www.visit-ulcinj.com\/blog\/2016\/07\/19\/gvozdenovic-moguca-proizvodnja-soli-u-ulcinju\/\",\"name\":\"Gvozdenovi\u0107: Mogu\u0107a proizvodnja soli u Ulcinju - Lajme nga Ulqini\",\"isPartOf\":{\"@id\":\"https:\/\/www.visit-ulcinj.com\/blog\/#website\"},\"primaryImageOfPage\":{\"@id\":\"https:\/\/www.visit-ulcinj.com\/blog\/2016\/07\/19\/gvozdenovic-moguca-proizvodnja-soli-u-ulcinju\/#primaryimage\"},\"datePublished\":\"2016-07-19T13:05:19+00:00\",\"dateModified\":\"2016-07-19T13:05:19+00:00\",\"author\":{\"@id\":\"https:\/\/www.visit-ulcinj.com\/blog\/#\/schema\/person\/dcab619c614d3038751c63bc2aadc06d\"},\"description\":\"Ministar odr\u017eivog razvoja i turizma Branimir Gvozdenovi\u0107 kazao je da primjer proizvodnje soli na najtradicionalniji na\u010din koji je zastupljen u Piranskoj\",\"breadcrumb\":{\"@id\":\"https:\/\/www.visit-ulcinj.com\/blog\/2016\/07\/19\/gvozdenovic-moguca-proizvodnja-soli-u-ulcinju\/#breadcrumb\"},\"inLanguage\":\"en-US\",\"potentialAction\":[{\"@type\":\"ReadAction\",\"target\":[\"https:\/\/www.visit-ulcinj.com\/blog\/2016\/07\/19\/gvozdenovic-moguca-proizvodnja-soli-u-ulcinju\/\"]}]},{\"@type\":\"BreadcrumbList\",\"@id\":\"https:\/\/www.visit-ulcinj.com\/blog\/2016\/07\/19\/gvozdenovic-moguca-proizvodnja-soli-u-ulcinju\/#breadcrumb\",\"itemListElement\":[{\"@type\":\"ListItem\",\"position\":1,\"name\":\"Gvozdenovi\u0107: Mogu\u0107a proizvodnja soli u Ulcinju\"}]},{\"@type\":\"Person\",\"@id\":\"https:\/\/www.visit-ulcinj.com\/blog\/#\/schema\/person\/dcab619c614d3038751c63bc2aadc06d\",\"name\":\"ulqini\",\"sameAs\":[\"http:\/\/www.visit-ulcinj.com\"],\"url\":\"https:\/\/www.visit-ulcinj.com\/blog\/author\/admin\/\"}]}<\/script>\n<!-- \/ Yoast SEO plugin. -->","yoast_head_json":{"title":"Gvozdenovi\u0107: Mogu\u0107a proizvodnja soli u Ulcinju - Lajme nga Ulqini","description":"Ministar odr\u017eivog razvoja i turizma Branimir Gvozdenovi\u0107 kazao je da primjer proizvodnje soli na najtradicionalniji na\u010din koji je zastupljen u Piranskoj","robots":{"index":"index","follow":"follow","max-snippet":"max-snippet:-1","max-image-preview":"max-image-preview:large","max-video-preview":"max-video-preview:-1"},"canonical":"https:\/\/www.visit-ulcinj.com\/blog\/2016\/07\/19\/gvozdenovic-moguca-proizvodnja-soli-u-ulcinju\/","og_locale":"en_US","og_type":"article","og_title":"Gvozdenovi\u0107: Mogu\u0107a proizvodnja soli u Ulcinju - Lajme nga Ulqini","og_description":"Ministar odr\u017eivog razvoja i turizma Branimir Gvozdenovi\u0107 kazao je da primjer proizvodnje soli na najtradicionalniji na\u010din koji je zastupljen u Piranskoj","og_url":"https:\/\/www.visit-ulcinj.com\/blog\/2016\/07\/19\/gvozdenovic-moguca-proizvodnja-soli-u-ulcinju\/","og_site_name":"Lajme nga Ulqini","article_published_time":"2016-07-19T13:05:19+00:00","og_image":[{"url":"http:\/\/www.visit-ulcinj.com\/blog\/wp-content\/uploads\/2016\/07\/Branimir-Gvozdenovic-Pirana-Solana-SLO.jpg"}],"twitter_misc":{"Written by":"ulqini","Est. reading time":"1 minute"},"schema":{"@context":"https:\/\/schema.org","@graph":[{"@type":"WebSite","@id":"https:\/\/www.visit-ulcinj.com\/blog\/#website","url":"https:\/\/www.visit-ulcinj.com\/blog\/","name":"Lajme nga Ulqini","description":"Lajme,Vijesti,Ulqini,Ulqin,Crna Gora,Mali i Zi","potentialAction":[{"@type":"SearchAction","target":{"@type":"EntryPoint","urlTemplate":"https:\/\/www.visit-ulcinj.com\/blog\/?s={search_term_string}"},"query-input":"required name=search_term_string"}],"inLanguage":"en-US"},{"@type":"ImageObject","inLanguage":"en-US","@id":"https:\/\/www.visit-ulcinj.com\/blog\/2016\/07\/19\/gvozdenovic-moguca-proizvodnja-soli-u-ulcinju\/#primaryimage","url":"https:\/\/www.visit-ulcinj.com\/blog\/wp-content\/uploads\/2016\/07\/Branimir-Gvozdenovic-Pirana-Solana-SLO.jpg","contentUrl":"https:\/\/www.visit-ulcinj.com\/blog\/wp-content\/uploads\/2016\/07\/Branimir-Gvozdenovic-Pirana-Solana-SLO.jpg","width":900,"height":675},{"@type":"WebPage","@id":"https:\/\/www.visit-ulcinj.com\/blog\/2016\/07\/19\/gvozdenovic-moguca-proizvodnja-soli-u-ulcinju\/#webpage","url":"https:\/\/www.visit-ulcinj.com\/blog\/2016\/07\/19\/gvozdenovic-moguca-proizvodnja-soli-u-ulcinju\/","name":"Gvozdenovi\u0107: Mogu\u0107a proizvodnja soli u Ulcinju - Lajme nga Ulqini","isPartOf":{"@id":"https:\/\/www.visit-ulcinj.com\/blog\/#website"},"primaryImageOfPage":{"@id":"https:\/\/www.visit-ulcinj.com\/blog\/2016\/07\/19\/gvozdenovic-moguca-proizvodnja-soli-u-ulcinju\/#primaryimage"},"datePublished":"2016-07-19T13:05:19+00:00","dateModified":"2016-07-19T13:05:19+00:00","author":{"@id":"https:\/\/www.visit-ulcinj.com\/blog\/#\/schema\/person\/dcab619c614d3038751c63bc2aadc06d"},"description":"Ministar odr\u017eivog razvoja i turizma Branimir Gvozdenovi\u0107 kazao je da primjer proizvodnje soli na najtradicionalniji na\u010din koji je zastupljen u Piranskoj","breadcrumb":{"@id":"https:\/\/www.visit-ulcinj.com\/blog\/2016\/07\/19\/gvozdenovic-moguca-proizvodnja-soli-u-ulcinju\/#breadcrumb"},"inLanguage":"en-US","potentialAction":[{"@type":"ReadAction","target":["https:\/\/www.visit-ulcinj.com\/blog\/2016\/07\/19\/gvozdenovic-moguca-proizvodnja-soli-u-ulcinju\/"]}]},{"@type":"BreadcrumbList","@id":"https:\/\/www.visit-ulcinj.com\/blog\/2016\/07\/19\/gvozdenovic-moguca-proizvodnja-soli-u-ulcinju\/#breadcrumb","itemListElement":[{"@type":"ListItem","position":1,"name":"Gvozdenovi\u0107: Mogu\u0107a proizvodnja soli u Ulcinju"}]},{"@type":"Person","@id":"https:\/\/www.visit-ulcinj.com\/blog\/#\/schema\/person\/dcab619c614d3038751c63bc2aadc06d","name":"ulqini","sameAs":["http:\/\/www.visit-ulcinj.com"],"url":"https:\/\/www.visit-ulcinj.com\/blog\/author\/admin\/"}]}},"jetpack_featured_media_url":"","jetpack_sharing_enabled":true,"jetpack_shortlink":"https:\/\/wp.me\/pe6lTn-pBU","_links":{"self":[{"href":"https:\/\/www.visit-ulcinj.com\/blog\/wp-json\/wp\/v2\/posts\/98450"}],"collection":[{"href":"https:\/\/www.visit-ulcinj.com\/blog\/wp-json\/wp\/v2\/posts"}],"about":[{"href":"https:\/\/www.visit-ulcinj.com\/blog\/wp-json\/wp\/v2\/types\/post"}],"author":[{"embeddable":true,"href":"https:\/\/www.visit-ulcinj.com\/blog\/wp-json\/wp\/v2\/users\/1"}],"replies":[{"embeddable":true,"href":"https:\/\/www.visit-ulcinj.com\/blog\/wp-json\/wp\/v2\/comments?post=98450"}],"version-history":[{"count":1,"href":"https:\/\/www.visit-ulcinj.com\/blog\/wp-json\/wp\/v2\/posts\/98450\/revisions"}],"predecessor-version":[{"id":98452,"href":"https:\/\/www.visit-ulcinj.com\/blog\/wp-json\/wp\/v2\/posts\/98450\/revisions\/98452"}],"wp:attachment":[{"href":"https:\/\/www.visit-ulcinj.com\/blog\/wp-json\/wp\/v2\/media?parent=98450"}],"wp:term":[{"taxonomy":"category","embeddable":true,"href":"https:\/\/www.visit-ulcinj.com\/blog\/wp-json\/wp\/v2\/categories?post=98450"},{"taxonomy":"post_tag","embeddable":true,"href":"https:\/\/www.visit-ulcinj.com\/blog\/wp-json\/wp\/v2\/tags?post=98450"}],"curies":[{"name":"wp","href":"https:\/\/api.w.org\/{rel}","templated":true}]}}