{"id":98453,"date":"2016-07-19T14:08:38","date_gmt":"2016-07-19T13:08:38","guid":{"rendered":"http:\/\/www.visit-ulcinj.com\/blog\/?p=98453"},"modified":"2016-07-19T19:27:03","modified_gmt":"2016-07-19T18:27:03","slug":"gvozdenoviq-prodhimi-mundshem-kripes-ne-ulqin","status":"publish","type":"post","link":"https:\/\/www.visit-ulcinj.com\/blog\/2016\/07\/19\/gvozdenoviq-prodhimi-mundshem-kripes-ne-ulqin\/","title":{"rendered":"Gvozdenoviq: Prodhimi i mundsh\u00ebm i krip\u00ebs n\u00eb Ulqin"},"content":{"rendered":"<p><a href=\"http:\/\/www.visit-ulcinj.com\/blog\/wp-content\/uploads\/2016\/07\/Branimir-Gvozdenovic-Pirana-Solana-SLO.jpg\"><img loading=\"lazy\" class=\"alignleft wp-image-98451\" src=\"http:\/\/www.visit-ulcinj.com\/blog\/wp-content\/uploads\/2016\/07\/Branimir-Gvozdenovic-Pirana-Solana-SLO.jpg\" alt=\"Branimir Gvozdenovic-Pirana-Solana-SLO\" width=\"508\" height=\"381\" srcset=\"https:\/\/www.visit-ulcinj.com\/blog\/wp-content\/uploads\/2016\/07\/Branimir-Gvozdenovic-Pirana-Solana-SLO.jpg 900w, https:\/\/www.visit-ulcinj.com\/blog\/wp-content\/uploads\/2016\/07\/Branimir-Gvozdenovic-Pirana-Solana-SLO-300x225.jpg 300w, https:\/\/www.visit-ulcinj.com\/blog\/wp-content\/uploads\/2016\/07\/Branimir-Gvozdenovic-Pirana-Solana-SLO-768x576.jpg 768w\" sizes=\"(max-width: 508px) 100vw, 508px\" \/><\/a>Ministri i zhvillimit t\u00eb q\u00ebndruesh\u00ebm dhe turizmit Branimir Gvozdenoviq dhe kryetari i K\u00ebshillit drejtues t\u00eb Nd\u00ebrmarrjes publike parqet nacionale Urosh Andriasheviq vizituan Kriporen Piran n\u00eb Slloveni, raporton portali Ul.info.<\/p>\n<p>Vizita \u00ebsht\u00eb organizuar me q\u00ebllim njohjen e procesit t\u00eb prodhimit t\u00eb krip\u00ebs n\u00eb Piran dhe analiz\u00ebs s\u00eb mund\u00ebsive t\u00eb implementimit t\u00eb modelit t\u00eb nj\u00ebjt\u00eb prodhues n\u00eb Mal t\u00eb Zi, n\u00eb m\u00ebnyr\u00eb q\u00eb gjat\u00eb k\u00ebtij viti, n\u00eb mas\u00eb t\u00eb mundshme, do t\u00eb iniciohet ky aktivitet n\u00eb Kripore n\u00eb Ulqin.<\/p>\n<p>\u201cShembulli i prodhimit t\u00eb krip\u00ebs n\u00eb m\u00ebnyr\u00ebn m\u00eb tradicionale, i cili \u00ebsht\u00eb i pranish\u00ebm n\u00eb Kriporen e Piran\u00ebs, na jep t\u00eb drejt\u00eb q\u00eb t\u00eb shpresojm\u00eb q\u00eb nga ky vit do t\u00eb jet\u00eb e mundshme rip\u00ebrt\u00ebritja e prodhimit n\u00eb Ulqin, n\u00eb sasi n\u00eb pajtim me mund\u00ebsit momentale. Po ashtu, jemi t\u00eb inkurajuar me at\u00eb \u00e7far\u00eb pam\u00eb, sepse n\u00eb hap\u00ebsir\u00ebn dyfish m\u00eb t\u00eb vog\u00ebl se\u00e7 \u00ebsht\u00eb ajo kriporja e Ulqinit, n\u00eb m\u00ebnyr\u00eb t\u00eb suksesshme funksionon prodhimi i krip\u00ebs, prodhimi i produkteve kozmetike dhe sh\u00ebndet\u00ebsore, turizmi sh\u00ebndet\u00ebsor dhe parku i natyr\u00ebs\u201d, theksoi ministri Gvozdenoviq dhe paralajm\u00ebroi ardhjen n\u00eb Ulqin t\u00eb p\u00ebrfaq\u00ebsuesve t\u00eb Kripores Piran.<\/p>\n","protected":false},"excerpt":{"rendered":"<p>Ministri i zhvillimit t\u00eb q\u00ebndruesh\u00ebm dhe turizmit Branimir Gvozdenoviq dhe kryetari i K\u00ebshillit drejtues t\u00eb Nd\u00ebrmarrjes publike parqet nacionale Urosh Andriasheviq vizituan Kriporen Piran n\u00eb Slloveni, raporton portali Ul.info. Vizita \u00ebsht\u00eb organizuar me q\u00ebllim njohjen e procesit t\u00eb prodhimit t\u00eb krip\u00ebs n\u00eb Piran dhe analiz\u00ebs s\u00eb mund\u00ebsive t\u00eb implementimit t\u00eb modelit t\u00eb nj\u00ebjt\u00eb prodhues n\u00eb [&hellip;]<\/p>\n","protected":false},"author":1,"featured_media":0,"comment_status":"closed","ping_status":"closed","sticky":false,"template":"","format":"standard","meta":{"spay_email":"","jetpack_publicize_message":"","jetpack_is_tweetstorm":false,"jetpack_publicize_feature_enabled":true},"categories":[10,1],"tags":[],"jetpack_publicize_connections":[],"yoast_head":"<!-- This site is optimized with the Yoast SEO plugin v19.1 - https:\/\/yoast.com\/wordpress\/plugins\/seo\/ -->\n<title>Gvozdenoviq: Prodhimi i mundsh\u00ebm i krip\u00ebs n\u00eb Ulqin - Lajme nga Ulqini<\/title>\n<meta name=\"description\" content=\"Ministri i zhvillimit t\u00eb q\u00ebndruesh\u00ebm dhe turizmit Branimir Gvozdenoviq dhe kryetari i K\u00ebshillit drejtues t\u00eb Nd\u00ebrmarrjes publike parqet nacionale Urosh\" \/>\n<meta name=\"robots\" content=\"index, follow, max-snippet:-1, max-image-preview:large, max-video-preview:-1\" \/>\n<link rel=\"canonical\" href=\"https:\/\/www.visit-ulcinj.com\/blog\/2016\/07\/19\/gvozdenoviq-prodhimi-mundshem-kripes-ne-ulqin\/\" \/>\n<meta property=\"og:locale\" content=\"en_US\" \/>\n<meta property=\"og:type\" content=\"article\" \/>\n<meta property=\"og:title\" content=\"Gvozdenoviq: Prodhimi i mundsh\u00ebm i krip\u00ebs n\u00eb Ulqin - Lajme nga Ulqini\" \/>\n<meta property=\"og:description\" content=\"Ministri i zhvillimit t\u00eb q\u00ebndruesh\u00ebm dhe turizmit Branimir Gvozdenoviq dhe kryetari i K\u00ebshillit drejtues t\u00eb Nd\u00ebrmarrjes publike parqet nacionale Urosh\" \/>\n<meta property=\"og:url\" content=\"https:\/\/www.visit-ulcinj.com\/blog\/2016\/07\/19\/gvozdenoviq-prodhimi-mundshem-kripes-ne-ulqin\/\" \/>\n<meta property=\"og:site_name\" content=\"Lajme nga Ulqini\" \/>\n<meta property=\"article:published_time\" content=\"2016-07-19T13:08:38+00:00\" \/>\n<meta property=\"article:modified_time\" content=\"2016-07-19T18:27:03+00:00\" \/>\n<meta property=\"og:image\" content=\"http:\/\/www.visit-ulcinj.com\/blog\/wp-content\/uploads\/2016\/07\/Branimir-Gvozdenovic-Pirana-Solana-SLO.jpg\" \/>\n<meta name=\"twitter:label1\" content=\"Written by\" \/>\n\t<meta name=\"twitter:data1\" content=\"ulqini\" \/>\n\t<meta name=\"twitter:label2\" content=\"Est. reading time\" \/>\n\t<meta name=\"twitter:data2\" content=\"1 minute\" \/>\n<script type=\"application\/ld+json\" class=\"yoast-schema-graph\">{\"@context\":\"https:\/\/schema.org\",\"@graph\":[{\"@type\":\"WebSite\",\"@id\":\"https:\/\/www.visit-ulcinj.com\/blog\/#website\",\"url\":\"https:\/\/www.visit-ulcinj.com\/blog\/\",\"name\":\"Lajme nga Ulqini\",\"description\":\"Lajme,Vijesti,Ulqini,Ulqin,Crna Gora,Mali i Zi\",\"potentialAction\":[{\"@type\":\"SearchAction\",\"target\":{\"@type\":\"EntryPoint\",\"urlTemplate\":\"https:\/\/www.visit-ulcinj.com\/blog\/?s={search_term_string}\"},\"query-input\":\"required name=search_term_string\"}],\"inLanguage\":\"en-US\"},{\"@type\":\"ImageObject\",\"inLanguage\":\"en-US\",\"@id\":\"https:\/\/www.visit-ulcinj.com\/blog\/2016\/07\/19\/gvozdenoviq-prodhimi-mundshem-kripes-ne-ulqin\/#primaryimage\",\"url\":\"https:\/\/www.visit-ulcinj.com\/blog\/wp-content\/uploads\/2016\/07\/Branimir-Gvozdenovic-Pirana-Solana-SLO.jpg\",\"contentUrl\":\"https:\/\/www.visit-ulcinj.com\/blog\/wp-content\/uploads\/2016\/07\/Branimir-Gvozdenovic-Pirana-Solana-SLO.jpg\",\"width\":900,\"height\":675},{\"@type\":\"WebPage\",\"@id\":\"https:\/\/www.visit-ulcinj.com\/blog\/2016\/07\/19\/gvozdenoviq-prodhimi-mundshem-kripes-ne-ulqin\/#webpage\",\"url\":\"https:\/\/www.visit-ulcinj.com\/blog\/2016\/07\/19\/gvozdenoviq-prodhimi-mundshem-kripes-ne-ulqin\/\",\"name\":\"Gvozdenoviq: Prodhimi i mundsh\u00ebm i krip\u00ebs n\u00eb Ulqin - Lajme nga Ulqini\",\"isPartOf\":{\"@id\":\"https:\/\/www.visit-ulcinj.com\/blog\/#website\"},\"primaryImageOfPage\":{\"@id\":\"https:\/\/www.visit-ulcinj.com\/blog\/2016\/07\/19\/gvozdenoviq-prodhimi-mundshem-kripes-ne-ulqin\/#primaryimage\"},\"datePublished\":\"2016-07-19T13:08:38+00:00\",\"dateModified\":\"2016-07-19T18:27:03+00:00\",\"author\":{\"@id\":\"https:\/\/www.visit-ulcinj.com\/blog\/#\/schema\/person\/dcab619c614d3038751c63bc2aadc06d\"},\"description\":\"Ministri i zhvillimit t\u00eb q\u00ebndruesh\u00ebm dhe turizmit Branimir Gvozdenoviq dhe kryetari i K\u00ebshillit drejtues t\u00eb Nd\u00ebrmarrjes publike parqet nacionale Urosh\",\"breadcrumb\":{\"@id\":\"https:\/\/www.visit-ulcinj.com\/blog\/2016\/07\/19\/gvozdenoviq-prodhimi-mundshem-kripes-ne-ulqin\/#breadcrumb\"},\"inLanguage\":\"en-US\",\"potentialAction\":[{\"@type\":\"ReadAction\",\"target\":[\"https:\/\/www.visit-ulcinj.com\/blog\/2016\/07\/19\/gvozdenoviq-prodhimi-mundshem-kripes-ne-ulqin\/\"]}]},{\"@type\":\"BreadcrumbList\",\"@id\":\"https:\/\/www.visit-ulcinj.com\/blog\/2016\/07\/19\/gvozdenoviq-prodhimi-mundshem-kripes-ne-ulqin\/#breadcrumb\",\"itemListElement\":[{\"@type\":\"ListItem\",\"position\":1,\"name\":\"Gvozdenoviq: Prodhimi i mundsh\u00ebm i krip\u00ebs n\u00eb Ulqin\"}]},{\"@type\":\"Person\",\"@id\":\"https:\/\/www.visit-ulcinj.com\/blog\/#\/schema\/person\/dcab619c614d3038751c63bc2aadc06d\",\"name\":\"ulqini\",\"sameAs\":[\"http:\/\/www.visit-ulcinj.com\"],\"url\":\"https:\/\/www.visit-ulcinj.com\/blog\/author\/admin\/\"}]}<\/script>\n<!-- \/ Yoast SEO plugin. -->","yoast_head_json":{"title":"Gvozdenoviq: Prodhimi i mundsh\u00ebm i krip\u00ebs n\u00eb Ulqin - Lajme nga Ulqini","description":"Ministri i zhvillimit t\u00eb q\u00ebndruesh\u00ebm dhe turizmit Branimir Gvozdenoviq dhe kryetari i K\u00ebshillit drejtues t\u00eb Nd\u00ebrmarrjes publike parqet nacionale Urosh","robots":{"index":"index","follow":"follow","max-snippet":"max-snippet:-1","max-image-preview":"max-image-preview:large","max-video-preview":"max-video-preview:-1"},"canonical":"https:\/\/www.visit-ulcinj.com\/blog\/2016\/07\/19\/gvozdenoviq-prodhimi-mundshem-kripes-ne-ulqin\/","og_locale":"en_US","og_type":"article","og_title":"Gvozdenoviq: Prodhimi i mundsh\u00ebm i krip\u00ebs n\u00eb Ulqin - Lajme nga Ulqini","og_description":"Ministri i zhvillimit t\u00eb q\u00ebndruesh\u00ebm dhe turizmit Branimir Gvozdenoviq dhe kryetari i K\u00ebshillit drejtues t\u00eb Nd\u00ebrmarrjes publike parqet nacionale Urosh","og_url":"https:\/\/www.visit-ulcinj.com\/blog\/2016\/07\/19\/gvozdenoviq-prodhimi-mundshem-kripes-ne-ulqin\/","og_site_name":"Lajme nga Ulqini","article_published_time":"2016-07-19T13:08:38+00:00","article_modified_time":"2016-07-19T18:27:03+00:00","og_image":[{"url":"http:\/\/www.visit-ulcinj.com\/blog\/wp-content\/uploads\/2016\/07\/Branimir-Gvozdenovic-Pirana-Solana-SLO.jpg"}],"twitter_misc":{"Written by":"ulqini","Est. reading time":"1 minute"},"schema":{"@context":"https:\/\/schema.org","@graph":[{"@type":"WebSite","@id":"https:\/\/www.visit-ulcinj.com\/blog\/#website","url":"https:\/\/www.visit-ulcinj.com\/blog\/","name":"Lajme nga Ulqini","description":"Lajme,Vijesti,Ulqini,Ulqin,Crna Gora,Mali i Zi","potentialAction":[{"@type":"SearchAction","target":{"@type":"EntryPoint","urlTemplate":"https:\/\/www.visit-ulcinj.com\/blog\/?s={search_term_string}"},"query-input":"required name=search_term_string"}],"inLanguage":"en-US"},{"@type":"ImageObject","inLanguage":"en-US","@id":"https:\/\/www.visit-ulcinj.com\/blog\/2016\/07\/19\/gvozdenoviq-prodhimi-mundshem-kripes-ne-ulqin\/#primaryimage","url":"https:\/\/www.visit-ulcinj.com\/blog\/wp-content\/uploads\/2016\/07\/Branimir-Gvozdenovic-Pirana-Solana-SLO.jpg","contentUrl":"https:\/\/www.visit-ulcinj.com\/blog\/wp-content\/uploads\/2016\/07\/Branimir-Gvozdenovic-Pirana-Solana-SLO.jpg","width":900,"height":675},{"@type":"WebPage","@id":"https:\/\/www.visit-ulcinj.com\/blog\/2016\/07\/19\/gvozdenoviq-prodhimi-mundshem-kripes-ne-ulqin\/#webpage","url":"https:\/\/www.visit-ulcinj.com\/blog\/2016\/07\/19\/gvozdenoviq-prodhimi-mundshem-kripes-ne-ulqin\/","name":"Gvozdenoviq: Prodhimi i mundsh\u00ebm i krip\u00ebs n\u00eb Ulqin - Lajme nga Ulqini","isPartOf":{"@id":"https:\/\/www.visit-ulcinj.com\/blog\/#website"},"primaryImageOfPage":{"@id":"https:\/\/www.visit-ulcinj.com\/blog\/2016\/07\/19\/gvozdenoviq-prodhimi-mundshem-kripes-ne-ulqin\/#primaryimage"},"datePublished":"2016-07-19T13:08:38+00:00","dateModified":"2016-07-19T18:27:03+00:00","author":{"@id":"https:\/\/www.visit-ulcinj.com\/blog\/#\/schema\/person\/dcab619c614d3038751c63bc2aadc06d"},"description":"Ministri i zhvillimit t\u00eb q\u00ebndruesh\u00ebm dhe turizmit Branimir Gvozdenoviq dhe kryetari i K\u00ebshillit drejtues t\u00eb Nd\u00ebrmarrjes publike parqet nacionale Urosh","breadcrumb":{"@id":"https:\/\/www.visit-ulcinj.com\/blog\/2016\/07\/19\/gvozdenoviq-prodhimi-mundshem-kripes-ne-ulqin\/#breadcrumb"},"inLanguage":"en-US","potentialAction":[{"@type":"ReadAction","target":["https:\/\/www.visit-ulcinj.com\/blog\/2016\/07\/19\/gvozdenoviq-prodhimi-mundshem-kripes-ne-ulqin\/"]}]},{"@type":"BreadcrumbList","@id":"https:\/\/www.visit-ulcinj.com\/blog\/2016\/07\/19\/gvozdenoviq-prodhimi-mundshem-kripes-ne-ulqin\/#breadcrumb","itemListElement":[{"@type":"ListItem","position":1,"name":"Gvozdenoviq: Prodhimi i mundsh\u00ebm i krip\u00ebs n\u00eb Ulqin"}]},{"@type":"Person","@id":"https:\/\/www.visit-ulcinj.com\/blog\/#\/schema\/person\/dcab619c614d3038751c63bc2aadc06d","name":"ulqini","sameAs":["http:\/\/www.visit-ulcinj.com"],"url":"https:\/\/www.visit-ulcinj.com\/blog\/author\/admin\/"}]}},"jetpack_featured_media_url":"","jetpack_sharing_enabled":true,"jetpack_shortlink":"https:\/\/wp.me\/pe6lTn-pBX","_links":{"self":[{"href":"https:\/\/www.visit-ulcinj.com\/blog\/wp-json\/wp\/v2\/posts\/98453"}],"collection":[{"href":"https:\/\/www.visit-ulcinj.com\/blog\/wp-json\/wp\/v2\/posts"}],"about":[{"href":"https:\/\/www.visit-ulcinj.com\/blog\/wp-json\/wp\/v2\/types\/post"}],"author":[{"embeddable":true,"href":"https:\/\/www.visit-ulcinj.com\/blog\/wp-json\/wp\/v2\/users\/1"}],"replies":[{"embeddable":true,"href":"https:\/\/www.visit-ulcinj.com\/blog\/wp-json\/wp\/v2\/comments?post=98453"}],"version-history":[{"count":1,"href":"https:\/\/www.visit-ulcinj.com\/blog\/wp-json\/wp\/v2\/posts\/98453\/revisions"}],"predecessor-version":[{"id":98454,"href":"https:\/\/www.visit-ulcinj.com\/blog\/wp-json\/wp\/v2\/posts\/98453\/revisions\/98454"}],"wp:attachment":[{"href":"https:\/\/www.visit-ulcinj.com\/blog\/wp-json\/wp\/v2\/media?parent=98453"}],"wp:term":[{"taxonomy":"category","embeddable":true,"href":"https:\/\/www.visit-ulcinj.com\/blog\/wp-json\/wp\/v2\/categories?post=98453"},{"taxonomy":"post_tag","embeddable":true,"href":"https:\/\/www.visit-ulcinj.com\/blog\/wp-json\/wp\/v2\/tags?post=98453"}],"curies":[{"name":"wp","href":"https:\/\/api.w.org\/{rel}","templated":true}]}}