{"id":98457,"date":"2016-07-20T10:58:51","date_gmt":"2016-07-20T09:58:51","guid":{"rendered":"http:\/\/www.visit-ulcinj.com\/blog\/?p=98457"},"modified":"2016-07-20T10:58:51","modified_gmt":"2016-07-20T09:58:51","slug":"thesar-kombetar-mergates-shqiptare-ne-suedi-perurohet-ne-ulqin","status":"publish","type":"post","link":"https:\/\/www.visit-ulcinj.com\/blog\/2016\/07\/20\/thesar-kombetar-mergates-shqiptare-ne-suedi-perurohet-ne-ulqin\/","title":{"rendered":"\u201cThesar komb\u00ebtar i m\u00ebrgat\u00ebs shqiptare n\u00eb Suedi\u201d p\u00ebrurohet n\u00eb Ulqin"},"content":{"rendered":"<p><a href=\"http:\/\/www.visit-ulcinj.com\/blog\/wp-content\/uploads\/2016\/07\/thesari-suedi.jpg\"><img loading=\"lazy\" class=\"alignleft wp-image-98458 size-full\" src=\"http:\/\/www.visit-ulcinj.com\/blog\/wp-content\/uploads\/2016\/07\/thesari-suedi.jpg\" alt=\"thesari-suedi\" width=\"257\" height=\"250\" \/><\/a>Shoqata e Artist\u00ebve dhe Intelektual\u00ebve \u201cArt Club\u201d n\u00eb bashk\u00ebpunim me Shoqat\u00ebn e Shkrimtar\u00ebve dhe Artist\u00ebve Shqiptar\u00eb \u201cPapa Klementi XI Albani\u201d (Suedi) do t\u00eb b\u00ebjn\u00eb p\u00ebrurimin e numrave 5 dhe 6 t\u00eb botimit \u201cThesar komb\u00ebtar i m\u00ebrgat\u00ebs shqiptare n\u00eb Suedi\u201d.<\/p>\n<p>P\u00ebrurimi do t\u00eb mbahet n\u00eb Galerin\u00eb e Arteve t\u00eb Qendr\u00ebs s\u00eb Kultur\u00ebs \u2013 Ulqin, t\u00eb enjten, m\u00eb 21 korrik 2016, n\u00eb or\u00ebn 20.00.<\/p>\n","protected":false},"excerpt":{"rendered":"<p>Shoqata e Artist\u00ebve dhe Intelektual\u00ebve \u201cArt Club\u201d n\u00eb bashk\u00ebpunim me Shoqat\u00ebn e Shkrimtar\u00ebve dhe Artist\u00ebve Shqiptar\u00eb \u201cPapa Klementi XI Albani\u201d (Suedi) do t\u00eb b\u00ebjn\u00eb p\u00ebrurimin e numrave 5 dhe 6 t\u00eb botimit \u201cThesar komb\u00ebtar i m\u00ebrgat\u00ebs shqiptare n\u00eb Suedi\u201d. P\u00ebrurimi do t\u00eb mbahet n\u00eb Galerin\u00eb e Arteve t\u00eb Qendr\u00ebs s\u00eb Kultur\u00ebs \u2013 Ulqin, t\u00eb enjten, [&hellip;]<\/p>\n","protected":false},"author":1,"featured_media":0,"comment_status":"closed","ping_status":"closed","sticky":false,"template":"","format":"standard","meta":{"spay_email":"","jetpack_publicize_message":"","jetpack_is_tweetstorm":false,"jetpack_publicize_feature_enabled":true},"categories":[6950],"tags":[],"jetpack_publicize_connections":[],"yoast_head":"<!-- This site is optimized with the Yoast SEO plugin v19.1 - https:\/\/yoast.com\/wordpress\/plugins\/seo\/ -->\n<title>\u201cThesar komb\u00ebtar i m\u00ebrgat\u00ebs shqiptare n\u00eb Suedi\u201d p\u00ebrurohet n\u00eb Ulqin - Lajme nga Ulqini<\/title>\n<meta name=\"description\" content=\"Shoqata e Artist\u00ebve dhe Intelektual\u00ebve \u201cArt Club\u201d n\u00eb bashk\u00ebpunim me Shoqat\u00ebn e Shkrimtar\u00ebve dhe Artist\u00ebve Shqiptar\u00eb \u201cPapa Klementi XI Albani\u201d (Suedi) do\" \/>\n<meta name=\"robots\" content=\"index, follow, max-snippet:-1, max-image-preview:large, max-video-preview:-1\" \/>\n<link rel=\"canonical\" href=\"https:\/\/www.visit-ulcinj.com\/blog\/2016\/07\/20\/thesar-kombetar-mergates-shqiptare-ne-suedi-perurohet-ne-ulqin\/\" \/>\n<meta property=\"og:locale\" content=\"en_US\" \/>\n<meta property=\"og:type\" content=\"article\" \/>\n<meta property=\"og:title\" content=\"\u201cThesar komb\u00ebtar i m\u00ebrgat\u00ebs shqiptare n\u00eb Suedi\u201d p\u00ebrurohet n\u00eb Ulqin - Lajme nga Ulqini\" \/>\n<meta property=\"og:description\" content=\"Shoqata e Artist\u00ebve dhe Intelektual\u00ebve \u201cArt Club\u201d n\u00eb bashk\u00ebpunim me Shoqat\u00ebn e Shkrimtar\u00ebve dhe Artist\u00ebve Shqiptar\u00eb \u201cPapa Klementi XI Albani\u201d (Suedi) do\" \/>\n<meta property=\"og:url\" content=\"https:\/\/www.visit-ulcinj.com\/blog\/2016\/07\/20\/thesar-kombetar-mergates-shqiptare-ne-suedi-perurohet-ne-ulqin\/\" \/>\n<meta property=\"og:site_name\" content=\"Lajme nga Ulqini\" \/>\n<meta property=\"article:published_time\" content=\"2016-07-20T09:58:51+00:00\" \/>\n<meta property=\"og:image\" content=\"http:\/\/www.visit-ulcinj.com\/blog\/wp-content\/uploads\/2016\/07\/thesari-suedi.jpg\" \/>\n<meta name=\"twitter:label1\" content=\"Written by\" \/>\n\t<meta name=\"twitter:data1\" content=\"ulqini\" \/>\n<script type=\"application\/ld+json\" class=\"yoast-schema-graph\">{\"@context\":\"https:\/\/schema.org\",\"@graph\":[{\"@type\":\"WebSite\",\"@id\":\"https:\/\/www.visit-ulcinj.com\/blog\/#website\",\"url\":\"https:\/\/www.visit-ulcinj.com\/blog\/\",\"name\":\"Lajme nga Ulqini\",\"description\":\"Lajme,Vijesti,Ulqini,Ulqin,Crna Gora,Mali i Zi\",\"potentialAction\":[{\"@type\":\"SearchAction\",\"target\":{\"@type\":\"EntryPoint\",\"urlTemplate\":\"https:\/\/www.visit-ulcinj.com\/blog\/?s={search_term_string}\"},\"query-input\":\"required name=search_term_string\"}],\"inLanguage\":\"en-US\"},{\"@type\":\"ImageObject\",\"inLanguage\":\"en-US\",\"@id\":\"https:\/\/www.visit-ulcinj.com\/blog\/2016\/07\/20\/thesar-kombetar-mergates-shqiptare-ne-suedi-perurohet-ne-ulqin\/#primaryimage\",\"url\":\"https:\/\/www.visit-ulcinj.com\/blog\/wp-content\/uploads\/2016\/07\/thesari-suedi.jpg\",\"contentUrl\":\"https:\/\/www.visit-ulcinj.com\/blog\/wp-content\/uploads\/2016\/07\/thesari-suedi.jpg\",\"width\":257,\"height\":250},{\"@type\":\"WebPage\",\"@id\":\"https:\/\/www.visit-ulcinj.com\/blog\/2016\/07\/20\/thesar-kombetar-mergates-shqiptare-ne-suedi-perurohet-ne-ulqin\/#webpage\",\"url\":\"https:\/\/www.visit-ulcinj.com\/blog\/2016\/07\/20\/thesar-kombetar-mergates-shqiptare-ne-suedi-perurohet-ne-ulqin\/\",\"name\":\"\u201cThesar komb\u00ebtar i m\u00ebrgat\u00ebs shqiptare n\u00eb Suedi\u201d p\u00ebrurohet n\u00eb Ulqin - Lajme nga Ulqini\",\"isPartOf\":{\"@id\":\"https:\/\/www.visit-ulcinj.com\/blog\/#website\"},\"primaryImageOfPage\":{\"@id\":\"https:\/\/www.visit-ulcinj.com\/blog\/2016\/07\/20\/thesar-kombetar-mergates-shqiptare-ne-suedi-perurohet-ne-ulqin\/#primaryimage\"},\"datePublished\":\"2016-07-20T09:58:51+00:00\",\"dateModified\":\"2016-07-20T09:58:51+00:00\",\"author\":{\"@id\":\"https:\/\/www.visit-ulcinj.com\/blog\/#\/schema\/person\/dcab619c614d3038751c63bc2aadc06d\"},\"description\":\"Shoqata e Artist\u00ebve dhe Intelektual\u00ebve \u201cArt Club\u201d n\u00eb bashk\u00ebpunim me Shoqat\u00ebn e Shkrimtar\u00ebve dhe Artist\u00ebve Shqiptar\u00eb \u201cPapa Klementi XI Albani\u201d (Suedi) do\",\"breadcrumb\":{\"@id\":\"https:\/\/www.visit-ulcinj.com\/blog\/2016\/07\/20\/thesar-kombetar-mergates-shqiptare-ne-suedi-perurohet-ne-ulqin\/#breadcrumb\"},\"inLanguage\":\"en-US\",\"potentialAction\":[{\"@type\":\"ReadAction\",\"target\":[\"https:\/\/www.visit-ulcinj.com\/blog\/2016\/07\/20\/thesar-kombetar-mergates-shqiptare-ne-suedi-perurohet-ne-ulqin\/\"]}]},{\"@type\":\"BreadcrumbList\",\"@id\":\"https:\/\/www.visit-ulcinj.com\/blog\/2016\/07\/20\/thesar-kombetar-mergates-shqiptare-ne-suedi-perurohet-ne-ulqin\/#breadcrumb\",\"itemListElement\":[{\"@type\":\"ListItem\",\"position\":1,\"name\":\"\u201cThesar komb\u00ebtar i m\u00ebrgat\u00ebs shqiptare n\u00eb Suedi\u201d p\u00ebrurohet n\u00eb Ulqin\"}]},{\"@type\":\"Person\",\"@id\":\"https:\/\/www.visit-ulcinj.com\/blog\/#\/schema\/person\/dcab619c614d3038751c63bc2aadc06d\",\"name\":\"ulqini\",\"sameAs\":[\"http:\/\/www.visit-ulcinj.com\"],\"url\":\"https:\/\/www.visit-ulcinj.com\/blog\/author\/admin\/\"}]}<\/script>\n<!-- \/ Yoast SEO plugin. -->","yoast_head_json":{"title":"\u201cThesar komb\u00ebtar i m\u00ebrgat\u00ebs shqiptare n\u00eb Suedi\u201d p\u00ebrurohet n\u00eb Ulqin - Lajme nga Ulqini","description":"Shoqata e Artist\u00ebve dhe Intelektual\u00ebve \u201cArt Club\u201d n\u00eb bashk\u00ebpunim me Shoqat\u00ebn e Shkrimtar\u00ebve dhe Artist\u00ebve Shqiptar\u00eb \u201cPapa Klementi XI Albani\u201d (Suedi) do","robots":{"index":"index","follow":"follow","max-snippet":"max-snippet:-1","max-image-preview":"max-image-preview:large","max-video-preview":"max-video-preview:-1"},"canonical":"https:\/\/www.visit-ulcinj.com\/blog\/2016\/07\/20\/thesar-kombetar-mergates-shqiptare-ne-suedi-perurohet-ne-ulqin\/","og_locale":"en_US","og_type":"article","og_title":"\u201cThesar komb\u00ebtar i m\u00ebrgat\u00ebs shqiptare n\u00eb Suedi\u201d p\u00ebrurohet n\u00eb Ulqin - Lajme nga Ulqini","og_description":"Shoqata e Artist\u00ebve dhe Intelektual\u00ebve \u201cArt Club\u201d n\u00eb bashk\u00ebpunim me Shoqat\u00ebn e Shkrimtar\u00ebve dhe Artist\u00ebve Shqiptar\u00eb \u201cPapa Klementi XI Albani\u201d (Suedi) do","og_url":"https:\/\/www.visit-ulcinj.com\/blog\/2016\/07\/20\/thesar-kombetar-mergates-shqiptare-ne-suedi-perurohet-ne-ulqin\/","og_site_name":"Lajme nga Ulqini","article_published_time":"2016-07-20T09:58:51+00:00","og_image":[{"url":"http:\/\/www.visit-ulcinj.com\/blog\/wp-content\/uploads\/2016\/07\/thesari-suedi.jpg"}],"twitter_misc":{"Written by":"ulqini"},"schema":{"@context":"https:\/\/schema.org","@graph":[{"@type":"WebSite","@id":"https:\/\/www.visit-ulcinj.com\/blog\/#website","url":"https:\/\/www.visit-ulcinj.com\/blog\/","name":"Lajme nga Ulqini","description":"Lajme,Vijesti,Ulqini,Ulqin,Crna Gora,Mali i Zi","potentialAction":[{"@type":"SearchAction","target":{"@type":"EntryPoint","urlTemplate":"https:\/\/www.visit-ulcinj.com\/blog\/?s={search_term_string}"},"query-input":"required name=search_term_string"}],"inLanguage":"en-US"},{"@type":"ImageObject","inLanguage":"en-US","@id":"https:\/\/www.visit-ulcinj.com\/blog\/2016\/07\/20\/thesar-kombetar-mergates-shqiptare-ne-suedi-perurohet-ne-ulqin\/#primaryimage","url":"https:\/\/www.visit-ulcinj.com\/blog\/wp-content\/uploads\/2016\/07\/thesari-suedi.jpg","contentUrl":"https:\/\/www.visit-ulcinj.com\/blog\/wp-content\/uploads\/2016\/07\/thesari-suedi.jpg","width":257,"height":250},{"@type":"WebPage","@id":"https:\/\/www.visit-ulcinj.com\/blog\/2016\/07\/20\/thesar-kombetar-mergates-shqiptare-ne-suedi-perurohet-ne-ulqin\/#webpage","url":"https:\/\/www.visit-ulcinj.com\/blog\/2016\/07\/20\/thesar-kombetar-mergates-shqiptare-ne-suedi-perurohet-ne-ulqin\/","name":"\u201cThesar komb\u00ebtar i m\u00ebrgat\u00ebs shqiptare n\u00eb Suedi\u201d p\u00ebrurohet n\u00eb Ulqin - Lajme nga Ulqini","isPartOf":{"@id":"https:\/\/www.visit-ulcinj.com\/blog\/#website"},"primaryImageOfPage":{"@id":"https:\/\/www.visit-ulcinj.com\/blog\/2016\/07\/20\/thesar-kombetar-mergates-shqiptare-ne-suedi-perurohet-ne-ulqin\/#primaryimage"},"datePublished":"2016-07-20T09:58:51+00:00","dateModified":"2016-07-20T09:58:51+00:00","author":{"@id":"https:\/\/www.visit-ulcinj.com\/blog\/#\/schema\/person\/dcab619c614d3038751c63bc2aadc06d"},"description":"Shoqata e Artist\u00ebve dhe Intelektual\u00ebve \u201cArt Club\u201d n\u00eb bashk\u00ebpunim me Shoqat\u00ebn e Shkrimtar\u00ebve dhe Artist\u00ebve Shqiptar\u00eb \u201cPapa Klementi XI Albani\u201d (Suedi) do","breadcrumb":{"@id":"https:\/\/www.visit-ulcinj.com\/blog\/2016\/07\/20\/thesar-kombetar-mergates-shqiptare-ne-suedi-perurohet-ne-ulqin\/#breadcrumb"},"inLanguage":"en-US","potentialAction":[{"@type":"ReadAction","target":["https:\/\/www.visit-ulcinj.com\/blog\/2016\/07\/20\/thesar-kombetar-mergates-shqiptare-ne-suedi-perurohet-ne-ulqin\/"]}]},{"@type":"BreadcrumbList","@id":"https:\/\/www.visit-ulcinj.com\/blog\/2016\/07\/20\/thesar-kombetar-mergates-shqiptare-ne-suedi-perurohet-ne-ulqin\/#breadcrumb","itemListElement":[{"@type":"ListItem","position":1,"name":"\u201cThesar komb\u00ebtar i m\u00ebrgat\u00ebs shqiptare n\u00eb Suedi\u201d p\u00ebrurohet n\u00eb Ulqin"}]},{"@type":"Person","@id":"https:\/\/www.visit-ulcinj.com\/blog\/#\/schema\/person\/dcab619c614d3038751c63bc2aadc06d","name":"ulqini","sameAs":["http:\/\/www.visit-ulcinj.com"],"url":"https:\/\/www.visit-ulcinj.com\/blog\/author\/admin\/"}]}},"jetpack_featured_media_url":"","jetpack_sharing_enabled":true,"jetpack_shortlink":"https:\/\/wp.me\/pe6lTn-pC1","_links":{"self":[{"href":"https:\/\/www.visit-ulcinj.com\/blog\/wp-json\/wp\/v2\/posts\/98457"}],"collection":[{"href":"https:\/\/www.visit-ulcinj.com\/blog\/wp-json\/wp\/v2\/posts"}],"about":[{"href":"https:\/\/www.visit-ulcinj.com\/blog\/wp-json\/wp\/v2\/types\/post"}],"author":[{"embeddable":true,"href":"https:\/\/www.visit-ulcinj.com\/blog\/wp-json\/wp\/v2\/users\/1"}],"replies":[{"embeddable":true,"href":"https:\/\/www.visit-ulcinj.com\/blog\/wp-json\/wp\/v2\/comments?post=98457"}],"version-history":[{"count":1,"href":"https:\/\/www.visit-ulcinj.com\/blog\/wp-json\/wp\/v2\/posts\/98457\/revisions"}],"predecessor-version":[{"id":98459,"href":"https:\/\/www.visit-ulcinj.com\/blog\/wp-json\/wp\/v2\/posts\/98457\/revisions\/98459"}],"wp:attachment":[{"href":"https:\/\/www.visit-ulcinj.com\/blog\/wp-json\/wp\/v2\/media?parent=98457"}],"wp:term":[{"taxonomy":"category","embeddable":true,"href":"https:\/\/www.visit-ulcinj.com\/blog\/wp-json\/wp\/v2\/categories?post=98457"},{"taxonomy":"post_tag","embeddable":true,"href":"https:\/\/www.visit-ulcinj.com\/blog\/wp-json\/wp\/v2\/tags?post=98457"}],"curies":[{"name":"wp","href":"https:\/\/api.w.org\/{rel}","templated":true}]}}