{"id":98473,"date":"2016-07-20T13:59:55","date_gmt":"2016-07-20T12:59:55","guid":{"rendered":"http:\/\/www.visit-ulcinj.com\/blog\/?p=98473"},"modified":"2016-07-20T13:59:55","modified_gmt":"2016-07-20T12:59:55","slug":"flori-mumajesi-ja-cka-thot-per-ulqinin","status":"publish","type":"post","link":"https:\/\/www.visit-ulcinj.com\/blog\/2016\/07\/20\/flori-mumajesi-ja-cka-thot-per-ulqinin\/","title":{"rendered":"Flori Mumajesi ja cka i thot per Ulqinin"},"content":{"rendered":"<p><a href=\"http:\/\/www.visit-ulcinj.com\/blog\/wp-content\/uploads\/2016\/07\/Flori-Mumajesi-Ledri-Vula-Klajdi-ne-Ulqin.jpg\"><img loading=\"lazy\" class=\"alignleft wp-image-98475\" src=\"http:\/\/www.visit-ulcinj.com\/blog\/wp-content\/uploads\/2016\/07\/Flori-Mumajesi-Ledri-Vula-Klajdi-ne-Ulqin.jpg\" alt=\"Flori-Mumajesi-Ledri-Vula-Klajdi ne Ulqin\" width=\"508\" height=\"741\" \/><\/a><strong><span id=\"fbPhotoSnowliftCaption\" class=\"fbPhotosPhotoCaption\" tabindex=\"0\" data-ft=\"{&quot;tn&quot;:&quot;K&quot;}\"><span class=\"hasCaption\">Sonte Holegro Club <\/span><\/span>Ulqin<\/strong><\/p>\n<p>K\u00ebng\u00ebtari i mir\u00ebnjohur Flori k\u00ebtyre dit\u00ebve \u00ebsht\u00eb n\u00eb Ulqin dhe po i shijon bukurit\u00eb e k\u00ebtij qyteti t\u00eb bukur bregdetar teksa \u00ebsht\u00eb atje edhe p\u00ebr t\u00eb performuar.<\/p>\n<p>S\u00eb fundmi ai ka postuar nj\u00eb foto n\u00eb Instagram dhe nj\u00eb status mjaft interesant.<\/p>\n<p><a href=\"http:\/\/www.visit-ulcinj.com\/blog\/wp-content\/uploads\/2016\/07\/Flori-Mumajesi-Ledri-Vula-Klajdi-ne-Ulqin-1.jpg\"><img loading=\"lazy\" class=\"alignleft wp-image-98476\" src=\"http:\/\/www.visit-ulcinj.com\/blog\/wp-content\/uploads\/2016\/07\/Flori-Mumajesi-Ledri-Vula-Klajdi-ne-Ulqin-1.jpg\" alt=\"Flori-Mumajesi-Ledri-Vula-Klajdi ne Ulqin-1\" width=\"508\" height=\"254\" \/><\/a><\/p>\n<p>K\u00ebt\u00eb e ka b\u00ebr\u00eb gjat\u00eb koh\u00ebs sa ka vizituar plazhin e Ulqinit dhe ka th\u00ebn\u00eb se kjo tok\u00eb \u00ebsht\u00eb shqiptare.<\/p>\n<p>Kjo pasi sipas tij, malazez\u00ebt e quajn\u00eb Ulcin dhe jo Ulqin si dhe duke e konsideruar k\u00ebt\u00eb si tok\u00eb t\u00eb atdheut t\u00eb t\u00eb gjith\u00eb shqiptar\u00ebve. \/Teleskopi.net\/<br \/>\n<iframe loading=\"lazy\" width=\"508\" height=\"335\" src=\"https:\/\/www.youtube.com\/embed\/lNBWqJK5TnQ?list=RDlNBWqJK5TnQ\" frameborder=\"0\" allowfullscreen><\/iframe><br \/>\n<a href=\"http:\/\/www.visit-ulcinj.com\/blog\/wp-content\/uploads\/2016\/07\/Riviera-e-Ulqinit.bmp\"><img loading=\"lazy\" class=\"alignleft wp-image-98474\" src=\"http:\/\/www.visit-ulcinj.com\/blog\/wp-content\/uploads\/2016\/07\/Riviera-e-Ulqinit.bmp\" alt=\"Riviera e Ulqinit\" width=\"508\" height=\"618\" \/><\/a><\/p>\n","protected":false},"excerpt":{"rendered":"<p>Sonte Holegro Club Ulqin K\u00ebng\u00ebtari i mir\u00ebnjohur Flori k\u00ebtyre dit\u00ebve \u00ebsht\u00eb n\u00eb Ulqin dhe po i shijon bukurit\u00eb e k\u00ebtij qyteti t\u00eb bukur bregdetar teksa \u00ebsht\u00eb atje edhe p\u00ebr t\u00eb performuar. S\u00eb fundmi ai ka postuar nj\u00eb foto n\u00eb Instagram dhe nj\u00eb status mjaft interesant. K\u00ebt\u00eb e ka b\u00ebr\u00eb gjat\u00eb koh\u00ebs sa ka vizituar plazhin [&hellip;]<\/p>\n","protected":false},"author":1,"featured_media":0,"comment_status":"closed","ping_status":"closed","sticky":false,"template":"","format":"standard","meta":{"spay_email":"","jetpack_publicize_message":"","jetpack_is_tweetstorm":false,"jetpack_publicize_feature_enabled":true},"categories":[1],"tags":[],"jetpack_publicize_connections":[],"yoast_head":"<!-- This site is optimized with the Yoast SEO plugin v19.1 - https:\/\/yoast.com\/wordpress\/plugins\/seo\/ -->\n<title>Flori Mumajesi ja cka i thot per Ulqinin - Lajme nga Ulqini<\/title>\n<meta name=\"description\" content=\"Sonte Holegro Club Ulqin K\u00ebng\u00ebtari i mir\u00ebnjohur Flori k\u00ebtyre dit\u00ebve \u00ebsht\u00eb n\u00eb Ulqin dhe po i shijon bukurit\u00eb e k\u00ebtij qyteti t\u00eb bukur bregdetar teksa \u00ebsht\u00eb\" \/>\n<meta name=\"robots\" content=\"index, follow, max-snippet:-1, max-image-preview:large, max-video-preview:-1\" \/>\n<link rel=\"canonical\" href=\"https:\/\/www.visit-ulcinj.com\/blog\/2016\/07\/20\/flori-mumajesi-ja-cka-thot-per-ulqinin\/\" \/>\n<meta property=\"og:locale\" content=\"en_US\" \/>\n<meta property=\"og:type\" content=\"article\" \/>\n<meta property=\"og:title\" content=\"Flori Mumajesi ja cka i thot per Ulqinin - Lajme nga Ulqini\" \/>\n<meta property=\"og:description\" content=\"Sonte Holegro Club Ulqin K\u00ebng\u00ebtari i mir\u00ebnjohur Flori k\u00ebtyre dit\u00ebve \u00ebsht\u00eb n\u00eb Ulqin dhe po i shijon bukurit\u00eb e k\u00ebtij qyteti t\u00eb bukur bregdetar teksa \u00ebsht\u00eb\" \/>\n<meta property=\"og:url\" content=\"https:\/\/www.visit-ulcinj.com\/blog\/2016\/07\/20\/flori-mumajesi-ja-cka-thot-per-ulqinin\/\" \/>\n<meta property=\"og:site_name\" content=\"Lajme nga Ulqini\" \/>\n<meta property=\"article:published_time\" content=\"2016-07-20T12:59:55+00:00\" \/>\n<meta property=\"og:image\" content=\"http:\/\/www.visit-ulcinj.com\/blog\/wp-content\/uploads\/2016\/07\/Flori-Mumajesi-Ledri-Vula-Klajdi-ne-Ulqin.jpg\" \/>\n<meta name=\"twitter:label1\" content=\"Written by\" \/>\n\t<meta name=\"twitter:data1\" content=\"ulqini\" \/>\n\t<meta name=\"twitter:label2\" content=\"Est. reading time\" \/>\n\t<meta name=\"twitter:data2\" content=\"1 minute\" \/>\n<script type=\"application\/ld+json\" class=\"yoast-schema-graph\">{\"@context\":\"https:\/\/schema.org\",\"@graph\":[{\"@type\":\"WebSite\",\"@id\":\"https:\/\/www.visit-ulcinj.com\/blog\/#website\",\"url\":\"https:\/\/www.visit-ulcinj.com\/blog\/\",\"name\":\"Lajme nga Ulqini\",\"description\":\"Lajme,Vijesti,Ulqini,Ulqin,Crna Gora,Mali i Zi\",\"potentialAction\":[{\"@type\":\"SearchAction\",\"target\":{\"@type\":\"EntryPoint\",\"urlTemplate\":\"https:\/\/www.visit-ulcinj.com\/blog\/?s={search_term_string}\"},\"query-input\":\"required name=search_term_string\"}],\"inLanguage\":\"en-US\"},{\"@type\":\"ImageObject\",\"inLanguage\":\"en-US\",\"@id\":\"https:\/\/www.visit-ulcinj.com\/blog\/2016\/07\/20\/flori-mumajesi-ja-cka-thot-per-ulqinin\/#primaryimage\",\"url\":\"http:\/\/www.visit-ulcinj.com\/blog\/wp-content\/uploads\/2016\/07\/Flori-Mumajesi-Ledri-Vula-Klajdi-ne-Ulqin.jpg\",\"contentUrl\":\"http:\/\/www.visit-ulcinj.com\/blog\/wp-content\/uploads\/2016\/07\/Flori-Mumajesi-Ledri-Vula-Klajdi-ne-Ulqin.jpg\"},{\"@type\":\"WebPage\",\"@id\":\"https:\/\/www.visit-ulcinj.com\/blog\/2016\/07\/20\/flori-mumajesi-ja-cka-thot-per-ulqinin\/#webpage\",\"url\":\"https:\/\/www.visit-ulcinj.com\/blog\/2016\/07\/20\/flori-mumajesi-ja-cka-thot-per-ulqinin\/\",\"name\":\"Flori Mumajesi ja cka i thot per Ulqinin - Lajme nga Ulqini\",\"isPartOf\":{\"@id\":\"https:\/\/www.visit-ulcinj.com\/blog\/#website\"},\"primaryImageOfPage\":{\"@id\":\"https:\/\/www.visit-ulcinj.com\/blog\/2016\/07\/20\/flori-mumajesi-ja-cka-thot-per-ulqinin\/#primaryimage\"},\"datePublished\":\"2016-07-20T12:59:55+00:00\",\"dateModified\":\"2016-07-20T12:59:55+00:00\",\"author\":{\"@id\":\"https:\/\/www.visit-ulcinj.com\/blog\/#\/schema\/person\/dcab619c614d3038751c63bc2aadc06d\"},\"description\":\"Sonte Holegro Club Ulqin K\u00ebng\u00ebtari i mir\u00ebnjohur Flori k\u00ebtyre dit\u00ebve \u00ebsht\u00eb n\u00eb Ulqin dhe po i shijon bukurit\u00eb e k\u00ebtij qyteti t\u00eb bukur bregdetar teksa \u00ebsht\u00eb\",\"breadcrumb\":{\"@id\":\"https:\/\/www.visit-ulcinj.com\/blog\/2016\/07\/20\/flori-mumajesi-ja-cka-thot-per-ulqinin\/#breadcrumb\"},\"inLanguage\":\"en-US\",\"potentialAction\":[{\"@type\":\"ReadAction\",\"target\":[\"https:\/\/www.visit-ulcinj.com\/blog\/2016\/07\/20\/flori-mumajesi-ja-cka-thot-per-ulqinin\/\"]}]},{\"@type\":\"BreadcrumbList\",\"@id\":\"https:\/\/www.visit-ulcinj.com\/blog\/2016\/07\/20\/flori-mumajesi-ja-cka-thot-per-ulqinin\/#breadcrumb\",\"itemListElement\":[{\"@type\":\"ListItem\",\"position\":1,\"name\":\"Flori Mumajesi ja cka i thot per Ulqinin\"}]},{\"@type\":\"Person\",\"@id\":\"https:\/\/www.visit-ulcinj.com\/blog\/#\/schema\/person\/dcab619c614d3038751c63bc2aadc06d\",\"name\":\"ulqini\",\"sameAs\":[\"http:\/\/www.visit-ulcinj.com\"],\"url\":\"https:\/\/www.visit-ulcinj.com\/blog\/author\/admin\/\"}]}<\/script>\n<!-- \/ Yoast SEO plugin. -->","yoast_head_json":{"title":"Flori Mumajesi ja cka i thot per Ulqinin - Lajme nga Ulqini","description":"Sonte Holegro Club Ulqin K\u00ebng\u00ebtari i mir\u00ebnjohur Flori k\u00ebtyre dit\u00ebve \u00ebsht\u00eb n\u00eb Ulqin dhe po i shijon bukurit\u00eb e k\u00ebtij qyteti t\u00eb bukur bregdetar teksa \u00ebsht\u00eb","robots":{"index":"index","follow":"follow","max-snippet":"max-snippet:-1","max-image-preview":"max-image-preview:large","max-video-preview":"max-video-preview:-1"},"canonical":"https:\/\/www.visit-ulcinj.com\/blog\/2016\/07\/20\/flori-mumajesi-ja-cka-thot-per-ulqinin\/","og_locale":"en_US","og_type":"article","og_title":"Flori Mumajesi ja cka i thot per Ulqinin - Lajme nga Ulqini","og_description":"Sonte Holegro Club Ulqin K\u00ebng\u00ebtari i mir\u00ebnjohur Flori k\u00ebtyre dit\u00ebve \u00ebsht\u00eb n\u00eb Ulqin dhe po i shijon bukurit\u00eb e k\u00ebtij qyteti t\u00eb bukur bregdetar teksa \u00ebsht\u00eb","og_url":"https:\/\/www.visit-ulcinj.com\/blog\/2016\/07\/20\/flori-mumajesi-ja-cka-thot-per-ulqinin\/","og_site_name":"Lajme nga Ulqini","article_published_time":"2016-07-20T12:59:55+00:00","og_image":[{"url":"http:\/\/www.visit-ulcinj.com\/blog\/wp-content\/uploads\/2016\/07\/Flori-Mumajesi-Ledri-Vula-Klajdi-ne-Ulqin.jpg"}],"twitter_misc":{"Written by":"ulqini","Est. reading time":"1 minute"},"schema":{"@context":"https:\/\/schema.org","@graph":[{"@type":"WebSite","@id":"https:\/\/www.visit-ulcinj.com\/blog\/#website","url":"https:\/\/www.visit-ulcinj.com\/blog\/","name":"Lajme nga Ulqini","description":"Lajme,Vijesti,Ulqini,Ulqin,Crna Gora,Mali i Zi","potentialAction":[{"@type":"SearchAction","target":{"@type":"EntryPoint","urlTemplate":"https:\/\/www.visit-ulcinj.com\/blog\/?s={search_term_string}"},"query-input":"required name=search_term_string"}],"inLanguage":"en-US"},{"@type":"ImageObject","inLanguage":"en-US","@id":"https:\/\/www.visit-ulcinj.com\/blog\/2016\/07\/20\/flori-mumajesi-ja-cka-thot-per-ulqinin\/#primaryimage","url":"http:\/\/www.visit-ulcinj.com\/blog\/wp-content\/uploads\/2016\/07\/Flori-Mumajesi-Ledri-Vula-Klajdi-ne-Ulqin.jpg","contentUrl":"http:\/\/www.visit-ulcinj.com\/blog\/wp-content\/uploads\/2016\/07\/Flori-Mumajesi-Ledri-Vula-Klajdi-ne-Ulqin.jpg"},{"@type":"WebPage","@id":"https:\/\/www.visit-ulcinj.com\/blog\/2016\/07\/20\/flori-mumajesi-ja-cka-thot-per-ulqinin\/#webpage","url":"https:\/\/www.visit-ulcinj.com\/blog\/2016\/07\/20\/flori-mumajesi-ja-cka-thot-per-ulqinin\/","name":"Flori Mumajesi ja cka i thot per Ulqinin - Lajme nga Ulqini","isPartOf":{"@id":"https:\/\/www.visit-ulcinj.com\/blog\/#website"},"primaryImageOfPage":{"@id":"https:\/\/www.visit-ulcinj.com\/blog\/2016\/07\/20\/flori-mumajesi-ja-cka-thot-per-ulqinin\/#primaryimage"},"datePublished":"2016-07-20T12:59:55+00:00","dateModified":"2016-07-20T12:59:55+00:00","author":{"@id":"https:\/\/www.visit-ulcinj.com\/blog\/#\/schema\/person\/dcab619c614d3038751c63bc2aadc06d"},"description":"Sonte Holegro Club Ulqin K\u00ebng\u00ebtari i mir\u00ebnjohur Flori k\u00ebtyre dit\u00ebve \u00ebsht\u00eb n\u00eb Ulqin dhe po i shijon bukurit\u00eb e k\u00ebtij qyteti t\u00eb bukur bregdetar teksa \u00ebsht\u00eb","breadcrumb":{"@id":"https:\/\/www.visit-ulcinj.com\/blog\/2016\/07\/20\/flori-mumajesi-ja-cka-thot-per-ulqinin\/#breadcrumb"},"inLanguage":"en-US","potentialAction":[{"@type":"ReadAction","target":["https:\/\/www.visit-ulcinj.com\/blog\/2016\/07\/20\/flori-mumajesi-ja-cka-thot-per-ulqinin\/"]}]},{"@type":"BreadcrumbList","@id":"https:\/\/www.visit-ulcinj.com\/blog\/2016\/07\/20\/flori-mumajesi-ja-cka-thot-per-ulqinin\/#breadcrumb","itemListElement":[{"@type":"ListItem","position":1,"name":"Flori Mumajesi ja cka i thot per Ulqinin"}]},{"@type":"Person","@id":"https:\/\/www.visit-ulcinj.com\/blog\/#\/schema\/person\/dcab619c614d3038751c63bc2aadc06d","name":"ulqini","sameAs":["http:\/\/www.visit-ulcinj.com"],"url":"https:\/\/www.visit-ulcinj.com\/blog\/author\/admin\/"}]}},"jetpack_featured_media_url":"","jetpack_sharing_enabled":true,"jetpack_shortlink":"https:\/\/wp.me\/pe6lTn-pCh","_links":{"self":[{"href":"https:\/\/www.visit-ulcinj.com\/blog\/wp-json\/wp\/v2\/posts\/98473"}],"collection":[{"href":"https:\/\/www.visit-ulcinj.com\/blog\/wp-json\/wp\/v2\/posts"}],"about":[{"href":"https:\/\/www.visit-ulcinj.com\/blog\/wp-json\/wp\/v2\/types\/post"}],"author":[{"embeddable":true,"href":"https:\/\/www.visit-ulcinj.com\/blog\/wp-json\/wp\/v2\/users\/1"}],"replies":[{"embeddable":true,"href":"https:\/\/www.visit-ulcinj.com\/blog\/wp-json\/wp\/v2\/comments?post=98473"}],"version-history":[{"count":1,"href":"https:\/\/www.visit-ulcinj.com\/blog\/wp-json\/wp\/v2\/posts\/98473\/revisions"}],"predecessor-version":[{"id":98477,"href":"https:\/\/www.visit-ulcinj.com\/blog\/wp-json\/wp\/v2\/posts\/98473\/revisions\/98477"}],"wp:attachment":[{"href":"https:\/\/www.visit-ulcinj.com\/blog\/wp-json\/wp\/v2\/media?parent=98473"}],"wp:term":[{"taxonomy":"category","embeddable":true,"href":"https:\/\/www.visit-ulcinj.com\/blog\/wp-json\/wp\/v2\/categories?post=98473"},{"taxonomy":"post_tag","embeddable":true,"href":"https:\/\/www.visit-ulcinj.com\/blog\/wp-json\/wp\/v2\/tags?post=98473"}],"curies":[{"name":"wp","href":"https:\/\/api.w.org\/{rel}","templated":true}]}}