{"id":98478,"date":"2016-07-20T14:08:07","date_gmt":"2016-07-20T13:08:07","guid":{"rendered":"http:\/\/www.visit-ulcinj.com\/blog\/?p=98478"},"modified":"2016-07-20T14:08:07","modified_gmt":"2016-07-20T13:08:07","slug":"fotografia-qe-heq-dilemat-per-demarkacionin-ketu-eshte-kufiri","status":"publish","type":"post","link":"https:\/\/www.visit-ulcinj.com\/blog\/2016\/07\/20\/fotografia-qe-heq-dilemat-per-demarkacionin-ketu-eshte-kufiri\/","title":{"rendered":"Fotografia q\u00eb i heq dilemat p\u00ebr Demarkacionin! K\u00ebtu \u00ebsht\u00eb kufiri"},"content":{"rendered":"<p><a href=\"http:\/\/www.visit-ulcinj.com\/blog\/wp-content\/uploads\/2016\/07\/Pej\u00eb-Sht\u00ebpia-e-bjeshkatar\u00ebve-n\u00eb-\u00c7akorr.jpg\"><img loading=\"lazy\" class=\"alignleft wp-image-98479\" src=\"http:\/\/www.visit-ulcinj.com\/blog\/wp-content\/uploads\/2016\/07\/Pej\u00eb-Sht\u00ebpia-e-bjeshkatar\u00ebve-n\u00eb-\u00c7akorr.jpg\" alt=\"Pej\u00eb-Sht\u00ebpia e bjeshkatar\u00ebve n\u00eb \u00c7akorr\" width=\"508\" height=\"326\" srcset=\"https:\/\/www.visit-ulcinj.com\/blog\/wp-content\/uploads\/2016\/07\/Pej\u00eb-Sht\u00ebpia-e-bjeshkatar\u00ebve-n\u00eb-\u00c7akorr.jpg 860w, https:\/\/www.visit-ulcinj.com\/blog\/wp-content\/uploads\/2016\/07\/Pej\u00eb-Sht\u00ebpia-e-bjeshkatar\u00ebve-n\u00eb-\u00c7akorr-300x193.jpg 300w, https:\/\/www.visit-ulcinj.com\/blog\/wp-content\/uploads\/2016\/07\/Pej\u00eb-Sht\u00ebpia-e-bjeshkatar\u00ebve-n\u00eb-\u00c7akorr-768x493.jpg 768w\" sizes=\"(max-width: 508px) 100vw, 508px\" \/><\/a>Nj\u00eb fotografi e rrall\u00eb \u00ebsht\u00eb publikuar e cila i heq disa dilema se ku \u00ebsht\u00eb pika kufitare me Malin e Zi.<\/p>\n<p>Kjo fotografi q\u00eb po rrjedh neper internet, tregon qart\u00eb se ku ishin t\u00eb vendosura objektet kufitare me Malin e Zi para se t\u00eb kryhej demarkacioni.<\/p>\n<p>N\u00eb k\u00ebt\u00eb fotografi shihet se n\u00eb t\u00eb kaluar\u00ebn \u00c7akorri ishte pjes\u00eb e territorit t\u00eb Pej\u00ebs.<\/p>\n<p>Kjo foto tregon se ky territor ka qen\u00eb i shfryt\u00ebzuar nga banor shqiptar, ku kishin ngrit edhe nj\u00eb sht\u00ebpi banimi t\u00eb p\u00ebrbashk\u00ebt.<\/p>\n<p>Nj\u00eb sht\u00ebpi e vjet\u00ebr ,e cila n\u00eb foto mban nj\u00eb mbishkrim n\u00eb gjuh\u00ebn serbo-malzeze shkruan, \u201cPej\u00eb-Sht\u00ebpia e bjeshkatar\u00ebve n\u00eb \u00c7akorr\u201d.<\/p>\n<p>\u00cbsht\u00eb kjo nj\u00eb fotografi shtes\u00eb q\u00eb tregon t\u00eb kuluaren historike shqiptare t\u00eb k\u00ebsaj zone, e cila me p\u00ebrcaktimin aktual t\u00eb vij\u00ebs kufitare ,q\u00eb ka b\u00ebr\u00eb Komisioni p\u00ebr Demarkacion i udh\u00ebhequr nga Murat Meha do t\u2019i takoj Malit t\u00eb Zi. K\u00ebt\u00eb foto e ka publikuar portali \u201celajm\u201d.<\/p>\n<p>Z\u00cbRI<\/p>\n","protected":false},"excerpt":{"rendered":"<p>Nj\u00eb fotografi e rrall\u00eb \u00ebsht\u00eb publikuar e cila i heq disa dilema se ku \u00ebsht\u00eb pika kufitare me Malin e Zi. Kjo fotografi q\u00eb po rrjedh neper internet, tregon qart\u00eb se ku ishin t\u00eb vendosura objektet kufitare me Malin e Zi para se t\u00eb kryhej demarkacioni. N\u00eb k\u00ebt\u00eb fotografi shihet se n\u00eb t\u00eb kaluar\u00ebn \u00c7akorri [&hellip;]<\/p>\n","protected":false},"author":1,"featured_media":0,"comment_status":"closed","ping_status":"closed","sticky":false,"template":"","format":"standard","meta":{"spay_email":"","jetpack_publicize_message":"","jetpack_is_tweetstorm":false,"jetpack_publicize_feature_enabled":true},"categories":[14],"tags":[],"jetpack_publicize_connections":[],"yoast_head":"<!-- This site is optimized with the Yoast SEO plugin v19.1 - https:\/\/yoast.com\/wordpress\/plugins\/seo\/ -->\n<title>Fotografia q\u00eb i heq dilemat p\u00ebr Demarkacionin! K\u00ebtu \u00ebsht\u00eb kufiri - Lajme nga Ulqini<\/title>\n<meta name=\"description\" content=\"Nj\u00eb fotografi e rrall\u00eb \u00ebsht\u00eb publikuar e cila i heq disa dilema se ku \u00ebsht\u00eb pika kufitare me Malin e Zi. Kjo fotografi q\u00eb po rrjedh neper internet, tregon\" \/>\n<meta name=\"robots\" content=\"index, follow, max-snippet:-1, max-image-preview:large, max-video-preview:-1\" \/>\n<link rel=\"canonical\" href=\"https:\/\/www.visit-ulcinj.com\/blog\/2016\/07\/20\/fotografia-qe-heq-dilemat-per-demarkacionin-ketu-eshte-kufiri\/\" \/>\n<meta property=\"og:locale\" content=\"en_US\" \/>\n<meta property=\"og:type\" content=\"article\" \/>\n<meta property=\"og:title\" content=\"Fotografia q\u00eb i heq dilemat p\u00ebr Demarkacionin! K\u00ebtu \u00ebsht\u00eb kufiri - Lajme nga Ulqini\" \/>\n<meta property=\"og:description\" content=\"Nj\u00eb fotografi e rrall\u00eb \u00ebsht\u00eb publikuar e cila i heq disa dilema se ku \u00ebsht\u00eb pika kufitare me Malin e Zi. Kjo fotografi q\u00eb po rrjedh neper internet, tregon\" \/>\n<meta property=\"og:url\" content=\"https:\/\/www.visit-ulcinj.com\/blog\/2016\/07\/20\/fotografia-qe-heq-dilemat-per-demarkacionin-ketu-eshte-kufiri\/\" \/>\n<meta property=\"og:site_name\" content=\"Lajme nga Ulqini\" \/>\n<meta property=\"article:published_time\" content=\"2016-07-20T13:08:07+00:00\" \/>\n<meta name=\"twitter:label1\" content=\"Written by\" \/>\n\t<meta name=\"twitter:data1\" content=\"ulqini\" \/>\n\t<meta name=\"twitter:label2\" content=\"Est. reading time\" \/>\n\t<meta name=\"twitter:data2\" content=\"1 minute\" \/>\n<script type=\"application\/ld+json\" class=\"yoast-schema-graph\">{\"@context\":\"https:\/\/schema.org\",\"@graph\":[{\"@type\":\"WebSite\",\"@id\":\"https:\/\/www.visit-ulcinj.com\/blog\/#website\",\"url\":\"https:\/\/www.visit-ulcinj.com\/blog\/\",\"name\":\"Lajme nga Ulqini\",\"description\":\"Lajme,Vijesti,Ulqini,Ulqin,Crna Gora,Mali i Zi\",\"potentialAction\":[{\"@type\":\"SearchAction\",\"target\":{\"@type\":\"EntryPoint\",\"urlTemplate\":\"https:\/\/www.visit-ulcinj.com\/blog\/?s={search_term_string}\"},\"query-input\":\"required name=search_term_string\"}],\"inLanguage\":\"en-US\"},{\"@type\":\"WebPage\",\"@id\":\"https:\/\/www.visit-ulcinj.com\/blog\/2016\/07\/20\/fotografia-qe-heq-dilemat-per-demarkacionin-ketu-eshte-kufiri\/#webpage\",\"url\":\"https:\/\/www.visit-ulcinj.com\/blog\/2016\/07\/20\/fotografia-qe-heq-dilemat-per-demarkacionin-ketu-eshte-kufiri\/\",\"name\":\"Fotografia q\u00eb i heq dilemat p\u00ebr Demarkacionin! K\u00ebtu \u00ebsht\u00eb kufiri - Lajme nga Ulqini\",\"isPartOf\":{\"@id\":\"https:\/\/www.visit-ulcinj.com\/blog\/#website\"},\"datePublished\":\"2016-07-20T13:08:07+00:00\",\"dateModified\":\"2016-07-20T13:08:07+00:00\",\"author\":{\"@id\":\"https:\/\/www.visit-ulcinj.com\/blog\/#\/schema\/person\/dcab619c614d3038751c63bc2aadc06d\"},\"description\":\"Nj\u00eb fotografi e rrall\u00eb \u00ebsht\u00eb publikuar e cila i heq disa dilema se ku \u00ebsht\u00eb pika kufitare me Malin e Zi. Kjo fotografi q\u00eb po rrjedh neper internet, tregon\",\"breadcrumb\":{\"@id\":\"https:\/\/www.visit-ulcinj.com\/blog\/2016\/07\/20\/fotografia-qe-heq-dilemat-per-demarkacionin-ketu-eshte-kufiri\/#breadcrumb\"},\"inLanguage\":\"en-US\",\"potentialAction\":[{\"@type\":\"ReadAction\",\"target\":[\"https:\/\/www.visit-ulcinj.com\/blog\/2016\/07\/20\/fotografia-qe-heq-dilemat-per-demarkacionin-ketu-eshte-kufiri\/\"]}]},{\"@type\":\"BreadcrumbList\",\"@id\":\"https:\/\/www.visit-ulcinj.com\/blog\/2016\/07\/20\/fotografia-qe-heq-dilemat-per-demarkacionin-ketu-eshte-kufiri\/#breadcrumb\",\"itemListElement\":[{\"@type\":\"ListItem\",\"position\":1,\"name\":\"Fotografia q\u00eb i heq dilemat p\u00ebr Demarkacionin! K\u00ebtu \u00ebsht\u00eb kufiri\"}]},{\"@type\":\"Person\",\"@id\":\"https:\/\/www.visit-ulcinj.com\/blog\/#\/schema\/person\/dcab619c614d3038751c63bc2aadc06d\",\"name\":\"ulqini\",\"sameAs\":[\"http:\/\/www.visit-ulcinj.com\"],\"url\":\"https:\/\/www.visit-ulcinj.com\/blog\/author\/admin\/\"}]}<\/script>\n<!-- \/ Yoast SEO plugin. -->","yoast_head_json":{"title":"Fotografia q\u00eb i heq dilemat p\u00ebr Demarkacionin! K\u00ebtu \u00ebsht\u00eb kufiri - Lajme nga Ulqini","description":"Nj\u00eb fotografi e rrall\u00eb \u00ebsht\u00eb publikuar e cila i heq disa dilema se ku \u00ebsht\u00eb pika kufitare me Malin e Zi. Kjo fotografi q\u00eb po rrjedh neper internet, tregon","robots":{"index":"index","follow":"follow","max-snippet":"max-snippet:-1","max-image-preview":"max-image-preview:large","max-video-preview":"max-video-preview:-1"},"canonical":"https:\/\/www.visit-ulcinj.com\/blog\/2016\/07\/20\/fotografia-qe-heq-dilemat-per-demarkacionin-ketu-eshte-kufiri\/","og_locale":"en_US","og_type":"article","og_title":"Fotografia q\u00eb i heq dilemat p\u00ebr Demarkacionin! K\u00ebtu \u00ebsht\u00eb kufiri - Lajme nga Ulqini","og_description":"Nj\u00eb fotografi e rrall\u00eb \u00ebsht\u00eb publikuar e cila i heq disa dilema se ku \u00ebsht\u00eb pika kufitare me Malin e Zi. Kjo fotografi q\u00eb po rrjedh neper internet, tregon","og_url":"https:\/\/www.visit-ulcinj.com\/blog\/2016\/07\/20\/fotografia-qe-heq-dilemat-per-demarkacionin-ketu-eshte-kufiri\/","og_site_name":"Lajme nga Ulqini","article_published_time":"2016-07-20T13:08:07+00:00","twitter_misc":{"Written by":"ulqini","Est. reading time":"1 minute"},"schema":{"@context":"https:\/\/schema.org","@graph":[{"@type":"WebSite","@id":"https:\/\/www.visit-ulcinj.com\/blog\/#website","url":"https:\/\/www.visit-ulcinj.com\/blog\/","name":"Lajme nga Ulqini","description":"Lajme,Vijesti,Ulqini,Ulqin,Crna Gora,Mali i Zi","potentialAction":[{"@type":"SearchAction","target":{"@type":"EntryPoint","urlTemplate":"https:\/\/www.visit-ulcinj.com\/blog\/?s={search_term_string}"},"query-input":"required name=search_term_string"}],"inLanguage":"en-US"},{"@type":"WebPage","@id":"https:\/\/www.visit-ulcinj.com\/blog\/2016\/07\/20\/fotografia-qe-heq-dilemat-per-demarkacionin-ketu-eshte-kufiri\/#webpage","url":"https:\/\/www.visit-ulcinj.com\/blog\/2016\/07\/20\/fotografia-qe-heq-dilemat-per-demarkacionin-ketu-eshte-kufiri\/","name":"Fotografia q\u00eb i heq dilemat p\u00ebr Demarkacionin! K\u00ebtu \u00ebsht\u00eb kufiri - Lajme nga Ulqini","isPartOf":{"@id":"https:\/\/www.visit-ulcinj.com\/blog\/#website"},"datePublished":"2016-07-20T13:08:07+00:00","dateModified":"2016-07-20T13:08:07+00:00","author":{"@id":"https:\/\/www.visit-ulcinj.com\/blog\/#\/schema\/person\/dcab619c614d3038751c63bc2aadc06d"},"description":"Nj\u00eb fotografi e rrall\u00eb \u00ebsht\u00eb publikuar e cila i heq disa dilema se ku \u00ebsht\u00eb pika kufitare me Malin e Zi. Kjo fotografi q\u00eb po rrjedh neper internet, tregon","breadcrumb":{"@id":"https:\/\/www.visit-ulcinj.com\/blog\/2016\/07\/20\/fotografia-qe-heq-dilemat-per-demarkacionin-ketu-eshte-kufiri\/#breadcrumb"},"inLanguage":"en-US","potentialAction":[{"@type":"ReadAction","target":["https:\/\/www.visit-ulcinj.com\/blog\/2016\/07\/20\/fotografia-qe-heq-dilemat-per-demarkacionin-ketu-eshte-kufiri\/"]}]},{"@type":"BreadcrumbList","@id":"https:\/\/www.visit-ulcinj.com\/blog\/2016\/07\/20\/fotografia-qe-heq-dilemat-per-demarkacionin-ketu-eshte-kufiri\/#breadcrumb","itemListElement":[{"@type":"ListItem","position":1,"name":"Fotografia q\u00eb i heq dilemat p\u00ebr Demarkacionin! K\u00ebtu \u00ebsht\u00eb kufiri"}]},{"@type":"Person","@id":"https:\/\/www.visit-ulcinj.com\/blog\/#\/schema\/person\/dcab619c614d3038751c63bc2aadc06d","name":"ulqini","sameAs":["http:\/\/www.visit-ulcinj.com"],"url":"https:\/\/www.visit-ulcinj.com\/blog\/author\/admin\/"}]}},"jetpack_featured_media_url":"","jetpack_sharing_enabled":true,"jetpack_shortlink":"https:\/\/wp.me\/pe6lTn-pCm","_links":{"self":[{"href":"https:\/\/www.visit-ulcinj.com\/blog\/wp-json\/wp\/v2\/posts\/98478"}],"collection":[{"href":"https:\/\/www.visit-ulcinj.com\/blog\/wp-json\/wp\/v2\/posts"}],"about":[{"href":"https:\/\/www.visit-ulcinj.com\/blog\/wp-json\/wp\/v2\/types\/post"}],"author":[{"embeddable":true,"href":"https:\/\/www.visit-ulcinj.com\/blog\/wp-json\/wp\/v2\/users\/1"}],"replies":[{"embeddable":true,"href":"https:\/\/www.visit-ulcinj.com\/blog\/wp-json\/wp\/v2\/comments?post=98478"}],"version-history":[{"count":1,"href":"https:\/\/www.visit-ulcinj.com\/blog\/wp-json\/wp\/v2\/posts\/98478\/revisions"}],"predecessor-version":[{"id":98480,"href":"https:\/\/www.visit-ulcinj.com\/blog\/wp-json\/wp\/v2\/posts\/98478\/revisions\/98480"}],"wp:attachment":[{"href":"https:\/\/www.visit-ulcinj.com\/blog\/wp-json\/wp\/v2\/media?parent=98478"}],"wp:term":[{"taxonomy":"category","embeddable":true,"href":"https:\/\/www.visit-ulcinj.com\/blog\/wp-json\/wp\/v2\/categories?post=98478"},{"taxonomy":"post_tag","embeddable":true,"href":"https:\/\/www.visit-ulcinj.com\/blog\/wp-json\/wp\/v2\/tags?post=98478"}],"curies":[{"name":"wp","href":"https:\/\/api.w.org\/{rel}","templated":true}]}}