{"id":98487,"date":"2016-07-20T15:00:27","date_gmt":"2016-07-20T14:00:27","guid":{"rendered":"http:\/\/www.visit-ulcinj.com\/blog\/?p=98487"},"modified":"2016-07-20T15:00:27","modified_gmt":"2016-07-20T14:00:27","slug":"memoriam-luigj-pashuku-zadrima-1925-2016","status":"publish","type":"post","link":"https:\/\/www.visit-ulcinj.com\/blog\/2016\/07\/20\/memoriam-luigj-pashuku-zadrima-1925-2016\/","title":{"rendered":"In memoriam: Luigj (Pashuku) Zadrima (1925-2016)"},"content":{"rendered":"<p><strong><a href=\"http:\/\/www.visit-ulcinj.com\/blog\/wp-content\/uploads\/2016\/07\/Luigj-Pashuku-Zadrima.jpg\"><img loading=\"lazy\" class=\"alignleft wp-image-98488\" src=\"http:\/\/www.visit-ulcinj.com\/blog\/wp-content\/uploads\/2016\/07\/Luigj-Pashuku-Zadrima.jpg\" alt=\"Luigj -Pashuku-Zadrima\" width=\"508\" height=\"521\" srcset=\"https:\/\/www.visit-ulcinj.com\/blog\/wp-content\/uploads\/2016\/07\/Luigj-Pashuku-Zadrima.jpg 486w, https:\/\/www.visit-ulcinj.com\/blog\/wp-content\/uploads\/2016\/07\/Luigj-Pashuku-Zadrima-293x300.jpg 293w\" sizes=\"(max-width: 508px) 100vw, 508px\" \/><\/a>Rrnoi p\u00ebr me tregue<\/strong><\/p>\n<p>Pas nj\u00eb s\u00ebmundjeje disajavore, n\u00eb dit\u00ebt e para t\u00eb k\u00ebtij muaji u nda nga jeta n\u00eb mosh\u00ebn 91-vje\u00e7are Luigj Zadrima nga Sutjeli i Ulqinit. P\u00ebr t\u00eb gjith\u00eb ata q\u00eb e kan\u00eb njohur, ai ishte nj\u00eb njeri i ve\u00e7ant\u00eb, q\u00eb rrezantonte but\u00ebsi, mir\u00ebsi, qet\u00ebsi dhe optimiz\u00ebm, me t\u00eb cilat b\u00ebnte \u00e7dok\u00ebnd p\u00ebr vete.<\/p>\n<p>Ai u lind m\u00eb 9 n\u00ebntor 1925 n\u00eb Sutjel, n\u00eb nj\u00eb familje bujare dhe t\u00eb ndershme, prej bab\u00ebs Pashukut dhe n\u00ebn\u00ebs Tone. Babai i tij ishte me prejardhje nga Zadrima e Shqip\u00ebris\u00eb, kurse n\u00ebna nga qyteti i Shkodr\u00ebs. Me bashk\u00ebshorten Agen, t\u00eb bij\u00ebn e Lok Gjon Gazivod\u00ebs nga Re\u00e7i dhe \u00c7iles nga fisi \u00c7otaj nga Sh\u00ebngjergji, lind\u00ebn gjasht\u00eb f\u00ebmij\u00eb &#8211; dy djem e kat\u00ebr vajza, por nj\u00eb djal\u00eb dhe nj\u00ebra vajz\u00eb do t\u2019u vdesin.<\/p>\n<p>Vlerat dhe virtytet q\u00eb i kishte trash\u00ebguar nga babai dhe n\u00ebna u b\u00ebn\u00eb frym\u00ebzim dhe udh\u00ebrr\u00ebfyes p\u00ebr jet\u00ebn e tij, duke i trash\u00ebguar dhe transmetuar tek t\u00eb tjer\u00ebt, n\u00eb radh\u00eb t\u00eb par\u00eb te pjes\u00ebtar\u00ebt e familjes s\u00eb tij.<\/p>\n<p>Q\u00eb n\u00eb f\u00ebmij\u00ebri u dallua p\u00ebr aft\u00ebsit\u00eb intelektuale dhe fizike. Ishte nx\u00ebn\u00ebsi m\u00eb i mir\u00eb i shkoll\u00ebs, por dallohej sidomos n\u00eb l\u00ebnd\u00ebn e matematik\u00ebs. Ka marr\u00eb pjes\u00eb n\u00eb Luft\u00ebn e Dyt\u00eb Bot\u00ebrore n\u00eb luft\u00ebn kund\u00ebr fashizmit. Pas luft\u00ebs, u dallua edhe n\u00eb ushtri. Fal\u00eb fizikut dhe shkath\u00ebsive t\u00eb tij, askush nuk ka mundur ta rrr\u00ebzoj\u00eb apo t\u2019ia kaloj\u00eb n\u00eb hedhjen e gurit n\u00eb brigad\u00ebn ku ishte.<\/p>\n<p>Si i ri ka qen\u00eb udh\u00ebheq\u00ebs i aksionit rinor nga Komuna e Ulqinit n\u00eb nd\u00ebrtimin e hekurudh\u00ebs Podgoric\u00eb \u2013 Nikshiq. Ka qen\u00eb aktivist shoq\u00ebror e politik, ku ka marr\u00eb pjes\u00eb si delegat i Ulqinit n\u00eb Kongresin e Pest\u00eb t\u00eb Lidhjes Socialiste t\u00eb Malit t\u00eb Zi n\u00eb Podgoric\u00eb. N\u00eb disa mandate ka qen\u00eb k\u00ebshilltar n\u00eb Kuvendin e Komun\u00ebs s\u00eb Ulqinit. Ka qen\u00eb pjes\u00ebmarr\u00ebs i Bes\u00eblidhjes s\u00eb Mal\u00ebsis\u00eb p\u00ebr pajtimin e gjaqeve.<\/p>\n<p>Ashtu si dhe shum\u00eb shqiptar\u00eb t\u00eb tjer\u00eb, rrethanat e jet\u00ebs b\u00ebn\u00eb q\u00eb t\u00eb emigroj\u00eb n\u00eb SHBA, ku kaloi 25 vjet. Edhe atje u dallua sidomos n\u00eb aksionet humanitare n\u00eb ndihm\u00eb t\u00eb t\u00eb varf\u00ebrve n\u00eb vendin e tij, posa\u00e7\u00ebrisht gjat\u00eb koh\u00ebs s\u00eb luft\u00ebs. Por jeta n\u00eb m\u00ebrgim ia shtoi edhe m\u00eb tep\u00ebr dashurin\u00eb dhe nostalgjin\u00eb p\u00ebr vendlindjen. Pas pensionimit, pes\u00eb vitet e fundit t\u00eb jet\u00ebs s\u00eb tij i kaloi n\u00eb Ulqin.<\/p>\n<p>Si dashamir i arsimit, e kishte t\u00eb qart\u00eb se ai \u00ebsht\u00eb katalizator i ndryshimeve dhe shtys\u00eb e ecjes p\u00ebrpara t\u00eb shoq\u00ebris\u00eb. Prandaj d\u00ebshironte q\u00eb brezat e rinj t\u00eb shkollohen sa m\u00eb shum\u00eb sepse jetonte me moton q\u00eb arsimimi e shtyn p\u00ebrpara njer\u00ebzimin. N\u00eb k\u00ebt\u00eb drejtim, ai ka nj\u00eb kontribut t\u00eb \u00e7muar p\u00ebr hapjen dhe mbrojtjen e shkoll\u00ebs n\u00eb gjuh\u00ebn shqipe n\u00eb Shtoj.<\/p>\n<p>Me stilin e tij t\u00eb t\u00eb rr\u00ebfyerit, Luigji apo Biqi si\u00e7 e quanin familjar\u00ebt, e b\u00ebnte menj\u00ebher\u00eb p\u00ebr vete t\u00eb moshuarin dhe t\u00eb riun. Ishte k\u00ebnaq\u00ebsi ta d\u00ebgjoje duke rr\u00ebfyer ngjarje dhe histori t\u00eb ndryshme nga e kaluara, ku ai vet\u00eb kishte marr\u00eb pjes\u00eb apo i kishte d\u00ebgjuar nga t\u00eb tjer\u00ebt. Ai ishte nj\u00eb enciklopedi e gjall\u00eb, me nj\u00eb memorie q\u00eb rrall\u00ebkush e ka. Ishte i kthjell\u00ebt deri n\u00eb momentet e fundit para s\u00ebmundjes. Duke e njohur, mendoj se Luigjit do t\u2019i shkonte p\u00ebrshtat shum\u00eb mir\u00eb th\u00ebnia e famshme e At Zef Pllumit \u201cRrno vet\u00ebm p\u00ebr me tregue\u201d.<\/p>\n<p>Familjar\u00ebt e tij e kujtojn\u00eb si nj\u00eb njeri t\u00eb dashur p\u00ebr t\u00eb gjith\u00eb njer\u00ebzit, pavar\u00ebsisht p\u00ebrkat\u00ebsis\u00eb s\u00eb tyre. P\u00ebr t\u00eb, nderi ishte kriteri i vler\u00ebsimit t\u00eb njer\u00ebzve. P\u00ebr t\u00eb ekzistonin vet\u00ebm njer\u00ebz t\u00eb ndersh\u00ebm dhe t\u00eb pandersh\u00ebm. Si bashk\u00ebshort ishte i kujdessh\u00ebm dhe i respektuesh\u00ebm, baba dhe gjysh i mir\u00eb q\u00eb prirej t\u2019i edukoj\u00eb dhe t\u2019i k\u00ebshilloj\u00eb f\u00ebmij\u00ebt, nipat dhe mbesat me vlerat m\u00eb t\u00eb mira morale dhe njer\u00ebzore, se si t\u00eb ballafaqohen me sfidat e jet\u00ebs. P\u00ebr \u00e7do problem, sado t\u00eb r\u00ebnd\u00eb, ofronte zgjidhje, duke mos u p\u00ebrkulur.<\/p>\n<p>Sipas amanetit, u varros n\u00eb vendlindjen e tij, n\u00eb varrezat n\u00eb Sh\u00ebngjergj, aty ku pushojn\u00eb eshtrat e t\u00eb par\u00ebve t\u00eb tij.<\/p>\n<p>Ai iku nga kjo bot\u00eb p\u00ebr n\u00eb bot\u00ebn tjet\u00ebr p\u00ebr t\u00eb mos u harruar kurr\u00eb, si model i t\u00eb jetuarit t\u00eb jet\u00ebs. Pjes\u00ebmarrja e nj\u00eb numri t\u00eb madh njer\u00ebzish n\u00eb ceremonin\u00eb e varrimit t\u00eb tij, jo vet\u00ebm nga Ulqini, por edhe trevat tjera, ishte d\u00ebshmi e respektit dhe e vler\u00ebsimit t\u00eb figur\u00ebs s\u00eb tij.<\/p>\n<p><strong>(Kohapress) <\/strong><\/p>\n","protected":false},"excerpt":{"rendered":"<p>Rrnoi p\u00ebr me tregue Pas nj\u00eb s\u00ebmundjeje disajavore, n\u00eb dit\u00ebt e para t\u00eb k\u00ebtij muaji u nda nga jeta n\u00eb mosh\u00ebn 91-vje\u00e7are Luigj Zadrima nga Sutjeli i Ulqinit. P\u00ebr t\u00eb gjith\u00eb ata q\u00eb e kan\u00eb njohur, ai ishte nj\u00eb njeri i ve\u00e7ant\u00eb, q\u00eb rrezantonte but\u00ebsi, mir\u00ebsi, qet\u00ebsi dhe optimiz\u00ebm, me t\u00eb cilat b\u00ebnte \u00e7dok\u00ebnd p\u00ebr [&hellip;]<\/p>\n","protected":false},"author":1,"featured_media":0,"comment_status":"closed","ping_status":"closed","sticky":false,"template":"","format":"standard","meta":{"spay_email":"","jetpack_publicize_message":"","jetpack_is_tweetstorm":false,"jetpack_publicize_feature_enabled":true},"categories":[11],"tags":[],"jetpack_publicize_connections":[],"yoast_head":"<!-- This site is optimized with the Yoast SEO plugin v19.1 - https:\/\/yoast.com\/wordpress\/plugins\/seo\/ -->\n<title>In memoriam: Luigj (Pashuku) Zadrima (1925-2016) - Lajme nga Ulqini<\/title>\n<meta name=\"description\" content=\"Rrnoi p\u00ebr me tregue Pas nj\u00eb s\u00ebmundjeje disajavore, n\u00eb dit\u00ebt e para t\u00eb k\u00ebtij muaji u nda nga jeta n\u00eb mosh\u00ebn 91-vje\u00e7are Luigj Zadrima nga Sutjeli i Ulqinit.\" \/>\n<meta name=\"robots\" content=\"index, follow, max-snippet:-1, max-image-preview:large, max-video-preview:-1\" \/>\n<link rel=\"canonical\" href=\"https:\/\/www.visit-ulcinj.com\/blog\/2016\/07\/20\/memoriam-luigj-pashuku-zadrima-1925-2016\/\" \/>\n<meta property=\"og:locale\" content=\"en_US\" \/>\n<meta property=\"og:type\" content=\"article\" \/>\n<meta property=\"og:title\" content=\"In memoriam: Luigj (Pashuku) Zadrima (1925-2016) - Lajme nga Ulqini\" \/>\n<meta property=\"og:description\" content=\"Rrnoi p\u00ebr me tregue Pas nj\u00eb s\u00ebmundjeje disajavore, n\u00eb dit\u00ebt e para t\u00eb k\u00ebtij muaji u nda nga jeta n\u00eb mosh\u00ebn 91-vje\u00e7are Luigj Zadrima nga Sutjeli i Ulqinit.\" \/>\n<meta property=\"og:url\" content=\"https:\/\/www.visit-ulcinj.com\/blog\/2016\/07\/20\/memoriam-luigj-pashuku-zadrima-1925-2016\/\" \/>\n<meta property=\"og:site_name\" content=\"Lajme nga Ulqini\" \/>\n<meta property=\"article:published_time\" content=\"2016-07-20T14:00:27+00:00\" \/>\n<meta property=\"og:image\" content=\"http:\/\/www.visit-ulcinj.com\/blog\/wp-content\/uploads\/2016\/07\/Luigj-Pashuku-Zadrima.jpg\" \/>\n<meta name=\"twitter:label1\" content=\"Written by\" \/>\n\t<meta name=\"twitter:data1\" content=\"ulqini\" \/>\n\t<meta name=\"twitter:label2\" content=\"Est. reading time\" \/>\n\t<meta name=\"twitter:data2\" content=\"4 minutes\" \/>\n<script type=\"application\/ld+json\" class=\"yoast-schema-graph\">{\"@context\":\"https:\/\/schema.org\",\"@graph\":[{\"@type\":\"WebSite\",\"@id\":\"https:\/\/www.visit-ulcinj.com\/blog\/#website\",\"url\":\"https:\/\/www.visit-ulcinj.com\/blog\/\",\"name\":\"Lajme nga Ulqini\",\"description\":\"Lajme,Vijesti,Ulqini,Ulqin,Crna Gora,Mali i Zi\",\"potentialAction\":[{\"@type\":\"SearchAction\",\"target\":{\"@type\":\"EntryPoint\",\"urlTemplate\":\"https:\/\/www.visit-ulcinj.com\/blog\/?s={search_term_string}\"},\"query-input\":\"required name=search_term_string\"}],\"inLanguage\":\"en-US\"},{\"@type\":\"ImageObject\",\"inLanguage\":\"en-US\",\"@id\":\"https:\/\/www.visit-ulcinj.com\/blog\/2016\/07\/20\/memoriam-luigj-pashuku-zadrima-1925-2016\/#primaryimage\",\"url\":\"https:\/\/www.visit-ulcinj.com\/blog\/wp-content\/uploads\/2016\/07\/Luigj-Pashuku-Zadrima.jpg\",\"contentUrl\":\"https:\/\/www.visit-ulcinj.com\/blog\/wp-content\/uploads\/2016\/07\/Luigj-Pashuku-Zadrima.jpg\",\"width\":486,\"height\":498},{\"@type\":\"WebPage\",\"@id\":\"https:\/\/www.visit-ulcinj.com\/blog\/2016\/07\/20\/memoriam-luigj-pashuku-zadrima-1925-2016\/#webpage\",\"url\":\"https:\/\/www.visit-ulcinj.com\/blog\/2016\/07\/20\/memoriam-luigj-pashuku-zadrima-1925-2016\/\",\"name\":\"In memoriam: Luigj (Pashuku) Zadrima (1925-2016) - Lajme nga Ulqini\",\"isPartOf\":{\"@id\":\"https:\/\/www.visit-ulcinj.com\/blog\/#website\"},\"primaryImageOfPage\":{\"@id\":\"https:\/\/www.visit-ulcinj.com\/blog\/2016\/07\/20\/memoriam-luigj-pashuku-zadrima-1925-2016\/#primaryimage\"},\"datePublished\":\"2016-07-20T14:00:27+00:00\",\"dateModified\":\"2016-07-20T14:00:27+00:00\",\"author\":{\"@id\":\"https:\/\/www.visit-ulcinj.com\/blog\/#\/schema\/person\/dcab619c614d3038751c63bc2aadc06d\"},\"description\":\"Rrnoi p\u00ebr me tregue Pas nj\u00eb s\u00ebmundjeje disajavore, n\u00eb dit\u00ebt e para t\u00eb k\u00ebtij muaji u nda nga jeta n\u00eb mosh\u00ebn 91-vje\u00e7are Luigj Zadrima nga Sutjeli i Ulqinit.\",\"breadcrumb\":{\"@id\":\"https:\/\/www.visit-ulcinj.com\/blog\/2016\/07\/20\/memoriam-luigj-pashuku-zadrima-1925-2016\/#breadcrumb\"},\"inLanguage\":\"en-US\",\"potentialAction\":[{\"@type\":\"ReadAction\",\"target\":[\"https:\/\/www.visit-ulcinj.com\/blog\/2016\/07\/20\/memoriam-luigj-pashuku-zadrima-1925-2016\/\"]}]},{\"@type\":\"BreadcrumbList\",\"@id\":\"https:\/\/www.visit-ulcinj.com\/blog\/2016\/07\/20\/memoriam-luigj-pashuku-zadrima-1925-2016\/#breadcrumb\",\"itemListElement\":[{\"@type\":\"ListItem\",\"position\":1,\"name\":\"In memoriam: Luigj (Pashuku) Zadrima (1925-2016)\"}]},{\"@type\":\"Person\",\"@id\":\"https:\/\/www.visit-ulcinj.com\/blog\/#\/schema\/person\/dcab619c614d3038751c63bc2aadc06d\",\"name\":\"ulqini\",\"sameAs\":[\"http:\/\/www.visit-ulcinj.com\"],\"url\":\"https:\/\/www.visit-ulcinj.com\/blog\/author\/admin\/\"}]}<\/script>\n<!-- \/ Yoast SEO plugin. -->","yoast_head_json":{"title":"In memoriam: Luigj (Pashuku) Zadrima (1925-2016) - Lajme nga Ulqini","description":"Rrnoi p\u00ebr me tregue Pas nj\u00eb s\u00ebmundjeje disajavore, n\u00eb dit\u00ebt e para t\u00eb k\u00ebtij muaji u nda nga jeta n\u00eb mosh\u00ebn 91-vje\u00e7are Luigj Zadrima nga Sutjeli i Ulqinit.","robots":{"index":"index","follow":"follow","max-snippet":"max-snippet:-1","max-image-preview":"max-image-preview:large","max-video-preview":"max-video-preview:-1"},"canonical":"https:\/\/www.visit-ulcinj.com\/blog\/2016\/07\/20\/memoriam-luigj-pashuku-zadrima-1925-2016\/","og_locale":"en_US","og_type":"article","og_title":"In memoriam: Luigj (Pashuku) Zadrima (1925-2016) - Lajme nga Ulqini","og_description":"Rrnoi p\u00ebr me tregue Pas nj\u00eb s\u00ebmundjeje disajavore, n\u00eb dit\u00ebt e para t\u00eb k\u00ebtij muaji u nda nga jeta n\u00eb mosh\u00ebn 91-vje\u00e7are Luigj Zadrima nga Sutjeli i Ulqinit.","og_url":"https:\/\/www.visit-ulcinj.com\/blog\/2016\/07\/20\/memoriam-luigj-pashuku-zadrima-1925-2016\/","og_site_name":"Lajme nga Ulqini","article_published_time":"2016-07-20T14:00:27+00:00","og_image":[{"url":"http:\/\/www.visit-ulcinj.com\/blog\/wp-content\/uploads\/2016\/07\/Luigj-Pashuku-Zadrima.jpg"}],"twitter_misc":{"Written by":"ulqini","Est. reading time":"4 minutes"},"schema":{"@context":"https:\/\/schema.org","@graph":[{"@type":"WebSite","@id":"https:\/\/www.visit-ulcinj.com\/blog\/#website","url":"https:\/\/www.visit-ulcinj.com\/blog\/","name":"Lajme nga Ulqini","description":"Lajme,Vijesti,Ulqini,Ulqin,Crna Gora,Mali i Zi","potentialAction":[{"@type":"SearchAction","target":{"@type":"EntryPoint","urlTemplate":"https:\/\/www.visit-ulcinj.com\/blog\/?s={search_term_string}"},"query-input":"required name=search_term_string"}],"inLanguage":"en-US"},{"@type":"ImageObject","inLanguage":"en-US","@id":"https:\/\/www.visit-ulcinj.com\/blog\/2016\/07\/20\/memoriam-luigj-pashuku-zadrima-1925-2016\/#primaryimage","url":"https:\/\/www.visit-ulcinj.com\/blog\/wp-content\/uploads\/2016\/07\/Luigj-Pashuku-Zadrima.jpg","contentUrl":"https:\/\/www.visit-ulcinj.com\/blog\/wp-content\/uploads\/2016\/07\/Luigj-Pashuku-Zadrima.jpg","width":486,"height":498},{"@type":"WebPage","@id":"https:\/\/www.visit-ulcinj.com\/blog\/2016\/07\/20\/memoriam-luigj-pashuku-zadrima-1925-2016\/#webpage","url":"https:\/\/www.visit-ulcinj.com\/blog\/2016\/07\/20\/memoriam-luigj-pashuku-zadrima-1925-2016\/","name":"In memoriam: Luigj (Pashuku) Zadrima (1925-2016) - Lajme nga Ulqini","isPartOf":{"@id":"https:\/\/www.visit-ulcinj.com\/blog\/#website"},"primaryImageOfPage":{"@id":"https:\/\/www.visit-ulcinj.com\/blog\/2016\/07\/20\/memoriam-luigj-pashuku-zadrima-1925-2016\/#primaryimage"},"datePublished":"2016-07-20T14:00:27+00:00","dateModified":"2016-07-20T14:00:27+00:00","author":{"@id":"https:\/\/www.visit-ulcinj.com\/blog\/#\/schema\/person\/dcab619c614d3038751c63bc2aadc06d"},"description":"Rrnoi p\u00ebr me tregue Pas nj\u00eb s\u00ebmundjeje disajavore, n\u00eb dit\u00ebt e para t\u00eb k\u00ebtij muaji u nda nga jeta n\u00eb mosh\u00ebn 91-vje\u00e7are Luigj Zadrima nga Sutjeli i Ulqinit.","breadcrumb":{"@id":"https:\/\/www.visit-ulcinj.com\/blog\/2016\/07\/20\/memoriam-luigj-pashuku-zadrima-1925-2016\/#breadcrumb"},"inLanguage":"en-US","potentialAction":[{"@type":"ReadAction","target":["https:\/\/www.visit-ulcinj.com\/blog\/2016\/07\/20\/memoriam-luigj-pashuku-zadrima-1925-2016\/"]}]},{"@type":"BreadcrumbList","@id":"https:\/\/www.visit-ulcinj.com\/blog\/2016\/07\/20\/memoriam-luigj-pashuku-zadrima-1925-2016\/#breadcrumb","itemListElement":[{"@type":"ListItem","position":1,"name":"In memoriam: Luigj (Pashuku) Zadrima (1925-2016)"}]},{"@type":"Person","@id":"https:\/\/www.visit-ulcinj.com\/blog\/#\/schema\/person\/dcab619c614d3038751c63bc2aadc06d","name":"ulqini","sameAs":["http:\/\/www.visit-ulcinj.com"],"url":"https:\/\/www.visit-ulcinj.com\/blog\/author\/admin\/"}]}},"jetpack_featured_media_url":"","jetpack_sharing_enabled":true,"jetpack_shortlink":"https:\/\/wp.me\/pe6lTn-pCv","_links":{"self":[{"href":"https:\/\/www.visit-ulcinj.com\/blog\/wp-json\/wp\/v2\/posts\/98487"}],"collection":[{"href":"https:\/\/www.visit-ulcinj.com\/blog\/wp-json\/wp\/v2\/posts"}],"about":[{"href":"https:\/\/www.visit-ulcinj.com\/blog\/wp-json\/wp\/v2\/types\/post"}],"author":[{"embeddable":true,"href":"https:\/\/www.visit-ulcinj.com\/blog\/wp-json\/wp\/v2\/users\/1"}],"replies":[{"embeddable":true,"href":"https:\/\/www.visit-ulcinj.com\/blog\/wp-json\/wp\/v2\/comments?post=98487"}],"version-history":[{"count":1,"href":"https:\/\/www.visit-ulcinj.com\/blog\/wp-json\/wp\/v2\/posts\/98487\/revisions"}],"predecessor-version":[{"id":98489,"href":"https:\/\/www.visit-ulcinj.com\/blog\/wp-json\/wp\/v2\/posts\/98487\/revisions\/98489"}],"wp:attachment":[{"href":"https:\/\/www.visit-ulcinj.com\/blog\/wp-json\/wp\/v2\/media?parent=98487"}],"wp:term":[{"taxonomy":"category","embeddable":true,"href":"https:\/\/www.visit-ulcinj.com\/blog\/wp-json\/wp\/v2\/categories?post=98487"},{"taxonomy":"post_tag","embeddable":true,"href":"https:\/\/www.visit-ulcinj.com\/blog\/wp-json\/wp\/v2\/tags?post=98487"}],"curies":[{"name":"wp","href":"https:\/\/api.w.org\/{rel}","templated":true}]}}