{"id":98494,"date":"2016-07-20T18:58:45","date_gmt":"2016-07-20T17:58:45","guid":{"rendered":"http:\/\/www.visit-ulcinj.com\/blog\/?p=98494"},"modified":"2016-07-20T18:58:45","modified_gmt":"2016-07-20T17:58:45","slug":"opozicija-opozarila-ul%c2%adcinj-ne%c2%adza%c2%adko%c2%adni%c2%adto-po%c2%adku%c2%adsa%c2%adva-da-pro%c2%adgu%c2%adra-do%c2%adpu%c2%adnu-pla%c2%adna-pri%c2%advre%c2%adme%c2%adnih-obje%c2%adka","status":"publish","type":"post","link":"https:\/\/www.visit-ulcinj.com\/blog\/2016\/07\/20\/opozicija-opozarila-ul%c2%adcinj-ne%c2%adza%c2%adko%c2%adni%c2%adto-po%c2%adku%c2%adsa%c2%adva-da-pro%c2%adgu%c2%adra-do%c2%adpu%c2%adnu-pla%c2%adna-pri%c2%advre%c2%adme%c2%adnih-obje%c2%adka\/","title":{"rendered":"Opozicija opozarila: SO Ul\u00adcinj ne\u00adza\u00adko\u00adni\u00adto po\u00adku\u00ad\u0161a\u00adva da pro\u00adgu\u00adra do\u00adpu\u00adnu Pla\u00adna pri\u00advre\u00adme\u00adnih obje\u00adka\u00adta za 2016"},"content":{"rendered":"<p><span class=\"tekstcijeli\"><span class=\"kapital\"><a href=\"http:\/\/www.visit-ulcinj.com\/blog\/wp-content\/uploads\/2016\/04\/Komuna-Ulqinit-Opstina-Ulcinj-.jpg\"><img loading=\"lazy\" class=\"alignleft wp-image-96204\" src=\"http:\/\/www.visit-ulcinj.com\/blog\/wp-content\/uploads\/2016\/04\/Komuna-Ulqinit-Opstina-Ulcinj-.jpg\" alt=\"Komuna-Ulqinit-Opstina-Ulcinj-\" width=\"508\" height=\"305\" srcset=\"https:\/\/www.visit-ulcinj.com\/blog\/wp-content\/uploads\/2016\/04\/Komuna-Ulqinit-Opstina-Ulcinj-.jpg 560w, https:\/\/www.visit-ulcinj.com\/blog\/wp-content\/uploads\/2016\/04\/Komuna-Ulqinit-Opstina-Ulcinj--300x180.jpg 300w\" sizes=\"(max-width: 508px) 100vw, 508px\" \/><\/a>U<\/span>L\u00adCINj- Pred\u00adstav\u00adni\u00adci opo\u00adzi\u00adci\u00adje upo\u00adzo\u00adri\u00adli su, na po\u00ad\u010det\u00adku sed\u00adme sjed\u00adni\u00adce pr\u00advog re\u00addov\u00adnog za\u00adsje\u00adda\u00adnja SO Ul\u00adcinj, da vlast ne\u00adza\u00adko\u00adni\u00adto po\u00adku\u00ad\u0161a\u00adva da pro\u00adgu\u00adra do\u00adpu\u00adnu Pla\u00adna pri\u00advre\u00adme\u00adnih obje\u00adka\u00adta za 2016. go\u00addi\u00adnu. Is\u00adti\u00ad\u010du da se ra\u00addi o na\u00admje\u00ad\u0161ta\u00adnju lo\u00adka\u00adci\u00adja po\u00adje\u00addin\u00adci\u00adma. Ka\u00adko se mo\u00adglo \u010du\u00adti, tu do\u00adpu\u00adnu pot\u00adpi\u00adsao je ne\u00addav\u00adno pred\u00adsjed\u00adnik op\u00ad\u0161ti\u00adne Na\u00adzif Cun\u00adgu, iako na to ni\u00adje imao pra\u00advo. Se\u00adkre\u00adtar Se\u00adkre\u00adta\u00adri\u00adja\u00adta za ur\u00adba\u00adni\u00adzam Alek\u00adsan\u00addar Da\u00adbo\u00advi\u0107 u obra\u00adzlo\u00ad\u017ee\u00adnju od\u00adlu\u00adke sa\u00adop\u00ad\u0161tio je da Plan pri\u00advrem\u00adnih obje\u00adka\u00adta do\u00adno\u00adsi SO do kra\u00adja te\u00adku\u00ad\u0107e za na\u00adred\u00adnu go\u00addi\u00adnu. On je re\u00adkao da je pred\u00adsjed\u00adnik Op\u00ad\u0161ti\u00adne ak\u00adtom od 20.ju\u00adna do\u00adnio plan po\u00adsta\u00advlja\u00adnja pri\u00advre\u00adme\u00adnih obje\u00adka\u00adta za 2016. go\u00addi\u00adnu i da se kon\u00adkret\u00adno ra\u00addi o pr\u00advoj do\u00adpu\u00adni tog pla\u00adna. Iz opo\u00adzi\u00adci\u00adje su upo\u00adzo\u00adri\u00adli da tu od\u00adlu\u00adku usva\u00adja skup\u00ad\u0161ti\u00adna, osim ako ni\u00adje one\u00admo\u00adgu\u00ad\u0107e\u00adno da se za\u00adka\u00ad\u017ee zbog ne\u00adke van\u00adred\u00adne si\u00adtu\u00ada\u00adci\u00adje. Od\u00adbor\u00adnik SDP-a Sken\u00adder Ele\u00adza\u00adgi\u0107 ka\u00adzao je da su o za\u00adko\u00adni\u00adto\u00adsti ove od\u00adlu\u00adke mi\u00ad\u0161nje\u00adnje da\u00adli nad\u00adle\u00ad\u017eni od\u00adbo\u00adri i da \u0107e bi\u00adti vr\u00adlo in\u00adte\u00adre\u00adsant\u00adno ka\u00adko \u0107e od\u00adbo\u00adr\u00adni\u00adci gla\u00adsa\u00adti.<br \/>\n\u2013Ra\u00addi se o kla\u00adsi\u010d\u00adnoj zlo\u00adu\u00adpo\u00adtre\u00adbi po\u00adslov\u00adni\u00adka, jer ne znam ka\u00adko se ova ta\u010d\u00adka uop\u00ad\u0161te na\u00ad\u0161la na dnev\u00adnom re\u00addu. Ka\u00adko je mo\u00adgu\u00ad\u0107e da pred\u00adsjed\u00adnik do\u00adno\u00adsi ova\u00adkvu ol\u00addu\u00adku iz\u00adme\u00ad\u0111u dvi\u00adje sjed\u00adni\u00adce. Tre\u00adba\u00adlo je da se usvo\u00adji pri\u00adje No\u00adve go\u00addi\u00adne i mo\u00adra\u00adla je pro\u00ad\u0107i jav\u00adnu ras\u00adpra\u00advu. Lju\u00addi ima\u00adju pra\u00advo da se upo\u00adzna\u00adju s tim gdje \u0107e sve bi\u00adti po\u00adsta\u00advlje\u00adni pri\u00advre\u00adme\u00adni objek\u00adti, kao i da do\u00adbi\u00adju sve in\u00adfor\u00adma\u00adci\u00adje o lo\u00adka\u00adci\u00adja\u00adma za ko\u00adje even\u00adtu\u00adal\u00adno \u017ee\u00adle da kon\u00adku\u00adri\u00ad\u0161u. Da\u00adkle, skup\u00ad\u0161ti\u00adna je u re\u00addov\u00adnom za\u00adsje\u00adda\u00adnju, od\u00adbor\u00adni\u00adci su \u017ei\u00advi i zdra\u00advi i ni\u00adje tre\u00adba\u00adlo da se do\u00adno\u00adsi od\u00adlu\u00adka, pa da je mi ve\u00adri\u00adfu\u00adku\u00adje\u00admo, ve\u0107 je tre\u00adba\u00adlo da ide u re\u00addov\u00adnu pro\u00adce\u00addu\u00adru. Ova\u00adko, \u010do\u00advjek ne mo\u00ad\u017ee da se ot\u00adme uti\u00adsku da se ov\u00addje ra\u00addi o na\u00admje\u00ad\u0161ta\u00adnju tih pri\u00advre\u00adme\u00adnih lo\u00adka\u00adci\u00adja, ka\u00adzao je Ele\u00adza\u00adgi\u0107.<br \/>\nOd\u00adbor\u00adnik SNP-a An\u00addri\u00adja \u0106et\u00adko\u00advi\u0107 upo\u00adzo\u00adrio je da je do\u00adpu\u00adna pla\u00adna akt ko\u00adji je do\u00adni\u00adjet mi\u00admo za\u00adko\u00adna, sta\u00adtu\u00adta i pro\u00adpi\u00adsa.<br \/>\n\u2013 Ovo rje\u00ad\u0161e\u00adnje se ko\u00adsi sa svim mo\u00adgu\u00ad\u0107im za\u00adkon\u00adskim pro\u00adpi\u00adsi\u00adma i ova\u00adkvo po\u00adna\u00ad\u0161a\u00adnje lo\u00adkal\u00adne upra\u00adve, na \u010di\u00adjem je \u010de\u00adlu DPS, ko\u00ad\u0161ta\u00ad\u0107e gra\u00ad\u0111a\u00adne i po\u00adre\u00adske ob\u00adve\u00adzni\u00adke. Pod\u00adsje\u00ad\u0107am na \u0161te\u00adtu ko\u00adja je ve\u0107 na\u00adsta\u00adla zbog pri\u00advre\u00adme\u00adnih lo\u00adka\u00adci\u00adja, ka\u00adda je Ten\u00adder\u00adska ko\u00admi\u00adsi\u00adja ne\u00addav\u00adno pre\u00adki\u00adnu\u00adla ten\u00adder, a dio \u0107e iz\u00advje\u00adsno tek na\u00adsta\u00adti ka\u00adda po\u00adje\u00addi\u00adni u\u010de\u00adsni\u00adci na ten\u00adde\u00adru bu\u00addu tra\u00ad\u017ei\u00adli neo\u00adsta\u00advre\u00adnu do\u00adbit. Ovo je skan\u00addal i ni\u00adje pr\u00advi put, re\u00adkao je \u0106et\u00adko\u00advi\u0107. Iz\u00adja\u00ad\u0161nja\u00adva\u00adnje o toj ta\u010d\u00adki oba\u00advi\u00ad\u0107e se na\u00adknad\u00adno. Pod\u00adsje\u00adti\u00admo, ne\u00addav\u00adno je pred\u00adsjed\u00adnik op\u00ad\u0161ti\u00adne Na\u00adzif Cun\u00adgu po\u00adni\u00ad\u0161tio jav\u00adni po\u00adziv za da\u00adva\u00adnje u za\u00adkup pri\u00advre\u00adme\u00adne lo\u00adka\u00adci\u00adje u na\u00adse\u00adlju \u0160toj, na ko\u00adjoj je bio pred\u00advi\u00ad\u0111en za\u00adbav\u00adni park. Po\u00adstu\u00adpak je po\u00adni\u00ad\u0161ten, iako je lo\u00adka\u00adci\u00adja bi\u00adla u pro\u00adgra\u00admu pri\u00advre\u00adme\u00adnih obje\u00adka\u00adta, a \u010di\u00adtav po\u00adstu\u00adpak do\u00adve\u00adden do kra\u00adja, jer je kon\u00adsta\u00adto\u00adva\u00adna i naj\u00adbo\u00adlja po\u00adnu\u00adda od oko 10.000 eura. Ti\u00adme je op\u00ad\u0161tin\u00adska ka\u00adsa us\u00adkra\u00ad\u0107e\u00adna za po\u00adme\u00adnu\u00adti iz\u00adnos, a Op\u00ad\u0161ti\u00adni pri\u00adje\u00adti tu\u00ad\u017eba za neo\u00adstva\u00adre\u00adnu do\u00adbit, jer je prak\u00adti\u010d\u00adno u \u201epet do 12\u201c od\u00adlu\u00ad\u010di\u00adla da ne iz\u00adda\u00adje po\u00adme\u00adnu\u00adti lo\u00adka\u00adli\u00adtet. Op\u00ad\u0161ti\u00adna Ul\u00adcinj ne\u00addav\u00adno je tu\u00ad\u017ee\u00adna za od\u00ad\u0161tet\u00adni iz\u00adnos za no\u00adstva\u00adre\u00adnu do\u00adbit od 90.000 eura, u slu\u00ad\u010da\u00adju po\u00adzna\u00adti\u00adjem kao \u201eBig Ben\u201c . Osim od\u00adbor\u00adni\u010d\u00adkih pi\u00adta\u00adnja i od\u00adgo\u00advo\u00adra, ras\u00adpra\u00advlja\u00adlo se i usvo\u00adje\u00adni su pred\u00adlo\u00adzi od\u00adlu\u00adka: o iz\u00admje\u00adna\u00adma i do\u00adpu\u00adna\u00adma od\u00adlu\u00adke o bo\u00adra\u00advi\u00ad\u0161noj i ob\u00adra\u00ad\u010du\u00adna\u00adva\u00adnje i pla\u00ad\u0107a\u00adnje \u010dlan\u00adskog do\u00adpri\u00adno\u00adsa Tu\u00adri\u00adsti\u010d\u00adke or\u00adga\u00adni\u00adza\u00adci\u00adje Ul\u00adcinj. Ubu\u00addu\u00ad\u0107e \u0107e se bo\u00adra\u00advi\u00ad\u0161na tak\u00adsa mo\u00ad\u0107i pla\u00ad\u0107a\u00adti i pa\u00adu\u00ad\u0161al\u00adno. Ta\u00adko\u00ad\u0111e, po\u00ado\u00ad\u0161tre\u00adne su ka\u00adzne za one ko\u00adji ne bu\u00addu upla\u00ad\u0107i\u00adva\u00adli tu tak\u00adsu i kre\u00ad\u0107u se od 250 do 1.500 eura za fi\u00adzi\u010d\u00adka i \u010dak do 10.000 eura za prav\u00adna li\u00adca. Iako su od\u00adbor\u00adni\u00adci na ras\u00adpo\u00adla\u00adga\u00adnju ima\u00adli vi\u00ad\u0161e od \u0161est \u010da\u00adso\u00adva za rad, pro\u00adble\u00admi s kvo\u00adru\u00admom i za\u00adko\u00adni\u00adto\u00ad\u0161\u0107u pro\u00adce\u00addu\u00adre ko\u00adja pret\u00adho\u00addi gla\u00adsa\u00adnju o po\u00adje\u00addi\u00adnim ta\u010d\u00adka\u00adma, uslo\u00advi\u00adli su da se lo\u00adkal\u00adni par\u00adla\u00adment mo\u00adra sa\u00adsta\u00adti i u pe\u00adtak ka\u00adda \u0107e rad bi\u00adti na\u00adsta\u00advljen. <strong>M.K.<\/strong><\/p>\n<p><strong> Vlast op\u00adstru\u00adi\u00adra iz\u00adbor OIK<\/strong><\/p>\n<p>Pred\u00adstav\u00adni\u00adci opo\u00adzi\u00adci\u00adje zah\u00adti\u00adje\u00adva\u00adli su da se u dnev\u00adni red , kao po\u00adseb\u00adna ta\u010d\u00adka, uvr\u00adsti iz\u00adbor no\u00adve Op\u00ad\u0161tin\u00adske iz\u00adbor\u00adne ko\u00admi\u00adsi\u00adje (OIK), jer u po\u00adsto\u00adje\u00ad\u0107oj ne\u00adma pred\u00adstav\u00adni\u00adka opo\u00adzi\u00adci\u00adje. Od\u00adbor\u00adnik DF-a prim. dr Mi\u00adlan Ro\u00adlo\u00advi\u0107 op\u00adtu\u00ad\u017eio je lo\u00adkal\u00adnu vlast da na\u00admjer\u00adno op\u00adstru\u00adi\u00adra iz\u00adbor no\u00advih \u010dla\u00adno\u00adva OIK.<br \/>\n-Da li od ovo\u00adga ima va\u00ad\u017eni\u00adjeg pi\u00adta\u00adnja na tri mje\u00adse\u00adca do iz\u00adbo\u00adra? Ja pret\u00adpo\u00adsta\u00advljam da \u0107e sve ura\u00addi\u00adti da do\u00ad\u010de\u00adka\u00adju 1. av\u00adgust. On\u00adda ne\u00adma za\u00adsje\u00adda\u00adnja do 1. sep\u00adtem\u00adbra, pa \u0107e OIK vje\u00adro\u00advat\u00adno for\u00admi\u00adra\u00adti po\u00adlo\u00advi\u00adnom sep\u00adtem\u00adbra, a oko 1. ok\u00adto\u00adbra za\u00adklju\u00ad\u010di\u00ad\u0107e se svi bi\u00adra\u010d\u00adki spi\u00adsko\u00advi, re\u00adkao je Ro\u00adlo\u00advi\u0107. Pod\u00adsje\u00adti\u00admo, pred\u00adsjed\u00adnik Op\u00ad\u0161tin\u00adske iz\u00adbor\u00adne ko\u00admi\u00adsi\u00adje (OIK) je \u010dlan De\u00admo\u00adkrat\u00adske par\u00adti\u00adje so\u00adci\u00adja\u00adli\u00adsta Pje\u00adter Ljulj\u00ad\u0111u\u00adraj. Uz Ljulj\u00ad\u0111u\u00adra\u00adja, DPS ima jo\u0161 jed\u00adnog \u010dla\u00adna u stal\u00adnom sa\u00adsta\u00advu OIK-a, Pran\u00adve\u00adru Su\u00adlji\u0107. Se\u00adkre\u00adtar ko\u00admi\u00adsi\u00adje je Al\u00admir Mo\u00adla\u00adbe\u00ad\u0107i\u00adro\u00advi\u0107 iz For\u00adce, dok je \u010dlan ko\u00admi\u00adsi\u00adje Be\u00adsmir Mu\u00adra\u00adti, ta\u00adko\u00ad\u0111e iz te stran\u00adke. U ime De\u00admo\u00adkrat\u00adske par\u00adti\u00adje Fat\u00admi\u00adra \u0110e\u00adke \u010dlan ko\u00admi\u00adsi\u00adje je \u0106a\u00adzim \u010ca\u00adu\u00ad\u0161i, a De\u00admo\u00adkrat\u00adsku Uni\u00adju Al\u00adba\u00adna\u00adca pred\u00adsta\u00advlja Ha\u00adsan \u0110o\u00adni. <\/span><\/p>\n<p><strong>Izvor: DAN<\/strong><\/p>\n","protected":false},"excerpt":{"rendered":"<p>UL\u00adCINj- Pred\u00adstav\u00adni\u00adci opo\u00adzi\u00adci\u00adje upo\u00adzo\u00adri\u00adli su, na po\u00ad\u010det\u00adku sed\u00adme sjed\u00adni\u00adce pr\u00advog re\u00addov\u00adnog za\u00adsje\u00adda\u00adnja SO Ul\u00adcinj, da vlast ne\u00adza\u00adko\u00adni\u00adto po\u00adku\u00ad\u0161a\u00adva da pro\u00adgu\u00adra do\u00adpu\u00adnu Pla\u00adna pri\u00advre\u00adme\u00adnih obje\u00adka\u00adta za 2016. go\u00addi\u00adnu. Is\u00adti\u00ad\u010du da se ra\u00addi o na\u00admje\u00ad\u0161ta\u00adnju lo\u00adka\u00adci\u00adja po\u00adje\u00addin\u00adci\u00adma. Ka\u00adko se mo\u00adglo \u010du\u00adti, tu do\u00adpu\u00adnu pot\u00adpi\u00adsao je ne\u00addav\u00adno pred\u00adsjed\u00adnik op\u00ad\u0161ti\u00adne Na\u00adzif Cun\u00adgu, iako na to ni\u00adje imao pra\u00advo. Se\u00adkre\u00adtar [&hellip;]<\/p>\n","protected":false},"author":1,"featured_media":0,"comment_status":"closed","ping_status":"closed","sticky":false,"template":"","format":"standard","meta":{"spay_email":"","jetpack_publicize_message":"","jetpack_is_tweetstorm":false,"jetpack_publicize_feature_enabled":true},"categories":[8337],"tags":[],"jetpack_publicize_connections":[],"yoast_head":"<!-- This site is optimized with the Yoast SEO plugin v19.1 - https:\/\/yoast.com\/wordpress\/plugins\/seo\/ -->\n<title>Opozicija opozarila: SO Ul\u00adcinj ne\u00adza\u00adko\u00adni\u00adto po\u00adku\u00ad\u0161a\u00adva da pro\u00adgu\u00adra do\u00adpu\u00adnu Pla\u00adna pri\u00advre\u00adme\u00adnih obje\u00adka\u00adta za 2016 - Lajme nga Ulqini<\/title>\n<meta name=\"description\" content=\"UL\u00adCINj- Pred\u00adstav\u00adni\u00adci opo\u00adzi\u00adci\u00adje upo\u00adzo\u00adri\u00adli su, na po\u00ad\u010det\u00adku sed\u00adme sjed\u00adni\u00adce pr\u00advog re\u00addov\u00adnog za\u00adsje\u00adda\u00adnja SO Ul\u00adcinj, da vlast ne\u00adza\u00adko\u00adni\u00adto\" \/>\n<meta name=\"robots\" content=\"index, follow, max-snippet:-1, max-image-preview:large, max-video-preview:-1\" \/>\n<link rel=\"canonical\" href=\"https:\/\/www.visit-ulcinj.com\/blog\/2016\/07\/20\/opozicija-opozarila-ul\u00adcinj-ne\u00adza\u00adko\u00adni\u00adto-po\u00adku\u00adsa\u00adva-da-pro\u00adgu\u00adra-do\u00adpu\u00adnu-pla\u00adna-pri\u00advre\u00adme\u00adnih-obje\u00adka\/\" \/>\n<meta property=\"og:locale\" content=\"en_US\" \/>\n<meta property=\"og:type\" content=\"article\" \/>\n<meta property=\"og:title\" content=\"Opozicija opozarila: SO Ul\u00adcinj ne\u00adza\u00adko\u00adni\u00adto po\u00adku\u00ad\u0161a\u00adva da pro\u00adgu\u00adra do\u00adpu\u00adnu Pla\u00adna pri\u00advre\u00adme\u00adnih obje\u00adka\u00adta za 2016 - Lajme nga Ulqini\" \/>\n<meta property=\"og:description\" content=\"UL\u00adCINj- Pred\u00adstav\u00adni\u00adci opo\u00adzi\u00adci\u00adje upo\u00adzo\u00adri\u00adli su, na po\u00ad\u010det\u00adku sed\u00adme sjed\u00adni\u00adce pr\u00advog re\u00addov\u00adnog za\u00adsje\u00adda\u00adnja SO Ul\u00adcinj, da vlast ne\u00adza\u00adko\u00adni\u00adto\" \/>\n<meta property=\"og:url\" content=\"https:\/\/www.visit-ulcinj.com\/blog\/2016\/07\/20\/opozicija-opozarila-ul\u00adcinj-ne\u00adza\u00adko\u00adni\u00adto-po\u00adku\u00adsa\u00adva-da-pro\u00adgu\u00adra-do\u00adpu\u00adnu-pla\u00adna-pri\u00advre\u00adme\u00adnih-obje\u00adka\/\" \/>\n<meta property=\"og:site_name\" content=\"Lajme nga Ulqini\" \/>\n<meta property=\"article:published_time\" content=\"2016-07-20T17:58:45+00:00\" \/>\n<meta property=\"og:image\" content=\"http:\/\/www.visit-ulcinj.com\/blog\/wp-content\/uploads\/2016\/04\/Komuna-Ulqinit-Opstina-Ulcinj-.jpg\" \/>\n<meta name=\"twitter:label1\" content=\"Written by\" \/>\n\t<meta name=\"twitter:data1\" content=\"ulqini\" \/>\n\t<meta name=\"twitter:label2\" content=\"Est. reading time\" \/>\n\t<meta name=\"twitter:data2\" content=\"8 minutes\" \/>\n<script type=\"application\/ld+json\" class=\"yoast-schema-graph\">{\"@context\":\"https:\/\/schema.org\",\"@graph\":[{\"@type\":\"WebSite\",\"@id\":\"https:\/\/www.visit-ulcinj.com\/blog\/#website\",\"url\":\"https:\/\/www.visit-ulcinj.com\/blog\/\",\"name\":\"Lajme nga Ulqini\",\"description\":\"Lajme,Vijesti,Ulqini,Ulqin,Crna Gora,Mali i Zi\",\"potentialAction\":[{\"@type\":\"SearchAction\",\"target\":{\"@type\":\"EntryPoint\",\"urlTemplate\":\"https:\/\/www.visit-ulcinj.com\/blog\/?s={search_term_string}\"},\"query-input\":\"required name=search_term_string\"}],\"inLanguage\":\"en-US\"},{\"@type\":\"ImageObject\",\"inLanguage\":\"en-US\",\"@id\":\"https:\/\/www.visit-ulcinj.com\/blog\/2016\/07\/20\/opozicija-opozarila-ul%c2%adcinj-ne%c2%adza%c2%adko%c2%adni%c2%adto-po%c2%adku%c2%adsa%c2%adva-da-pro%c2%adgu%c2%adra-do%c2%adpu%c2%adnu-pla%c2%adna-pri%c2%advre%c2%adme%c2%adnih-obje%c2%adka\/#primaryimage\",\"url\":\"https:\/\/www.visit-ulcinj.com\/blog\/wp-content\/uploads\/2016\/04\/Komuna-Ulqinit-Opstina-Ulcinj-.jpg\",\"contentUrl\":\"https:\/\/www.visit-ulcinj.com\/blog\/wp-content\/uploads\/2016\/04\/Komuna-Ulqinit-Opstina-Ulcinj-.jpg\",\"width\":560,\"height\":336},{\"@type\":\"WebPage\",\"@id\":\"https:\/\/www.visit-ulcinj.com\/blog\/2016\/07\/20\/opozicija-opozarila-ul%c2%adcinj-ne%c2%adza%c2%adko%c2%adni%c2%adto-po%c2%adku%c2%adsa%c2%adva-da-pro%c2%adgu%c2%adra-do%c2%adpu%c2%adnu-pla%c2%adna-pri%c2%advre%c2%adme%c2%adnih-obje%c2%adka\/#webpage\",\"url\":\"https:\/\/www.visit-ulcinj.com\/blog\/2016\/07\/20\/opozicija-opozarila-ul%c2%adcinj-ne%c2%adza%c2%adko%c2%adni%c2%adto-po%c2%adku%c2%adsa%c2%adva-da-pro%c2%adgu%c2%adra-do%c2%adpu%c2%adnu-pla%c2%adna-pri%c2%advre%c2%adme%c2%adnih-obje%c2%adka\/\",\"name\":\"Opozicija opozarila: SO Ul\u00adcinj ne\u00adza\u00adko\u00adni\u00adto po\u00adku\u00ad\u0161a\u00adva da pro\u00adgu\u00adra do\u00adpu\u00adnu Pla\u00adna pri\u00advre\u00adme\u00adnih obje\u00adka\u00adta za 2016 - Lajme nga Ulqini\",\"isPartOf\":{\"@id\":\"https:\/\/www.visit-ulcinj.com\/blog\/#website\"},\"primaryImageOfPage\":{\"@id\":\"https:\/\/www.visit-ulcinj.com\/blog\/2016\/07\/20\/opozicija-opozarila-ul%c2%adcinj-ne%c2%adza%c2%adko%c2%adni%c2%adto-po%c2%adku%c2%adsa%c2%adva-da-pro%c2%adgu%c2%adra-do%c2%adpu%c2%adnu-pla%c2%adna-pri%c2%advre%c2%adme%c2%adnih-obje%c2%adka\/#primaryimage\"},\"datePublished\":\"2016-07-20T17:58:45+00:00\",\"dateModified\":\"2016-07-20T17:58:45+00:00\",\"author\":{\"@id\":\"https:\/\/www.visit-ulcinj.com\/blog\/#\/schema\/person\/dcab619c614d3038751c63bc2aadc06d\"},\"description\":\"UL\u00adCINj- Pred\u00adstav\u00adni\u00adci opo\u00adzi\u00adci\u00adje upo\u00adzo\u00adri\u00adli su, na po\u00ad\u010det\u00adku sed\u00adme sjed\u00adni\u00adce pr\u00advog re\u00addov\u00adnog za\u00adsje\u00adda\u00adnja SO Ul\u00adcinj, da vlast ne\u00adza\u00adko\u00adni\u00adto\",\"breadcrumb\":{\"@id\":\"https:\/\/www.visit-ulcinj.com\/blog\/2016\/07\/20\/opozicija-opozarila-ul%c2%adcinj-ne%c2%adza%c2%adko%c2%adni%c2%adto-po%c2%adku%c2%adsa%c2%adva-da-pro%c2%adgu%c2%adra-do%c2%adpu%c2%adnu-pla%c2%adna-pri%c2%advre%c2%adme%c2%adnih-obje%c2%adka\/#breadcrumb\"},\"inLanguage\":\"en-US\",\"potentialAction\":[{\"@type\":\"ReadAction\",\"target\":[\"https:\/\/www.visit-ulcinj.com\/blog\/2016\/07\/20\/opozicija-opozarila-ul%c2%adcinj-ne%c2%adza%c2%adko%c2%adni%c2%adto-po%c2%adku%c2%adsa%c2%adva-da-pro%c2%adgu%c2%adra-do%c2%adpu%c2%adnu-pla%c2%adna-pri%c2%advre%c2%adme%c2%adnih-obje%c2%adka\/\"]}]},{\"@type\":\"BreadcrumbList\",\"@id\":\"https:\/\/www.visit-ulcinj.com\/blog\/2016\/07\/20\/opozicija-opozarila-ul%c2%adcinj-ne%c2%adza%c2%adko%c2%adni%c2%adto-po%c2%adku%c2%adsa%c2%adva-da-pro%c2%adgu%c2%adra-do%c2%adpu%c2%adnu-pla%c2%adna-pri%c2%advre%c2%adme%c2%adnih-obje%c2%adka\/#breadcrumb\",\"itemListElement\":[{\"@type\":\"ListItem\",\"position\":1,\"name\":\"Opozicija opozarila: SO Ul\u00adcinj ne\u00adza\u00adko\u00adni\u00adto po\u00adku\u00ad\u0161a\u00adva da pro\u00adgu\u00adra do\u00adpu\u00adnu Pla\u00adna pri\u00advre\u00adme\u00adnih obje\u00adka\u00adta za 2016\"}]},{\"@type\":\"Person\",\"@id\":\"https:\/\/www.visit-ulcinj.com\/blog\/#\/schema\/person\/dcab619c614d3038751c63bc2aadc06d\",\"name\":\"ulqini\",\"sameAs\":[\"http:\/\/www.visit-ulcinj.com\"],\"url\":\"https:\/\/www.visit-ulcinj.com\/blog\/author\/admin\/\"}]}<\/script>\n<!-- \/ Yoast SEO plugin. -->","yoast_head_json":{"title":"Opozicija opozarila: SO Ul\u00adcinj ne\u00adza\u00adko\u00adni\u00adto po\u00adku\u00ad\u0161a\u00adva da pro\u00adgu\u00adra do\u00adpu\u00adnu Pla\u00adna pri\u00advre\u00adme\u00adnih obje\u00adka\u00adta za 2016 - Lajme nga Ulqini","description":"UL\u00adCINj- Pred\u00adstav\u00adni\u00adci opo\u00adzi\u00adci\u00adje upo\u00adzo\u00adri\u00adli su, na po\u00ad\u010det\u00adku sed\u00adme sjed\u00adni\u00adce pr\u00advog re\u00addov\u00adnog za\u00adsje\u00adda\u00adnja SO Ul\u00adcinj, da vlast ne\u00adza\u00adko\u00adni\u00adto","robots":{"index":"index","follow":"follow","max-snippet":"max-snippet:-1","max-image-preview":"max-image-preview:large","max-video-preview":"max-video-preview:-1"},"canonical":"https:\/\/www.visit-ulcinj.com\/blog\/2016\/07\/20\/opozicija-opozarila-ul\u00adcinj-ne\u00adza\u00adko\u00adni\u00adto-po\u00adku\u00adsa\u00adva-da-pro\u00adgu\u00adra-do\u00adpu\u00adnu-pla\u00adna-pri\u00advre\u00adme\u00adnih-obje\u00adka\/","og_locale":"en_US","og_type":"article","og_title":"Opozicija opozarila: SO Ul\u00adcinj ne\u00adza\u00adko\u00adni\u00adto po\u00adku\u00ad\u0161a\u00adva da pro\u00adgu\u00adra do\u00adpu\u00adnu Pla\u00adna pri\u00advre\u00adme\u00adnih obje\u00adka\u00adta za 2016 - Lajme nga Ulqini","og_description":"UL\u00adCINj- Pred\u00adstav\u00adni\u00adci opo\u00adzi\u00adci\u00adje upo\u00adzo\u00adri\u00adli su, na po\u00ad\u010det\u00adku sed\u00adme sjed\u00adni\u00adce pr\u00advog re\u00addov\u00adnog za\u00adsje\u00adda\u00adnja SO Ul\u00adcinj, da vlast ne\u00adza\u00adko\u00adni\u00adto","og_url":"https:\/\/www.visit-ulcinj.com\/blog\/2016\/07\/20\/opozicija-opozarila-ul\u00adcinj-ne\u00adza\u00adko\u00adni\u00adto-po\u00adku\u00adsa\u00adva-da-pro\u00adgu\u00adra-do\u00adpu\u00adnu-pla\u00adna-pri\u00advre\u00adme\u00adnih-obje\u00adka\/","og_site_name":"Lajme nga Ulqini","article_published_time":"2016-07-20T17:58:45+00:00","og_image":[{"url":"http:\/\/www.visit-ulcinj.com\/blog\/wp-content\/uploads\/2016\/04\/Komuna-Ulqinit-Opstina-Ulcinj-.jpg"}],"twitter_misc":{"Written by":"ulqini","Est. reading time":"8 minutes"},"schema":{"@context":"https:\/\/schema.org","@graph":[{"@type":"WebSite","@id":"https:\/\/www.visit-ulcinj.com\/blog\/#website","url":"https:\/\/www.visit-ulcinj.com\/blog\/","name":"Lajme nga Ulqini","description":"Lajme,Vijesti,Ulqini,Ulqin,Crna Gora,Mali i Zi","potentialAction":[{"@type":"SearchAction","target":{"@type":"EntryPoint","urlTemplate":"https:\/\/www.visit-ulcinj.com\/blog\/?s={search_term_string}"},"query-input":"required name=search_term_string"}],"inLanguage":"en-US"},{"@type":"ImageObject","inLanguage":"en-US","@id":"https:\/\/www.visit-ulcinj.com\/blog\/2016\/07\/20\/opozicija-opozarila-ul%c2%adcinj-ne%c2%adza%c2%adko%c2%adni%c2%adto-po%c2%adku%c2%adsa%c2%adva-da-pro%c2%adgu%c2%adra-do%c2%adpu%c2%adnu-pla%c2%adna-pri%c2%advre%c2%adme%c2%adnih-obje%c2%adka\/#primaryimage","url":"https:\/\/www.visit-ulcinj.com\/blog\/wp-content\/uploads\/2016\/04\/Komuna-Ulqinit-Opstina-Ulcinj-.jpg","contentUrl":"https:\/\/www.visit-ulcinj.com\/blog\/wp-content\/uploads\/2016\/04\/Komuna-Ulqinit-Opstina-Ulcinj-.jpg","width":560,"height":336},{"@type":"WebPage","@id":"https:\/\/www.visit-ulcinj.com\/blog\/2016\/07\/20\/opozicija-opozarila-ul%c2%adcinj-ne%c2%adza%c2%adko%c2%adni%c2%adto-po%c2%adku%c2%adsa%c2%adva-da-pro%c2%adgu%c2%adra-do%c2%adpu%c2%adnu-pla%c2%adna-pri%c2%advre%c2%adme%c2%adnih-obje%c2%adka\/#webpage","url":"https:\/\/www.visit-ulcinj.com\/blog\/2016\/07\/20\/opozicija-opozarila-ul%c2%adcinj-ne%c2%adza%c2%adko%c2%adni%c2%adto-po%c2%adku%c2%adsa%c2%adva-da-pro%c2%adgu%c2%adra-do%c2%adpu%c2%adnu-pla%c2%adna-pri%c2%advre%c2%adme%c2%adnih-obje%c2%adka\/","name":"Opozicija opozarila: SO Ul\u00adcinj ne\u00adza\u00adko\u00adni\u00adto po\u00adku\u00ad\u0161a\u00adva da pro\u00adgu\u00adra do\u00adpu\u00adnu Pla\u00adna pri\u00advre\u00adme\u00adnih obje\u00adka\u00adta za 2016 - Lajme nga Ulqini","isPartOf":{"@id":"https:\/\/www.visit-ulcinj.com\/blog\/#website"},"primaryImageOfPage":{"@id":"https:\/\/www.visit-ulcinj.com\/blog\/2016\/07\/20\/opozicija-opozarila-ul%c2%adcinj-ne%c2%adza%c2%adko%c2%adni%c2%adto-po%c2%adku%c2%adsa%c2%adva-da-pro%c2%adgu%c2%adra-do%c2%adpu%c2%adnu-pla%c2%adna-pri%c2%advre%c2%adme%c2%adnih-obje%c2%adka\/#primaryimage"},"datePublished":"2016-07-20T17:58:45+00:00","dateModified":"2016-07-20T17:58:45+00:00","author":{"@id":"https:\/\/www.visit-ulcinj.com\/blog\/#\/schema\/person\/dcab619c614d3038751c63bc2aadc06d"},"description":"UL\u00adCINj- Pred\u00adstav\u00adni\u00adci opo\u00adzi\u00adci\u00adje upo\u00adzo\u00adri\u00adli su, na po\u00ad\u010det\u00adku sed\u00adme sjed\u00adni\u00adce pr\u00advog re\u00addov\u00adnog za\u00adsje\u00adda\u00adnja SO Ul\u00adcinj, da vlast ne\u00adza\u00adko\u00adni\u00adto","breadcrumb":{"@id":"https:\/\/www.visit-ulcinj.com\/blog\/2016\/07\/20\/opozicija-opozarila-ul%c2%adcinj-ne%c2%adza%c2%adko%c2%adni%c2%adto-po%c2%adku%c2%adsa%c2%adva-da-pro%c2%adgu%c2%adra-do%c2%adpu%c2%adnu-pla%c2%adna-pri%c2%advre%c2%adme%c2%adnih-obje%c2%adka\/#breadcrumb"},"inLanguage":"en-US","potentialAction":[{"@type":"ReadAction","target":["https:\/\/www.visit-ulcinj.com\/blog\/2016\/07\/20\/opozicija-opozarila-ul%c2%adcinj-ne%c2%adza%c2%adko%c2%adni%c2%adto-po%c2%adku%c2%adsa%c2%adva-da-pro%c2%adgu%c2%adra-do%c2%adpu%c2%adnu-pla%c2%adna-pri%c2%advre%c2%adme%c2%adnih-obje%c2%adka\/"]}]},{"@type":"BreadcrumbList","@id":"https:\/\/www.visit-ulcinj.com\/blog\/2016\/07\/20\/opozicija-opozarila-ul%c2%adcinj-ne%c2%adza%c2%adko%c2%adni%c2%adto-po%c2%adku%c2%adsa%c2%adva-da-pro%c2%adgu%c2%adra-do%c2%adpu%c2%adnu-pla%c2%adna-pri%c2%advre%c2%adme%c2%adnih-obje%c2%adka\/#breadcrumb","itemListElement":[{"@type":"ListItem","position":1,"name":"Opozicija opozarila: SO Ul\u00adcinj ne\u00adza\u00adko\u00adni\u00adto po\u00adku\u00ad\u0161a\u00adva da pro\u00adgu\u00adra do\u00adpu\u00adnu Pla\u00adna pri\u00advre\u00adme\u00adnih obje\u00adka\u00adta za 2016"}]},{"@type":"Person","@id":"https:\/\/www.visit-ulcinj.com\/blog\/#\/schema\/person\/dcab619c614d3038751c63bc2aadc06d","name":"ulqini","sameAs":["http:\/\/www.visit-ulcinj.com"],"url":"https:\/\/www.visit-ulcinj.com\/blog\/author\/admin\/"}]}},"jetpack_featured_media_url":"","jetpack_sharing_enabled":true,"jetpack_shortlink":"https:\/\/wp.me\/pe6lTn-pCC","_links":{"self":[{"href":"https:\/\/www.visit-ulcinj.com\/blog\/wp-json\/wp\/v2\/posts\/98494"}],"collection":[{"href":"https:\/\/www.visit-ulcinj.com\/blog\/wp-json\/wp\/v2\/posts"}],"about":[{"href":"https:\/\/www.visit-ulcinj.com\/blog\/wp-json\/wp\/v2\/types\/post"}],"author":[{"embeddable":true,"href":"https:\/\/www.visit-ulcinj.com\/blog\/wp-json\/wp\/v2\/users\/1"}],"replies":[{"embeddable":true,"href":"https:\/\/www.visit-ulcinj.com\/blog\/wp-json\/wp\/v2\/comments?post=98494"}],"version-history":[{"count":1,"href":"https:\/\/www.visit-ulcinj.com\/blog\/wp-json\/wp\/v2\/posts\/98494\/revisions"}],"predecessor-version":[{"id":98495,"href":"https:\/\/www.visit-ulcinj.com\/blog\/wp-json\/wp\/v2\/posts\/98494\/revisions\/98495"}],"wp:attachment":[{"href":"https:\/\/www.visit-ulcinj.com\/blog\/wp-json\/wp\/v2\/media?parent=98494"}],"wp:term":[{"taxonomy":"category","embeddable":true,"href":"https:\/\/www.visit-ulcinj.com\/blog\/wp-json\/wp\/v2\/categories?post=98494"},{"taxonomy":"post_tag","embeddable":true,"href":"https:\/\/www.visit-ulcinj.com\/blog\/wp-json\/wp\/v2\/tags?post=98494"}],"curies":[{"name":"wp","href":"https:\/\/api.w.org\/{rel}","templated":true}]}}