{"id":985,"date":"2008-03-21T06:26:41","date_gmt":"2008-03-21T11:26:41","guid":{"rendered":"http:\/\/www.visit-ulcinj.com\/blog\/2008\/03\/21\/policajac-udarao-i-vukao-djevojku-za-kosu\/"},"modified":"2008-03-21T06:26:41","modified_gmt":"2008-03-21T11:26:41","slug":"policajac-udarao-i-vukao-djevojku-za-kosu","status":"publish","type":"post","link":"https:\/\/www.visit-ulcinj.com\/blog\/2008\/03\/21\/policajac-udarao-i-vukao-djevojku-za-kosu\/","title":{"rendered":"Policajac udarao i vukao djevojku za kosu?"},"content":{"rendered":"<p><a href=\"http:\/\/www.cafemontenegro.cg.yu\" title=\"ulcinj,ulqini,ulqin,montenegro\" target=\"_blank\"><img loading=\"lazy\" src=\"http:\/\/www.cafemontenegro.cg.yu\/cms\/php\/images\/Drustvo\/1206087196359_naslovna(2).jpg\" align=\"left\" height=\"161\" width=\"300\" \/><\/a>Podgori?anka Valentina Kalu?erovi? (24) tvrdi da je ju?e oko podneva do\u017eivjela bezrazlo\u017eno fizi?ko i verbalno maltretiranje od saobra?ajnog policajca, koji je kasnije i priveo u policijske prostorije.<br \/>\n\u0160tampa pi\u0161e da je ona ispri?ala da je saobra?ajni policajac Orovi? u Zeti zaustavio njen slu\u017ebeni &#8220;mercedes&#8221;, kojim je upravljala, tvrde?i da je preticala na punoj liniji.<br \/>\n\u2019\u2019Tra\u017eio je da iza?em iz automobila i prinesem na uvid dokumenta, kako bi mi napisali prijavu. Poku\u0161ala sam da mu objasnim da to nije istina i pitala ga ima li dokaz za svoje tvrdnje. Okrenula sam mu le?a i napravila jedan korak, a on se razljutio i po?eo da me vu?e za ruku i gura ka policijskom autu.<br \/>\nRekao je: &#8220;Kozo jedna, sad ?u da te privedem&#8221;. Za to vrijeme u blizini su stajala trojica njegovih kolega, koji su nepomi?no i bez reakcije posmatrali ovaj prizor\u2019\u2019, tvrdi Kalu?erovi?eva.<br \/>\nPotre\u0161ena postupcima policajca prema njoj, kako je istakla, njena sestra je iza\u0161la iz auta i vikala na policajca da je pusti. Prema njenim rije?ima, zaustavljala su se druga vozila i prolaznici, koji su posmatrali nesvakida\u0161nju scenu.<br \/>\n\u2019\u2019Nastavio je da me gura u auto, da me udara po nogama, kako bih \u0161to prije u\u0161la. Kada sam rekla da pomjeri stvari sa sjedi\u0161ta, da bih mogla u?i i sjesti, ponovo je po?eo da me vrije?a i po?upao me za kosu. Kasnije je zatra\u017eio da iza?em iz auta, da se vratim u moj &#8220;mercedes&#8221; i da pratim patrolu do zgrade Podru?ne jedinice\u2019\u2019, tvri ona.<br \/>\nKada su je priveli, kako je navela, dr\u017eali su je pritvorenu tri sata i drsko se pona\u0161ali prema njoj.<br \/>\n\u2019\u2019Priveli su me i saslu\u0161avali kao nekog kriminalca. Oduzeli su mi auto, navodno, radi nekih provjera, saslu\u0161ali, a potom su me pustili. Saop\u0161tili su mi jo\u0161 da ?e protiv mene biti podnijeta krivi?na prijava za &#8220;napad na slu\u017ebeno lice&#8221;, kao da sam ja njega napala, a ne on mene\u2019\u2019, navela je Kalu?erovi?eva.<br \/>\nNjen otac Dragoljub kazao je Vijestima da ?e protiv slu\u017ebenika policije, koji su mu, kako tvrdi, maltretirali k?erku, zbog napada, pretrpljenog straha i du\u0161evnih bolova, podnijeti krivi?nu prijavu.<br \/>\nUprava policije saop\u0161tila je sino? da je Kalu?erovi?eva privedena zbog sumnje da je po?inila krivi?no djelo &#8220;spre?avanje slu\u017ebenog lica u vr\u0161enju slu\u017ebenih radnji&#8221; i da nakon saslu\u0161anja nije zadr\u017eana u pritvoru.<br \/>\n\u2019\u2019Saobra?ajna potrola ju?e je zbog po?injenog prekr\u0161aja &#8220;preticanje na punoj liniji&#8221; na magistralnom putu, u blizini KAP-a, zaustavila &#8220;mercedes&#8221;, kojim je upravljala V.K. iz Podgorice. Na mjestu suvoza?a nalazila se njena sestra\u2019\u2019, navode u policiji.<br \/>\nU saop\u0161tenju, koje je potpisala portparol Tamara Popovi?, tvrdi se da se Kalu?erovi?eva prepirala sa slu\u017ebenicima T.O. i B.D. tvrde?i da prekr\u0161aja nije bilo.<br \/>\n\u2019\u2019Iza\u0161la je iz auta i stisnutim pesnicama sna\u017eno odgurnula policajca T.O. u predjelu grudnog ko\u0161a, nakon ?ega je privedena u slu\u017ebene prostorije. V.K. je i u prostorijama, gdje je saslu\u0161ana u prisustvu branioca, nastavila da se drsko pona\u0161a, psuje i vrije?a policiju. Nakon \u0161to je saslu\u0161ana, pu\u0161tena je iz policijskih prostorija.<br \/>\n&#8220;Mercedes&#8221; kojim je upravljala, kako se navodi, policija je radi provjere privremeno oduzela, jer ni na \u0161asiji, ni na motoru nijesu vidljivi serijski brojevi.<br \/>\nPrema istim navodima, protiv Kalu?erovi?eve ?e nadle\u017enom dr\u017eavnom tu\u017eiocu biti podnijeta krivi?na prijava.<br \/>\nVisoki funkcioner saobra?ajne policije Vijestima je rekao da su neistinite tvrdnje Kalu?erovi?eve da su je policajci vrije?ali, gurali, ?upali za kosu i udarali. Portparol Tamara Popovi? rekla je sino? da mimo objavljenog saop\u0161tenja ne mo\u017ee da saop\u0161ti vi\u0161e detalja.<\/p>\n<p><a href=\"http:\/\/www.cafemontenegro.cg.yu\" title=\"ulcinj,ulqini,ulqin,montenegro\" target=\"_blank\">www.cafemontenegro.cg.yu<\/a><\/p>\n","protected":false},"excerpt":{"rendered":"<p><img loading=\"lazy\" src=\"http:\/\/www.cafemontenegro.cg.yu\/cms\/php\/images\/Drustvo\/1206087196359_naslovna(2).jpg\" align=\"left\" height=\"140\" width=\"140\" \/><\/p>\n","protected":false},"author":1,"featured_media":0,"comment_status":"open","ping_status":"closed","sticky":false,"template":"","format":"standard","meta":{"spay_email":"","jetpack_publicize_message":"","jetpack_is_tweetstorm":false,"jetpack_publicize_feature_enabled":true},"categories":[12],"tags":[],"jetpack_publicize_connections":[],"yoast_head":"<!-- This site is optimized with the Yoast SEO plugin v19.1 - https:\/\/yoast.com\/wordpress\/plugins\/seo\/ -->\n<title>Policajac udarao i vukao djevojku za kosu? - Lajme nga Ulqini<\/title>\n<meta name=\"robots\" content=\"index, follow, max-snippet:-1, max-image-preview:large, max-video-preview:-1\" \/>\n<link rel=\"canonical\" href=\"https:\/\/www.visit-ulcinj.com\/blog\/2008\/03\/21\/policajac-udarao-i-vukao-djevojku-za-kosu\/\" \/>\n<meta property=\"og:locale\" content=\"en_US\" \/>\n<meta property=\"og:type\" content=\"article\" \/>\n<meta property=\"og:title\" content=\"Policajac udarao i vukao djevojku za kosu? - Lajme nga Ulqini\" \/>\n<meta property=\"og:url\" content=\"https:\/\/www.visit-ulcinj.com\/blog\/2008\/03\/21\/policajac-udarao-i-vukao-djevojku-za-kosu\/\" \/>\n<meta property=\"og:site_name\" content=\"Lajme nga Ulqini\" \/>\n<meta property=\"article:published_time\" content=\"2008-03-21T11:26:41+00:00\" \/>\n<meta property=\"og:image\" content=\"http:\/\/www.cafemontenegro.cg.yu\/cms\/php\/images\/Drustvo\/1206087196359_naslovna(2).jpg\" \/>\n<meta name=\"twitter:label1\" content=\"Written by\" \/>\n\t<meta name=\"twitter:data1\" content=\"ulqini\" \/>\n\t<meta name=\"twitter:label2\" content=\"Est. reading time\" \/>\n\t<meta name=\"twitter:data2\" content=\"3 minutes\" \/>\n<script type=\"application\/ld+json\" class=\"yoast-schema-graph\">{\"@context\":\"https:\/\/schema.org\",\"@graph\":[{\"@type\":\"WebSite\",\"@id\":\"https:\/\/www.visit-ulcinj.com\/blog\/#website\",\"url\":\"https:\/\/www.visit-ulcinj.com\/blog\/\",\"name\":\"Lajme nga Ulqini\",\"description\":\"Lajme,Vijesti,Ulqini,Ulqin,Crna Gora,Mali i Zi\",\"potentialAction\":[{\"@type\":\"SearchAction\",\"target\":{\"@type\":\"EntryPoint\",\"urlTemplate\":\"https:\/\/www.visit-ulcinj.com\/blog\/?s={search_term_string}\"},\"query-input\":\"required name=search_term_string\"}],\"inLanguage\":\"en-US\"},{\"@type\":\"ImageObject\",\"inLanguage\":\"en-US\",\"@id\":\"https:\/\/www.visit-ulcinj.com\/blog\/2008\/03\/21\/policajac-udarao-i-vukao-djevojku-za-kosu\/#primaryimage\",\"url\":\"http:\/\/www.cafemontenegro.cg.yu\/cms\/php\/images\/Drustvo\/1206087196359_naslovna(2).jpg\",\"contentUrl\":\"http:\/\/www.cafemontenegro.cg.yu\/cms\/php\/images\/Drustvo\/1206087196359_naslovna(2).jpg\"},{\"@type\":\"WebPage\",\"@id\":\"https:\/\/www.visit-ulcinj.com\/blog\/2008\/03\/21\/policajac-udarao-i-vukao-djevojku-za-kosu\/#webpage\",\"url\":\"https:\/\/www.visit-ulcinj.com\/blog\/2008\/03\/21\/policajac-udarao-i-vukao-djevojku-za-kosu\/\",\"name\":\"Policajac udarao i vukao djevojku za kosu? - Lajme nga Ulqini\",\"isPartOf\":{\"@id\":\"https:\/\/www.visit-ulcinj.com\/blog\/#website\"},\"primaryImageOfPage\":{\"@id\":\"https:\/\/www.visit-ulcinj.com\/blog\/2008\/03\/21\/policajac-udarao-i-vukao-djevojku-za-kosu\/#primaryimage\"},\"datePublished\":\"2008-03-21T11:26:41+00:00\",\"dateModified\":\"2008-03-21T11:26:41+00:00\",\"author\":{\"@id\":\"https:\/\/www.visit-ulcinj.com\/blog\/#\/schema\/person\/dcab619c614d3038751c63bc2aadc06d\"},\"breadcrumb\":{\"@id\":\"https:\/\/www.visit-ulcinj.com\/blog\/2008\/03\/21\/policajac-udarao-i-vukao-djevojku-za-kosu\/#breadcrumb\"},\"inLanguage\":\"en-US\",\"potentialAction\":[{\"@type\":\"ReadAction\",\"target\":[\"https:\/\/www.visit-ulcinj.com\/blog\/2008\/03\/21\/policajac-udarao-i-vukao-djevojku-za-kosu\/\"]}]},{\"@type\":\"BreadcrumbList\",\"@id\":\"https:\/\/www.visit-ulcinj.com\/blog\/2008\/03\/21\/policajac-udarao-i-vukao-djevojku-za-kosu\/#breadcrumb\",\"itemListElement\":[{\"@type\":\"ListItem\",\"position\":1,\"name\":\"Policajac udarao i vukao djevojku za kosu?\"}]},{\"@type\":\"Person\",\"@id\":\"https:\/\/www.visit-ulcinj.com\/blog\/#\/schema\/person\/dcab619c614d3038751c63bc2aadc06d\",\"name\":\"ulqini\",\"sameAs\":[\"http:\/\/www.visit-ulcinj.com\"],\"url\":\"https:\/\/www.visit-ulcinj.com\/blog\/author\/admin\/\"}]}<\/script>\n<!-- \/ Yoast SEO plugin. -->","yoast_head_json":{"title":"Policajac udarao i vukao djevojku za kosu? - Lajme nga Ulqini","robots":{"index":"index","follow":"follow","max-snippet":"max-snippet:-1","max-image-preview":"max-image-preview:large","max-video-preview":"max-video-preview:-1"},"canonical":"https:\/\/www.visit-ulcinj.com\/blog\/2008\/03\/21\/policajac-udarao-i-vukao-djevojku-za-kosu\/","og_locale":"en_US","og_type":"article","og_title":"Policajac udarao i vukao djevojku za kosu? - Lajme nga Ulqini","og_url":"https:\/\/www.visit-ulcinj.com\/blog\/2008\/03\/21\/policajac-udarao-i-vukao-djevojku-za-kosu\/","og_site_name":"Lajme nga Ulqini","article_published_time":"2008-03-21T11:26:41+00:00","og_image":[{"url":"http:\/\/www.cafemontenegro.cg.yu\/cms\/php\/images\/Drustvo\/1206087196359_naslovna(2).jpg"}],"twitter_misc":{"Written by":"ulqini","Est. reading time":"3 minutes"},"schema":{"@context":"https:\/\/schema.org","@graph":[{"@type":"WebSite","@id":"https:\/\/www.visit-ulcinj.com\/blog\/#website","url":"https:\/\/www.visit-ulcinj.com\/blog\/","name":"Lajme nga Ulqini","description":"Lajme,Vijesti,Ulqini,Ulqin,Crna Gora,Mali i Zi","potentialAction":[{"@type":"SearchAction","target":{"@type":"EntryPoint","urlTemplate":"https:\/\/www.visit-ulcinj.com\/blog\/?s={search_term_string}"},"query-input":"required name=search_term_string"}],"inLanguage":"en-US"},{"@type":"ImageObject","inLanguage":"en-US","@id":"https:\/\/www.visit-ulcinj.com\/blog\/2008\/03\/21\/policajac-udarao-i-vukao-djevojku-za-kosu\/#primaryimage","url":"http:\/\/www.cafemontenegro.cg.yu\/cms\/php\/images\/Drustvo\/1206087196359_naslovna(2).jpg","contentUrl":"http:\/\/www.cafemontenegro.cg.yu\/cms\/php\/images\/Drustvo\/1206087196359_naslovna(2).jpg"},{"@type":"WebPage","@id":"https:\/\/www.visit-ulcinj.com\/blog\/2008\/03\/21\/policajac-udarao-i-vukao-djevojku-za-kosu\/#webpage","url":"https:\/\/www.visit-ulcinj.com\/blog\/2008\/03\/21\/policajac-udarao-i-vukao-djevojku-za-kosu\/","name":"Policajac udarao i vukao djevojku za kosu? - Lajme nga Ulqini","isPartOf":{"@id":"https:\/\/www.visit-ulcinj.com\/blog\/#website"},"primaryImageOfPage":{"@id":"https:\/\/www.visit-ulcinj.com\/blog\/2008\/03\/21\/policajac-udarao-i-vukao-djevojku-za-kosu\/#primaryimage"},"datePublished":"2008-03-21T11:26:41+00:00","dateModified":"2008-03-21T11:26:41+00:00","author":{"@id":"https:\/\/www.visit-ulcinj.com\/blog\/#\/schema\/person\/dcab619c614d3038751c63bc2aadc06d"},"breadcrumb":{"@id":"https:\/\/www.visit-ulcinj.com\/blog\/2008\/03\/21\/policajac-udarao-i-vukao-djevojku-za-kosu\/#breadcrumb"},"inLanguage":"en-US","potentialAction":[{"@type":"ReadAction","target":["https:\/\/www.visit-ulcinj.com\/blog\/2008\/03\/21\/policajac-udarao-i-vukao-djevojku-za-kosu\/"]}]},{"@type":"BreadcrumbList","@id":"https:\/\/www.visit-ulcinj.com\/blog\/2008\/03\/21\/policajac-udarao-i-vukao-djevojku-za-kosu\/#breadcrumb","itemListElement":[{"@type":"ListItem","position":1,"name":"Policajac udarao i vukao djevojku za kosu?"}]},{"@type":"Person","@id":"https:\/\/www.visit-ulcinj.com\/blog\/#\/schema\/person\/dcab619c614d3038751c63bc2aadc06d","name":"ulqini","sameAs":["http:\/\/www.visit-ulcinj.com"],"url":"https:\/\/www.visit-ulcinj.com\/blog\/author\/admin\/"}]}},"jetpack_featured_media_url":"","jetpack_sharing_enabled":true,"jetpack_shortlink":"https:\/\/wp.me\/pe6lTn-fT","_links":{"self":[{"href":"https:\/\/www.visit-ulcinj.com\/blog\/wp-json\/wp\/v2\/posts\/985"}],"collection":[{"href":"https:\/\/www.visit-ulcinj.com\/blog\/wp-json\/wp\/v2\/posts"}],"about":[{"href":"https:\/\/www.visit-ulcinj.com\/blog\/wp-json\/wp\/v2\/types\/post"}],"author":[{"embeddable":true,"href":"https:\/\/www.visit-ulcinj.com\/blog\/wp-json\/wp\/v2\/users\/1"}],"replies":[{"embeddable":true,"href":"https:\/\/www.visit-ulcinj.com\/blog\/wp-json\/wp\/v2\/comments?post=985"}],"version-history":[{"count":0,"href":"https:\/\/www.visit-ulcinj.com\/blog\/wp-json\/wp\/v2\/posts\/985\/revisions"}],"wp:attachment":[{"href":"https:\/\/www.visit-ulcinj.com\/blog\/wp-json\/wp\/v2\/media?parent=985"}],"wp:term":[{"taxonomy":"category","embeddable":true,"href":"https:\/\/www.visit-ulcinj.com\/blog\/wp-json\/wp\/v2\/categories?post=985"},{"taxonomy":"post_tag","embeddable":true,"href":"https:\/\/www.visit-ulcinj.com\/blog\/wp-json\/wp\/v2\/tags?post=985"}],"curies":[{"name":"wp","href":"https:\/\/api.w.org\/{rel}","templated":true}]}}