{"id":98501,"date":"2016-07-21T12:18:36","date_gmt":"2016-07-21T11:18:36","guid":{"rendered":"http:\/\/www.visit-ulcinj.com\/blog\/?p=98501"},"modified":"2016-07-21T12:22:29","modified_gmt":"2016-07-21T11:22:29","slug":"nika-kush-eshte-zoti-mos-qofte-zi-moti","status":"publish","type":"post","link":"https:\/\/www.visit-ulcinj.com\/blog\/2016\/07\/21\/nika-kush-eshte-zoti-mos-qofte-zi-moti\/","title":{"rendered":"Nika: Kush \u00ebsht\u00eb i zoti \u2013 mos i qoft\u00eb i zi moti?!"},"content":{"rendered":"<p><strong><em>\u00a0<a href=\"http:\/\/www.visit-ulcinj.com\/blog\/wp-content\/uploads\/2014\/03\/muhamet-nika.jpg\"><img loading=\"lazy\" class=\"alignleft wp-image-81041 size-medium\" src=\"http:\/\/www.visit-ulcinj.com\/blog\/wp-content\/uploads\/2014\/03\/muhamet-nika-300x190.jpg\" alt=\"muhamet-nika\" width=\"300\" height=\"190\" srcset=\"https:\/\/www.visit-ulcinj.com\/blog\/wp-content\/uploads\/2014\/03\/muhamet-nika-300x190.jpg 300w, https:\/\/www.visit-ulcinj.com\/blog\/wp-content\/uploads\/2014\/03\/muhamet-nika.jpg 389w\" sizes=\"(max-width: 300px) 100vw, 300px\" \/><\/a>Shkruan Muhamet Nika<\/em><\/strong><\/p>\n<p><strong><em>\u00a0\u00a0<\/em><\/strong><\/p>\n<p><strong><em>&#8211;\u00a0 KOMUNA N\u00cb TOK\u00cbN \u00a0E SAJ\u00a0 N\u00cb SHTOJT- \u00a0PA \u00a0\u00a0AKVAPARK\u00a0 DHE \u00a0PA LLUNA\u00a0 PARK-\u00a0 KUSH\u00a0 KUJT \u2013 \u00a0PO I MBA KANILIN&#8230;?!!!<\/em><\/strong><\/p>\n<p>Nuk\u00a0 e kan\u00eb th\u00ebn\u00eb kot\u00eb t\u00eb par\u00ebt tan\u00eb q\u00eb ai i cili \u00ebsht\u00eb i zoti, nuk i shkon i zi moti..?!<\/p>\n<p>&#8211; N\u00eb Shtoj , ai i cili t\u00eb len pa\u201d\u00a0 Akva park- t\u00eb le edhe pa \u201c Luna park..\u201d, n\u00ebse\u00a0\u00a0 Luna\u00a0 Parku nuk\u00a0\u00a0 vendoset\u00a0 \u201c\u00a0 te vet\u00eb..\u201d- pak ma posht\u00eb\u00a0 e jo na komun\u00ebs?!!<\/p>\n<p>Pa \u00e7ka se komuna \u2013mbet pa 15 mij\u00eb euro..?!!<\/p>\n<p><a href=\"http:\/\/www.visit-ulcinj.com\/blog\/wp-content\/uploads\/2016\/07\/Tenderi-Lecitimi-Toka-Ulqin.jpg\"><img loading=\"lazy\" class=\"alignleft wp-image-98502\" src=\"http:\/\/www.visit-ulcinj.com\/blog\/wp-content\/uploads\/2016\/07\/Tenderi-Lecitimi-Toka-Ulqin.jpg\" alt=\"Tenderi-Lecitimi-Toka-Ulqin\" width=\"508\" height=\"359\" srcset=\"https:\/\/www.visit-ulcinj.com\/blog\/wp-content\/uploads\/2016\/07\/Tenderi-Lecitimi-Toka-Ulqin.jpg 622w, https:\/\/www.visit-ulcinj.com\/blog\/wp-content\/uploads\/2016\/07\/Tenderi-Lecitimi-Toka-Ulqin-300x212.jpg 300w\" sizes=\"(max-width: 508px) 100vw, 508px\" \/><\/a><br \/>\n<strong>KJO \u00cbSHT\u00cb NJ\u00cb PJES\u00cb NGA SKEMA E REGJISTRIT T\u00cb OBJEKTEVE T\u00cb P\u00cbRKOHSHME , E CILA SH\u00cbNON SIP\u00cbRFAQEN E LIR\u00cb T\u00cb TOK\u00cbS S\u00cb KOMUN\u00cbS &#8211; Q\u00cb U QITEN N\u00cb \u201cLE\u00c7I- LICITIM PUBLIK&#8230;., DHE P\u00cbR T\u00cb CIL\u00cbN U PA SE K\u00cbSHILLTAR\u00cbT E KOMUN\u00cbS KISHIN V\u00cbREJTJE , PRANDAJ S\u2019PATI KVORUM &#8230;, Q\u00cb PRITET T\u00cb B\u00cbHET NES\u00cbR?!!- INSHALLA&#8230;.?!<\/strong><\/p>\n<p>N\u00eb \u00a0TE \u00a0shohim se si . pas numrit rendor 27-24 n\u00eb \u201cDONJI \u0160TOJ\u201c, komuna kish planifikuar q\u00eb t\u00eb jap\u00eb nj\u00eb hap\u00ebsir\u00eb T\u00cb SAJ\u00cbN -me qira , \u00a0p\u00ebr 5 mij\u00eb euro, p\u00ebr\u00a0 LLUNA PARK \u00a0dhe e cila n\u00eb \u00e7mimin e par\u00eb \u00a0arriti n\u00eb 9 mij\u00eb euro. ..?!<\/p>\n<p>Por p\u00ebr \u00e7udi , ky vendim i komisionit , u anulua p\u00ebrs\u00ebri nga \u00a0komisioni \u00a0me vendim t\u00eb kryetarit t\u00eb komun\u00ebs&#8230;?!<\/p>\n<p>Dhe po duket se mbet\u00ebm \u00a0N\u00cb TOK\u00cb T\u00cb KOMUN\u00cbS- pa\u00a0 luna park, ashtu si mbet\u00ebm\u00a0 pa akva park&#8230;?! Mos pyesni arsyen ata gjithher\u00eb mund t\u00eb gjinden?!!<\/p>\n<p>Ishalla\u00a0 ky veprim nuk \u00ebsht\u00eb i lidhur diku me ata persona q\u00eb ndaluan &#8211; Akva parkun..?! Nuk po u besojm\u00eb goj\u00ebve t\u00eb liga t\u00eb cilat\u00a0 k\u00ebto dy pun\u00eb i lidhin bashk\u00eb, se demek luna parku\u00a0 do t\u00eb vendoset diku m\u00eb posht\u00eb ashtu si akva parku n\u00eb nj\u00eb hap\u00ebsir\u00eb- tok\u00eb private\u00a0 p\u00ebr 8mij\u00eb euro&#8230;.?!!<\/p>\n<p>Me gjith\u00eb at\u00eb , nes\u00ebr n\u00eb kuvend- \u00a0mbase tesh po e shohim ku rri lepuri- si f\u00ebmij\u00eb\u00a0 , n\u00eb shkoll\u00eb \u00a0\u00a0na m\u00ebsonim q\u00eb rri n\u00ebn lak\u00ebn&#8230;, aty ku edhe lind\u00ebm ne \u2013si \u00a0f\u00ebmij\u00eb sipas\u00a0 p\u00ebrrall\u00ebs s\u00eb gjyses , kur\u00a0 e bezdisnim t\u00eb dinim se si lind\u00ebm&#8230;?!<\/p>\n<p>Por mbase , ku do lind\u00eb luna parku, ka mund\u00ebsi q\u00eb t\u00eb mos e dini kurr\u00eb&#8230;..?! Kryetari i kuvendit, sipas rregullores , \u00a0e ka p\u00ebrgjigjen edhe m\u00eb t\u00eb leht\u00eb se gjyshja.., sepse- \u00a0kur kryetari i komun\u00ebs thirret n\u00eb nenin 58 \u2013 at\u00ebher\u00eb sipas rregullores , kuvendi\u00a0 nuk ke t\u00eb drejt\u00eb as ta pyes fare- t\u00eb pakt\u00ebn sa ne gjyshen.<\/p>\n<p>Kuvendi \u00a0sipas k\u00ebtij neni, vendos pa debat\u00eb. Pa marr\u00eb para sysh , q\u00eb nuk\u00a0 je\u00a0 \u00a0i bindur q\u00eb ke le n\u00ebn lak\u00ebn. \u00a0\u00a0Gjyshja \u2013 si duket , mbase fliste me metafor\u00eb dhe kish t\u00eb drejt\u00eb, por..?!!!!<\/p>\n<p><a href=\"http:\/\/www.visit-ulcinj.com\/blog\/wp-content\/uploads\/2016\/07\/Tenderi-Lecitimi-Toka-Ulqin-1.jpg\"><img loading=\"lazy\" class=\"alignleft wp-image-98503\" src=\"http:\/\/www.visit-ulcinj.com\/blog\/wp-content\/uploads\/2016\/07\/Tenderi-Lecitimi-Toka-Ulqin-1.jpg\" alt=\"Tenderi-Lecitimi-Toka-Ulqin-1\" width=\"508\" height=\"638\" srcset=\"https:\/\/www.visit-ulcinj.com\/blog\/wp-content\/uploads\/2016\/07\/Tenderi-Lecitimi-Toka-Ulqin-1.jpg 485w, https:\/\/www.visit-ulcinj.com\/blog\/wp-content\/uploads\/2016\/07\/Tenderi-Lecitimi-Toka-Ulqin-1-239x300.jpg 239w\" sizes=\"(max-width: 508px) 100vw, 508px\" \/><\/a><\/p>\n<p><strong>Kush kujt po i mba kandilin&#8230;.?!Shih emrat e an\u00ebtar\u00ebve t\u00eb komisionit , t\u00eb cil\u00ebve iu imponua t\u00eb anulojn\u00eb tenderin Q\u00cb KISHIN MIRATUAR..?!<\/strong><\/p>\n<p>&nbsp;<\/p>\n<p><strong>Pik\u00ebpamjet e shprehura n\u00eb faqen \u201cOPINIONE\u201d nuk p\u00ebrfaq\u00ebsojn\u00eb domosdoshm\u00ebrisht politik\u00ebn redaksionale t\u00eb \u201eLajmeve nga Ulqini\u201e<\/strong><\/p>\n","protected":false},"excerpt":{"rendered":"<p>\u00a0Shkruan Muhamet Nika \u00a0\u00a0 &#8211;\u00a0 KOMUNA N\u00cb TOK\u00cbN \u00a0E SAJ\u00a0 N\u00cb SHTOJT- \u00a0PA \u00a0\u00a0AKVAPARK\u00a0 DHE \u00a0PA LLUNA\u00a0 PARK-\u00a0 KUSH\u00a0 KUJT \u2013 \u00a0PO I MBA KANILIN&#8230;?!!! Nuk\u00a0 e kan\u00eb th\u00ebn\u00eb kot\u00eb t\u00eb par\u00ebt tan\u00eb q\u00eb ai i cili \u00ebsht\u00eb i zoti, nuk i shkon i zi moti..?! &#8211; N\u00eb Shtoj , ai i cili t\u00eb len [&hellip;]<\/p>\n","protected":false},"author":1,"featured_media":0,"comment_status":"closed","ping_status":"closed","sticky":false,"template":"","format":"standard","meta":{"spay_email":"","jetpack_publicize_message":"","jetpack_is_tweetstorm":false,"jetpack_publicize_feature_enabled":true},"categories":[14249],"tags":[],"jetpack_publicize_connections":[],"yoast_head":"<!-- This site is optimized with the Yoast SEO plugin v19.1 - https:\/\/yoast.com\/wordpress\/plugins\/seo\/ -->\n<title>Nika: Kush \u00ebsht\u00eb i zoti \u2013 mos i qoft\u00eb i zi moti?! - Lajme nga Ulqini<\/title>\n<meta name=\"description\" content=\"\u00a0Shkruan Muhamet Nika \u00a0\u00a0 -\u00a0 KOMUNA N\u00cb TOK\u00cbN \u00a0E SAJ\u00a0 N\u00cb SHTOJT- \u00a0PA \u00a0\u00a0AKVAPARK\u00a0 DHE \u00a0PA LLUNA\u00a0 PARK-\u00a0 KUSH\u00a0 KUJT \u2013 \u00a0PO I MBA KANILIN...?!!! Nuk\u00a0 e kan\u00eb\" \/>\n<meta name=\"robots\" content=\"index, follow, max-snippet:-1, max-image-preview:large, max-video-preview:-1\" \/>\n<link rel=\"canonical\" href=\"https:\/\/www.visit-ulcinj.com\/blog\/2016\/07\/21\/nika-kush-eshte-zoti-mos-qofte-zi-moti\/\" \/>\n<meta property=\"og:locale\" content=\"en_US\" \/>\n<meta property=\"og:type\" content=\"article\" \/>\n<meta property=\"og:title\" content=\"Nika: Kush \u00ebsht\u00eb i zoti \u2013 mos i qoft\u00eb i zi moti?! - Lajme nga Ulqini\" \/>\n<meta property=\"og:description\" content=\"\u00a0Shkruan Muhamet Nika \u00a0\u00a0 -\u00a0 KOMUNA N\u00cb TOK\u00cbN \u00a0E SAJ\u00a0 N\u00cb SHTOJT- \u00a0PA \u00a0\u00a0AKVAPARK\u00a0 DHE \u00a0PA LLUNA\u00a0 PARK-\u00a0 KUSH\u00a0 KUJT \u2013 \u00a0PO I MBA KANILIN...?!!! Nuk\u00a0 e kan\u00eb\" \/>\n<meta property=\"og:url\" content=\"https:\/\/www.visit-ulcinj.com\/blog\/2016\/07\/21\/nika-kush-eshte-zoti-mos-qofte-zi-moti\/\" \/>\n<meta property=\"og:site_name\" content=\"Lajme nga Ulqini\" \/>\n<meta property=\"article:published_time\" content=\"2016-07-21T11:18:36+00:00\" \/>\n<meta property=\"article:modified_time\" content=\"2016-07-21T11:22:29+00:00\" \/>\n<meta property=\"og:image\" content=\"http:\/\/www.visit-ulcinj.com\/blog\/wp-content\/uploads\/2014\/03\/muhamet-nika-300x190.jpg\" \/>\n<meta name=\"twitter:label1\" content=\"Written by\" \/>\n\t<meta name=\"twitter:data1\" content=\"ulqini\" \/>\n\t<meta name=\"twitter:label2\" content=\"Est. reading time\" \/>\n\t<meta name=\"twitter:data2\" content=\"3 minutes\" \/>\n<script type=\"application\/ld+json\" class=\"yoast-schema-graph\">{\"@context\":\"https:\/\/schema.org\",\"@graph\":[{\"@type\":\"WebSite\",\"@id\":\"https:\/\/www.visit-ulcinj.com\/blog\/#website\",\"url\":\"https:\/\/www.visit-ulcinj.com\/blog\/\",\"name\":\"Lajme nga Ulqini\",\"description\":\"Lajme,Vijesti,Ulqini,Ulqin,Crna Gora,Mali i Zi\",\"potentialAction\":[{\"@type\":\"SearchAction\",\"target\":{\"@type\":\"EntryPoint\",\"urlTemplate\":\"https:\/\/www.visit-ulcinj.com\/blog\/?s={search_term_string}\"},\"query-input\":\"required name=search_term_string\"}],\"inLanguage\":\"en-US\"},{\"@type\":\"ImageObject\",\"inLanguage\":\"en-US\",\"@id\":\"https:\/\/www.visit-ulcinj.com\/blog\/2016\/07\/21\/nika-kush-eshte-zoti-mos-qofte-zi-moti\/#primaryimage\",\"url\":\"https:\/\/www.visit-ulcinj.com\/blog\/wp-content\/uploads\/2014\/03\/muhamet-nika.jpg\",\"contentUrl\":\"https:\/\/www.visit-ulcinj.com\/blog\/wp-content\/uploads\/2014\/03\/muhamet-nika.jpg\",\"width\":389,\"height\":247},{\"@type\":\"WebPage\",\"@id\":\"https:\/\/www.visit-ulcinj.com\/blog\/2016\/07\/21\/nika-kush-eshte-zoti-mos-qofte-zi-moti\/#webpage\",\"url\":\"https:\/\/www.visit-ulcinj.com\/blog\/2016\/07\/21\/nika-kush-eshte-zoti-mos-qofte-zi-moti\/\",\"name\":\"Nika: Kush \u00ebsht\u00eb i zoti \u2013 mos i qoft\u00eb i zi moti?! - Lajme nga Ulqini\",\"isPartOf\":{\"@id\":\"https:\/\/www.visit-ulcinj.com\/blog\/#website\"},\"primaryImageOfPage\":{\"@id\":\"https:\/\/www.visit-ulcinj.com\/blog\/2016\/07\/21\/nika-kush-eshte-zoti-mos-qofte-zi-moti\/#primaryimage\"},\"datePublished\":\"2016-07-21T11:18:36+00:00\",\"dateModified\":\"2016-07-21T11:22:29+00:00\",\"author\":{\"@id\":\"https:\/\/www.visit-ulcinj.com\/blog\/#\/schema\/person\/dcab619c614d3038751c63bc2aadc06d\"},\"description\":\"\u00a0Shkruan Muhamet Nika \u00a0\u00a0 -\u00a0 KOMUNA N\u00cb TOK\u00cbN \u00a0E SAJ\u00a0 N\u00cb SHTOJT- \u00a0PA \u00a0\u00a0AKVAPARK\u00a0 DHE \u00a0PA LLUNA\u00a0 PARK-\u00a0 KUSH\u00a0 KUJT \u2013 \u00a0PO I MBA KANILIN...?!!! Nuk\u00a0 e kan\u00eb\",\"breadcrumb\":{\"@id\":\"https:\/\/www.visit-ulcinj.com\/blog\/2016\/07\/21\/nika-kush-eshte-zoti-mos-qofte-zi-moti\/#breadcrumb\"},\"inLanguage\":\"en-US\",\"potentialAction\":[{\"@type\":\"ReadAction\",\"target\":[\"https:\/\/www.visit-ulcinj.com\/blog\/2016\/07\/21\/nika-kush-eshte-zoti-mos-qofte-zi-moti\/\"]}]},{\"@type\":\"BreadcrumbList\",\"@id\":\"https:\/\/www.visit-ulcinj.com\/blog\/2016\/07\/21\/nika-kush-eshte-zoti-mos-qofte-zi-moti\/#breadcrumb\",\"itemListElement\":[{\"@type\":\"ListItem\",\"position\":1,\"name\":\"Nika: Kush \u00ebsht\u00eb i zoti \u2013 mos i qoft\u00eb i zi moti?!\"}]},{\"@type\":\"Person\",\"@id\":\"https:\/\/www.visit-ulcinj.com\/blog\/#\/schema\/person\/dcab619c614d3038751c63bc2aadc06d\",\"name\":\"ulqini\",\"sameAs\":[\"http:\/\/www.visit-ulcinj.com\"],\"url\":\"https:\/\/www.visit-ulcinj.com\/blog\/author\/admin\/\"}]}<\/script>\n<!-- \/ Yoast SEO plugin. -->","yoast_head_json":{"title":"Nika: Kush \u00ebsht\u00eb i zoti \u2013 mos i qoft\u00eb i zi moti?! - Lajme nga Ulqini","description":"\u00a0Shkruan Muhamet Nika \u00a0\u00a0 -\u00a0 KOMUNA N\u00cb TOK\u00cbN \u00a0E SAJ\u00a0 N\u00cb SHTOJT- \u00a0PA \u00a0\u00a0AKVAPARK\u00a0 DHE \u00a0PA LLUNA\u00a0 PARK-\u00a0 KUSH\u00a0 KUJT \u2013 \u00a0PO I MBA KANILIN...?!!! Nuk\u00a0 e kan\u00eb","robots":{"index":"index","follow":"follow","max-snippet":"max-snippet:-1","max-image-preview":"max-image-preview:large","max-video-preview":"max-video-preview:-1"},"canonical":"https:\/\/www.visit-ulcinj.com\/blog\/2016\/07\/21\/nika-kush-eshte-zoti-mos-qofte-zi-moti\/","og_locale":"en_US","og_type":"article","og_title":"Nika: Kush \u00ebsht\u00eb i zoti \u2013 mos i qoft\u00eb i zi moti?! - Lajme nga Ulqini","og_description":"\u00a0Shkruan Muhamet Nika \u00a0\u00a0 -\u00a0 KOMUNA N\u00cb TOK\u00cbN \u00a0E SAJ\u00a0 N\u00cb SHTOJT- \u00a0PA \u00a0\u00a0AKVAPARK\u00a0 DHE \u00a0PA LLUNA\u00a0 PARK-\u00a0 KUSH\u00a0 KUJT \u2013 \u00a0PO I MBA KANILIN...?!!! Nuk\u00a0 e kan\u00eb","og_url":"https:\/\/www.visit-ulcinj.com\/blog\/2016\/07\/21\/nika-kush-eshte-zoti-mos-qofte-zi-moti\/","og_site_name":"Lajme nga Ulqini","article_published_time":"2016-07-21T11:18:36+00:00","article_modified_time":"2016-07-21T11:22:29+00:00","og_image":[{"url":"http:\/\/www.visit-ulcinj.com\/blog\/wp-content\/uploads\/2014\/03\/muhamet-nika-300x190.jpg"}],"twitter_misc":{"Written by":"ulqini","Est. reading time":"3 minutes"},"schema":{"@context":"https:\/\/schema.org","@graph":[{"@type":"WebSite","@id":"https:\/\/www.visit-ulcinj.com\/blog\/#website","url":"https:\/\/www.visit-ulcinj.com\/blog\/","name":"Lajme nga Ulqini","description":"Lajme,Vijesti,Ulqini,Ulqin,Crna Gora,Mali i Zi","potentialAction":[{"@type":"SearchAction","target":{"@type":"EntryPoint","urlTemplate":"https:\/\/www.visit-ulcinj.com\/blog\/?s={search_term_string}"},"query-input":"required name=search_term_string"}],"inLanguage":"en-US"},{"@type":"ImageObject","inLanguage":"en-US","@id":"https:\/\/www.visit-ulcinj.com\/blog\/2016\/07\/21\/nika-kush-eshte-zoti-mos-qofte-zi-moti\/#primaryimage","url":"https:\/\/www.visit-ulcinj.com\/blog\/wp-content\/uploads\/2014\/03\/muhamet-nika.jpg","contentUrl":"https:\/\/www.visit-ulcinj.com\/blog\/wp-content\/uploads\/2014\/03\/muhamet-nika.jpg","width":389,"height":247},{"@type":"WebPage","@id":"https:\/\/www.visit-ulcinj.com\/blog\/2016\/07\/21\/nika-kush-eshte-zoti-mos-qofte-zi-moti\/#webpage","url":"https:\/\/www.visit-ulcinj.com\/blog\/2016\/07\/21\/nika-kush-eshte-zoti-mos-qofte-zi-moti\/","name":"Nika: Kush \u00ebsht\u00eb i zoti \u2013 mos i qoft\u00eb i zi moti?! - Lajme nga Ulqini","isPartOf":{"@id":"https:\/\/www.visit-ulcinj.com\/blog\/#website"},"primaryImageOfPage":{"@id":"https:\/\/www.visit-ulcinj.com\/blog\/2016\/07\/21\/nika-kush-eshte-zoti-mos-qofte-zi-moti\/#primaryimage"},"datePublished":"2016-07-21T11:18:36+00:00","dateModified":"2016-07-21T11:22:29+00:00","author":{"@id":"https:\/\/www.visit-ulcinj.com\/blog\/#\/schema\/person\/dcab619c614d3038751c63bc2aadc06d"},"description":"\u00a0Shkruan Muhamet Nika \u00a0\u00a0 -\u00a0 KOMUNA N\u00cb TOK\u00cbN \u00a0E SAJ\u00a0 N\u00cb SHTOJT- \u00a0PA \u00a0\u00a0AKVAPARK\u00a0 DHE \u00a0PA LLUNA\u00a0 PARK-\u00a0 KUSH\u00a0 KUJT \u2013 \u00a0PO I MBA KANILIN...?!!! Nuk\u00a0 e kan\u00eb","breadcrumb":{"@id":"https:\/\/www.visit-ulcinj.com\/blog\/2016\/07\/21\/nika-kush-eshte-zoti-mos-qofte-zi-moti\/#breadcrumb"},"inLanguage":"en-US","potentialAction":[{"@type":"ReadAction","target":["https:\/\/www.visit-ulcinj.com\/blog\/2016\/07\/21\/nika-kush-eshte-zoti-mos-qofte-zi-moti\/"]}]},{"@type":"BreadcrumbList","@id":"https:\/\/www.visit-ulcinj.com\/blog\/2016\/07\/21\/nika-kush-eshte-zoti-mos-qofte-zi-moti\/#breadcrumb","itemListElement":[{"@type":"ListItem","position":1,"name":"Nika: Kush \u00ebsht\u00eb i zoti \u2013 mos i qoft\u00eb i zi moti?!"}]},{"@type":"Person","@id":"https:\/\/www.visit-ulcinj.com\/blog\/#\/schema\/person\/dcab619c614d3038751c63bc2aadc06d","name":"ulqini","sameAs":["http:\/\/www.visit-ulcinj.com"],"url":"https:\/\/www.visit-ulcinj.com\/blog\/author\/admin\/"}]}},"jetpack_featured_media_url":"","jetpack_sharing_enabled":true,"jetpack_shortlink":"https:\/\/wp.me\/pe6lTn-pCJ","_links":{"self":[{"href":"https:\/\/www.visit-ulcinj.com\/blog\/wp-json\/wp\/v2\/posts\/98501"}],"collection":[{"href":"https:\/\/www.visit-ulcinj.com\/blog\/wp-json\/wp\/v2\/posts"}],"about":[{"href":"https:\/\/www.visit-ulcinj.com\/blog\/wp-json\/wp\/v2\/types\/post"}],"author":[{"embeddable":true,"href":"https:\/\/www.visit-ulcinj.com\/blog\/wp-json\/wp\/v2\/users\/1"}],"replies":[{"embeddable":true,"href":"https:\/\/www.visit-ulcinj.com\/blog\/wp-json\/wp\/v2\/comments?post=98501"}],"version-history":[{"count":3,"href":"https:\/\/www.visit-ulcinj.com\/blog\/wp-json\/wp\/v2\/posts\/98501\/revisions"}],"predecessor-version":[{"id":98506,"href":"https:\/\/www.visit-ulcinj.com\/blog\/wp-json\/wp\/v2\/posts\/98501\/revisions\/98506"}],"wp:attachment":[{"href":"https:\/\/www.visit-ulcinj.com\/blog\/wp-json\/wp\/v2\/media?parent=98501"}],"wp:term":[{"taxonomy":"category","embeddable":true,"href":"https:\/\/www.visit-ulcinj.com\/blog\/wp-json\/wp\/v2\/categories?post=98501"},{"taxonomy":"post_tag","embeddable":true,"href":"https:\/\/www.visit-ulcinj.com\/blog\/wp-json\/wp\/v2\/tags?post=98501"}],"curies":[{"name":"wp","href":"https:\/\/api.w.org\/{rel}","templated":true}]}}