{"id":98507,"date":"2016-07-21T12:33:01","date_gmt":"2016-07-21T11:33:01","guid":{"rendered":"http:\/\/www.visit-ulcinj.com\/blog\/?p=98507"},"modified":"2016-07-21T14:15:34","modified_gmt":"2016-07-21T13:15:34","slug":"vendimi-qeverise-per-legalizimet-e-ndertimeve-pa-leje-ne-ulqin","status":"publish","type":"post","link":"https:\/\/www.visit-ulcinj.com\/blog\/2016\/07\/21\/vendimi-qeverise-per-legalizimet-e-ndertimeve-pa-leje-ne-ulqin\/","title":{"rendered":"Vendimi i qeveris\u00eb p\u00ebr legalizimet e nd\u00ebrtimeve pa lej\u00eb n\u00eb Ulqin"},"content":{"rendered":"<p><a href=\"http:\/\/www.visit-ulcinj.com\/blog\/wp-content\/uploads\/2016\/07\/ulcinj.jpg\"><img loading=\"lazy\" class=\"alignleft wp-image-98508\" src=\"http:\/\/www.visit-ulcinj.com\/blog\/wp-content\/uploads\/2016\/07\/ulcinj.jpg\" alt=\"ulcinj\" width=\"508\" height=\"250\" srcset=\"https:\/\/www.visit-ulcinj.com\/blog\/wp-content\/uploads\/2016\/07\/ulcinj.jpg 690w, https:\/\/www.visit-ulcinj.com\/blog\/wp-content\/uploads\/2016\/07\/ulcinj-300x148.jpg 300w\" sizes=\"(max-width: 508px) 100vw, 508px\" \/><\/a>Qeveria malazeze ka p\u00ebrgatitur dhe d\u00ebrguar n\u00eb procedur\u00ebn kuvendore Planin e aksionit p\u00ebr shnd\u00ebrrimin e vendbanimeve joformale n\u00eb formale, raporton portali Ul.info.<\/p>\n<p>N\u00eb Qeveri mendojn\u00eb se p\u00ebrve\u00e7 dobis\u00eb p\u00ebr qytetar\u00eb, t\u00eb cil\u00ebt do b\u00ebjn\u00eb investimin e vet legal dhe n\u00eb k\u00ebt\u00eb m\u00ebnyr\u00eb do ta rrisin vler\u00ebn e tij n\u00eb tret\u00eb, administratat lokale do t\u00eb mbledhin t\u00eb ardhura t\u00eb konsiderueshme nga pagesa e kompensimeve komunale p\u00ebr rregullimin e tok\u00ebs nd\u00ebrtimore.<\/p>\n<p>Vet\u00ebm n\u00eb territorin e komun\u00ebs s\u00eb Ulqinit n\u00eb fund t\u00eb vitit t\u00eb kaluar jan\u00eb regjistruar af\u00ebr pes\u00eb mij\u00eb objekte t\u00eb \u201eegra\u201c (4.968).<\/p>\n","protected":false},"excerpt":{"rendered":"<p>Qeveria malazeze ka p\u00ebrgatitur dhe d\u00ebrguar n\u00eb procedur\u00ebn kuvendore Planin e aksionit p\u00ebr shnd\u00ebrrimin e vendbanimeve joformale n\u00eb formale, raporton portali Ul.info. N\u00eb Qeveri mendojn\u00eb se p\u00ebrve\u00e7 dobis\u00eb p\u00ebr qytetar\u00eb, t\u00eb cil\u00ebt do b\u00ebjn\u00eb investimin e vet legal dhe n\u00eb k\u00ebt\u00eb m\u00ebnyr\u00eb do ta rrisin vler\u00ebn e tij n\u00eb tret\u00eb, administratat lokale do t\u00eb mbledhin [&hellip;]<\/p>\n","protected":false},"author":1,"featured_media":0,"comment_status":"closed","ping_status":"closed","sticky":false,"template":"","format":"standard","meta":{"spay_email":"","jetpack_publicize_message":"","jetpack_is_tweetstorm":false,"jetpack_publicize_feature_enabled":true},"categories":[14,12],"tags":[],"jetpack_publicize_connections":[],"yoast_head":"<!-- This site is optimized with the Yoast SEO plugin v19.1 - https:\/\/yoast.com\/wordpress\/plugins\/seo\/ -->\n<title>Vendimi i qeveris\u00eb p\u00ebr legalizimet e nd\u00ebrtimeve pa lej\u00eb n\u00eb Ulqin - Lajme nga Ulqini<\/title>\n<meta name=\"description\" content=\"Qeveria malazeze ka p\u00ebrgatitur dhe d\u00ebrguar n\u00eb procedur\u00ebn kuvendore Planin e aksionit p\u00ebr shnd\u00ebrrimin e vendbanimeve joformale n\u00eb formale, raporton portali\" \/>\n<meta name=\"robots\" content=\"index, follow, max-snippet:-1, max-image-preview:large, max-video-preview:-1\" \/>\n<link rel=\"canonical\" href=\"https:\/\/www.visit-ulcinj.com\/blog\/2016\/07\/21\/vendimi-qeverise-per-legalizimet-e-ndertimeve-pa-leje-ne-ulqin\/\" \/>\n<meta property=\"og:locale\" content=\"en_US\" \/>\n<meta property=\"og:type\" content=\"article\" \/>\n<meta property=\"og:title\" content=\"Vendimi i qeveris\u00eb p\u00ebr legalizimet e nd\u00ebrtimeve pa lej\u00eb n\u00eb Ulqin - Lajme nga Ulqini\" \/>\n<meta property=\"og:description\" content=\"Qeveria malazeze ka p\u00ebrgatitur dhe d\u00ebrguar n\u00eb procedur\u00ebn kuvendore Planin e aksionit p\u00ebr shnd\u00ebrrimin e vendbanimeve joformale n\u00eb formale, raporton portali\" \/>\n<meta property=\"og:url\" content=\"https:\/\/www.visit-ulcinj.com\/blog\/2016\/07\/21\/vendimi-qeverise-per-legalizimet-e-ndertimeve-pa-leje-ne-ulqin\/\" \/>\n<meta property=\"og:site_name\" content=\"Lajme nga Ulqini\" \/>\n<meta property=\"article:published_time\" content=\"2016-07-21T11:33:01+00:00\" \/>\n<meta property=\"article:modified_time\" content=\"2016-07-21T13:15:34+00:00\" \/>\n<meta property=\"og:image\" content=\"http:\/\/www.visit-ulcinj.com\/blog\/wp-content\/uploads\/2016\/07\/ulcinj.jpg\" \/>\n<meta name=\"twitter:label1\" content=\"Written by\" \/>\n\t<meta name=\"twitter:data1\" content=\"ulqini\" \/>\n\t<meta name=\"twitter:label2\" content=\"Est. reading time\" \/>\n\t<meta name=\"twitter:data2\" content=\"1 minute\" \/>\n<script type=\"application\/ld+json\" class=\"yoast-schema-graph\">{\"@context\":\"https:\/\/schema.org\",\"@graph\":[{\"@type\":\"WebSite\",\"@id\":\"https:\/\/www.visit-ulcinj.com\/blog\/#website\",\"url\":\"https:\/\/www.visit-ulcinj.com\/blog\/\",\"name\":\"Lajme nga Ulqini\",\"description\":\"Lajme,Vijesti,Ulqini,Ulqin,Crna Gora,Mali i Zi\",\"potentialAction\":[{\"@type\":\"SearchAction\",\"target\":{\"@type\":\"EntryPoint\",\"urlTemplate\":\"https:\/\/www.visit-ulcinj.com\/blog\/?s={search_term_string}\"},\"query-input\":\"required name=search_term_string\"}],\"inLanguage\":\"en-US\"},{\"@type\":\"ImageObject\",\"inLanguage\":\"en-US\",\"@id\":\"https:\/\/www.visit-ulcinj.com\/blog\/2016\/07\/21\/vendimi-qeverise-per-legalizimet-e-ndertimeve-pa-leje-ne-ulqin\/#primaryimage\",\"url\":\"https:\/\/www.visit-ulcinj.com\/blog\/wp-content\/uploads\/2016\/07\/ulcinj.jpg\",\"contentUrl\":\"https:\/\/www.visit-ulcinj.com\/blog\/wp-content\/uploads\/2016\/07\/ulcinj.jpg\",\"width\":690,\"height\":340},{\"@type\":\"WebPage\",\"@id\":\"https:\/\/www.visit-ulcinj.com\/blog\/2016\/07\/21\/vendimi-qeverise-per-legalizimet-e-ndertimeve-pa-leje-ne-ulqin\/#webpage\",\"url\":\"https:\/\/www.visit-ulcinj.com\/blog\/2016\/07\/21\/vendimi-qeverise-per-legalizimet-e-ndertimeve-pa-leje-ne-ulqin\/\",\"name\":\"Vendimi i qeveris\u00eb p\u00ebr legalizimet e nd\u00ebrtimeve pa lej\u00eb n\u00eb Ulqin - Lajme nga Ulqini\",\"isPartOf\":{\"@id\":\"https:\/\/www.visit-ulcinj.com\/blog\/#website\"},\"primaryImageOfPage\":{\"@id\":\"https:\/\/www.visit-ulcinj.com\/blog\/2016\/07\/21\/vendimi-qeverise-per-legalizimet-e-ndertimeve-pa-leje-ne-ulqin\/#primaryimage\"},\"datePublished\":\"2016-07-21T11:33:01+00:00\",\"dateModified\":\"2016-07-21T13:15:34+00:00\",\"author\":{\"@id\":\"https:\/\/www.visit-ulcinj.com\/blog\/#\/schema\/person\/dcab619c614d3038751c63bc2aadc06d\"},\"description\":\"Qeveria malazeze ka p\u00ebrgatitur dhe d\u00ebrguar n\u00eb procedur\u00ebn kuvendore Planin e aksionit p\u00ebr shnd\u00ebrrimin e vendbanimeve joformale n\u00eb formale, raporton portali\",\"breadcrumb\":{\"@id\":\"https:\/\/www.visit-ulcinj.com\/blog\/2016\/07\/21\/vendimi-qeverise-per-legalizimet-e-ndertimeve-pa-leje-ne-ulqin\/#breadcrumb\"},\"inLanguage\":\"en-US\",\"potentialAction\":[{\"@type\":\"ReadAction\",\"target\":[\"https:\/\/www.visit-ulcinj.com\/blog\/2016\/07\/21\/vendimi-qeverise-per-legalizimet-e-ndertimeve-pa-leje-ne-ulqin\/\"]}]},{\"@type\":\"BreadcrumbList\",\"@id\":\"https:\/\/www.visit-ulcinj.com\/blog\/2016\/07\/21\/vendimi-qeverise-per-legalizimet-e-ndertimeve-pa-leje-ne-ulqin\/#breadcrumb\",\"itemListElement\":[{\"@type\":\"ListItem\",\"position\":1,\"name\":\"Vendimi i qeveris\u00eb p\u00ebr legalizimet e nd\u00ebrtimeve pa lej\u00eb n\u00eb Ulqin\"}]},{\"@type\":\"Person\",\"@id\":\"https:\/\/www.visit-ulcinj.com\/blog\/#\/schema\/person\/dcab619c614d3038751c63bc2aadc06d\",\"name\":\"ulqini\",\"sameAs\":[\"http:\/\/www.visit-ulcinj.com\"],\"url\":\"https:\/\/www.visit-ulcinj.com\/blog\/author\/admin\/\"}]}<\/script>\n<!-- \/ Yoast SEO plugin. -->","yoast_head_json":{"title":"Vendimi i qeveris\u00eb p\u00ebr legalizimet e nd\u00ebrtimeve pa lej\u00eb n\u00eb Ulqin - Lajme nga Ulqini","description":"Qeveria malazeze ka p\u00ebrgatitur dhe d\u00ebrguar n\u00eb procedur\u00ebn kuvendore Planin e aksionit p\u00ebr shnd\u00ebrrimin e vendbanimeve joformale n\u00eb formale, raporton portali","robots":{"index":"index","follow":"follow","max-snippet":"max-snippet:-1","max-image-preview":"max-image-preview:large","max-video-preview":"max-video-preview:-1"},"canonical":"https:\/\/www.visit-ulcinj.com\/blog\/2016\/07\/21\/vendimi-qeverise-per-legalizimet-e-ndertimeve-pa-leje-ne-ulqin\/","og_locale":"en_US","og_type":"article","og_title":"Vendimi i qeveris\u00eb p\u00ebr legalizimet e nd\u00ebrtimeve pa lej\u00eb n\u00eb Ulqin - Lajme nga Ulqini","og_description":"Qeveria malazeze ka p\u00ebrgatitur dhe d\u00ebrguar n\u00eb procedur\u00ebn kuvendore Planin e aksionit p\u00ebr shnd\u00ebrrimin e vendbanimeve joformale n\u00eb formale, raporton portali","og_url":"https:\/\/www.visit-ulcinj.com\/blog\/2016\/07\/21\/vendimi-qeverise-per-legalizimet-e-ndertimeve-pa-leje-ne-ulqin\/","og_site_name":"Lajme nga Ulqini","article_published_time":"2016-07-21T11:33:01+00:00","article_modified_time":"2016-07-21T13:15:34+00:00","og_image":[{"url":"http:\/\/www.visit-ulcinj.com\/blog\/wp-content\/uploads\/2016\/07\/ulcinj.jpg"}],"twitter_misc":{"Written by":"ulqini","Est. reading time":"1 minute"},"schema":{"@context":"https:\/\/schema.org","@graph":[{"@type":"WebSite","@id":"https:\/\/www.visit-ulcinj.com\/blog\/#website","url":"https:\/\/www.visit-ulcinj.com\/blog\/","name":"Lajme nga Ulqini","description":"Lajme,Vijesti,Ulqini,Ulqin,Crna Gora,Mali i Zi","potentialAction":[{"@type":"SearchAction","target":{"@type":"EntryPoint","urlTemplate":"https:\/\/www.visit-ulcinj.com\/blog\/?s={search_term_string}"},"query-input":"required name=search_term_string"}],"inLanguage":"en-US"},{"@type":"ImageObject","inLanguage":"en-US","@id":"https:\/\/www.visit-ulcinj.com\/blog\/2016\/07\/21\/vendimi-qeverise-per-legalizimet-e-ndertimeve-pa-leje-ne-ulqin\/#primaryimage","url":"https:\/\/www.visit-ulcinj.com\/blog\/wp-content\/uploads\/2016\/07\/ulcinj.jpg","contentUrl":"https:\/\/www.visit-ulcinj.com\/blog\/wp-content\/uploads\/2016\/07\/ulcinj.jpg","width":690,"height":340},{"@type":"WebPage","@id":"https:\/\/www.visit-ulcinj.com\/blog\/2016\/07\/21\/vendimi-qeverise-per-legalizimet-e-ndertimeve-pa-leje-ne-ulqin\/#webpage","url":"https:\/\/www.visit-ulcinj.com\/blog\/2016\/07\/21\/vendimi-qeverise-per-legalizimet-e-ndertimeve-pa-leje-ne-ulqin\/","name":"Vendimi i qeveris\u00eb p\u00ebr legalizimet e nd\u00ebrtimeve pa lej\u00eb n\u00eb Ulqin - Lajme nga Ulqini","isPartOf":{"@id":"https:\/\/www.visit-ulcinj.com\/blog\/#website"},"primaryImageOfPage":{"@id":"https:\/\/www.visit-ulcinj.com\/blog\/2016\/07\/21\/vendimi-qeverise-per-legalizimet-e-ndertimeve-pa-leje-ne-ulqin\/#primaryimage"},"datePublished":"2016-07-21T11:33:01+00:00","dateModified":"2016-07-21T13:15:34+00:00","author":{"@id":"https:\/\/www.visit-ulcinj.com\/blog\/#\/schema\/person\/dcab619c614d3038751c63bc2aadc06d"},"description":"Qeveria malazeze ka p\u00ebrgatitur dhe d\u00ebrguar n\u00eb procedur\u00ebn kuvendore Planin e aksionit p\u00ebr shnd\u00ebrrimin e vendbanimeve joformale n\u00eb formale, raporton portali","breadcrumb":{"@id":"https:\/\/www.visit-ulcinj.com\/blog\/2016\/07\/21\/vendimi-qeverise-per-legalizimet-e-ndertimeve-pa-leje-ne-ulqin\/#breadcrumb"},"inLanguage":"en-US","potentialAction":[{"@type":"ReadAction","target":["https:\/\/www.visit-ulcinj.com\/blog\/2016\/07\/21\/vendimi-qeverise-per-legalizimet-e-ndertimeve-pa-leje-ne-ulqin\/"]}]},{"@type":"BreadcrumbList","@id":"https:\/\/www.visit-ulcinj.com\/blog\/2016\/07\/21\/vendimi-qeverise-per-legalizimet-e-ndertimeve-pa-leje-ne-ulqin\/#breadcrumb","itemListElement":[{"@type":"ListItem","position":1,"name":"Vendimi i qeveris\u00eb p\u00ebr legalizimet e nd\u00ebrtimeve pa lej\u00eb n\u00eb Ulqin"}]},{"@type":"Person","@id":"https:\/\/www.visit-ulcinj.com\/blog\/#\/schema\/person\/dcab619c614d3038751c63bc2aadc06d","name":"ulqini","sameAs":["http:\/\/www.visit-ulcinj.com"],"url":"https:\/\/www.visit-ulcinj.com\/blog\/author\/admin\/"}]}},"jetpack_featured_media_url":"","jetpack_sharing_enabled":true,"jetpack_shortlink":"https:\/\/wp.me\/pe6lTn-pCP","_links":{"self":[{"href":"https:\/\/www.visit-ulcinj.com\/blog\/wp-json\/wp\/v2\/posts\/98507"}],"collection":[{"href":"https:\/\/www.visit-ulcinj.com\/blog\/wp-json\/wp\/v2\/posts"}],"about":[{"href":"https:\/\/www.visit-ulcinj.com\/blog\/wp-json\/wp\/v2\/types\/post"}],"author":[{"embeddable":true,"href":"https:\/\/www.visit-ulcinj.com\/blog\/wp-json\/wp\/v2\/users\/1"}],"replies":[{"embeddable":true,"href":"https:\/\/www.visit-ulcinj.com\/blog\/wp-json\/wp\/v2\/comments?post=98507"}],"version-history":[{"count":1,"href":"https:\/\/www.visit-ulcinj.com\/blog\/wp-json\/wp\/v2\/posts\/98507\/revisions"}],"predecessor-version":[{"id":98509,"href":"https:\/\/www.visit-ulcinj.com\/blog\/wp-json\/wp\/v2\/posts\/98507\/revisions\/98509"}],"wp:attachment":[{"href":"https:\/\/www.visit-ulcinj.com\/blog\/wp-json\/wp\/v2\/media?parent=98507"}],"wp:term":[{"taxonomy":"category","embeddable":true,"href":"https:\/\/www.visit-ulcinj.com\/blog\/wp-json\/wp\/v2\/categories?post=98507"},{"taxonomy":"post_tag","embeddable":true,"href":"https:\/\/www.visit-ulcinj.com\/blog\/wp-json\/wp\/v2\/tags?post=98507"}],"curies":[{"name":"wp","href":"https:\/\/api.w.org\/{rel}","templated":true}]}}