{"id":98510,"date":"2016-07-21T13:00:47","date_gmt":"2016-07-21T12:00:47","guid":{"rendered":"http:\/\/www.visit-ulcinj.com\/blog\/?p=98510"},"modified":"2016-07-24T11:18:41","modified_gmt":"2016-07-24T10:18:41","slug":"i-karamanaga-kritikon-zgjedhjet-ne-keshillin-ekzekutiv-te-organizates-turistike","status":"publish","type":"post","link":"https:\/\/www.visit-ulcinj.com\/blog\/2016\/07\/21\/i-karamanaga-kritikon-zgjedhjet-ne-keshillin-ekzekutiv-te-organizates-turistike\/","title":{"rendered":"I. Karamanaga kritikon zgjedhjet n\u00eb K\u00ebshillin ekzekutiv t\u00eb Organizat\u00ebs turistike"},"content":{"rendered":"<p><strong><a href=\"http:\/\/www.visit-ulcinj.com\/blog\/wp-content\/uploads\/2009\/06\/ismet-karamanaga.jpg\"><img loading=\"lazy\" class=\"alignleft wp-image-22640\" src=\"http:\/\/www.visit-ulcinj.com\/blog\/wp-content\/uploads\/2009\/06\/ismet-karamanaga.jpg\" alt=\"ismet-karamanaga\" width=\"508\" height=\"259\" srcset=\"https:\/\/www.visit-ulcinj.com\/blog\/wp-content\/uploads\/2009\/06\/ismet-karamanaga.jpg 692w, https:\/\/www.visit-ulcinj.com\/blog\/wp-content\/uploads\/2009\/06\/ismet-karamanaga-300x153.jpg 300w\" sizes=\"(max-width: 508px) 100vw, 508px\" \/><\/a>Ismet Karamanaga kritikon zgjedhjet e djeshme t\u00eb kuadrove n\u00eb K\u00ebshillin ekzekutiv t\u00eb Organizat\u00ebs turistike<\/strong><\/p>\n<p>Koalicioni ne Ulqin \u00a0po vazhdon t\u2019i politizoj\u00eb edhe m\u00eb tej thuajse t\u00eb gjitha bordet e nd\u00ebrmarrjeve publike, por edhe institucioneve t\u00eb pavarura n\u00eb vend, me militant\u00eb t\u00eb partive n\u00eb pushtet shkruan Ismet Karamanaga n\u00eb rjetin social t\u00eb Facebookut.<\/p>\n<p>Guidi turistik dhe kryetari i Shoqat\u00ebs \u201eKalaja\u201c Ismet Karamanaga ka kritikuar zgjedhjen e kuadrove n\u00eb K\u00ebshillin ekzekutiv t\u00eb Organizat\u00ebs turistike (OT) Ulqin q\u00eb \u00ebsht\u00eb b\u00ebr\u00eb dje n\u00eb Kuvendin e OT-s\u00eb.<\/p>\n<p>Duke ditur rregullatoren e ligjit mbi turiz\u00ebn n\u00eb bot\u00ebn mbar\u00eb ligji k\u00ebrkon njer\u00ebz me integritet dhe kompetenc\u00eb n\u00eb pun\u00ebn e tyre, njer\u00ebz profesionist\u00eb dhe t\u00eb pap\u00ebrfshir\u00eb politikisht.<\/p>\n<p>\u201eIshte nj\u00eb mbledhje e cila t\u00eb p\u00ebrkujton n\u00eb koh\u00ebn e komunizmit, me nj\u00eb p\u00ebrjashtim, se komunist\u00ebt kan\u00eb zgjedhur njer\u00ebzit q\u00eb pak e shum\u00eb e kan\u00eb njohur turizmin, kurse k\u00ebto sot nuk jam fare i sigurt se e njohin turizmin.T\u00eb gjith\u00eb vet\u00ebm sa jan\u00eb p\u00ebrfaq\u00ebsues t\u00eb partive politike. Fakti se n\u00eb \u00e7\u00eb gjendje \u00ebsht\u00eb turizmi te ne sot, e deshmon k\u00ebt\u00eb\u201c, shkruan Ismet Karamanaga n\u00eb profilin e tij t\u00eb rjetit social t\u00eb Facebookut.<\/p>\n<p id=\"js_4y\" class=\"_5pbw\" data-ft=\"{&quot;tn&quot;:&quot;C&quot;}\"><strong><span class=\"fwn fcg\"><span class=\"fwb fcg\" data-ft=\"{&quot;tn&quot;:&quot;;&quot;}\"><a id=\"js_57\" href=\"https:\/\/www.facebook.com\/ismet.karamanaga?fref=nf\" data-hovercard=\"\/ajax\/hovercard\/user.php?id=1359492972&amp;extragetparams=%7B%22fref%22%3A%22nf%22%7D\">Ismet Karamanaga Facebook<\/a><\/span><\/span><\/strong><\/p>\n<p><iframe loading=\"lazy\" frameborder=\"0\" width=\"508\" height=\"330\" src=\"\/\/www.dailymotion.com\/embed\/video\/x4leu51?autoPlay=1\" allowfullscreen><\/iframe><\/p>\n","protected":false},"excerpt":{"rendered":"<p>Ismet Karamanaga kritikon zgjedhjet e djeshme t\u00eb kuadrove n\u00eb K\u00ebshillin ekzekutiv t\u00eb Organizat\u00ebs turistike Koalicioni ne Ulqin \u00a0po vazhdon t\u2019i politizoj\u00eb edhe m\u00eb tej thuajse t\u00eb gjitha bordet e nd\u00ebrmarrjeve publike, por edhe institucioneve t\u00eb pavarura n\u00eb vend, me militant\u00eb t\u00eb partive n\u00eb pushtet shkruan Ismet Karamanaga n\u00eb rjetin social t\u00eb Facebookut. Guidi turistik dhe [&hellip;]<\/p>\n","protected":false},"author":1,"featured_media":0,"comment_status":"closed","ping_status":"closed","sticky":false,"template":"","format":"standard","meta":{"spay_email":"","jetpack_publicize_message":"","jetpack_is_tweetstorm":false,"jetpack_publicize_feature_enabled":true},"categories":[1,15],"tags":[],"jetpack_publicize_connections":[],"yoast_head":"<!-- This site is optimized with the Yoast SEO plugin v19.1 - https:\/\/yoast.com\/wordpress\/plugins\/seo\/ -->\n<title>I. Karamanaga kritikon zgjedhjet n\u00eb K\u00ebshillin ekzekutiv t\u00eb Organizat\u00ebs turistike - Lajme nga Ulqini<\/title>\n<meta name=\"description\" content=\"Ismet Karamanaga kritikon zgjedhjet e djeshme t\u00eb kuadrove n\u00eb K\u00ebshillin ekzekutiv t\u00eb Organizat\u00ebs turistike Koalicioni ne Ulqin \u00a0po vazhdon t\u2019i politizoj\u00eb\" \/>\n<meta name=\"robots\" content=\"index, follow, max-snippet:-1, max-image-preview:large, max-video-preview:-1\" \/>\n<link rel=\"canonical\" href=\"https:\/\/www.visit-ulcinj.com\/blog\/2016\/07\/21\/i-karamanaga-kritikon-zgjedhjet-ne-keshillin-ekzekutiv-te-organizates-turistike\/\" \/>\n<meta property=\"og:locale\" content=\"en_US\" \/>\n<meta property=\"og:type\" content=\"article\" \/>\n<meta property=\"og:title\" content=\"I. Karamanaga kritikon zgjedhjet n\u00eb K\u00ebshillin ekzekutiv t\u00eb Organizat\u00ebs turistike - Lajme nga Ulqini\" \/>\n<meta property=\"og:description\" content=\"Ismet Karamanaga kritikon zgjedhjet e djeshme t\u00eb kuadrove n\u00eb K\u00ebshillin ekzekutiv t\u00eb Organizat\u00ebs turistike Koalicioni ne Ulqin \u00a0po vazhdon t\u2019i politizoj\u00eb\" \/>\n<meta property=\"og:url\" content=\"https:\/\/www.visit-ulcinj.com\/blog\/2016\/07\/21\/i-karamanaga-kritikon-zgjedhjet-ne-keshillin-ekzekutiv-te-organizates-turistike\/\" \/>\n<meta property=\"og:site_name\" content=\"Lajme nga Ulqini\" \/>\n<meta property=\"article:published_time\" content=\"2016-07-21T12:00:47+00:00\" \/>\n<meta property=\"article:modified_time\" content=\"2016-07-24T10:18:41+00:00\" \/>\n<meta property=\"og:image\" content=\"http:\/\/www.visit-ulcinj.com\/blog\/wp-content\/uploads\/2009\/06\/ismet-karamanaga.jpg\" \/>\n<meta name=\"twitter:label1\" content=\"Written by\" \/>\n\t<meta name=\"twitter:data1\" content=\"ulqini\" \/>\n\t<meta name=\"twitter:label2\" content=\"Est. reading time\" \/>\n\t<meta name=\"twitter:data2\" content=\"1 minute\" \/>\n<script type=\"application\/ld+json\" class=\"yoast-schema-graph\">{\"@context\":\"https:\/\/schema.org\",\"@graph\":[{\"@type\":\"WebSite\",\"@id\":\"https:\/\/www.visit-ulcinj.com\/blog\/#website\",\"url\":\"https:\/\/www.visit-ulcinj.com\/blog\/\",\"name\":\"Lajme nga Ulqini\",\"description\":\"Lajme,Vijesti,Ulqini,Ulqin,Crna Gora,Mali i Zi\",\"potentialAction\":[{\"@type\":\"SearchAction\",\"target\":{\"@type\":\"EntryPoint\",\"urlTemplate\":\"https:\/\/www.visit-ulcinj.com\/blog\/?s={search_term_string}\"},\"query-input\":\"required name=search_term_string\"}],\"inLanguage\":\"en-US\"},{\"@type\":\"ImageObject\",\"inLanguage\":\"en-US\",\"@id\":\"https:\/\/www.visit-ulcinj.com\/blog\/2016\/07\/21\/i-karamanaga-kritikon-zgjedhjet-ne-keshillin-ekzekutiv-te-organizates-turistike\/#primaryimage\",\"url\":\"https:\/\/www.visit-ulcinj.com\/blog\/wp-content\/uploads\/2009\/06\/ismet-karamanaga.jpg\",\"contentUrl\":\"https:\/\/www.visit-ulcinj.com\/blog\/wp-content\/uploads\/2009\/06\/ismet-karamanaga.jpg\",\"width\":\"692\",\"height\":\"353\"},{\"@type\":\"WebPage\",\"@id\":\"https:\/\/www.visit-ulcinj.com\/blog\/2016\/07\/21\/i-karamanaga-kritikon-zgjedhjet-ne-keshillin-ekzekutiv-te-organizates-turistike\/#webpage\",\"url\":\"https:\/\/www.visit-ulcinj.com\/blog\/2016\/07\/21\/i-karamanaga-kritikon-zgjedhjet-ne-keshillin-ekzekutiv-te-organizates-turistike\/\",\"name\":\"I. Karamanaga kritikon zgjedhjet n\u00eb K\u00ebshillin ekzekutiv t\u00eb Organizat\u00ebs turistike - Lajme nga Ulqini\",\"isPartOf\":{\"@id\":\"https:\/\/www.visit-ulcinj.com\/blog\/#website\"},\"primaryImageOfPage\":{\"@id\":\"https:\/\/www.visit-ulcinj.com\/blog\/2016\/07\/21\/i-karamanaga-kritikon-zgjedhjet-ne-keshillin-ekzekutiv-te-organizates-turistike\/#primaryimage\"},\"datePublished\":\"2016-07-21T12:00:47+00:00\",\"dateModified\":\"2016-07-24T10:18:41+00:00\",\"author\":{\"@id\":\"https:\/\/www.visit-ulcinj.com\/blog\/#\/schema\/person\/dcab619c614d3038751c63bc2aadc06d\"},\"description\":\"Ismet Karamanaga kritikon zgjedhjet e djeshme t\u00eb kuadrove n\u00eb K\u00ebshillin ekzekutiv t\u00eb Organizat\u00ebs turistike Koalicioni ne Ulqin \u00a0po vazhdon t\u2019i politizoj\u00eb\",\"breadcrumb\":{\"@id\":\"https:\/\/www.visit-ulcinj.com\/blog\/2016\/07\/21\/i-karamanaga-kritikon-zgjedhjet-ne-keshillin-ekzekutiv-te-organizates-turistike\/#breadcrumb\"},\"inLanguage\":\"en-US\",\"potentialAction\":[{\"@type\":\"ReadAction\",\"target\":[\"https:\/\/www.visit-ulcinj.com\/blog\/2016\/07\/21\/i-karamanaga-kritikon-zgjedhjet-ne-keshillin-ekzekutiv-te-organizates-turistike\/\"]}]},{\"@type\":\"BreadcrumbList\",\"@id\":\"https:\/\/www.visit-ulcinj.com\/blog\/2016\/07\/21\/i-karamanaga-kritikon-zgjedhjet-ne-keshillin-ekzekutiv-te-organizates-turistike\/#breadcrumb\",\"itemListElement\":[{\"@type\":\"ListItem\",\"position\":1,\"name\":\"I. Karamanaga kritikon zgjedhjet n\u00eb K\u00ebshillin ekzekutiv t\u00eb Organizat\u00ebs turistike\"}]},{\"@type\":\"Person\",\"@id\":\"https:\/\/www.visit-ulcinj.com\/blog\/#\/schema\/person\/dcab619c614d3038751c63bc2aadc06d\",\"name\":\"ulqini\",\"sameAs\":[\"http:\/\/www.visit-ulcinj.com\"],\"url\":\"https:\/\/www.visit-ulcinj.com\/blog\/author\/admin\/\"}]}<\/script>\n<!-- \/ Yoast SEO plugin. -->","yoast_head_json":{"title":"I. Karamanaga kritikon zgjedhjet n\u00eb K\u00ebshillin ekzekutiv t\u00eb Organizat\u00ebs turistike - Lajme nga Ulqini","description":"Ismet Karamanaga kritikon zgjedhjet e djeshme t\u00eb kuadrove n\u00eb K\u00ebshillin ekzekutiv t\u00eb Organizat\u00ebs turistike Koalicioni ne Ulqin \u00a0po vazhdon t\u2019i politizoj\u00eb","robots":{"index":"index","follow":"follow","max-snippet":"max-snippet:-1","max-image-preview":"max-image-preview:large","max-video-preview":"max-video-preview:-1"},"canonical":"https:\/\/www.visit-ulcinj.com\/blog\/2016\/07\/21\/i-karamanaga-kritikon-zgjedhjet-ne-keshillin-ekzekutiv-te-organizates-turistike\/","og_locale":"en_US","og_type":"article","og_title":"I. Karamanaga kritikon zgjedhjet n\u00eb K\u00ebshillin ekzekutiv t\u00eb Organizat\u00ebs turistike - Lajme nga Ulqini","og_description":"Ismet Karamanaga kritikon zgjedhjet e djeshme t\u00eb kuadrove n\u00eb K\u00ebshillin ekzekutiv t\u00eb Organizat\u00ebs turistike Koalicioni ne Ulqin \u00a0po vazhdon t\u2019i politizoj\u00eb","og_url":"https:\/\/www.visit-ulcinj.com\/blog\/2016\/07\/21\/i-karamanaga-kritikon-zgjedhjet-ne-keshillin-ekzekutiv-te-organizates-turistike\/","og_site_name":"Lajme nga Ulqini","article_published_time":"2016-07-21T12:00:47+00:00","article_modified_time":"2016-07-24T10:18:41+00:00","og_image":[{"url":"http:\/\/www.visit-ulcinj.com\/blog\/wp-content\/uploads\/2009\/06\/ismet-karamanaga.jpg"}],"twitter_misc":{"Written by":"ulqini","Est. reading time":"1 minute"},"schema":{"@context":"https:\/\/schema.org","@graph":[{"@type":"WebSite","@id":"https:\/\/www.visit-ulcinj.com\/blog\/#website","url":"https:\/\/www.visit-ulcinj.com\/blog\/","name":"Lajme nga Ulqini","description":"Lajme,Vijesti,Ulqini,Ulqin,Crna Gora,Mali i Zi","potentialAction":[{"@type":"SearchAction","target":{"@type":"EntryPoint","urlTemplate":"https:\/\/www.visit-ulcinj.com\/blog\/?s={search_term_string}"},"query-input":"required name=search_term_string"}],"inLanguage":"en-US"},{"@type":"ImageObject","inLanguage":"en-US","@id":"https:\/\/www.visit-ulcinj.com\/blog\/2016\/07\/21\/i-karamanaga-kritikon-zgjedhjet-ne-keshillin-ekzekutiv-te-organizates-turistike\/#primaryimage","url":"https:\/\/www.visit-ulcinj.com\/blog\/wp-content\/uploads\/2009\/06\/ismet-karamanaga.jpg","contentUrl":"https:\/\/www.visit-ulcinj.com\/blog\/wp-content\/uploads\/2009\/06\/ismet-karamanaga.jpg","width":"692","height":"353"},{"@type":"WebPage","@id":"https:\/\/www.visit-ulcinj.com\/blog\/2016\/07\/21\/i-karamanaga-kritikon-zgjedhjet-ne-keshillin-ekzekutiv-te-organizates-turistike\/#webpage","url":"https:\/\/www.visit-ulcinj.com\/blog\/2016\/07\/21\/i-karamanaga-kritikon-zgjedhjet-ne-keshillin-ekzekutiv-te-organizates-turistike\/","name":"I. Karamanaga kritikon zgjedhjet n\u00eb K\u00ebshillin ekzekutiv t\u00eb Organizat\u00ebs turistike - Lajme nga Ulqini","isPartOf":{"@id":"https:\/\/www.visit-ulcinj.com\/blog\/#website"},"primaryImageOfPage":{"@id":"https:\/\/www.visit-ulcinj.com\/blog\/2016\/07\/21\/i-karamanaga-kritikon-zgjedhjet-ne-keshillin-ekzekutiv-te-organizates-turistike\/#primaryimage"},"datePublished":"2016-07-21T12:00:47+00:00","dateModified":"2016-07-24T10:18:41+00:00","author":{"@id":"https:\/\/www.visit-ulcinj.com\/blog\/#\/schema\/person\/dcab619c614d3038751c63bc2aadc06d"},"description":"Ismet Karamanaga kritikon zgjedhjet e djeshme t\u00eb kuadrove n\u00eb K\u00ebshillin ekzekutiv t\u00eb Organizat\u00ebs turistike Koalicioni ne Ulqin \u00a0po vazhdon t\u2019i politizoj\u00eb","breadcrumb":{"@id":"https:\/\/www.visit-ulcinj.com\/blog\/2016\/07\/21\/i-karamanaga-kritikon-zgjedhjet-ne-keshillin-ekzekutiv-te-organizates-turistike\/#breadcrumb"},"inLanguage":"en-US","potentialAction":[{"@type":"ReadAction","target":["https:\/\/www.visit-ulcinj.com\/blog\/2016\/07\/21\/i-karamanaga-kritikon-zgjedhjet-ne-keshillin-ekzekutiv-te-organizates-turistike\/"]}]},{"@type":"BreadcrumbList","@id":"https:\/\/www.visit-ulcinj.com\/blog\/2016\/07\/21\/i-karamanaga-kritikon-zgjedhjet-ne-keshillin-ekzekutiv-te-organizates-turistike\/#breadcrumb","itemListElement":[{"@type":"ListItem","position":1,"name":"I. Karamanaga kritikon zgjedhjet n\u00eb K\u00ebshillin ekzekutiv t\u00eb Organizat\u00ebs turistike"}]},{"@type":"Person","@id":"https:\/\/www.visit-ulcinj.com\/blog\/#\/schema\/person\/dcab619c614d3038751c63bc2aadc06d","name":"ulqini","sameAs":["http:\/\/www.visit-ulcinj.com"],"url":"https:\/\/www.visit-ulcinj.com\/blog\/author\/admin\/"}]}},"jetpack_featured_media_url":"","jetpack_sharing_enabled":true,"jetpack_shortlink":"https:\/\/wp.me\/pe6lTn-pCS","_links":{"self":[{"href":"https:\/\/www.visit-ulcinj.com\/blog\/wp-json\/wp\/v2\/posts\/98510"}],"collection":[{"href":"https:\/\/www.visit-ulcinj.com\/blog\/wp-json\/wp\/v2\/posts"}],"about":[{"href":"https:\/\/www.visit-ulcinj.com\/blog\/wp-json\/wp\/v2\/types\/post"}],"author":[{"embeddable":true,"href":"https:\/\/www.visit-ulcinj.com\/blog\/wp-json\/wp\/v2\/users\/1"}],"replies":[{"embeddable":true,"href":"https:\/\/www.visit-ulcinj.com\/blog\/wp-json\/wp\/v2\/comments?post=98510"}],"version-history":[{"count":2,"href":"https:\/\/www.visit-ulcinj.com\/blog\/wp-json\/wp\/v2\/posts\/98510\/revisions"}],"predecessor-version":[{"id":98634,"href":"https:\/\/www.visit-ulcinj.com\/blog\/wp-json\/wp\/v2\/posts\/98510\/revisions\/98634"}],"wp:attachment":[{"href":"https:\/\/www.visit-ulcinj.com\/blog\/wp-json\/wp\/v2\/media?parent=98510"}],"wp:term":[{"taxonomy":"category","embeddable":true,"href":"https:\/\/www.visit-ulcinj.com\/blog\/wp-json\/wp\/v2\/categories?post=98510"},{"taxonomy":"post_tag","embeddable":true,"href":"https:\/\/www.visit-ulcinj.com\/blog\/wp-json\/wp\/v2\/tags?post=98510"}],"curies":[{"name":"wp","href":"https:\/\/api.w.org\/{rel}","templated":true}]}}