{"id":98514,"date":"2016-07-21T13:58:19","date_gmt":"2016-07-21T12:58:19","guid":{"rendered":"http:\/\/www.visit-ulcinj.com\/blog\/?p=98514"},"modified":"2016-07-21T14:01:51","modified_gmt":"2016-07-21T13:01:51","slug":"in-memoriam-skender-kordiq","status":"publish","type":"post","link":"https:\/\/www.visit-ulcinj.com\/blog\/2016\/07\/21\/in-memoriam-skender-kordiq\/","title":{"rendered":"In Memoriam: Skender Kordiq"},"content":{"rendered":"<p><a href=\"http:\/\/www.visit-ulcinj.com\/blog\/wp-content\/uploads\/2016\/07\/SKENDER-KORDIQ-.jpg\"><img loading=\"lazy\" class=\"alignleft wp-image-98515\" src=\"http:\/\/www.visit-ulcinj.com\/blog\/wp-content\/uploads\/2016\/07\/SKENDER-KORDIQ-.jpg\" alt=\"SKENDER KORDIQ-\" width=\"508\" height=\"508\" \/><\/a>T\u00cb DASHUR MIQ, FAREFISNI, DASHAMIR, SHOK, SHOQE, N\u00cb MBAR\u00cb KOMUN\u00cbN E ULQINIT, ULQINAK&#8230; VLLAI JON\u00cb SKENDER KORDIQI (N\u00cb KANAD\u00cb-06:30), NDROJ JET\u00cb SOT N\u00cb ORA 12:30 ME KOH\u00cb EUROPIANE.<\/p>\n<p>RAHMET I PAST SHPIRTI E ISHALLA ALLAHU E PRANON N\u00cb KOPSHTIN E XHEHNETIT DHE E GJEN RAHATIN ESHPIRTIT.<br \/>\nVLLAI I MADH\u00cb AHMETI, MOTRAT: REBEKA, INDIRA DHE VERNESA ME FAMILJET E TYRE DHE BSHK\u00cbSHORTJA E TIJ\u00cb- MERI ME DJELM\u00cbT SANI DHE ADRIATIKU, NIPI I JON\u00cb XHEMIL KALZIQI-N\u00cb KANAD\u00cb, (DJALI I SUZAN\u00cbS) SI DHE SHUM\u00cb MIQ E DASHAMIR\u00cb N\u00cb KANADA IA KAN\u00cb LEHT\u00cbSU DHE ZBUKURU DIT\u00cbT EFUNDIT ME DASHURI DHE NGROHT\u00cbSI.<\/p>\n<p>POR EDHE UNE (NGA ZVIC\u00cbRA) ME MOTR\u00cbN TON\u00cb T\u00cb MADHE-SUZANA KALZIQI ME DJALIN MENSURIN&#8230; (N\u00cb ULQIN) E KEMI LEDHATU ME FJAL\u00cb DHE NDIENJA T\u00cb NGROHTA DHE NGA SHPIRTI.<\/p>\n<p>SELAM T\u00cb GJITH\u00cbVE E ALLAHU NA DHASHT SAB\u00cbR<\/p>\n<p>P\u00ebr Homazhe ju lutemi ta b\u00ebni n\u00eb faqen e Silver Korda Facebook<\/p>\n<p id=\"js_c7\" class=\"_5pbw\" data-ft=\"{&quot;tn&quot;:&quot;C&quot;}\"><strong><span class=\"fwn fcg\"><span class=\"fwb fcg\" data-ft=\"{&quot;tn&quot;:&quot;;&quot;}\"><a id=\"js_cg\" href=\"https:\/\/www.facebook.com\/profile.php?id=100002258040793&amp;fref=nf\" data-hovercard=\"\/ajax\/hovercard\/user.php?id=100002258040793&amp;extragetparams=%7B%22fref%22%3A%22nf%22%7D\">Silver Korda Facebook<\/a><\/span><\/span><\/strong><\/p>\n","protected":false},"excerpt":{"rendered":"<p>T\u00cb DASHUR MIQ, FAREFISNI, DASHAMIR, SHOK, SHOQE, N\u00cb MBAR\u00cb KOMUN\u00cbN E ULQINIT, ULQINAK&#8230; VLLAI JON\u00cb SKENDER KORDIQI (N\u00cb KANAD\u00cb-06:30), NDROJ JET\u00cb SOT N\u00cb ORA 12:30 ME KOH\u00cb EUROPIANE. RAHMET I PAST SHPIRTI E ISHALLA ALLAHU E PRANON N\u00cb KOPSHTIN E XHEHNETIT DHE E GJEN RAHATIN ESHPIRTIT. VLLAI I MADH\u00cb AHMETI, MOTRAT: REBEKA, INDIRA DHE VERNESA [&hellip;]<\/p>\n","protected":false},"author":1,"featured_media":0,"comment_status":"closed","ping_status":"closed","sticky":false,"template":"","format":"standard","meta":{"spay_email":"","jetpack_publicize_message":"","jetpack_is_tweetstorm":false,"jetpack_publicize_feature_enabled":true},"categories":[7],"tags":[],"jetpack_publicize_connections":[],"yoast_head":"<!-- This site is optimized with the Yoast SEO plugin v19.1 - https:\/\/yoast.com\/wordpress\/plugins\/seo\/ -->\n<title>In Memoriam: Skender Kordiq - Lajme nga Ulqini<\/title>\n<meta name=\"description\" content=\"T\u00cb DASHUR MIQ, FAREFISNI, DASHAMIR, SHOK, SHOQE, N\u00cb MBAR\u00cb KOMUN\u00cbN E ULQINIT, ULQINAK... VLLAI JON\u00cb SKENDER KORDIQI (N\u00cb KANAD\u00cb-06:30), NDROJ JET\u00cb SOT N\u00cb\" \/>\n<meta name=\"robots\" content=\"index, follow, max-snippet:-1, max-image-preview:large, max-video-preview:-1\" \/>\n<link rel=\"canonical\" href=\"https:\/\/www.visit-ulcinj.com\/blog\/2016\/07\/21\/in-memoriam-skender-kordiq\/\" \/>\n<meta property=\"og:locale\" content=\"en_US\" \/>\n<meta property=\"og:type\" content=\"article\" \/>\n<meta property=\"og:title\" content=\"In Memoriam: Skender Kordiq - Lajme nga Ulqini\" \/>\n<meta property=\"og:description\" content=\"T\u00cb DASHUR MIQ, FAREFISNI, DASHAMIR, SHOK, SHOQE, N\u00cb MBAR\u00cb KOMUN\u00cbN E ULQINIT, ULQINAK... VLLAI JON\u00cb SKENDER KORDIQI (N\u00cb KANAD\u00cb-06:30), NDROJ JET\u00cb SOT N\u00cb\" \/>\n<meta property=\"og:url\" content=\"https:\/\/www.visit-ulcinj.com\/blog\/2016\/07\/21\/in-memoriam-skender-kordiq\/\" \/>\n<meta property=\"og:site_name\" content=\"Lajme nga Ulqini\" \/>\n<meta property=\"article:published_time\" content=\"2016-07-21T12:58:19+00:00\" \/>\n<meta property=\"article:modified_time\" content=\"2016-07-21T13:01:51+00:00\" \/>\n<meta property=\"og:image\" content=\"http:\/\/www.visit-ulcinj.com\/blog\/wp-content\/uploads\/2016\/07\/SKENDER-KORDIQ-.jpg\" \/>\n<meta name=\"twitter:label1\" content=\"Written by\" \/>\n\t<meta name=\"twitter:data1\" content=\"ulqini\" \/>\n\t<meta name=\"twitter:label2\" content=\"Est. reading time\" \/>\n\t<meta name=\"twitter:data2\" content=\"1 minute\" \/>\n<script type=\"application\/ld+json\" class=\"yoast-schema-graph\">{\"@context\":\"https:\/\/schema.org\",\"@graph\":[{\"@type\":\"WebSite\",\"@id\":\"https:\/\/www.visit-ulcinj.com\/blog\/#website\",\"url\":\"https:\/\/www.visit-ulcinj.com\/blog\/\",\"name\":\"Lajme nga Ulqini\",\"description\":\"Lajme,Vijesti,Ulqini,Ulqin,Crna Gora,Mali i Zi\",\"potentialAction\":[{\"@type\":\"SearchAction\",\"target\":{\"@type\":\"EntryPoint\",\"urlTemplate\":\"https:\/\/www.visit-ulcinj.com\/blog\/?s={search_term_string}\"},\"query-input\":\"required name=search_term_string\"}],\"inLanguage\":\"en-US\"},{\"@type\":\"ImageObject\",\"inLanguage\":\"en-US\",\"@id\":\"https:\/\/www.visit-ulcinj.com\/blog\/2016\/07\/21\/in-memoriam-skender-kordiq\/#primaryimage\",\"url\":\"http:\/\/www.visit-ulcinj.com\/blog\/wp-content\/uploads\/2016\/07\/SKENDER-KORDIQ-.jpg\",\"contentUrl\":\"http:\/\/www.visit-ulcinj.com\/blog\/wp-content\/uploads\/2016\/07\/SKENDER-KORDIQ-.jpg\"},{\"@type\":\"WebPage\",\"@id\":\"https:\/\/www.visit-ulcinj.com\/blog\/2016\/07\/21\/in-memoriam-skender-kordiq\/#webpage\",\"url\":\"https:\/\/www.visit-ulcinj.com\/blog\/2016\/07\/21\/in-memoriam-skender-kordiq\/\",\"name\":\"In Memoriam: Skender Kordiq - Lajme nga Ulqini\",\"isPartOf\":{\"@id\":\"https:\/\/www.visit-ulcinj.com\/blog\/#website\"},\"primaryImageOfPage\":{\"@id\":\"https:\/\/www.visit-ulcinj.com\/blog\/2016\/07\/21\/in-memoriam-skender-kordiq\/#primaryimage\"},\"datePublished\":\"2016-07-21T12:58:19+00:00\",\"dateModified\":\"2016-07-21T13:01:51+00:00\",\"author\":{\"@id\":\"https:\/\/www.visit-ulcinj.com\/blog\/#\/schema\/person\/dcab619c614d3038751c63bc2aadc06d\"},\"description\":\"T\u00cb DASHUR MIQ, FAREFISNI, DASHAMIR, SHOK, SHOQE, N\u00cb MBAR\u00cb KOMUN\u00cbN E ULQINIT, ULQINAK... VLLAI JON\u00cb SKENDER KORDIQI (N\u00cb KANAD\u00cb-06:30), NDROJ JET\u00cb SOT N\u00cb\",\"breadcrumb\":{\"@id\":\"https:\/\/www.visit-ulcinj.com\/blog\/2016\/07\/21\/in-memoriam-skender-kordiq\/#breadcrumb\"},\"inLanguage\":\"en-US\",\"potentialAction\":[{\"@type\":\"ReadAction\",\"target\":[\"https:\/\/www.visit-ulcinj.com\/blog\/2016\/07\/21\/in-memoriam-skender-kordiq\/\"]}]},{\"@type\":\"BreadcrumbList\",\"@id\":\"https:\/\/www.visit-ulcinj.com\/blog\/2016\/07\/21\/in-memoriam-skender-kordiq\/#breadcrumb\",\"itemListElement\":[{\"@type\":\"ListItem\",\"position\":1,\"name\":\"In Memoriam: Skender Kordiq\"}]},{\"@type\":\"Person\",\"@id\":\"https:\/\/www.visit-ulcinj.com\/blog\/#\/schema\/person\/dcab619c614d3038751c63bc2aadc06d\",\"name\":\"ulqini\",\"sameAs\":[\"http:\/\/www.visit-ulcinj.com\"],\"url\":\"https:\/\/www.visit-ulcinj.com\/blog\/author\/admin\/\"}]}<\/script>\n<!-- \/ Yoast SEO plugin. -->","yoast_head_json":{"title":"In Memoriam: Skender Kordiq - Lajme nga Ulqini","description":"T\u00cb DASHUR MIQ, FAREFISNI, DASHAMIR, SHOK, SHOQE, N\u00cb MBAR\u00cb KOMUN\u00cbN E ULQINIT, ULQINAK... VLLAI JON\u00cb SKENDER KORDIQI (N\u00cb KANAD\u00cb-06:30), NDROJ JET\u00cb SOT N\u00cb","robots":{"index":"index","follow":"follow","max-snippet":"max-snippet:-1","max-image-preview":"max-image-preview:large","max-video-preview":"max-video-preview:-1"},"canonical":"https:\/\/www.visit-ulcinj.com\/blog\/2016\/07\/21\/in-memoriam-skender-kordiq\/","og_locale":"en_US","og_type":"article","og_title":"In Memoriam: Skender Kordiq - Lajme nga Ulqini","og_description":"T\u00cb DASHUR MIQ, FAREFISNI, DASHAMIR, SHOK, SHOQE, N\u00cb MBAR\u00cb KOMUN\u00cbN E ULQINIT, ULQINAK... VLLAI JON\u00cb SKENDER KORDIQI (N\u00cb KANAD\u00cb-06:30), NDROJ JET\u00cb SOT N\u00cb","og_url":"https:\/\/www.visit-ulcinj.com\/blog\/2016\/07\/21\/in-memoriam-skender-kordiq\/","og_site_name":"Lajme nga Ulqini","article_published_time":"2016-07-21T12:58:19+00:00","article_modified_time":"2016-07-21T13:01:51+00:00","og_image":[{"url":"http:\/\/www.visit-ulcinj.com\/blog\/wp-content\/uploads\/2016\/07\/SKENDER-KORDIQ-.jpg"}],"twitter_misc":{"Written by":"ulqini","Est. reading time":"1 minute"},"schema":{"@context":"https:\/\/schema.org","@graph":[{"@type":"WebSite","@id":"https:\/\/www.visit-ulcinj.com\/blog\/#website","url":"https:\/\/www.visit-ulcinj.com\/blog\/","name":"Lajme nga Ulqini","description":"Lajme,Vijesti,Ulqini,Ulqin,Crna Gora,Mali i Zi","potentialAction":[{"@type":"SearchAction","target":{"@type":"EntryPoint","urlTemplate":"https:\/\/www.visit-ulcinj.com\/blog\/?s={search_term_string}"},"query-input":"required name=search_term_string"}],"inLanguage":"en-US"},{"@type":"ImageObject","inLanguage":"en-US","@id":"https:\/\/www.visit-ulcinj.com\/blog\/2016\/07\/21\/in-memoriam-skender-kordiq\/#primaryimage","url":"http:\/\/www.visit-ulcinj.com\/blog\/wp-content\/uploads\/2016\/07\/SKENDER-KORDIQ-.jpg","contentUrl":"http:\/\/www.visit-ulcinj.com\/blog\/wp-content\/uploads\/2016\/07\/SKENDER-KORDIQ-.jpg"},{"@type":"WebPage","@id":"https:\/\/www.visit-ulcinj.com\/blog\/2016\/07\/21\/in-memoriam-skender-kordiq\/#webpage","url":"https:\/\/www.visit-ulcinj.com\/blog\/2016\/07\/21\/in-memoriam-skender-kordiq\/","name":"In Memoriam: Skender Kordiq - Lajme nga Ulqini","isPartOf":{"@id":"https:\/\/www.visit-ulcinj.com\/blog\/#website"},"primaryImageOfPage":{"@id":"https:\/\/www.visit-ulcinj.com\/blog\/2016\/07\/21\/in-memoriam-skender-kordiq\/#primaryimage"},"datePublished":"2016-07-21T12:58:19+00:00","dateModified":"2016-07-21T13:01:51+00:00","author":{"@id":"https:\/\/www.visit-ulcinj.com\/blog\/#\/schema\/person\/dcab619c614d3038751c63bc2aadc06d"},"description":"T\u00cb DASHUR MIQ, FAREFISNI, DASHAMIR, SHOK, SHOQE, N\u00cb MBAR\u00cb KOMUN\u00cbN E ULQINIT, ULQINAK... VLLAI JON\u00cb SKENDER KORDIQI (N\u00cb KANAD\u00cb-06:30), NDROJ JET\u00cb SOT N\u00cb","breadcrumb":{"@id":"https:\/\/www.visit-ulcinj.com\/blog\/2016\/07\/21\/in-memoriam-skender-kordiq\/#breadcrumb"},"inLanguage":"en-US","potentialAction":[{"@type":"ReadAction","target":["https:\/\/www.visit-ulcinj.com\/blog\/2016\/07\/21\/in-memoriam-skender-kordiq\/"]}]},{"@type":"BreadcrumbList","@id":"https:\/\/www.visit-ulcinj.com\/blog\/2016\/07\/21\/in-memoriam-skender-kordiq\/#breadcrumb","itemListElement":[{"@type":"ListItem","position":1,"name":"In Memoriam: Skender Kordiq"}]},{"@type":"Person","@id":"https:\/\/www.visit-ulcinj.com\/blog\/#\/schema\/person\/dcab619c614d3038751c63bc2aadc06d","name":"ulqini","sameAs":["http:\/\/www.visit-ulcinj.com"],"url":"https:\/\/www.visit-ulcinj.com\/blog\/author\/admin\/"}]}},"jetpack_featured_media_url":"","jetpack_sharing_enabled":true,"jetpack_shortlink":"https:\/\/wp.me\/pe6lTn-pCW","_links":{"self":[{"href":"https:\/\/www.visit-ulcinj.com\/blog\/wp-json\/wp\/v2\/posts\/98514"}],"collection":[{"href":"https:\/\/www.visit-ulcinj.com\/blog\/wp-json\/wp\/v2\/posts"}],"about":[{"href":"https:\/\/www.visit-ulcinj.com\/blog\/wp-json\/wp\/v2\/types\/post"}],"author":[{"embeddable":true,"href":"https:\/\/www.visit-ulcinj.com\/blog\/wp-json\/wp\/v2\/users\/1"}],"replies":[{"embeddable":true,"href":"https:\/\/www.visit-ulcinj.com\/blog\/wp-json\/wp\/v2\/comments?post=98514"}],"version-history":[{"count":2,"href":"https:\/\/www.visit-ulcinj.com\/blog\/wp-json\/wp\/v2\/posts\/98514\/revisions"}],"predecessor-version":[{"id":98517,"href":"https:\/\/www.visit-ulcinj.com\/blog\/wp-json\/wp\/v2\/posts\/98514\/revisions\/98517"}],"wp:attachment":[{"href":"https:\/\/www.visit-ulcinj.com\/blog\/wp-json\/wp\/v2\/media?parent=98514"}],"wp:term":[{"taxonomy":"category","embeddable":true,"href":"https:\/\/www.visit-ulcinj.com\/blog\/wp-json\/wp\/v2\/categories?post=98514"},{"taxonomy":"post_tag","embeddable":true,"href":"https:\/\/www.visit-ulcinj.com\/blog\/wp-json\/wp\/v2\/tags?post=98514"}],"curies":[{"name":"wp","href":"https:\/\/api.w.org\/{rel}","templated":true}]}}