{"id":98520,"date":"2016-07-21T14:14:54","date_gmt":"2016-07-21T13:14:54","guid":{"rendered":"http:\/\/www.visit-ulcinj.com\/blog\/?p=98520"},"modified":"2016-07-21T14:14:54","modified_gmt":"2016-07-21T13:14:54","slug":"draga-te-dhena-jo-te-sakta-per-shqiptaret-ne-boten-e-jashtme","status":"publish","type":"post","link":"https:\/\/www.visit-ulcinj.com\/blog\/2016\/07\/21\/draga-te-dhena-jo-te-sakta-per-shqiptaret-ne-boten-e-jashtme\/","title":{"rendered":"Draga: T\u00eb dh\u00ebna jo t\u00eb sakta p\u00ebr shqiptar\u00ebt n\u00eb bot\u00ebn e jashtme"},"content":{"rendered":"<p><strong><a href=\"http:\/\/www.visit-ulcinj.com\/blog\/wp-content\/uploads\/2009\/01\/nail-draga.jpg\"><img loading=\"lazy\" class=\"alignleft wp-image-9562 size-full\" src=\"http:\/\/www.visit-ulcinj.com\/blog\/wp-content\/uploads\/2009\/01\/nail-draga.jpg\" alt=\"nail-draga\" width=\"305\" height=\"368\" srcset=\"https:\/\/www.visit-ulcinj.com\/blog\/wp-content\/uploads\/2009\/01\/nail-draga.jpg 305w, https:\/\/www.visit-ulcinj.com\/blog\/wp-content\/uploads\/2009\/01\/nail-draga-248x300.jpg 248w\" sizes=\"(max-width: 305px) 100vw, 305px\" \/><\/a>Diskursi\u00a0 sociopolifik<\/strong><\/p>\n<p><strong>T\u00eb dh\u00ebna \u00a0jo t\u00eb sakta p\u00ebr shqiptar\u00ebt n\u00eb bot\u00ebn e jashtme<\/strong><\/p>\n<p><strong>Sipas nj\u00eb raporti\u00a0 t\u00eb publikuar\u00a0 koh\u00eb m\u00eb par\u00eb nga OKB, shqiptar\u00eb nga Shqip\u00ebria t\u00eb cil\u00ebt jetojn\u00eb jasht\u00eb vendit jan\u00eb 1.12 milion, duke mos cekur fare shqiptar\u00ebt nga hap\u00ebsira e tyre etno-gjeografike nga shteti i ish-Jugosllavis\u00eb, e dh\u00ebn\u00eb kjo e cila nuk prezanton gjendjen reale t\u00eb emigrimit t\u00eb shqiptar\u00ebve n\u00eb bot\u00ebn e jashtme.<\/strong><\/p>\n<p><strong>Nail\u00a0 Draga<\/strong><\/p>\n<p>Nder dilemat e periudh\u00ebs s\u00eb koh\u00ebs s\u00eb pluralizmit, paraqet edhe prezantimi i sakt\u00eb i numrit\u00a0 t\u00eb shqiptar\u00ebve\u00a0 n\u00eb bot\u00ebn e jashtme, q\u00eb njihet em\u00ebrtimin diaspor\u00eb, e cila p\u00ebr nga koha e emigrimit t\u00eb tyre ndahet n\u00eb diaspor\u00ebn e vjet\u00ebr\u00a0 dhe n\u00eb ate t\u00eb re. Fakti se nuk kemi t\u00eb dh\u00ebna t\u00eb sakta sidomos \u00a0n\u00eb lidhje\u00a0 me emigrimin e shqiptar\u00ebve nga hap\u00ebsira e tyre etno-gjeografike nga institucionet shtet\u00ebrore, krion hap\u00ebsir\u00eb p\u00ebr qasje jo profesionale e madje politizim t\u00eb skajsh\u00ebm t\u00eb k\u00ebsaj dukurie shqet\u00ebsuese komb\u00ebtare.<\/p>\n<p>N\u00ebse deri n\u00eb vitin 1990, n\u00eb lidhje me numrin e shqiptar\u00ebve t\u00eb emigruar\u00a0 nga hap\u00ebsira e tyre etnogjeografike e cila ishte ne kuad\u00ebr t\u00eb\u00a0 \u00a0ish-Jugosllavis\u00eb kemi pasur t\u00eb dh\u00ebna t\u00eb p\u00ebraf\u00ebrta, pas sh\u00ebmbjes s\u00eb sistemit monist\u00a0 dhe shkat\u00ebrrimit t\u00eb k\u00ebti shteti t\u00eb dh\u00ebnat jan\u00eb aproksimative, edhe pse institucionet e Kosov\u00ebs, jan\u00eb p\u00ebrpjekur vazhdimisht q\u00eb t\u00eb ofrojn\u00eb t\u00eb dh\u00ebna t\u00eb pranueshme. Nd\u00ebrsa p\u00ebr shqiptar\u00ebt\u00a0 n\u00eb Shqip\u00ebri, p\u00ebr periudh\u00ebn e para vitit 1990, as qe mund t\u00eb flitet sepse instalimi I diktatur\u00ebs komuniste, kishte ndaluar\u00a0 l\u00ebvizj\u00ebn e popullsis\u00eb jasht\u00eb vendit e me k\u00ebt\u00eb edhe emigrimin e shqiptar\u00ebve n\u00eb bot\u00ebn e jashtme.<\/p>\n<p>Kujtojm\u00eb me ket\u00eb rast emigrimin politik\u00a0 t\u00eb shqiptar\u00ebve t\u00eb vendosur n\u00eb ambasadat e huaja me 2 korrik 1990, e ,m\u00eb pas, dukuri qe mori p\u00ebrmasa\u00a0 biblike, duke kaluar n\u00eb m\u00ebnyr\u00eb ilegale kufirin nga toka e deti. Emigrant\u00ebt e par\u00eb\u00a0 ilegal u vendos\u00ebn\u00a0 fillimisht n\u00eb vendet fqinje Greqi e Itali \u00a0e m\u00eb pas edhe \u00a0n\u00eb vendet tjera europiane dhe deri n\u00eb Amerik\u00eb e Australi.<\/p>\n<p>&nbsp;<\/p>\n<p>&nbsp;<\/p>\n<p><strong>Diaspora shqiptare e koh\u00ebs s\u00eb re<\/strong><\/p>\n<p><strong>\u00a0<\/strong><\/p>\n<p>Pik\u00ebrisht, n\u00eb lidhje m\u00eb \u00e7\u00ebshtjen e emigrimit t\u00eb shqiptar\u00ebve n\u00eb Qeverin\u00eb e Kosov\u00ebs \u00ebsht\u00eb themeluar Ministria e Diaspor\u00ebs, e cila profil pune ka \u00a0numrin e t\u00eb emigruar\u00ebve dhe vendosj\u00ebs s\u00eb tyre n\u00eb shtetet p\u00ebrkat\u00ebse. Pra kemi t\u00eb b\u00ebjm\u00eb me diaspor\u00ebn qe ne aspektin kohor \u00ebsht\u00eb e koh\u00ebs s\u00eb re, n\u00eb krahasim me ate t\u00eb m\u00ebhershm\u00ebn qe quhet diaspora historike, e cila fillon nga Mesjeta e m\u00eb pas.<\/p>\n<p>Edhe pse ka qen\u00eb e udh\u00ebs\u00a0 q\u00eb shteti am\u00eb i shqiptar\u00ebve \u2013Shqip\u00ebria t\u00eb formoj\u00eb nj\u00eb institucion p\u00ebrkat\u00ebs p\u00ebr numrin e shqiptar\u00ebve n\u00eb bot\u00eb, me keqardhje konstatojm\u00eb se \u00a0kjo \u00e7\u00ebshtje edhe n\u00eb pluraliz\u00ebm u anashkalu. Dhe nga nj\u00eb qendrim i till\u00eb n\u00eb Shqip\u00ebri nuk ekziston nj\u00eb institucion p\u00ebrkat\u00ebs qeveritar edhe pse gjoja k\u00ebt\u00eb resor e mbulon nj\u00eb dikast\u00ebr n\u00eb Ministrin\u00eb e Pun\u00ebve t\u00eb Jashtme. Veprimet e tilla nuk jan\u00eb as serioze e as profesionale, q\u00eb p\u00ebr shum\u00eb \u00e7ka t\u00eb kujton koh\u00ebn e monizmit, ku diaspora shqiptare nuk \u00ebsht\u00eb\u00a0 trajtuar si pjes\u00eb e popullit shqiptar\u00eb, por me qasje ideologjike\u00a0 dhe utilitare.<\/p>\n<p>&nbsp;<\/p>\n<p><strong>Rreth 40% t\u00eb shqiptar\u00ebve nga Shqip\u00ebria n\u00eb emigrim(!?)<\/strong><\/p>\n<p><strong>\u00a0<\/strong><\/p>\n<p>Pik\u00ebrisht n\u00eb lidhje me k\u00ebt\u00eb \u00e7\u00ebshtje\u00a0 n\u00eb jav\u00ebn e par\u00eb t\u00eb qershorit t\u00eb k\u00ebtij viti mediat elektronie njoftuan \u00a0nj\u00eb informat\u00eb me burim OKB, q\u00eb ka t\u00eb b\u00ebj\u00eb m\u00eb numrin e shqiptar\u00ebve\u00a0 q\u00eb jetojn\u00eb jasht\u00eb\u00a0 vendit t\u00eb tyre. Kemi t\u00eb b\u00ebjm\u00eb me nj\u00eb informat\u00eb me numrin e shqiptar\u00ebve\u00a0 nga Shqip\u00ebria t\u00eb cil\u00ebt jan\u00eb t\u00eb vendosur n\u00eb shtete t\u00eb ndryshme t\u00eb bot\u00ebs, num\u00ebr ky qe arrin shifr\u00ebn\u00a0 1.120.000\u00a0 shqiptar\u00eb, t\u00eb lindur n\u00eb Shqip\u00ebri.<\/p>\n<p>Duke marr\u00eb parasysh t\u00eb dh\u00ebnat nga regjistrimi i fundit t\u00eb popullsis\u00eb\u00a0 n\u00eb Shqip\u00ebri t\u00eb mbajtur n\u00eb vitin 2011, t\u00eb dh\u00ebna t\u00eb publikuara\u00a0 nga\u00a0 INSTAT-i, del se popullsi rezidente\u00a0 n\u00eb Shqip\u00ebri jan\u00eb rreth 2.86 milion\u00eb banor\u00eb, \u00e7ka n\u00ebnkupton se ata q\u00eb kan\u00eb ikur jasht\u00eb p\u00ebrb\u00ebjn\u00eb tashm\u00eb 40% t\u00eb atyre q\u00eb banojn\u00eb n\u00eb vend. Nj\u00eb e dh\u00ebn\u00eb e till\u00eb d\u00ebshmon qart\u00eb emigrimin e popullsis\u00eb e me k\u00ebt\u00eb edhe gjendjen sociale e ekonomike t\u00eb Shqip\u00ebris\u00eb, qe nuk meriton ndonj\u00eb hulumtim t\u00eb ve\u00e7ant\u00eb. N\u00ebse k\u00ebtij numri i shtojm\u00eb edhe f\u00ebmijet e tyre t\u00eb cil\u00ebt nuk kan\u00eb lindur n\u00eb Shqip\u00ebri, del qart\u00eb se kjo shif\u00ebr duhet t\u00eb jet\u00eb m\u00eb e lart\u00eb.<\/p>\n<p>Nga t\u00eb dh\u00ebnat e publikuara del se tre\u00a0 jan\u00eb destinacionet kryesore: Italia me 450 mij\u00eb shqiptar\u00eb, Greqia me 440 mij\u00eb dhe Shtetet e Bashkuara me 80 mij\u00eb. N\u00eb Gjermani dhe Kanada ka nga 20 mij\u00eb emigrant\u00eb secili dhe n\u00eb Mbret\u00ebrin\u00eb e bashkuar 10 mij\u00eb etj.<\/p>\n<p>Sipas informacioneve nga Organizata e Kombeve t\u00eb Bashkuara (OKB), pjesa m\u00eb e madhe e emigrant\u00ebve kalojn\u00eb kufijt\u00eb p\u00ebr arsye ekonomike dhe mund\u00ebsi m\u00eb t\u00eb mira sociale.<\/p>\n<p>Nga t\u00eb dh\u00ebnat e b\u00ebra publike nga OKB dhe me p\u00ebrpunimin e <em>Pew Research Center<\/em> \u00ebsht\u00eb hartuar harta globale e origjin\u00ebs dhe destinacioneve t\u00eb emigrant\u00ebve kudo n\u00eb bot\u00eb.<\/p>\n<p>Kjo p\u00ebrqindje ka gjasa t\u00eb rritet edhe m\u00eb shum\u00eb n\u00eb periudh\u00ebn n\u00eb vijim, pasi \u00a0n\u00eb vitin 2015 u sh\u00ebnua nj\u00eb rritje e val\u00ebs s\u00eb emigracionit, kryesisht drejt vendeve t\u00eb Bashkimit Europian por dhe SHBA-ve. Sipas t\u00eb dh\u00ebnave t\u00eb Eurostat-it, numri i k\u00ebrkesave p\u00ebr azil t\u00eb shqiptar\u00ebve n\u00eb vendet e Bashkimit Europian ka sh\u00ebnuar nj\u00eb rritje t\u00eb frikshme n\u00eb vitin 2015. Numri i azilk\u00ebrkuesve nga Shqip\u00ebria \u00ebsht\u00eb rritur me 439%, duke arritur n\u00eb gati 66 mij\u00eb n\u00eb vitin 2015, nga 12.2 mij\u00eb q\u00eb ishin nj\u00eb vit m\u00eb par\u00eb.<\/p>\n<p>Nd\u00ebrsa dukuri shqet\u00ebsuese p\u00ebr vitin 2015 n\u00eb Shqip\u00ebri paraqet e dh\u00ebna se p\u00ebr lotarin\u00eb amerikane kan\u00eb aplikuar 200 mij\u00eb qytetar\u00eb shqiptar\u00eb, nga del se emigrimi i popullsis\u00eb nuk paraqet me dukuri por proces i cili nuk ka t\u00eb ndalur, qe do t\u00eb jet\u00eb me pasoja t\u00eb m\u00ebdha komb\u00ebtare.<\/p>\n<p>Duke marr\u00eb parasysh se k\u00ebto t\u00eb dh\u00ebna kan\u00eb t\u00eb b\u00ebjn\u00eb vet\u00ebm p\u00ebr shqiptar\u00ebt e lindur n\u00eb Shqip\u00ebri, k\u00ebto t\u00eb dh\u00ebna nuk jan\u00eb t\u00eb sakta sepse k\u00ebtij numri duhet shtuar edhe numrin e shqiptar\u00ebve nga Kosova, Maqedonia, Lugina e Preshev\u00ebs e Mali I Zi,. Pasi nuk kemi t\u00eb dh\u00ebna t\u00eb sakta numerike por duke marr\u00eb parasysh se nga k\u00ebto mjedise emigrimi I shqiptar\u00ebve ka qen\u00eb dukuri konstante nga viti 1960\u00a0 e m\u00eb pas nuk ka dilem\u00eb se ky num\u00ebr\u00a0 duhet t\u00eb jet\u00eb mbi\u00a0 dy million shqiptar\u00eb, e dh\u00ebn\u00eb kjo shum\u00eb shqet\u00ebsuese\u00a0 dhe plag\u00eb\u00a0 komb\u00ebtare\u00a0 e pa sh\u00ebruar.<\/p>\n<p>&nbsp;<\/p>\n<p><strong>Regjistrimi i diaspor\u00ebs obligim shtet\u00ebror<\/strong><\/p>\n<p><strong>\u00a0<\/strong><\/p>\n<p>N\u00eb lidhje me k\u00ebt\u00eb \u00e7\u00ebshtje i mbetet detyr\u00eb par\u00ebsore Ministris\u00eb s\u00eb Diaspor\u00ebs s\u00eb Qeveris\u00eb s\u00eb Kosov\u00ebs, ne bashk\u00ebpunim me Qeverin\u00eb e Shqip\u00ebris\u00eb p\u00ebr t\u00eb hartuar nj\u00eb program pune t\u00eb p\u00ebrbashk\u00ebt p\u00ebr regjistrimin e shqiptar\u00ebve n\u00eb bot\u00ebn e jashtme, pavar\u00ebsisht se nga cili shtet jan\u00eb sepse ata kudo qe jan\u00eb jan\u00eb shqiptar\u00eb. Andaj n\u00eb ket\u00eb regjist\u00ebr duhet t\u00eb p\u00ebrfshihen edhe ata shqiptar\u00eb q\u00eb jetojn\u00eb n\u00eb bot\u00ebn e jashtme qe nuk jan\u00eb nga Kosova e Shqip\u00ebria, sepse si t\u00eb till\u00eb plot\u00ebsojn\u00eb mozaikun regjional t\u00eb diaspor\u00ebs shqiptare.<\/p>\n<p>Numri i sakt\u00eb i tyre, vendi ku jetojn\u00eb e punojn\u00eb, madje edhe strukturat e ndryshme t\u00eb tyre jan\u00eb n\u00eb favor t\u00eb evidentimit jo vet\u00ebm num\u00ebrik por edhe t\u00eb resurseve t\u00eb tyre njer\u00ebzore n\u00eb vendet ku ata qendrojn\u00eb.<\/p>\n<p>N\u00eb k\u00ebt\u00eb dimension vendet\u00a0 me tradit\u00eb demokratike k\u00ebto \u00e7\u00ebshtje i\u00a0 kan\u00eb zgjidhur me koh\u00eb, dhe kan\u00eb informata t\u00eb sakta se ku gjindet \u00e7do bashk\u00ebkombas i tyre dhe \u00e7ka p\u00ebrfaq\u00ebson ai n\u00eb mjedisin p\u00ebrkat\u00ebs sidomos n\u00eb aspektin social dhe \u00a0profesional.<\/p>\n<p><strong>Diaspor\u00ebs vendin q\u00eb e meriton<\/strong><\/p>\n<p>Andaj, institucionet p\u00ebrkat\u00ebse\u00a0 duhet t\u00eb jen\u00eb t\u00eb kujdessh\u00ebm me diaspor\u00ebn, duke vler\u00ebsuar kontributin e saj n\u00eb zhvillimin e vendit, apo \u00e7lirimin e Kosov\u00ebs, andaj duhet dh\u00ebn\u00eb vendin qe e meriton duke i mund\u00ebsuar t\u00eb marr\u00eb pjes\u00eb me p\u00ebrpar\u00ebsi ne investimet e ndryshme qoft\u00eb t\u00eb ve\u00e7anta apo n\u00eb partneritetin publiko-privat e po ashtu \u00a0edhe n\u00eb zgjedhjet parlamentare, ku p\u00ebrmes p\u00ebrfaq\u00ebsuesve t\u00eb tyre t\u00eb jen\u00eb pjes\u00eb e zhvillimit t\u00eb p\u00ebrgjithsh\u00ebm shoq\u00ebror\u00a0 si kudo n\u00eb vendet demokratike.<\/p>\n<p><em>Korrik\u00a0 2016<\/em><\/p>\n","protected":false},"excerpt":{"rendered":"<p>Diskursi\u00a0 sociopolifik T\u00eb dh\u00ebna \u00a0jo t\u00eb sakta p\u00ebr shqiptar\u00ebt n\u00eb bot\u00ebn e jashtme Sipas nj\u00eb raporti\u00a0 t\u00eb publikuar\u00a0 koh\u00eb m\u00eb par\u00eb nga OKB, shqiptar\u00eb nga Shqip\u00ebria t\u00eb cil\u00ebt jetojn\u00eb jasht\u00eb vendit jan\u00eb 1.12 milion, duke mos cekur fare shqiptar\u00ebt nga hap\u00ebsira e tyre etno-gjeografike nga shteti i ish-Jugosllavis\u00eb, e dh\u00ebn\u00eb kjo e cila nuk prezanton [&hellip;]<\/p>\n","protected":false},"author":1,"featured_media":0,"comment_status":"closed","ping_status":"closed","sticky":false,"template":"","format":"standard","meta":{"spay_email":"","jetpack_publicize_message":"","jetpack_is_tweetstorm":false,"jetpack_publicize_feature_enabled":true},"categories":[12],"tags":[],"jetpack_publicize_connections":[],"yoast_head":"<!-- This site is optimized with the Yoast SEO plugin v19.1 - https:\/\/yoast.com\/wordpress\/plugins\/seo\/ -->\n<title>Draga: T\u00eb dh\u00ebna jo t\u00eb sakta p\u00ebr shqiptar\u00ebt n\u00eb bot\u00ebn e jashtme - Lajme nga Ulqini<\/title>\n<meta name=\"description\" content=\"Diskursi\u00a0 sociopolifik T\u00eb dh\u00ebna \u00a0jo t\u00eb sakta p\u00ebr shqiptar\u00ebt n\u00eb bot\u00ebn e jashtme Sipas nj\u00eb raporti\u00a0 t\u00eb publikuar\u00a0 koh\u00eb m\u00eb par\u00eb nga OKB, shqiptar\u00eb nga\" \/>\n<meta name=\"robots\" content=\"index, follow, max-snippet:-1, max-image-preview:large, max-video-preview:-1\" \/>\n<link rel=\"canonical\" href=\"https:\/\/www.visit-ulcinj.com\/blog\/2016\/07\/21\/draga-te-dhena-jo-te-sakta-per-shqiptaret-ne-boten-e-jashtme\/\" \/>\n<meta property=\"og:locale\" content=\"en_US\" \/>\n<meta property=\"og:type\" content=\"article\" \/>\n<meta property=\"og:title\" content=\"Draga: T\u00eb dh\u00ebna jo t\u00eb sakta p\u00ebr shqiptar\u00ebt n\u00eb bot\u00ebn e jashtme - Lajme nga Ulqini\" \/>\n<meta property=\"og:description\" content=\"Diskursi\u00a0 sociopolifik T\u00eb dh\u00ebna \u00a0jo t\u00eb sakta p\u00ebr shqiptar\u00ebt n\u00eb bot\u00ebn e jashtme Sipas nj\u00eb raporti\u00a0 t\u00eb publikuar\u00a0 koh\u00eb m\u00eb par\u00eb nga OKB, shqiptar\u00eb nga\" \/>\n<meta property=\"og:url\" content=\"https:\/\/www.visit-ulcinj.com\/blog\/2016\/07\/21\/draga-te-dhena-jo-te-sakta-per-shqiptaret-ne-boten-e-jashtme\/\" \/>\n<meta property=\"og:site_name\" content=\"Lajme nga Ulqini\" \/>\n<meta property=\"article:published_time\" content=\"2016-07-21T13:14:54+00:00\" \/>\n<meta property=\"og:image\" content=\"http:\/\/www.visit-ulcinj.com\/blog\/wp-content\/uploads\/2009\/01\/nail-draga.jpg\" \/>\n<meta name=\"twitter:label1\" content=\"Written by\" \/>\n\t<meta name=\"twitter:data1\" content=\"ulqini\" \/>\n\t<meta name=\"twitter:label2\" content=\"Est. reading time\" \/>\n\t<meta name=\"twitter:data2\" content=\"7 minutes\" \/>\n<script type=\"application\/ld+json\" class=\"yoast-schema-graph\">{\"@context\":\"https:\/\/schema.org\",\"@graph\":[{\"@type\":\"WebSite\",\"@id\":\"https:\/\/www.visit-ulcinj.com\/blog\/#website\",\"url\":\"https:\/\/www.visit-ulcinj.com\/blog\/\",\"name\":\"Lajme nga Ulqini\",\"description\":\"Lajme,Vijesti,Ulqini,Ulqin,Crna Gora,Mali i Zi\",\"potentialAction\":[{\"@type\":\"SearchAction\",\"target\":{\"@type\":\"EntryPoint\",\"urlTemplate\":\"https:\/\/www.visit-ulcinj.com\/blog\/?s={search_term_string}\"},\"query-input\":\"required name=search_term_string\"}],\"inLanguage\":\"en-US\"},{\"@type\":\"ImageObject\",\"inLanguage\":\"en-US\",\"@id\":\"https:\/\/www.visit-ulcinj.com\/blog\/2016\/07\/21\/draga-te-dhena-jo-te-sakta-per-shqiptaret-ne-boten-e-jashtme\/#primaryimage\",\"url\":\"https:\/\/www.visit-ulcinj.com\/blog\/wp-content\/uploads\/2009\/01\/nail-draga.jpg\",\"contentUrl\":\"https:\/\/www.visit-ulcinj.com\/blog\/wp-content\/uploads\/2009\/01\/nail-draga.jpg\",\"width\":\"305\",\"height\":\"368\"},{\"@type\":\"WebPage\",\"@id\":\"https:\/\/www.visit-ulcinj.com\/blog\/2016\/07\/21\/draga-te-dhena-jo-te-sakta-per-shqiptaret-ne-boten-e-jashtme\/#webpage\",\"url\":\"https:\/\/www.visit-ulcinj.com\/blog\/2016\/07\/21\/draga-te-dhena-jo-te-sakta-per-shqiptaret-ne-boten-e-jashtme\/\",\"name\":\"Draga: T\u00eb dh\u00ebna jo t\u00eb sakta p\u00ebr shqiptar\u00ebt n\u00eb bot\u00ebn e jashtme - Lajme nga Ulqini\",\"isPartOf\":{\"@id\":\"https:\/\/www.visit-ulcinj.com\/blog\/#website\"},\"primaryImageOfPage\":{\"@id\":\"https:\/\/www.visit-ulcinj.com\/blog\/2016\/07\/21\/draga-te-dhena-jo-te-sakta-per-shqiptaret-ne-boten-e-jashtme\/#primaryimage\"},\"datePublished\":\"2016-07-21T13:14:54+00:00\",\"dateModified\":\"2016-07-21T13:14:54+00:00\",\"author\":{\"@id\":\"https:\/\/www.visit-ulcinj.com\/blog\/#\/schema\/person\/dcab619c614d3038751c63bc2aadc06d\"},\"description\":\"Diskursi\u00a0 sociopolifik T\u00eb dh\u00ebna \u00a0jo t\u00eb sakta p\u00ebr shqiptar\u00ebt n\u00eb bot\u00ebn e jashtme Sipas nj\u00eb raporti\u00a0 t\u00eb publikuar\u00a0 koh\u00eb m\u00eb par\u00eb nga OKB, shqiptar\u00eb nga\",\"breadcrumb\":{\"@id\":\"https:\/\/www.visit-ulcinj.com\/blog\/2016\/07\/21\/draga-te-dhena-jo-te-sakta-per-shqiptaret-ne-boten-e-jashtme\/#breadcrumb\"},\"inLanguage\":\"en-US\",\"potentialAction\":[{\"@type\":\"ReadAction\",\"target\":[\"https:\/\/www.visit-ulcinj.com\/blog\/2016\/07\/21\/draga-te-dhena-jo-te-sakta-per-shqiptaret-ne-boten-e-jashtme\/\"]}]},{\"@type\":\"BreadcrumbList\",\"@id\":\"https:\/\/www.visit-ulcinj.com\/blog\/2016\/07\/21\/draga-te-dhena-jo-te-sakta-per-shqiptaret-ne-boten-e-jashtme\/#breadcrumb\",\"itemListElement\":[{\"@type\":\"ListItem\",\"position\":1,\"name\":\"Draga: T\u00eb dh\u00ebna jo t\u00eb sakta p\u00ebr shqiptar\u00ebt n\u00eb bot\u00ebn e jashtme\"}]},{\"@type\":\"Person\",\"@id\":\"https:\/\/www.visit-ulcinj.com\/blog\/#\/schema\/person\/dcab619c614d3038751c63bc2aadc06d\",\"name\":\"ulqini\",\"sameAs\":[\"http:\/\/www.visit-ulcinj.com\"],\"url\":\"https:\/\/www.visit-ulcinj.com\/blog\/author\/admin\/\"}]}<\/script>\n<!-- \/ Yoast SEO plugin. -->","yoast_head_json":{"title":"Draga: T\u00eb dh\u00ebna jo t\u00eb sakta p\u00ebr shqiptar\u00ebt n\u00eb bot\u00ebn e jashtme - Lajme nga Ulqini","description":"Diskursi\u00a0 sociopolifik T\u00eb dh\u00ebna \u00a0jo t\u00eb sakta p\u00ebr shqiptar\u00ebt n\u00eb bot\u00ebn e jashtme Sipas nj\u00eb raporti\u00a0 t\u00eb publikuar\u00a0 koh\u00eb m\u00eb par\u00eb nga OKB, shqiptar\u00eb nga","robots":{"index":"index","follow":"follow","max-snippet":"max-snippet:-1","max-image-preview":"max-image-preview:large","max-video-preview":"max-video-preview:-1"},"canonical":"https:\/\/www.visit-ulcinj.com\/blog\/2016\/07\/21\/draga-te-dhena-jo-te-sakta-per-shqiptaret-ne-boten-e-jashtme\/","og_locale":"en_US","og_type":"article","og_title":"Draga: T\u00eb dh\u00ebna jo t\u00eb sakta p\u00ebr shqiptar\u00ebt n\u00eb bot\u00ebn e jashtme - Lajme nga Ulqini","og_description":"Diskursi\u00a0 sociopolifik T\u00eb dh\u00ebna \u00a0jo t\u00eb sakta p\u00ebr shqiptar\u00ebt n\u00eb bot\u00ebn e jashtme Sipas nj\u00eb raporti\u00a0 t\u00eb publikuar\u00a0 koh\u00eb m\u00eb par\u00eb nga OKB, shqiptar\u00eb nga","og_url":"https:\/\/www.visit-ulcinj.com\/blog\/2016\/07\/21\/draga-te-dhena-jo-te-sakta-per-shqiptaret-ne-boten-e-jashtme\/","og_site_name":"Lajme nga Ulqini","article_published_time":"2016-07-21T13:14:54+00:00","og_image":[{"url":"http:\/\/www.visit-ulcinj.com\/blog\/wp-content\/uploads\/2009\/01\/nail-draga.jpg"}],"twitter_misc":{"Written by":"ulqini","Est. reading time":"7 minutes"},"schema":{"@context":"https:\/\/schema.org","@graph":[{"@type":"WebSite","@id":"https:\/\/www.visit-ulcinj.com\/blog\/#website","url":"https:\/\/www.visit-ulcinj.com\/blog\/","name":"Lajme nga Ulqini","description":"Lajme,Vijesti,Ulqini,Ulqin,Crna Gora,Mali i Zi","potentialAction":[{"@type":"SearchAction","target":{"@type":"EntryPoint","urlTemplate":"https:\/\/www.visit-ulcinj.com\/blog\/?s={search_term_string}"},"query-input":"required name=search_term_string"}],"inLanguage":"en-US"},{"@type":"ImageObject","inLanguage":"en-US","@id":"https:\/\/www.visit-ulcinj.com\/blog\/2016\/07\/21\/draga-te-dhena-jo-te-sakta-per-shqiptaret-ne-boten-e-jashtme\/#primaryimage","url":"https:\/\/www.visit-ulcinj.com\/blog\/wp-content\/uploads\/2009\/01\/nail-draga.jpg","contentUrl":"https:\/\/www.visit-ulcinj.com\/blog\/wp-content\/uploads\/2009\/01\/nail-draga.jpg","width":"305","height":"368"},{"@type":"WebPage","@id":"https:\/\/www.visit-ulcinj.com\/blog\/2016\/07\/21\/draga-te-dhena-jo-te-sakta-per-shqiptaret-ne-boten-e-jashtme\/#webpage","url":"https:\/\/www.visit-ulcinj.com\/blog\/2016\/07\/21\/draga-te-dhena-jo-te-sakta-per-shqiptaret-ne-boten-e-jashtme\/","name":"Draga: T\u00eb dh\u00ebna jo t\u00eb sakta p\u00ebr shqiptar\u00ebt n\u00eb bot\u00ebn e jashtme - Lajme nga Ulqini","isPartOf":{"@id":"https:\/\/www.visit-ulcinj.com\/blog\/#website"},"primaryImageOfPage":{"@id":"https:\/\/www.visit-ulcinj.com\/blog\/2016\/07\/21\/draga-te-dhena-jo-te-sakta-per-shqiptaret-ne-boten-e-jashtme\/#primaryimage"},"datePublished":"2016-07-21T13:14:54+00:00","dateModified":"2016-07-21T13:14:54+00:00","author":{"@id":"https:\/\/www.visit-ulcinj.com\/blog\/#\/schema\/person\/dcab619c614d3038751c63bc2aadc06d"},"description":"Diskursi\u00a0 sociopolifik T\u00eb dh\u00ebna \u00a0jo t\u00eb sakta p\u00ebr shqiptar\u00ebt n\u00eb bot\u00ebn e jashtme Sipas nj\u00eb raporti\u00a0 t\u00eb publikuar\u00a0 koh\u00eb m\u00eb par\u00eb nga OKB, shqiptar\u00eb nga","breadcrumb":{"@id":"https:\/\/www.visit-ulcinj.com\/blog\/2016\/07\/21\/draga-te-dhena-jo-te-sakta-per-shqiptaret-ne-boten-e-jashtme\/#breadcrumb"},"inLanguage":"en-US","potentialAction":[{"@type":"ReadAction","target":["https:\/\/www.visit-ulcinj.com\/blog\/2016\/07\/21\/draga-te-dhena-jo-te-sakta-per-shqiptaret-ne-boten-e-jashtme\/"]}]},{"@type":"BreadcrumbList","@id":"https:\/\/www.visit-ulcinj.com\/blog\/2016\/07\/21\/draga-te-dhena-jo-te-sakta-per-shqiptaret-ne-boten-e-jashtme\/#breadcrumb","itemListElement":[{"@type":"ListItem","position":1,"name":"Draga: T\u00eb dh\u00ebna jo t\u00eb sakta p\u00ebr shqiptar\u00ebt n\u00eb bot\u00ebn e jashtme"}]},{"@type":"Person","@id":"https:\/\/www.visit-ulcinj.com\/blog\/#\/schema\/person\/dcab619c614d3038751c63bc2aadc06d","name":"ulqini","sameAs":["http:\/\/www.visit-ulcinj.com"],"url":"https:\/\/www.visit-ulcinj.com\/blog\/author\/admin\/"}]}},"jetpack_featured_media_url":"","jetpack_sharing_enabled":true,"jetpack_shortlink":"https:\/\/wp.me\/pe6lTn-pD2","_links":{"self":[{"href":"https:\/\/www.visit-ulcinj.com\/blog\/wp-json\/wp\/v2\/posts\/98520"}],"collection":[{"href":"https:\/\/www.visit-ulcinj.com\/blog\/wp-json\/wp\/v2\/posts"}],"about":[{"href":"https:\/\/www.visit-ulcinj.com\/blog\/wp-json\/wp\/v2\/types\/post"}],"author":[{"embeddable":true,"href":"https:\/\/www.visit-ulcinj.com\/blog\/wp-json\/wp\/v2\/users\/1"}],"replies":[{"embeddable":true,"href":"https:\/\/www.visit-ulcinj.com\/blog\/wp-json\/wp\/v2\/comments?post=98520"}],"version-history":[{"count":1,"href":"https:\/\/www.visit-ulcinj.com\/blog\/wp-json\/wp\/v2\/posts\/98520\/revisions"}],"predecessor-version":[{"id":98521,"href":"https:\/\/www.visit-ulcinj.com\/blog\/wp-json\/wp\/v2\/posts\/98520\/revisions\/98521"}],"wp:attachment":[{"href":"https:\/\/www.visit-ulcinj.com\/blog\/wp-json\/wp\/v2\/media?parent=98520"}],"wp:term":[{"taxonomy":"category","embeddable":true,"href":"https:\/\/www.visit-ulcinj.com\/blog\/wp-json\/wp\/v2\/categories?post=98520"},{"taxonomy":"post_tag","embeddable":true,"href":"https:\/\/www.visit-ulcinj.com\/blog\/wp-json\/wp\/v2\/tags?post=98520"}],"curies":[{"name":"wp","href":"https:\/\/api.w.org\/{rel}","templated":true}]}}