{"id":98522,"date":"2016-07-21T20:47:04","date_gmt":"2016-07-21T19:47:04","guid":{"rendered":"http:\/\/www.visit-ulcinj.com\/blog\/?p=98522"},"modified":"2016-07-21T20:47:04","modified_gmt":"2016-07-21T19:47:04","slug":"gjeloshaj-malesia-komune-e-plote-afer-se-kurre","status":"publish","type":"post","link":"https:\/\/www.visit-ulcinj.com\/blog\/2016\/07\/21\/gjeloshaj-malesia-komune-e-plote-afer-se-kurre\/","title":{"rendered":"Gjeloshaj: Mal\u00ebsia Komun\u00eb e plot\u00eb m\u00eb af\u00ebr se kurr\u00eb"},"content":{"rendered":"<p><a href=\"http:\/\/www.visit-ulcinj.com\/blog\/wp-content\/uploads\/2016\/06\/Nik-Gjeloshaj-emisioni-Diplomaticus.jpg\"><img loading=\"lazy\" class=\"alignleft wp-image-97668\" src=\"http:\/\/www.visit-ulcinj.com\/blog\/wp-content\/uploads\/2016\/06\/Nik-Gjeloshaj-emisioni-Diplomaticus.jpg\" alt=\"Nik-Gjeloshaj-emisioni-Diplomaticus\" width=\"508\" height=\"286\" srcset=\"https:\/\/www.visit-ulcinj.com\/blog\/wp-content\/uploads\/2016\/06\/Nik-Gjeloshaj-emisioni-Diplomaticus.jpg 960w, https:\/\/www.visit-ulcinj.com\/blog\/wp-content\/uploads\/2016\/06\/Nik-Gjeloshaj-emisioni-Diplomaticus-300x169.jpg 300w, https:\/\/www.visit-ulcinj.com\/blog\/wp-content\/uploads\/2016\/06\/Nik-Gjeloshaj-emisioni-Diplomaticus-768x432.jpg 768w\" sizes=\"(max-width: 508px) 100vw, 508px\" \/><\/a>T\u00eb nderuar miq,<\/p>\n<p>D\u00ebshiroj t\u00eb ndaj me Ju nj\u00eb lajm t\u00eb r\u00ebnd\u00ebsish\u00ebm q\u00eb t\u00eb b\u00ebj\u00eb me ligjin p\u00ebr vet\u00ebqeverisje lokale, gjegj\u00ebsisht ligj ky q\u00eb definon Mal\u00ebsin\u00eb si Komun\u00eb t\u00eb pavarur, sikur t\u00eb gjitha tjerat n\u00eb Mal t\u00eb Zi.<br \/>\nN\u00eb mbledhjen e dhjet\u00eb (10) t\u00eb kuvendit t\u00eb Malit t\u00eb Zi, kjo k\u00ebrkes\u00eb u refuzua t\u00eb hyj n\u00eb rend t\u00eb dit\u00ebs, pra nuk u lejua as q\u00eb t\u00eb diskutohet p\u00ebr k\u00ebt\u00eb \u00e7\u00ebshtje.<br \/>\nMe konsultime t\u00eb pand\u00ebrprera, s\u00eb bashku me kolegun Nibanbegu, s\u00eb fundmi arrit\u00ebm marr\u00ebveshje me opozit\u00ebn aktuale n\u00eb<span class=\"text_exposed_show\"> Parlament, e cila sipas rregulloreve t\u00eb njohura, ka t\u00eb drejt q\u00eb n\u00eb \u00e7do mbledhje t\u00eb re t\u00eb propozoje nj\u00eb pik\u00eb, q\u00eb hy me automatiz\u00ebm n\u00eb rend t\u00eb dit\u00ebs.<br \/>\nT\u00eb nderuar miq, \u00ebsh\u00eb folur, edhe ber\u00eb zhurm\u00eb, biles shum\u00eb her\u00eb nga deputet\u00eb e politikan\u00eb shqiptar\u00eb p\u00ebr k\u00ebt\u00eb \u00e7\u00ebshtje q\u00eb 27 vite, por gjer\u00eb m\u00eb sot ligji n\u00eb fjal\u00eb nuk ishte asnj\u00ebher\u00eb m\u00eb par\u00eb, as n\u00eb rend t\u00eb dit\u00ebs n\u00eb Parlamentin malazes.<br \/>\nPra, p\u00ebfundimisht, p\u00ebr her\u00eb t\u00eb par\u00eb \u00e7\u00ebshtja e Komun\u00ebs s\u00eb Mal\u00ebsis\u00eb do t\u00eb jet\u00eb n\u00eb rend t\u00eb dit\u00ebs, jav\u00ebn tjet\u00ebr, ku edhe p\u00ebr t\u00eb cil\u00ebn do t\u00eb votohet.<br \/>\nPo k\u00ebtu dua t\u00eb ju njoftoj q\u00eb, mbas diskutimeve p\u00ebr k\u00ebt\u00eb \u00e7\u00ebshtje, t\u00eb cilat do t\u00eb fillojn\u00eb nga e m\u00ebrkura e ardhshme, ligji n\u00eb fjal\u00eb do t\u00eb futet n\u00eb votim. Q\u00eb ky ligj t\u00eb kaloj , pra t\u00eb fuqizohet jan\u00eb t\u00eb nevojshme dyzet e nj\u00eb vot\u00eb (41) e deputet\u00ebve n\u00eb Parlament. N\u00eb baz\u00eb t\u00eb diskutimeve t\u00eb pa nd\u00ebrprera q\u00eb kam koh\u00ebve t\u00eb fundit, n\u00ebse ata e mbajn\u00eb fjal\u00ebn, jemi af\u00ebr numrave , gjegj\u00ebsisht jemi te numri dyzet (40), pa llogaritur votat e Partis\u00eb Demokratike t\u00eb Socialist\u00ebve, Social Demokrat\u00ebve, Malit t\u00eb Zi Pozitiv, Partis\u00eb Boshnjake, Liberal\u00ebve , si dhe Kroat\u00ebve.<br \/>\nNga t\u00eb gjitha subjektet e lart\u00ebp\u00ebrmenduar kemi 3 depute shqiptar\u00eb, t\u00eb cil\u00ebt e kan\u00eb rastin m\u00eb t\u00eb mir\u00eb p\u00ebr mbetur n\u00eb histori, dhe n\u00eb k\u00ebt\u00eb m\u00ebnyr\u00eb Mal\u00ebsia nj\u00eb her\u00eb e p\u00ebgjithmon\u00eb t\u00eb marr statusin e Komun\u00ebs s\u00eb Plot\u00eb, si t\u00eb gjitha tjerat n\u00eb Mal t\u00eb Zi. Shpresojm\u00eb q\u00eb do dijn\u00eb t&#8217;a vler\u00ebsojn\u00eb nj\u00eb rast t\u00eb till\u00eb!<br \/>\nNe kemi edhe pak\u00eb koh\u00eb t\u00eb senzibilizohemi, andaj nga ky moment ftoj q\u00eb gjith secili n\u00eb m\u00ebnyrat e veta, me t\u00eb gjitha fuqit\u00eb e veta politike, etj.,n\u00eb m\u00ebnyr\u00eb demokratike t\u00eb lobojm\u00eb q\u00eb t\u00eb sigurojm\u00eb votat e mjaftueshme.<br \/>\nPoashtu dua ve\u00e7anarisht\u00eb t\u00eb ftoj diaspor\u00ebn ton\u00eb t\u00eb nderuar, q\u00eb p\u00ebrmes analeve t\u00eb veta lobuese n\u00eb Washington, t\u00eb aktivizoj krejt potencialin, q\u00eb Mal\u00ebsis\u00eb m\u00eb n\u00eb fund t&#8217;i kthehet statusi i komun\u00ebs s\u00eb pavarur.<br \/>\nFtoj dhe shpresoj n\u00eb unitetin ton\u00eb p\u00ebr k\u00ebt\u00eb \u00e7\u00ebshtje kaq t\u00eb r\u00ebnd\u00ebsishme, t\u00eb gjith\u00eb s\u00ebbashku t\u00eb mundohemi p\u00ebr t\u00eb dh\u00ebn\u00eb maksimunin n\u00eb fush\u00ebn e vet, q\u00eb kjo e drejt\u00eb jona elementrare, q\u00eb na \u00ebsht\u00eb privuar mbi tre dekada, t\u00eb na kthehet nj\u00ebher\u00eb e p\u00ebrgjithmon\u00eb!<\/span><\/p>\n<div class=\"text_exposed_show\">\n<p>Sinqerisht,<br \/>\nNGJ<\/p>\n<\/div>\n","protected":false},"excerpt":{"rendered":"<p>T\u00eb nderuar miq, D\u00ebshiroj t\u00eb ndaj me Ju nj\u00eb lajm t\u00eb r\u00ebnd\u00ebsish\u00ebm q\u00eb t\u00eb b\u00ebj\u00eb me ligjin p\u00ebr vet\u00ebqeverisje lokale, gjegj\u00ebsisht ligj ky q\u00eb definon Mal\u00ebsin\u00eb si Komun\u00eb t\u00eb pavarur, sikur t\u00eb gjitha tjerat n\u00eb Mal t\u00eb Zi. N\u00eb mbledhjen e dhjet\u00eb (10) t\u00eb kuvendit t\u00eb Malit t\u00eb Zi, kjo k\u00ebrkes\u00eb u refuzua t\u00eb hyj [&hellip;]<\/p>\n","protected":false},"author":1,"featured_media":0,"comment_status":"closed","ping_status":"closed","sticky":false,"template":"","format":"standard","meta":{"spay_email":"","jetpack_publicize_message":"","jetpack_is_tweetstorm":false,"jetpack_publicize_feature_enabled":true},"categories":[6950],"tags":[],"jetpack_publicize_connections":[],"yoast_head":"<!-- This site is optimized with the Yoast SEO plugin v19.1 - https:\/\/yoast.com\/wordpress\/plugins\/seo\/ -->\n<title>Gjeloshaj: Mal\u00ebsia Komun\u00eb e plot\u00eb m\u00eb af\u00ebr se kurr\u00eb - Lajme nga Ulqini<\/title>\n<meta name=\"description\" content=\"T\u00eb nderuar miq, D\u00ebshiroj t\u00eb ndaj me Ju nj\u00eb lajm t\u00eb r\u00ebnd\u00ebsish\u00ebm q\u00eb t\u00eb b\u00ebj\u00eb me ligjin p\u00ebr vet\u00ebqeverisje lokale, gjegj\u00ebsisht ligj ky q\u00eb definon Mal\u00ebsin\u00eb si\" \/>\n<meta name=\"robots\" content=\"index, follow, max-snippet:-1, max-image-preview:large, max-video-preview:-1\" \/>\n<link rel=\"canonical\" href=\"https:\/\/www.visit-ulcinj.com\/blog\/2016\/07\/21\/gjeloshaj-malesia-komune-e-plote-afer-se-kurre\/\" \/>\n<meta property=\"og:locale\" content=\"en_US\" \/>\n<meta property=\"og:type\" content=\"article\" \/>\n<meta property=\"og:title\" content=\"Gjeloshaj: Mal\u00ebsia Komun\u00eb e plot\u00eb m\u00eb af\u00ebr se kurr\u00eb - Lajme nga Ulqini\" \/>\n<meta property=\"og:description\" content=\"T\u00eb nderuar miq, D\u00ebshiroj t\u00eb ndaj me Ju nj\u00eb lajm t\u00eb r\u00ebnd\u00ebsish\u00ebm q\u00eb t\u00eb b\u00ebj\u00eb me ligjin p\u00ebr vet\u00ebqeverisje lokale, gjegj\u00ebsisht ligj ky q\u00eb definon Mal\u00ebsin\u00eb si\" \/>\n<meta property=\"og:url\" content=\"https:\/\/www.visit-ulcinj.com\/blog\/2016\/07\/21\/gjeloshaj-malesia-komune-e-plote-afer-se-kurre\/\" \/>\n<meta property=\"og:site_name\" content=\"Lajme nga Ulqini\" \/>\n<meta property=\"article:published_time\" content=\"2016-07-21T19:47:04+00:00\" \/>\n<meta property=\"og:image\" content=\"http:\/\/www.visit-ulcinj.com\/blog\/wp-content\/uploads\/2016\/06\/Nik-Gjeloshaj-emisioni-Diplomaticus.jpg\" \/>\n<meta name=\"twitter:label1\" content=\"Written by\" \/>\n\t<meta name=\"twitter:data1\" content=\"ulqini\" \/>\n\t<meta name=\"twitter:label2\" content=\"Est. reading time\" \/>\n\t<meta name=\"twitter:data2\" content=\"3 minutes\" \/>\n<script type=\"application\/ld+json\" class=\"yoast-schema-graph\">{\"@context\":\"https:\/\/schema.org\",\"@graph\":[{\"@type\":\"WebSite\",\"@id\":\"https:\/\/www.visit-ulcinj.com\/blog\/#website\",\"url\":\"https:\/\/www.visit-ulcinj.com\/blog\/\",\"name\":\"Lajme nga Ulqini\",\"description\":\"Lajme,Vijesti,Ulqini,Ulqin,Crna Gora,Mali i Zi\",\"potentialAction\":[{\"@type\":\"SearchAction\",\"target\":{\"@type\":\"EntryPoint\",\"urlTemplate\":\"https:\/\/www.visit-ulcinj.com\/blog\/?s={search_term_string}\"},\"query-input\":\"required name=search_term_string\"}],\"inLanguage\":\"en-US\"},{\"@type\":\"ImageObject\",\"inLanguage\":\"en-US\",\"@id\":\"https:\/\/www.visit-ulcinj.com\/blog\/2016\/07\/21\/gjeloshaj-malesia-komune-e-plote-afer-se-kurre\/#primaryimage\",\"url\":\"https:\/\/www.visit-ulcinj.com\/blog\/wp-content\/uploads\/2016\/06\/Nik-Gjeloshaj-emisioni-Diplomaticus.jpg\",\"contentUrl\":\"https:\/\/www.visit-ulcinj.com\/blog\/wp-content\/uploads\/2016\/06\/Nik-Gjeloshaj-emisioni-Diplomaticus.jpg\",\"width\":960,\"height\":540},{\"@type\":\"WebPage\",\"@id\":\"https:\/\/www.visit-ulcinj.com\/blog\/2016\/07\/21\/gjeloshaj-malesia-komune-e-plote-afer-se-kurre\/#webpage\",\"url\":\"https:\/\/www.visit-ulcinj.com\/blog\/2016\/07\/21\/gjeloshaj-malesia-komune-e-plote-afer-se-kurre\/\",\"name\":\"Gjeloshaj: Mal\u00ebsia Komun\u00eb e plot\u00eb m\u00eb af\u00ebr se kurr\u00eb - Lajme nga Ulqini\",\"isPartOf\":{\"@id\":\"https:\/\/www.visit-ulcinj.com\/blog\/#website\"},\"primaryImageOfPage\":{\"@id\":\"https:\/\/www.visit-ulcinj.com\/blog\/2016\/07\/21\/gjeloshaj-malesia-komune-e-plote-afer-se-kurre\/#primaryimage\"},\"datePublished\":\"2016-07-21T19:47:04+00:00\",\"dateModified\":\"2016-07-21T19:47:04+00:00\",\"author\":{\"@id\":\"https:\/\/www.visit-ulcinj.com\/blog\/#\/schema\/person\/dcab619c614d3038751c63bc2aadc06d\"},\"description\":\"T\u00eb nderuar miq, D\u00ebshiroj t\u00eb ndaj me Ju nj\u00eb lajm t\u00eb r\u00ebnd\u00ebsish\u00ebm q\u00eb t\u00eb b\u00ebj\u00eb me ligjin p\u00ebr vet\u00ebqeverisje lokale, gjegj\u00ebsisht ligj ky q\u00eb definon Mal\u00ebsin\u00eb si\",\"breadcrumb\":{\"@id\":\"https:\/\/www.visit-ulcinj.com\/blog\/2016\/07\/21\/gjeloshaj-malesia-komune-e-plote-afer-se-kurre\/#breadcrumb\"},\"inLanguage\":\"en-US\",\"potentialAction\":[{\"@type\":\"ReadAction\",\"target\":[\"https:\/\/www.visit-ulcinj.com\/blog\/2016\/07\/21\/gjeloshaj-malesia-komune-e-plote-afer-se-kurre\/\"]}]},{\"@type\":\"BreadcrumbList\",\"@id\":\"https:\/\/www.visit-ulcinj.com\/blog\/2016\/07\/21\/gjeloshaj-malesia-komune-e-plote-afer-se-kurre\/#breadcrumb\",\"itemListElement\":[{\"@type\":\"ListItem\",\"position\":1,\"name\":\"Gjeloshaj: Mal\u00ebsia Komun\u00eb e plot\u00eb m\u00eb af\u00ebr se kurr\u00eb\"}]},{\"@type\":\"Person\",\"@id\":\"https:\/\/www.visit-ulcinj.com\/blog\/#\/schema\/person\/dcab619c614d3038751c63bc2aadc06d\",\"name\":\"ulqini\",\"sameAs\":[\"http:\/\/www.visit-ulcinj.com\"],\"url\":\"https:\/\/www.visit-ulcinj.com\/blog\/author\/admin\/\"}]}<\/script>\n<!-- \/ Yoast SEO plugin. -->","yoast_head_json":{"title":"Gjeloshaj: Mal\u00ebsia Komun\u00eb e plot\u00eb m\u00eb af\u00ebr se kurr\u00eb - Lajme nga Ulqini","description":"T\u00eb nderuar miq, D\u00ebshiroj t\u00eb ndaj me Ju nj\u00eb lajm t\u00eb r\u00ebnd\u00ebsish\u00ebm q\u00eb t\u00eb b\u00ebj\u00eb me ligjin p\u00ebr vet\u00ebqeverisje lokale, gjegj\u00ebsisht ligj ky q\u00eb definon Mal\u00ebsin\u00eb si","robots":{"index":"index","follow":"follow","max-snippet":"max-snippet:-1","max-image-preview":"max-image-preview:large","max-video-preview":"max-video-preview:-1"},"canonical":"https:\/\/www.visit-ulcinj.com\/blog\/2016\/07\/21\/gjeloshaj-malesia-komune-e-plote-afer-se-kurre\/","og_locale":"en_US","og_type":"article","og_title":"Gjeloshaj: Mal\u00ebsia Komun\u00eb e plot\u00eb m\u00eb af\u00ebr se kurr\u00eb - Lajme nga Ulqini","og_description":"T\u00eb nderuar miq, D\u00ebshiroj t\u00eb ndaj me Ju nj\u00eb lajm t\u00eb r\u00ebnd\u00ebsish\u00ebm q\u00eb t\u00eb b\u00ebj\u00eb me ligjin p\u00ebr vet\u00ebqeverisje lokale, gjegj\u00ebsisht ligj ky q\u00eb definon Mal\u00ebsin\u00eb si","og_url":"https:\/\/www.visit-ulcinj.com\/blog\/2016\/07\/21\/gjeloshaj-malesia-komune-e-plote-afer-se-kurre\/","og_site_name":"Lajme nga Ulqini","article_published_time":"2016-07-21T19:47:04+00:00","og_image":[{"url":"http:\/\/www.visit-ulcinj.com\/blog\/wp-content\/uploads\/2016\/06\/Nik-Gjeloshaj-emisioni-Diplomaticus.jpg"}],"twitter_misc":{"Written by":"ulqini","Est. reading time":"3 minutes"},"schema":{"@context":"https:\/\/schema.org","@graph":[{"@type":"WebSite","@id":"https:\/\/www.visit-ulcinj.com\/blog\/#website","url":"https:\/\/www.visit-ulcinj.com\/blog\/","name":"Lajme nga Ulqini","description":"Lajme,Vijesti,Ulqini,Ulqin,Crna Gora,Mali i Zi","potentialAction":[{"@type":"SearchAction","target":{"@type":"EntryPoint","urlTemplate":"https:\/\/www.visit-ulcinj.com\/blog\/?s={search_term_string}"},"query-input":"required name=search_term_string"}],"inLanguage":"en-US"},{"@type":"ImageObject","inLanguage":"en-US","@id":"https:\/\/www.visit-ulcinj.com\/blog\/2016\/07\/21\/gjeloshaj-malesia-komune-e-plote-afer-se-kurre\/#primaryimage","url":"https:\/\/www.visit-ulcinj.com\/blog\/wp-content\/uploads\/2016\/06\/Nik-Gjeloshaj-emisioni-Diplomaticus.jpg","contentUrl":"https:\/\/www.visit-ulcinj.com\/blog\/wp-content\/uploads\/2016\/06\/Nik-Gjeloshaj-emisioni-Diplomaticus.jpg","width":960,"height":540},{"@type":"WebPage","@id":"https:\/\/www.visit-ulcinj.com\/blog\/2016\/07\/21\/gjeloshaj-malesia-komune-e-plote-afer-se-kurre\/#webpage","url":"https:\/\/www.visit-ulcinj.com\/blog\/2016\/07\/21\/gjeloshaj-malesia-komune-e-plote-afer-se-kurre\/","name":"Gjeloshaj: Mal\u00ebsia Komun\u00eb e plot\u00eb m\u00eb af\u00ebr se kurr\u00eb - Lajme nga Ulqini","isPartOf":{"@id":"https:\/\/www.visit-ulcinj.com\/blog\/#website"},"primaryImageOfPage":{"@id":"https:\/\/www.visit-ulcinj.com\/blog\/2016\/07\/21\/gjeloshaj-malesia-komune-e-plote-afer-se-kurre\/#primaryimage"},"datePublished":"2016-07-21T19:47:04+00:00","dateModified":"2016-07-21T19:47:04+00:00","author":{"@id":"https:\/\/www.visit-ulcinj.com\/blog\/#\/schema\/person\/dcab619c614d3038751c63bc2aadc06d"},"description":"T\u00eb nderuar miq, D\u00ebshiroj t\u00eb ndaj me Ju nj\u00eb lajm t\u00eb r\u00ebnd\u00ebsish\u00ebm q\u00eb t\u00eb b\u00ebj\u00eb me ligjin p\u00ebr vet\u00ebqeverisje lokale, gjegj\u00ebsisht ligj ky q\u00eb definon Mal\u00ebsin\u00eb si","breadcrumb":{"@id":"https:\/\/www.visit-ulcinj.com\/blog\/2016\/07\/21\/gjeloshaj-malesia-komune-e-plote-afer-se-kurre\/#breadcrumb"},"inLanguage":"en-US","potentialAction":[{"@type":"ReadAction","target":["https:\/\/www.visit-ulcinj.com\/blog\/2016\/07\/21\/gjeloshaj-malesia-komune-e-plote-afer-se-kurre\/"]}]},{"@type":"BreadcrumbList","@id":"https:\/\/www.visit-ulcinj.com\/blog\/2016\/07\/21\/gjeloshaj-malesia-komune-e-plote-afer-se-kurre\/#breadcrumb","itemListElement":[{"@type":"ListItem","position":1,"name":"Gjeloshaj: Mal\u00ebsia Komun\u00eb e plot\u00eb m\u00eb af\u00ebr se kurr\u00eb"}]},{"@type":"Person","@id":"https:\/\/www.visit-ulcinj.com\/blog\/#\/schema\/person\/dcab619c614d3038751c63bc2aadc06d","name":"ulqini","sameAs":["http:\/\/www.visit-ulcinj.com"],"url":"https:\/\/www.visit-ulcinj.com\/blog\/author\/admin\/"}]}},"jetpack_featured_media_url":"","jetpack_sharing_enabled":true,"jetpack_shortlink":"https:\/\/wp.me\/pe6lTn-pD4","_links":{"self":[{"href":"https:\/\/www.visit-ulcinj.com\/blog\/wp-json\/wp\/v2\/posts\/98522"}],"collection":[{"href":"https:\/\/www.visit-ulcinj.com\/blog\/wp-json\/wp\/v2\/posts"}],"about":[{"href":"https:\/\/www.visit-ulcinj.com\/blog\/wp-json\/wp\/v2\/types\/post"}],"author":[{"embeddable":true,"href":"https:\/\/www.visit-ulcinj.com\/blog\/wp-json\/wp\/v2\/users\/1"}],"replies":[{"embeddable":true,"href":"https:\/\/www.visit-ulcinj.com\/blog\/wp-json\/wp\/v2\/comments?post=98522"}],"version-history":[{"count":1,"href":"https:\/\/www.visit-ulcinj.com\/blog\/wp-json\/wp\/v2\/posts\/98522\/revisions"}],"predecessor-version":[{"id":98523,"href":"https:\/\/www.visit-ulcinj.com\/blog\/wp-json\/wp\/v2\/posts\/98522\/revisions\/98523"}],"wp:attachment":[{"href":"https:\/\/www.visit-ulcinj.com\/blog\/wp-json\/wp\/v2\/media?parent=98522"}],"wp:term":[{"taxonomy":"category","embeddable":true,"href":"https:\/\/www.visit-ulcinj.com\/blog\/wp-json\/wp\/v2\/categories?post=98522"},{"taxonomy":"post_tag","embeddable":true,"href":"https:\/\/www.visit-ulcinj.com\/blog\/wp-json\/wp\/v2\/tags?post=98522"}],"curies":[{"name":"wp","href":"https:\/\/api.w.org\/{rel}","templated":true}]}}