{"id":98524,"date":"2016-07-21T20:57:27","date_gmt":"2016-07-21T19:57:27","guid":{"rendered":"http:\/\/www.visit-ulcinj.com\/blog\/?p=98524"},"modified":"2016-07-21T20:57:27","modified_gmt":"2016-07-21T19:57:27","slug":"npcg-nastaviti-proizvodnju-u-ulcinjskoj-solani","status":"publish","type":"post","link":"https:\/\/www.visit-ulcinj.com\/blog\/2016\/07\/21\/npcg-nastaviti-proizvodnju-u-ulcinjskoj-solani\/","title":{"rendered":"NPCG: Nastaviti proizvodnju u Ulcinjskoj Solani"},"content":{"rendered":"<div id=\"attachment_2742\" style=\"width: 518px\" class=\"wp-caption alignleft\"><a href=\"http:\/\/www.visit-ulcinj.com\/blog\/wp-content\/uploads\/2008\/08\/44_ulcinj-soparlo.jpg\"><img aria-describedby=\"caption-attachment-2742\" loading=\"lazy\" class=\"wp-image-2742\" src=\"http:\/\/www.visit-ulcinj.com\/blog\/wp-content\/uploads\/2008\/08\/44_ulcinj-soparlo.jpg\" alt=\"Solana &quot;Bajo Sekuli?&quot;Ulcinj\" width=\"508\" height=\"381\" srcset=\"https:\/\/www.visit-ulcinj.com\/blog\/wp-content\/uploads\/2008\/08\/44_ulcinj-soparlo.jpg 566w, https:\/\/www.visit-ulcinj.com\/blog\/wp-content\/uploads\/2008\/08\/44_ulcinj-soparlo-300x225.jpg 300w\" sizes=\"(max-width: 508px) 100vw, 508px\" \/><\/a><p id=\"caption-attachment-2742\" class=\"wp-caption-text\">Solana &#8220;Bajo Sekuli?&#8221;Ulcinj<\/p><\/div>\n<p><strong>U Solani &#8220;Bajo Sekuli\u0107&#8221; je klju\u010dno nastaviti proizvodnju soli, ali je aspekt za\u0161tite nesporan, ocijenili su obra\u0111iva\u010di Prostornog plana posebne namjene za obalno podru\u010dje (PPPNOP) i Prostorno urbanisti\u010dkog plana (PUP) Ulcinj.<\/strong><\/p>\n<p>Iz Javnog preduze\u0107a Nacionalni parkovi Crne Gore (NPCG) saop\u0161tili su da je danas odr\u017eana prezentacija PPPNOP-a i PUP-a Ulcinj u dijelu planskih rije\u0161enja koja se odnose na prostor Solane, za \u010dlanove Savjetodavnog tijela za to preduze\u0107e.<\/p>\n<p>&#8220;Cilj prezentacije je bio otklanjanje nejasno\u0107a i nedoumica kada je planiranje na prostoru Solane u pitanju, a koje su postojale kao produkt razli\u010ditih verzija planova koje su prezentovane javnosti od po\u010detka izrade ta dva zna\u010dajna planska dokumenta, kada je prostor Solane u pitanju&#8221;, navodi se u saop\u0161tenju.<\/p>\n<p>Obra\u0111iva\u010di planova upoznali su \u010dlanove Savjetodavnog tijela za Solanu sa rije\u0161enjima koja su predvi\u0111ena u PPPNOP, kao i u PUP Ulcinj za taj prostor.<\/p>\n<p>PPPNOP, kako su naveli, posebno tretira podru\u010dje Solane, ne uklju\u010duju\u0107i samo aspekat za\u0161tite, ve\u0107 i njegovu valorizaciju kako turisti\u010dku, tako i ekonomsku.<\/p>\n<p>&#8220;Planeri su na prezentaciji ocijenili da je u Solani klju\u010dno nastaviti proizvodnju soli, ali da je aspekt za\u0161tite nesporan&#8221;, navodi se u saop\u0161tenju.<\/p>\n<p>\u010clanovi Savjetodavnog tijela za Solanu konstatovali su da je potrebno da se ta dva planska dokumenta u potpunosti usklade.<\/p>\n<p>&#8220;Jednako je va\u017eno definisati na\u010din na koji \u0107e se u budu\u0107nosti tretirati Solana, odnosno koji stepen za\u0161tite \u0107e u\u017eivati, a koji treba definisati kroz reviziju studije za\u0161tite&#8221;, dodaje se u saop\u0161tenju.<\/p>\n<p>Kao jedan od va\u017enih aspekata navedena je i ekonomska odr\u017eivost Solane, a kao problem na tom podru\u010dju prepoznata je i nelegalna i nekontrolisana gradnja u njenoj blizini.<\/p>\n<p>NPCG je krajem avgusta pro\u0161le godine zaklju\u010dio ugovor o jednogodi\u0161njem zakupu cjelokupne nepokretne i pokretne imovine Solane &#8220;Bajo Sekuli\u0107&#8221;, a ste\u010dajni upravnik je nedavno raspisao javni poziv za prikupljanje ponuda za uzimanje u zakup imovine tog preduze\u0107a.<\/p>\n<p>Izvor: MINA \/ RTCG<\/p>\n<p>&nbsp;<\/p>\n","protected":false},"excerpt":{"rendered":"<p>U Solani &#8220;Bajo Sekuli\u0107&#8221; je klju\u010dno nastaviti proizvodnju soli, ali je aspekt za\u0161tite nesporan, ocijenili su obra\u0111iva\u010di Prostornog plana posebne namjene za obalno podru\u010dje (PPPNOP) i Prostorno urbanisti\u010dkog plana (PUP) Ulcinj. Iz Javnog preduze\u0107a Nacionalni parkovi Crne Gore (NPCG) saop\u0161tili su da je danas odr\u017eana prezentacija PPPNOP-a i PUP-a Ulcinj u dijelu planskih rije\u0161enja koja [&hellip;]<\/p>\n","protected":false},"author":1,"featured_media":0,"comment_status":"closed","ping_status":"closed","sticky":false,"template":"","format":"standard","meta":{"spay_email":"","jetpack_publicize_message":"","jetpack_is_tweetstorm":false,"jetpack_publicize_feature_enabled":true},"categories":[6950],"tags":[],"jetpack_publicize_connections":[],"yoast_head":"<!-- This site is optimized with the Yoast SEO plugin v19.1 - https:\/\/yoast.com\/wordpress\/plugins\/seo\/ -->\n<title>NPCG: Nastaviti proizvodnju u Ulcinjskoj Solani - Lajme nga Ulqini<\/title>\n<meta name=\"description\" content=\"U Solani &quot;Bajo Sekuli\u0107&quot; je klju\u010dno nastaviti proizvodnju soli, ali je aspekt za\u0161tite nesporan, ocijenili su obra\u0111iva\u010di Prostornog plana posebne namjene za\" \/>\n<meta name=\"robots\" content=\"index, follow, max-snippet:-1, max-image-preview:large, max-video-preview:-1\" \/>\n<link rel=\"canonical\" href=\"https:\/\/www.visit-ulcinj.com\/blog\/2016\/07\/21\/npcg-nastaviti-proizvodnju-u-ulcinjskoj-solani\/\" \/>\n<meta property=\"og:locale\" content=\"en_US\" \/>\n<meta property=\"og:type\" content=\"article\" \/>\n<meta property=\"og:title\" content=\"NPCG: Nastaviti proizvodnju u Ulcinjskoj Solani - Lajme nga Ulqini\" \/>\n<meta property=\"og:description\" content=\"U Solani &quot;Bajo Sekuli\u0107&quot; je klju\u010dno nastaviti proizvodnju soli, ali je aspekt za\u0161tite nesporan, ocijenili su obra\u0111iva\u010di Prostornog plana posebne namjene za\" \/>\n<meta property=\"og:url\" content=\"https:\/\/www.visit-ulcinj.com\/blog\/2016\/07\/21\/npcg-nastaviti-proizvodnju-u-ulcinjskoj-solani\/\" \/>\n<meta property=\"og:site_name\" content=\"Lajme nga Ulqini\" \/>\n<meta property=\"article:published_time\" content=\"2016-07-21T19:57:27+00:00\" \/>\n<meta property=\"og:image\" content=\"http:\/\/www.visit-ulcinj.com\/blog\/wp-content\/uploads\/2008\/08\/44_ulcinj-soparlo.jpg\" \/>\n<meta name=\"twitter:label1\" content=\"Written by\" \/>\n\t<meta name=\"twitter:data1\" content=\"ulqini\" \/>\n\t<meta name=\"twitter:label2\" content=\"Est. reading time\" \/>\n\t<meta name=\"twitter:data2\" content=\"2 minutes\" \/>\n<script type=\"application\/ld+json\" class=\"yoast-schema-graph\">{\"@context\":\"https:\/\/schema.org\",\"@graph\":[{\"@type\":\"WebSite\",\"@id\":\"https:\/\/www.visit-ulcinj.com\/blog\/#website\",\"url\":\"https:\/\/www.visit-ulcinj.com\/blog\/\",\"name\":\"Lajme nga Ulqini\",\"description\":\"Lajme,Vijesti,Ulqini,Ulqin,Crna Gora,Mali i Zi\",\"potentialAction\":[{\"@type\":\"SearchAction\",\"target\":{\"@type\":\"EntryPoint\",\"urlTemplate\":\"https:\/\/www.visit-ulcinj.com\/blog\/?s={search_term_string}\"},\"query-input\":\"required name=search_term_string\"}],\"inLanguage\":\"en-US\"},{\"@type\":\"ImageObject\",\"inLanguage\":\"en-US\",\"@id\":\"https:\/\/www.visit-ulcinj.com\/blog\/2016\/07\/21\/npcg-nastaviti-proizvodnju-u-ulcinjskoj-solani\/#primaryimage\",\"url\":\"http:\/\/www.visit-ulcinj.com\/blog\/wp-content\/uploads\/2008\/08\/44_ulcinj-soparlo.jpg\",\"contentUrl\":\"http:\/\/www.visit-ulcinj.com\/blog\/wp-content\/uploads\/2008\/08\/44_ulcinj-soparlo.jpg\"},{\"@type\":\"WebPage\",\"@id\":\"https:\/\/www.visit-ulcinj.com\/blog\/2016\/07\/21\/npcg-nastaviti-proizvodnju-u-ulcinjskoj-solani\/#webpage\",\"url\":\"https:\/\/www.visit-ulcinj.com\/blog\/2016\/07\/21\/npcg-nastaviti-proizvodnju-u-ulcinjskoj-solani\/\",\"name\":\"NPCG: Nastaviti proizvodnju u Ulcinjskoj Solani - Lajme nga Ulqini\",\"isPartOf\":{\"@id\":\"https:\/\/www.visit-ulcinj.com\/blog\/#website\"},\"primaryImageOfPage\":{\"@id\":\"https:\/\/www.visit-ulcinj.com\/blog\/2016\/07\/21\/npcg-nastaviti-proizvodnju-u-ulcinjskoj-solani\/#primaryimage\"},\"datePublished\":\"2016-07-21T19:57:27+00:00\",\"dateModified\":\"2016-07-21T19:57:27+00:00\",\"author\":{\"@id\":\"https:\/\/www.visit-ulcinj.com\/blog\/#\/schema\/person\/dcab619c614d3038751c63bc2aadc06d\"},\"description\":\"U Solani \\\"Bajo Sekuli\u0107\\\" je klju\u010dno nastaviti proizvodnju soli, ali je aspekt za\u0161tite nesporan, ocijenili su obra\u0111iva\u010di Prostornog plana posebne namjene za\",\"breadcrumb\":{\"@id\":\"https:\/\/www.visit-ulcinj.com\/blog\/2016\/07\/21\/npcg-nastaviti-proizvodnju-u-ulcinjskoj-solani\/#breadcrumb\"},\"inLanguage\":\"en-US\",\"potentialAction\":[{\"@type\":\"ReadAction\",\"target\":[\"https:\/\/www.visit-ulcinj.com\/blog\/2016\/07\/21\/npcg-nastaviti-proizvodnju-u-ulcinjskoj-solani\/\"]}]},{\"@type\":\"BreadcrumbList\",\"@id\":\"https:\/\/www.visit-ulcinj.com\/blog\/2016\/07\/21\/npcg-nastaviti-proizvodnju-u-ulcinjskoj-solani\/#breadcrumb\",\"itemListElement\":[{\"@type\":\"ListItem\",\"position\":1,\"name\":\"NPCG: Nastaviti proizvodnju u Ulcinjskoj Solani\"}]},{\"@type\":\"Person\",\"@id\":\"https:\/\/www.visit-ulcinj.com\/blog\/#\/schema\/person\/dcab619c614d3038751c63bc2aadc06d\",\"name\":\"ulqini\",\"sameAs\":[\"http:\/\/www.visit-ulcinj.com\"],\"url\":\"https:\/\/www.visit-ulcinj.com\/blog\/author\/admin\/\"}]}<\/script>\n<!-- \/ Yoast SEO plugin. -->","yoast_head_json":{"title":"NPCG: Nastaviti proizvodnju u Ulcinjskoj Solani - Lajme nga Ulqini","description":"U Solani \"Bajo Sekuli\u0107\" je klju\u010dno nastaviti proizvodnju soli, ali je aspekt za\u0161tite nesporan, ocijenili su obra\u0111iva\u010di Prostornog plana posebne namjene za","robots":{"index":"index","follow":"follow","max-snippet":"max-snippet:-1","max-image-preview":"max-image-preview:large","max-video-preview":"max-video-preview:-1"},"canonical":"https:\/\/www.visit-ulcinj.com\/blog\/2016\/07\/21\/npcg-nastaviti-proizvodnju-u-ulcinjskoj-solani\/","og_locale":"en_US","og_type":"article","og_title":"NPCG: Nastaviti proizvodnju u Ulcinjskoj Solani - Lajme nga Ulqini","og_description":"U Solani \"Bajo Sekuli\u0107\" je klju\u010dno nastaviti proizvodnju soli, ali je aspekt za\u0161tite nesporan, ocijenili su obra\u0111iva\u010di Prostornog plana posebne namjene za","og_url":"https:\/\/www.visit-ulcinj.com\/blog\/2016\/07\/21\/npcg-nastaviti-proizvodnju-u-ulcinjskoj-solani\/","og_site_name":"Lajme nga Ulqini","article_published_time":"2016-07-21T19:57:27+00:00","og_image":[{"url":"http:\/\/www.visit-ulcinj.com\/blog\/wp-content\/uploads\/2008\/08\/44_ulcinj-soparlo.jpg"}],"twitter_misc":{"Written by":"ulqini","Est. reading time":"2 minutes"},"schema":{"@context":"https:\/\/schema.org","@graph":[{"@type":"WebSite","@id":"https:\/\/www.visit-ulcinj.com\/blog\/#website","url":"https:\/\/www.visit-ulcinj.com\/blog\/","name":"Lajme nga Ulqini","description":"Lajme,Vijesti,Ulqini,Ulqin,Crna Gora,Mali i Zi","potentialAction":[{"@type":"SearchAction","target":{"@type":"EntryPoint","urlTemplate":"https:\/\/www.visit-ulcinj.com\/blog\/?s={search_term_string}"},"query-input":"required name=search_term_string"}],"inLanguage":"en-US"},{"@type":"ImageObject","inLanguage":"en-US","@id":"https:\/\/www.visit-ulcinj.com\/blog\/2016\/07\/21\/npcg-nastaviti-proizvodnju-u-ulcinjskoj-solani\/#primaryimage","url":"http:\/\/www.visit-ulcinj.com\/blog\/wp-content\/uploads\/2008\/08\/44_ulcinj-soparlo.jpg","contentUrl":"http:\/\/www.visit-ulcinj.com\/blog\/wp-content\/uploads\/2008\/08\/44_ulcinj-soparlo.jpg"},{"@type":"WebPage","@id":"https:\/\/www.visit-ulcinj.com\/blog\/2016\/07\/21\/npcg-nastaviti-proizvodnju-u-ulcinjskoj-solani\/#webpage","url":"https:\/\/www.visit-ulcinj.com\/blog\/2016\/07\/21\/npcg-nastaviti-proizvodnju-u-ulcinjskoj-solani\/","name":"NPCG: Nastaviti proizvodnju u Ulcinjskoj Solani - Lajme nga Ulqini","isPartOf":{"@id":"https:\/\/www.visit-ulcinj.com\/blog\/#website"},"primaryImageOfPage":{"@id":"https:\/\/www.visit-ulcinj.com\/blog\/2016\/07\/21\/npcg-nastaviti-proizvodnju-u-ulcinjskoj-solani\/#primaryimage"},"datePublished":"2016-07-21T19:57:27+00:00","dateModified":"2016-07-21T19:57:27+00:00","author":{"@id":"https:\/\/www.visit-ulcinj.com\/blog\/#\/schema\/person\/dcab619c614d3038751c63bc2aadc06d"},"description":"U Solani \"Bajo Sekuli\u0107\" je klju\u010dno nastaviti proizvodnju soli, ali je aspekt za\u0161tite nesporan, ocijenili su obra\u0111iva\u010di Prostornog plana posebne namjene za","breadcrumb":{"@id":"https:\/\/www.visit-ulcinj.com\/blog\/2016\/07\/21\/npcg-nastaviti-proizvodnju-u-ulcinjskoj-solani\/#breadcrumb"},"inLanguage":"en-US","potentialAction":[{"@type":"ReadAction","target":["https:\/\/www.visit-ulcinj.com\/blog\/2016\/07\/21\/npcg-nastaviti-proizvodnju-u-ulcinjskoj-solani\/"]}]},{"@type":"BreadcrumbList","@id":"https:\/\/www.visit-ulcinj.com\/blog\/2016\/07\/21\/npcg-nastaviti-proizvodnju-u-ulcinjskoj-solani\/#breadcrumb","itemListElement":[{"@type":"ListItem","position":1,"name":"NPCG: Nastaviti proizvodnju u Ulcinjskoj Solani"}]},{"@type":"Person","@id":"https:\/\/www.visit-ulcinj.com\/blog\/#\/schema\/person\/dcab619c614d3038751c63bc2aadc06d","name":"ulqini","sameAs":["http:\/\/www.visit-ulcinj.com"],"url":"https:\/\/www.visit-ulcinj.com\/blog\/author\/admin\/"}]}},"jetpack_featured_media_url":"","jetpack_sharing_enabled":true,"jetpack_shortlink":"https:\/\/wp.me\/pe6lTn-pD6","_links":{"self":[{"href":"https:\/\/www.visit-ulcinj.com\/blog\/wp-json\/wp\/v2\/posts\/98524"}],"collection":[{"href":"https:\/\/www.visit-ulcinj.com\/blog\/wp-json\/wp\/v2\/posts"}],"about":[{"href":"https:\/\/www.visit-ulcinj.com\/blog\/wp-json\/wp\/v2\/types\/post"}],"author":[{"embeddable":true,"href":"https:\/\/www.visit-ulcinj.com\/blog\/wp-json\/wp\/v2\/users\/1"}],"replies":[{"embeddable":true,"href":"https:\/\/www.visit-ulcinj.com\/blog\/wp-json\/wp\/v2\/comments?post=98524"}],"version-history":[{"count":1,"href":"https:\/\/www.visit-ulcinj.com\/blog\/wp-json\/wp\/v2\/posts\/98524\/revisions"}],"predecessor-version":[{"id":98525,"href":"https:\/\/www.visit-ulcinj.com\/blog\/wp-json\/wp\/v2\/posts\/98524\/revisions\/98525"}],"wp:attachment":[{"href":"https:\/\/www.visit-ulcinj.com\/blog\/wp-json\/wp\/v2\/media?parent=98524"}],"wp:term":[{"taxonomy":"category","embeddable":true,"href":"https:\/\/www.visit-ulcinj.com\/blog\/wp-json\/wp\/v2\/categories?post=98524"},{"taxonomy":"post_tag","embeddable":true,"href":"https:\/\/www.visit-ulcinj.com\/blog\/wp-json\/wp\/v2\/tags?post=98524"}],"curies":[{"name":"wp","href":"https:\/\/api.w.org\/{rel}","templated":true}]}}