{"id":98534,"date":"2016-07-21T22:00:42","date_gmt":"2016-07-21T21:00:42","guid":{"rendered":"http:\/\/www.visit-ulcinj.com\/blog\/?p=98534"},"modified":"2016-07-23T17:02:32","modified_gmt":"2016-07-23T16:02:32","slug":"kastriot-myftaraj-erdogan-eshte-origjine-shqiptare-nga-kraja-e-malit-te-zi","status":"publish","type":"post","link":"https:\/\/www.visit-ulcinj.com\/blog\/2016\/07\/21\/kastriot-myftaraj-erdogan-eshte-origjine-shqiptare-nga-kraja-e-malit-te-zi\/","title":{"rendered":"Kastriot Myftaraj: Erdogan \u00ebsht\u00eb me origjin\u00eb shqiptare, nga Kraja e Malit t\u00eb Zi"},"content":{"rendered":"<div>\n<p><a href=\"http:\/\/www.visit-ulcinj.com\/blog\/wp-content\/uploads\/2016\/07\/Erdogan.jpg\"><img loading=\"lazy\" class=\"alignleft wp-image-98536\" src=\"http:\/\/www.visit-ulcinj.com\/blog\/wp-content\/uploads\/2016\/07\/Erdogan.jpg\" alt=\"Erdogan\" width=\"508\" height=\"295\" \/><\/a>Erdogani, ashtu si Ataturku dikur, nuk ka parap\u00eblqyer t\u00eb flas\u00eb p\u00ebr origjin\u00ebn e familjes s\u00eb tij. Duke qen\u00eb se n\u00eb Turqi nuk gjenden rr\u00ebnj\u00ebt e familjes s\u00eb tij, pati spekulime se Erdogani \u00ebsht\u00eb me origjin\u00eb gjeorgjiane, madje armene. N\u00eb vitin 2003, kur Erdogan u b\u00eb kryeminist\u00ebr, ai e gjeti t\u00eb arsyeshme t\u2019 i mohonte k\u00ebto hipoteza, por pa dh\u00ebn\u00eb shpjegime t\u00eb detajuara p\u00ebr origjin\u00ebn e familjes s\u00eb tij, duke u mjaftuar t\u00eb thot\u00eb n\u00eb m\u00ebnyr\u00eb t\u00eb pap\u00ebrcaktuar se ai \u00ebsht\u00eb turk.<\/p>\n<p>Por Turqia \u00ebsht\u00eb nj\u00eb vend ku ka nj\u00eb tradit\u00eb t\u00eb fort\u00eb fisnore dhe turqit autokton\u00eb, e ruajn\u00eb vet\u00ebdijen e rr\u00ebnjve t\u00eb tyre, si prejardhje fisnore, si vendlindje familjare (krahin\u00eb e madje fshat, apo lagje qyteti). Edhe Erdogan sigurisht q\u00eb e njeh origjin\u00ebn e tij, por ka arsyet e tij p\u00ebr t\u00eb mos e treguar at\u00eb. Erdogan me shum\u00eb mund\u00ebsi \u00ebsht\u00eb shqiptar.<\/p>\n<p>P\u00ebr k\u00ebt\u00eb kam nj\u00eb informat\u00eb nga nj\u00eb njeri shum\u00eb serioz, nj\u00eb shkenc\u00ebtar, i cili nuk ka asnj\u00eb arsye p\u00ebr t\u00eb g\u00ebnjyer, dhe t\u00eb dh\u00ebnat e t\u00eb cilit gjithsesi mund t\u00eb sh\u00ebrbejn\u00eb si premis\u00eb p\u00ebr k\u00ebrkime t\u00eb m\u00ebtejshme. Disa vite m\u00eb par\u00eb, duke pir\u00eb kafe me profesor Osman Kraj\u00ebn, ish-rektor i Universitetit Shtet\u00ebror t\u00eb Tiran\u00ebs n\u00eb vitet \u201980 dhe ish-ambasador m\u00eb von\u00eb, ai m\u00eb tregoi nj\u00eb histori familjare shum\u00eb interesante. Familja e profesorit kishte emigruar n\u00eb Stamboll p\u00ebr shkaqe ekonomike n\u00eb koh\u00ebn e Perandoris\u00eb Osmane. Ashtu si\u00e7 e tregon dhe mbiemri i profesorit, familja e tij \u00ebsht\u00eb me origjin\u00eb nga Kraja, nj\u00eb krahin\u00eb e populluar me shqiptar\u00eb n\u00eb jugper\u00ebndim t\u00eb Liqenit t\u00eb Shkodr\u00ebs, dhe q\u00eb gjendet n\u00eb Malin e Zi t\u00eb sot\u00ebm. Sot banor\u00ebt e t\u00eb n\u00ebnt\u00eb fshatrave t\u00eb Kraj\u00ebs jan\u00eb deklaruar t\u00eb gjith\u00eb shqiptar\u00eb n\u00eb censuset e mbajtur n\u00eb Mal t\u00eb Zi.<\/p>\n<p>Profesor Osman Kraja ka lindur n\u00eb 1930 n\u00eb Stamboll. N\u00eb at\u00eb koh\u00eb babai i tij, Ibrahimi dhe babai i Rexhep Taip Erdoganit, Ahmeti ishin moshatar\u00eb, dhe me shum\u00eb gjas\u00eb edhe kush\u00ebrinj. Ahmet Erdogan zyrtarisht ka lindur n\u00eb 1905 dhe ka vdekur n\u00eb 1988. Ibrahimi dhe Ahmeti kishin miq\u00ebsi dhe me sa duket ndihmonin dhe nj\u00ebri-tjetrin n\u00eb ato koh\u00eb t\u00eb v\u00ebshtira, si shqiptar\u00eb nga e nj\u00ebjta krahin\u00eb q\u00eb ishin t\u00eb dy.<br \/>\nN\u00eb vitet \u201930 t\u00eb shekullit t\u00eb kaluar ekonomia e Turqis\u00eb u prek r\u00ebnd\u00eb nga kriza ekonomike bot\u00ebrore, e njohur si R\u00ebnia e Madhe. Shum\u00eb tregtar\u00eb t\u00eb vegj\u00ebl falimentuan e k\u00ebshtu ndodhi edhe me Ibrahimin dhe Ahmetin. Ky i fundit ishte shit\u00ebs simitesh, nj\u00eb tregti q\u00eb m\u00eb pas e ka ushtruar edhe vet\u00eb Rexhepi.<br \/>\nShum\u00eb shqiptar\u00eb t\u00eb Turqis\u00eb u kthyen n\u00eb Shqip\u00ebri p\u00ebr shkak t\u00eb kriz\u00ebs ekonomike. Nd\u00ebr ta ishte dhe familja e profesor Osman Kraj\u00ebs. Ndoshta k\u00ebshtu do t\u00eb kishte b\u00ebr\u00eb edhe Ahmeti me familjen e tij, n\u00ebse nuk do t\u00eb kishte gjetur befas nj\u00eb pun\u00eb n\u00eb Rojen Bregdetare n\u00eb Turqin\u00eb verlindore. K\u00ebshtu, Ahmed Erdogan u largua nga Stambolli me familjen dhe u vendos atje. N\u00eb koh\u00ebn kur lindi Rexhepi familja ishte rikthyer n\u00eb Stamboll.<\/p>\n<p>Mbiemri \u201cErdogan\u201d nuk duhet ta na gaboj\u00eb, ashtu q\u00eb t\u00eb k\u00ebrkojm\u00eb njer\u00ebz me k\u00ebt\u00eb mbiem\u00ebr n\u00eb fshatrat e Kraj\u00ebs. Deri n\u00eb vitin 1934 banor\u00ebt e Turqis\u00eb nuk kishin mbiemra. N\u00eb vitin 1934 Ataturku nxorri nj\u00eb ligj q\u00eb i detyronte turqit t\u00eb kishin mbiemra. Me k\u00ebt\u00eb rast familja e Ahmetit ka marr\u00eb mbiemrin \u201cErdogan\u201d. Fjala \u201cErdogan\u201d n\u00eb turqisht do t\u00eb thot\u00eb \u201cnjeri trim si skifteri (falconi)\u201d. N\u00eb shum\u00eb raste mbiemrat i vendosnin n\u00ebpun\u00ebsit e zyr\u00ebs s\u00eb gjendjes civile, ose ndonj\u00eb zyrtar mb\u00ebshtetjen e t\u00eb cilit e kishte personi. Me shum\u00eb gjas\u00eb, Ahmeti e ka marr\u00eb mbiemrin \u201cErdogan\u201d kur shkoi t\u00eb k\u00ebrkonte pun\u00eb n\u00eb Erzurum (provinca Rize). Rojet bregdetare duhet t\u00eb luftonin me kontrabandi\u00ebst\u00ebt dhe ata duhet t\u00eb ishin trima si skifter\u00eb. Prandaj dikush q\u00eb do ta ndihmonte Ahmetin t\u00eb hynte n\u00eb Roj\u00ebn Bregdetare si sugjeroi k\u00ebt\u00eb mbiem\u00ebr si kredencial. K\u00ebshtu familja mori mbiemrin q\u00eb m\u00eb pas do t\u00eb b\u00ebhej i famsh\u00ebm.<\/p>\n<p>N\u00ebse e shikon me v\u00ebmendje Rexhep Taip Erdoganin nga pik\u00ebpamja antropologjike, ai ka tiparet e njeriut t\u00eb zon\u00ebs s\u00eb Kraj\u00ebs. Erdogani \u00ebsht\u00eb shtatlart\u00eb, i bardh\u00eb n\u00eb fytyr\u00eb, ndryshe nga \u00e7\u2019 krijohet p\u00ebrshtypja kur e sheh n\u00eb televizor ku t\u00eb krijon p\u00ebrshtypjen e nj\u00eb njeriu disi zeshkan. N\u00eb aspektin kraniologjik (forma e kafk\u00ebs) Erdogan nuk ngjan aspak me llojin e turkut t\u00eb Anadollit. Erdogan t\u00eb ngjan \u00e7udit\u00ebrisht shum\u00eb me tipin e shqiptarit t\u00eb Shqip\u00ebris\u00eb Veriper\u00ebndimore, ashtu si\u00e7 na shfaqet n\u00eb pikturat dhe gravurat e piktor\u00ebve t\u00eb huaj, t\u00eb shekullit XIX.\/Kastriot Myftaraj<\/p>\n<\/div>\n<div>\u00a9 ZHURNAL.mk<\/div>\n","protected":false},"excerpt":{"rendered":"<p>Erdogani, ashtu si Ataturku dikur, nuk ka parap\u00eblqyer t\u00eb flas\u00eb p\u00ebr origjin\u00ebn e familjes s\u00eb tij. Duke qen\u00eb se n\u00eb Turqi nuk gjenden rr\u00ebnj\u00ebt e familjes s\u00eb tij, pati spekulime se Erdogani \u00ebsht\u00eb me origjin\u00eb gjeorgjiane, madje armene. N\u00eb vitin 2003, kur Erdogan u b\u00eb kryeminist\u00ebr, ai e gjeti t\u00eb arsyeshme t\u2019 i mohonte k\u00ebto [&hellip;]<\/p>\n","protected":false},"author":1,"featured_media":0,"comment_status":"closed","ping_status":"closed","sticky":false,"template":"","format":"standard","meta":{"spay_email":"","jetpack_publicize_message":"","jetpack_is_tweetstorm":false,"jetpack_publicize_feature_enabled":true},"categories":[7,13],"tags":[],"jetpack_publicize_connections":[],"yoast_head":"<!-- This site is optimized with the Yoast SEO plugin v19.1 - https:\/\/yoast.com\/wordpress\/plugins\/seo\/ -->\n<title>Kastriot Myftaraj: Erdogan \u00ebsht\u00eb me origjin\u00eb shqiptare, nga Kraja e Malit t\u00eb Zi - Lajme nga Ulqini<\/title>\n<meta name=\"description\" content=\"Erdogani, ashtu si Ataturku dikur, nuk ka parap\u00eblqyer t\u00eb flas\u00eb p\u00ebr origjin\u00ebn e familjes s\u00eb tij. Duke qen\u00eb se n\u00eb Turqi nuk gjenden rr\u00ebnj\u00ebt e familjes s\u00eb\" \/>\n<meta name=\"robots\" content=\"index, follow, max-snippet:-1, max-image-preview:large, max-video-preview:-1\" \/>\n<link rel=\"canonical\" href=\"https:\/\/www.visit-ulcinj.com\/blog\/2016\/07\/21\/kastriot-myftaraj-erdogan-eshte-origjine-shqiptare-nga-kraja-e-malit-te-zi\/\" \/>\n<meta property=\"og:locale\" content=\"en_US\" \/>\n<meta property=\"og:type\" content=\"article\" \/>\n<meta property=\"og:title\" content=\"Kastriot Myftaraj: Erdogan \u00ebsht\u00eb me origjin\u00eb shqiptare, nga Kraja e Malit t\u00eb Zi - Lajme nga Ulqini\" \/>\n<meta property=\"og:description\" content=\"Erdogani, ashtu si Ataturku dikur, nuk ka parap\u00eblqyer t\u00eb flas\u00eb p\u00ebr origjin\u00ebn e familjes s\u00eb tij. Duke qen\u00eb se n\u00eb Turqi nuk gjenden rr\u00ebnj\u00ebt e familjes s\u00eb\" \/>\n<meta property=\"og:url\" content=\"https:\/\/www.visit-ulcinj.com\/blog\/2016\/07\/21\/kastriot-myftaraj-erdogan-eshte-origjine-shqiptare-nga-kraja-e-malit-te-zi\/\" \/>\n<meta property=\"og:site_name\" content=\"Lajme nga Ulqini\" \/>\n<meta property=\"article:published_time\" content=\"2016-07-21T21:00:42+00:00\" \/>\n<meta property=\"article:modified_time\" content=\"2016-07-23T16:02:32+00:00\" \/>\n<meta property=\"og:image\" content=\"http:\/\/www.visit-ulcinj.com\/blog\/wp-content\/uploads\/2016\/07\/Erdogan.jpg\" \/>\n<meta name=\"twitter:label1\" content=\"Written by\" \/>\n\t<meta name=\"twitter:data1\" content=\"ulqini\" \/>\n\t<meta name=\"twitter:label2\" content=\"Est. reading time\" \/>\n\t<meta name=\"twitter:data2\" content=\"4 minutes\" \/>\n<script type=\"application\/ld+json\" class=\"yoast-schema-graph\">{\"@context\":\"https:\/\/schema.org\",\"@graph\":[{\"@type\":\"WebSite\",\"@id\":\"https:\/\/www.visit-ulcinj.com\/blog\/#website\",\"url\":\"https:\/\/www.visit-ulcinj.com\/blog\/\",\"name\":\"Lajme nga Ulqini\",\"description\":\"Lajme,Vijesti,Ulqini,Ulqin,Crna Gora,Mali i Zi\",\"potentialAction\":[{\"@type\":\"SearchAction\",\"target\":{\"@type\":\"EntryPoint\",\"urlTemplate\":\"https:\/\/www.visit-ulcinj.com\/blog\/?s={search_term_string}\"},\"query-input\":\"required name=search_term_string\"}],\"inLanguage\":\"en-US\"},{\"@type\":\"ImageObject\",\"inLanguage\":\"en-US\",\"@id\":\"https:\/\/www.visit-ulcinj.com\/blog\/2016\/07\/21\/kastriot-myftaraj-erdogan-eshte-origjine-shqiptare-nga-kraja-e-malit-te-zi\/#primaryimage\",\"url\":\"http:\/\/www.visit-ulcinj.com\/blog\/wp-content\/uploads\/2016\/07\/Erdogan.jpg\",\"contentUrl\":\"http:\/\/www.visit-ulcinj.com\/blog\/wp-content\/uploads\/2016\/07\/Erdogan.jpg\"},{\"@type\":\"WebPage\",\"@id\":\"https:\/\/www.visit-ulcinj.com\/blog\/2016\/07\/21\/kastriot-myftaraj-erdogan-eshte-origjine-shqiptare-nga-kraja-e-malit-te-zi\/#webpage\",\"url\":\"https:\/\/www.visit-ulcinj.com\/blog\/2016\/07\/21\/kastriot-myftaraj-erdogan-eshte-origjine-shqiptare-nga-kraja-e-malit-te-zi\/\",\"name\":\"Kastriot Myftaraj: Erdogan \u00ebsht\u00eb me origjin\u00eb shqiptare, nga Kraja e Malit t\u00eb Zi - Lajme nga Ulqini\",\"isPartOf\":{\"@id\":\"https:\/\/www.visit-ulcinj.com\/blog\/#website\"},\"primaryImageOfPage\":{\"@id\":\"https:\/\/www.visit-ulcinj.com\/blog\/2016\/07\/21\/kastriot-myftaraj-erdogan-eshte-origjine-shqiptare-nga-kraja-e-malit-te-zi\/#primaryimage\"},\"datePublished\":\"2016-07-21T21:00:42+00:00\",\"dateModified\":\"2016-07-23T16:02:32+00:00\",\"author\":{\"@id\":\"https:\/\/www.visit-ulcinj.com\/blog\/#\/schema\/person\/dcab619c614d3038751c63bc2aadc06d\"},\"description\":\"Erdogani, ashtu si Ataturku dikur, nuk ka parap\u00eblqyer t\u00eb flas\u00eb p\u00ebr origjin\u00ebn e familjes s\u00eb tij. Duke qen\u00eb se n\u00eb Turqi nuk gjenden rr\u00ebnj\u00ebt e familjes s\u00eb\",\"breadcrumb\":{\"@id\":\"https:\/\/www.visit-ulcinj.com\/blog\/2016\/07\/21\/kastriot-myftaraj-erdogan-eshte-origjine-shqiptare-nga-kraja-e-malit-te-zi\/#breadcrumb\"},\"inLanguage\":\"en-US\",\"potentialAction\":[{\"@type\":\"ReadAction\",\"target\":[\"https:\/\/www.visit-ulcinj.com\/blog\/2016\/07\/21\/kastriot-myftaraj-erdogan-eshte-origjine-shqiptare-nga-kraja-e-malit-te-zi\/\"]}]},{\"@type\":\"BreadcrumbList\",\"@id\":\"https:\/\/www.visit-ulcinj.com\/blog\/2016\/07\/21\/kastriot-myftaraj-erdogan-eshte-origjine-shqiptare-nga-kraja-e-malit-te-zi\/#breadcrumb\",\"itemListElement\":[{\"@type\":\"ListItem\",\"position\":1,\"name\":\"Kastriot Myftaraj: Erdogan \u00ebsht\u00eb me origjin\u00eb shqiptare, nga Kraja e Malit t\u00eb Zi\"}]},{\"@type\":\"Person\",\"@id\":\"https:\/\/www.visit-ulcinj.com\/blog\/#\/schema\/person\/dcab619c614d3038751c63bc2aadc06d\",\"name\":\"ulqini\",\"sameAs\":[\"http:\/\/www.visit-ulcinj.com\"],\"url\":\"https:\/\/www.visit-ulcinj.com\/blog\/author\/admin\/\"}]}<\/script>\n<!-- \/ Yoast SEO plugin. -->","yoast_head_json":{"title":"Kastriot Myftaraj: Erdogan \u00ebsht\u00eb me origjin\u00eb shqiptare, nga Kraja e Malit t\u00eb Zi - Lajme nga Ulqini","description":"Erdogani, ashtu si Ataturku dikur, nuk ka parap\u00eblqyer t\u00eb flas\u00eb p\u00ebr origjin\u00ebn e familjes s\u00eb tij. Duke qen\u00eb se n\u00eb Turqi nuk gjenden rr\u00ebnj\u00ebt e familjes s\u00eb","robots":{"index":"index","follow":"follow","max-snippet":"max-snippet:-1","max-image-preview":"max-image-preview:large","max-video-preview":"max-video-preview:-1"},"canonical":"https:\/\/www.visit-ulcinj.com\/blog\/2016\/07\/21\/kastriot-myftaraj-erdogan-eshte-origjine-shqiptare-nga-kraja-e-malit-te-zi\/","og_locale":"en_US","og_type":"article","og_title":"Kastriot Myftaraj: Erdogan \u00ebsht\u00eb me origjin\u00eb shqiptare, nga Kraja e Malit t\u00eb Zi - Lajme nga Ulqini","og_description":"Erdogani, ashtu si Ataturku dikur, nuk ka parap\u00eblqyer t\u00eb flas\u00eb p\u00ebr origjin\u00ebn e familjes s\u00eb tij. Duke qen\u00eb se n\u00eb Turqi nuk gjenden rr\u00ebnj\u00ebt e familjes s\u00eb","og_url":"https:\/\/www.visit-ulcinj.com\/blog\/2016\/07\/21\/kastriot-myftaraj-erdogan-eshte-origjine-shqiptare-nga-kraja-e-malit-te-zi\/","og_site_name":"Lajme nga Ulqini","article_published_time":"2016-07-21T21:00:42+00:00","article_modified_time":"2016-07-23T16:02:32+00:00","og_image":[{"url":"http:\/\/www.visit-ulcinj.com\/blog\/wp-content\/uploads\/2016\/07\/Erdogan.jpg"}],"twitter_misc":{"Written by":"ulqini","Est. reading time":"4 minutes"},"schema":{"@context":"https:\/\/schema.org","@graph":[{"@type":"WebSite","@id":"https:\/\/www.visit-ulcinj.com\/blog\/#website","url":"https:\/\/www.visit-ulcinj.com\/blog\/","name":"Lajme nga Ulqini","description":"Lajme,Vijesti,Ulqini,Ulqin,Crna Gora,Mali i Zi","potentialAction":[{"@type":"SearchAction","target":{"@type":"EntryPoint","urlTemplate":"https:\/\/www.visit-ulcinj.com\/blog\/?s={search_term_string}"},"query-input":"required name=search_term_string"}],"inLanguage":"en-US"},{"@type":"ImageObject","inLanguage":"en-US","@id":"https:\/\/www.visit-ulcinj.com\/blog\/2016\/07\/21\/kastriot-myftaraj-erdogan-eshte-origjine-shqiptare-nga-kraja-e-malit-te-zi\/#primaryimage","url":"http:\/\/www.visit-ulcinj.com\/blog\/wp-content\/uploads\/2016\/07\/Erdogan.jpg","contentUrl":"http:\/\/www.visit-ulcinj.com\/blog\/wp-content\/uploads\/2016\/07\/Erdogan.jpg"},{"@type":"WebPage","@id":"https:\/\/www.visit-ulcinj.com\/blog\/2016\/07\/21\/kastriot-myftaraj-erdogan-eshte-origjine-shqiptare-nga-kraja-e-malit-te-zi\/#webpage","url":"https:\/\/www.visit-ulcinj.com\/blog\/2016\/07\/21\/kastriot-myftaraj-erdogan-eshte-origjine-shqiptare-nga-kraja-e-malit-te-zi\/","name":"Kastriot Myftaraj: Erdogan \u00ebsht\u00eb me origjin\u00eb shqiptare, nga Kraja e Malit t\u00eb Zi - Lajme nga Ulqini","isPartOf":{"@id":"https:\/\/www.visit-ulcinj.com\/blog\/#website"},"primaryImageOfPage":{"@id":"https:\/\/www.visit-ulcinj.com\/blog\/2016\/07\/21\/kastriot-myftaraj-erdogan-eshte-origjine-shqiptare-nga-kraja-e-malit-te-zi\/#primaryimage"},"datePublished":"2016-07-21T21:00:42+00:00","dateModified":"2016-07-23T16:02:32+00:00","author":{"@id":"https:\/\/www.visit-ulcinj.com\/blog\/#\/schema\/person\/dcab619c614d3038751c63bc2aadc06d"},"description":"Erdogani, ashtu si Ataturku dikur, nuk ka parap\u00eblqyer t\u00eb flas\u00eb p\u00ebr origjin\u00ebn e familjes s\u00eb tij. Duke qen\u00eb se n\u00eb Turqi nuk gjenden rr\u00ebnj\u00ebt e familjes s\u00eb","breadcrumb":{"@id":"https:\/\/www.visit-ulcinj.com\/blog\/2016\/07\/21\/kastriot-myftaraj-erdogan-eshte-origjine-shqiptare-nga-kraja-e-malit-te-zi\/#breadcrumb"},"inLanguage":"en-US","potentialAction":[{"@type":"ReadAction","target":["https:\/\/www.visit-ulcinj.com\/blog\/2016\/07\/21\/kastriot-myftaraj-erdogan-eshte-origjine-shqiptare-nga-kraja-e-malit-te-zi\/"]}]},{"@type":"BreadcrumbList","@id":"https:\/\/www.visit-ulcinj.com\/blog\/2016\/07\/21\/kastriot-myftaraj-erdogan-eshte-origjine-shqiptare-nga-kraja-e-malit-te-zi\/#breadcrumb","itemListElement":[{"@type":"ListItem","position":1,"name":"Kastriot Myftaraj: Erdogan \u00ebsht\u00eb me origjin\u00eb shqiptare, nga Kraja e Malit t\u00eb Zi"}]},{"@type":"Person","@id":"https:\/\/www.visit-ulcinj.com\/blog\/#\/schema\/person\/dcab619c614d3038751c63bc2aadc06d","name":"ulqini","sameAs":["http:\/\/www.visit-ulcinj.com"],"url":"https:\/\/www.visit-ulcinj.com\/blog\/author\/admin\/"}]}},"jetpack_featured_media_url":"","jetpack_sharing_enabled":true,"jetpack_shortlink":"https:\/\/wp.me\/pe6lTn-pDg","_links":{"self":[{"href":"https:\/\/www.visit-ulcinj.com\/blog\/wp-json\/wp\/v2\/posts\/98534"}],"collection":[{"href":"https:\/\/www.visit-ulcinj.com\/blog\/wp-json\/wp\/v2\/posts"}],"about":[{"href":"https:\/\/www.visit-ulcinj.com\/blog\/wp-json\/wp\/v2\/types\/post"}],"author":[{"embeddable":true,"href":"https:\/\/www.visit-ulcinj.com\/blog\/wp-json\/wp\/v2\/users\/1"}],"replies":[{"embeddable":true,"href":"https:\/\/www.visit-ulcinj.com\/blog\/wp-json\/wp\/v2\/comments?post=98534"}],"version-history":[{"count":2,"href":"https:\/\/www.visit-ulcinj.com\/blog\/wp-json\/wp\/v2\/posts\/98534\/revisions"}],"predecessor-version":[{"id":98610,"href":"https:\/\/www.visit-ulcinj.com\/blog\/wp-json\/wp\/v2\/posts\/98534\/revisions\/98610"}],"wp:attachment":[{"href":"https:\/\/www.visit-ulcinj.com\/blog\/wp-json\/wp\/v2\/media?parent=98534"}],"wp:term":[{"taxonomy":"category","embeddable":true,"href":"https:\/\/www.visit-ulcinj.com\/blog\/wp-json\/wp\/v2\/categories?post=98534"},{"taxonomy":"post_tag","embeddable":true,"href":"https:\/\/www.visit-ulcinj.com\/blog\/wp-json\/wp\/v2\/tags?post=98534"}],"curies":[{"name":"wp","href":"https:\/\/api.w.org\/{rel}","templated":true}]}}