{"id":98538,"date":"2016-07-21T22:34:25","date_gmt":"2016-07-21T21:34:25","guid":{"rendered":"http:\/\/www.visit-ulcinj.com\/blog\/?p=98538"},"modified":"2016-07-21T22:36:30","modified_gmt":"2016-07-21T21:36:30","slug":"grupi-shqiponjat-vine-me-klip-te-ri-afera-video","status":"publish","type":"post","link":"https:\/\/www.visit-ulcinj.com\/blog\/2016\/07\/21\/grupi-shqiponjat-vine-me-klip-te-ri-afera-video\/","title":{"rendered":"Grupi Shqiponjat vin\u00eb me klip t\u00eb ri &#8221; Afera &#8221; &#8211; Video"},"content":{"rendered":"<p><a href=\"http:\/\/www.visit-ulcinj.com\/blog\/wp-content\/uploads\/2016\/07\/Grupi-Shqiponjat-vin\u00eb-me-klip-t\u00eb-ri-Afera.jpg\"><img loading=\"lazy\" class=\"alignleft wp-image-98539\" src=\"http:\/\/www.visit-ulcinj.com\/blog\/wp-content\/uploads\/2016\/07\/Grupi-Shqiponjat-vin\u00eb-me-klip-t\u00eb-ri-Afera.jpg\" alt=\"Grupi Shqiponjat vin\u00eb me klip t\u00eb ri Afera\" width=\"508\" height=\"309\" \/><\/a>Klipi \u00ebsht\u00eb gjiruar n\u00eb plazhin e madh\u00eb t\u00eb Ulqinit n\u00eb kampet e &#8220;Gjovani Trade&#8221; n\u00eb hyrje t\u00eb plazhit Copacabana.<\/p>\n<p>Ato kan publikuar klipin e k\u00ebng\u00ebs \u201cAFERA\u201d.<\/p>\n<p>Tekstin e k\u00ebsaj k\u00ebnge e ka shkruar nga Shqiponjat, nd\u00ebrsa p\u00ebr videoklipin \u00ebsht\u00eb p\u00ebrkujdesur \u201c<span class=\"st\">Orange Records<\/span>\u201d, kurse p\u00ebr videoklipin \u00ebsht\u00eb p\u00ebrkujdesur &#8221; V<span class=\"_3oh-\">isionstudio &#8220;.<\/span><\/p>\n<p>N\u00eb spotin e ri t\u00eb Shqiponjave e pranish\u00ebm \u00ebsht\u00eb edhe nj\u00eb fem\u00ebr.<\/p>\n<!--YouTube Error: bad URL entered-->\n","protected":false},"excerpt":{"rendered":"<p>Klipi \u00ebsht\u00eb gjiruar n\u00eb plazhin e madh\u00eb t\u00eb Ulqinit n\u00eb kampet e &#8220;Gjovani Trade&#8221; n\u00eb hyrje t\u00eb plazhit Copacabana. Ato kan publikuar klipin e k\u00ebng\u00ebs \u201cAFERA\u201d. Tekstin e k\u00ebsaj k\u00ebnge e ka shkruar nga Shqiponjat, nd\u00ebrsa p\u00ebr videoklipin \u00ebsht\u00eb p\u00ebrkujdesur \u201cOrange Records\u201d, kurse p\u00ebr videoklipin \u00ebsht\u00eb p\u00ebrkujdesur &#8221; Visionstudio &#8220;. N\u00eb spotin e ri t\u00eb [&hellip;]<\/p>\n","protected":false},"author":1,"featured_media":0,"comment_status":"closed","ping_status":"closed","sticky":false,"template":"","format":"standard","meta":{"spay_email":"","jetpack_publicize_message":"","jetpack_is_tweetstorm":false,"jetpack_publicize_feature_enabled":true},"categories":[1],"tags":[],"jetpack_publicize_connections":[],"yoast_head":"<!-- This site is optimized with the Yoast SEO plugin v19.1 - https:\/\/yoast.com\/wordpress\/plugins\/seo\/ -->\n<title>Grupi Shqiponjat vin\u00eb me klip t\u00eb ri &quot; Afera &quot; - Video - Lajme nga Ulqini<\/title>\n<meta name=\"description\" content=\"Klipi \u00ebsht\u00eb gjiruar n\u00eb plazhin e madh\u00eb t\u00eb Ulqinit n\u00eb kampet e &quot;Gjovani Trade&quot; n\u00eb hyrje t\u00eb plazhit Copacabana. Ato kan publikuar klipin e k\u00ebng\u00ebs \u201cAFERA\u201d.\" \/>\n<meta name=\"robots\" content=\"index, follow, max-snippet:-1, max-image-preview:large, max-video-preview:-1\" \/>\n<link rel=\"canonical\" href=\"https:\/\/www.visit-ulcinj.com\/blog\/2016\/07\/21\/grupi-shqiponjat-vine-me-klip-te-ri-afera-video\/\" \/>\n<meta property=\"og:locale\" content=\"en_US\" \/>\n<meta property=\"og:type\" content=\"article\" \/>\n<meta property=\"og:title\" content=\"Grupi Shqiponjat vin\u00eb me klip t\u00eb ri &quot; Afera &quot; - Video - Lajme nga Ulqini\" \/>\n<meta property=\"og:description\" content=\"Klipi \u00ebsht\u00eb gjiruar n\u00eb plazhin e madh\u00eb t\u00eb Ulqinit n\u00eb kampet e &quot;Gjovani Trade&quot; n\u00eb hyrje t\u00eb plazhit Copacabana. Ato kan publikuar klipin e k\u00ebng\u00ebs \u201cAFERA\u201d.\" \/>\n<meta property=\"og:url\" content=\"https:\/\/www.visit-ulcinj.com\/blog\/2016\/07\/21\/grupi-shqiponjat-vine-me-klip-te-ri-afera-video\/\" \/>\n<meta property=\"og:site_name\" content=\"Lajme nga Ulqini\" \/>\n<meta property=\"article:published_time\" content=\"2016-07-21T21:34:25+00:00\" \/>\n<meta property=\"article:modified_time\" content=\"2016-07-21T21:36:30+00:00\" \/>\n<meta name=\"twitter:label1\" content=\"Written by\" \/>\n\t<meta name=\"twitter:data1\" content=\"ulqini\" \/>\n<script type=\"application\/ld+json\" class=\"yoast-schema-graph\">{\"@context\":\"https:\/\/schema.org\",\"@graph\":[{\"@type\":\"WebSite\",\"@id\":\"https:\/\/www.visit-ulcinj.com\/blog\/#website\",\"url\":\"https:\/\/www.visit-ulcinj.com\/blog\/\",\"name\":\"Lajme nga Ulqini\",\"description\":\"Lajme,Vijesti,Ulqini,Ulqin,Crna Gora,Mali i Zi\",\"potentialAction\":[{\"@type\":\"SearchAction\",\"target\":{\"@type\":\"EntryPoint\",\"urlTemplate\":\"https:\/\/www.visit-ulcinj.com\/blog\/?s={search_term_string}\"},\"query-input\":\"required name=search_term_string\"}],\"inLanguage\":\"en-US\"},{\"@type\":\"WebPage\",\"@id\":\"https:\/\/www.visit-ulcinj.com\/blog\/2016\/07\/21\/grupi-shqiponjat-vine-me-klip-te-ri-afera-video\/#webpage\",\"url\":\"https:\/\/www.visit-ulcinj.com\/blog\/2016\/07\/21\/grupi-shqiponjat-vine-me-klip-te-ri-afera-video\/\",\"name\":\"Grupi Shqiponjat vin\u00eb me klip t\u00eb ri \\\" Afera \\\" - Video - Lajme nga Ulqini\",\"isPartOf\":{\"@id\":\"https:\/\/www.visit-ulcinj.com\/blog\/#website\"},\"datePublished\":\"2016-07-21T21:34:25+00:00\",\"dateModified\":\"2016-07-21T21:36:30+00:00\",\"author\":{\"@id\":\"https:\/\/www.visit-ulcinj.com\/blog\/#\/schema\/person\/dcab619c614d3038751c63bc2aadc06d\"},\"description\":\"Klipi \u00ebsht\u00eb gjiruar n\u00eb plazhin e madh\u00eb t\u00eb Ulqinit n\u00eb kampet e \\\"Gjovani Trade\\\" n\u00eb hyrje t\u00eb plazhit Copacabana. Ato kan publikuar klipin e k\u00ebng\u00ebs \u201cAFERA\u201d.\",\"breadcrumb\":{\"@id\":\"https:\/\/www.visit-ulcinj.com\/blog\/2016\/07\/21\/grupi-shqiponjat-vine-me-klip-te-ri-afera-video\/#breadcrumb\"},\"inLanguage\":\"en-US\",\"potentialAction\":[{\"@type\":\"ReadAction\",\"target\":[\"https:\/\/www.visit-ulcinj.com\/blog\/2016\/07\/21\/grupi-shqiponjat-vine-me-klip-te-ri-afera-video\/\"]}]},{\"@type\":\"BreadcrumbList\",\"@id\":\"https:\/\/www.visit-ulcinj.com\/blog\/2016\/07\/21\/grupi-shqiponjat-vine-me-klip-te-ri-afera-video\/#breadcrumb\",\"itemListElement\":[{\"@type\":\"ListItem\",\"position\":1,\"name\":\"Grupi Shqiponjat vin\u00eb me klip t\u00eb ri &#8221; Afera &#8221; &#8211; Video\"}]},{\"@type\":\"Person\",\"@id\":\"https:\/\/www.visit-ulcinj.com\/blog\/#\/schema\/person\/dcab619c614d3038751c63bc2aadc06d\",\"name\":\"ulqini\",\"sameAs\":[\"http:\/\/www.visit-ulcinj.com\"],\"url\":\"https:\/\/www.visit-ulcinj.com\/blog\/author\/admin\/\"}]}<\/script>\n<!-- \/ Yoast SEO plugin. -->","yoast_head_json":{"title":"Grupi Shqiponjat vin\u00eb me klip t\u00eb ri \" Afera \" - Video - Lajme nga Ulqini","description":"Klipi \u00ebsht\u00eb gjiruar n\u00eb plazhin e madh\u00eb t\u00eb Ulqinit n\u00eb kampet e \"Gjovani Trade\" n\u00eb hyrje t\u00eb plazhit Copacabana. Ato kan publikuar klipin e k\u00ebng\u00ebs \u201cAFERA\u201d.","robots":{"index":"index","follow":"follow","max-snippet":"max-snippet:-1","max-image-preview":"max-image-preview:large","max-video-preview":"max-video-preview:-1"},"canonical":"https:\/\/www.visit-ulcinj.com\/blog\/2016\/07\/21\/grupi-shqiponjat-vine-me-klip-te-ri-afera-video\/","og_locale":"en_US","og_type":"article","og_title":"Grupi Shqiponjat vin\u00eb me klip t\u00eb ri \" Afera \" - Video - Lajme nga Ulqini","og_description":"Klipi \u00ebsht\u00eb gjiruar n\u00eb plazhin e madh\u00eb t\u00eb Ulqinit n\u00eb kampet e \"Gjovani Trade\" n\u00eb hyrje t\u00eb plazhit Copacabana. Ato kan publikuar klipin e k\u00ebng\u00ebs \u201cAFERA\u201d.","og_url":"https:\/\/www.visit-ulcinj.com\/blog\/2016\/07\/21\/grupi-shqiponjat-vine-me-klip-te-ri-afera-video\/","og_site_name":"Lajme nga Ulqini","article_published_time":"2016-07-21T21:34:25+00:00","article_modified_time":"2016-07-21T21:36:30+00:00","twitter_misc":{"Written by":"ulqini"},"schema":{"@context":"https:\/\/schema.org","@graph":[{"@type":"WebSite","@id":"https:\/\/www.visit-ulcinj.com\/blog\/#website","url":"https:\/\/www.visit-ulcinj.com\/blog\/","name":"Lajme nga Ulqini","description":"Lajme,Vijesti,Ulqini,Ulqin,Crna Gora,Mali i Zi","potentialAction":[{"@type":"SearchAction","target":{"@type":"EntryPoint","urlTemplate":"https:\/\/www.visit-ulcinj.com\/blog\/?s={search_term_string}"},"query-input":"required name=search_term_string"}],"inLanguage":"en-US"},{"@type":"WebPage","@id":"https:\/\/www.visit-ulcinj.com\/blog\/2016\/07\/21\/grupi-shqiponjat-vine-me-klip-te-ri-afera-video\/#webpage","url":"https:\/\/www.visit-ulcinj.com\/blog\/2016\/07\/21\/grupi-shqiponjat-vine-me-klip-te-ri-afera-video\/","name":"Grupi Shqiponjat vin\u00eb me klip t\u00eb ri \" Afera \" - Video - Lajme nga Ulqini","isPartOf":{"@id":"https:\/\/www.visit-ulcinj.com\/blog\/#website"},"datePublished":"2016-07-21T21:34:25+00:00","dateModified":"2016-07-21T21:36:30+00:00","author":{"@id":"https:\/\/www.visit-ulcinj.com\/blog\/#\/schema\/person\/dcab619c614d3038751c63bc2aadc06d"},"description":"Klipi \u00ebsht\u00eb gjiruar n\u00eb plazhin e madh\u00eb t\u00eb Ulqinit n\u00eb kampet e \"Gjovani Trade\" n\u00eb hyrje t\u00eb plazhit Copacabana. Ato kan publikuar klipin e k\u00ebng\u00ebs \u201cAFERA\u201d.","breadcrumb":{"@id":"https:\/\/www.visit-ulcinj.com\/blog\/2016\/07\/21\/grupi-shqiponjat-vine-me-klip-te-ri-afera-video\/#breadcrumb"},"inLanguage":"en-US","potentialAction":[{"@type":"ReadAction","target":["https:\/\/www.visit-ulcinj.com\/blog\/2016\/07\/21\/grupi-shqiponjat-vine-me-klip-te-ri-afera-video\/"]}]},{"@type":"BreadcrumbList","@id":"https:\/\/www.visit-ulcinj.com\/blog\/2016\/07\/21\/grupi-shqiponjat-vine-me-klip-te-ri-afera-video\/#breadcrumb","itemListElement":[{"@type":"ListItem","position":1,"name":"Grupi Shqiponjat vin\u00eb me klip t\u00eb ri &#8221; Afera &#8221; &#8211; Video"}]},{"@type":"Person","@id":"https:\/\/www.visit-ulcinj.com\/blog\/#\/schema\/person\/dcab619c614d3038751c63bc2aadc06d","name":"ulqini","sameAs":["http:\/\/www.visit-ulcinj.com"],"url":"https:\/\/www.visit-ulcinj.com\/blog\/author\/admin\/"}]}},"jetpack_featured_media_url":"","jetpack_sharing_enabled":true,"jetpack_shortlink":"https:\/\/wp.me\/pe6lTn-pDk","_links":{"self":[{"href":"https:\/\/www.visit-ulcinj.com\/blog\/wp-json\/wp\/v2\/posts\/98538"}],"collection":[{"href":"https:\/\/www.visit-ulcinj.com\/blog\/wp-json\/wp\/v2\/posts"}],"about":[{"href":"https:\/\/www.visit-ulcinj.com\/blog\/wp-json\/wp\/v2\/types\/post"}],"author":[{"embeddable":true,"href":"https:\/\/www.visit-ulcinj.com\/blog\/wp-json\/wp\/v2\/users\/1"}],"replies":[{"embeddable":true,"href":"https:\/\/www.visit-ulcinj.com\/blog\/wp-json\/wp\/v2\/comments?post=98538"}],"version-history":[{"count":2,"href":"https:\/\/www.visit-ulcinj.com\/blog\/wp-json\/wp\/v2\/posts\/98538\/revisions"}],"predecessor-version":[{"id":98541,"href":"https:\/\/www.visit-ulcinj.com\/blog\/wp-json\/wp\/v2\/posts\/98538\/revisions\/98541"}],"wp:attachment":[{"href":"https:\/\/www.visit-ulcinj.com\/blog\/wp-json\/wp\/v2\/media?parent=98538"}],"wp:term":[{"taxonomy":"category","embeddable":true,"href":"https:\/\/www.visit-ulcinj.com\/blog\/wp-json\/wp\/v2\/categories?post=98538"},{"taxonomy":"post_tag","embeddable":true,"href":"https:\/\/www.visit-ulcinj.com\/blog\/wp-json\/wp\/v2\/tags?post=98538"}],"curies":[{"name":"wp","href":"https:\/\/api.w.org\/{rel}","templated":true}]}}