{"id":98542,"date":"2016-07-22T07:58:28","date_gmt":"2016-07-22T06:58:28","guid":{"rendered":"http:\/\/www.visit-ulcinj.com\/blog\/?p=98542"},"modified":"2016-07-22T07:58:28","modified_gmt":"2016-07-22T06:58:28","slug":"organizovana-prezentacija-pppn-za-obalno-podrucje-pup-ulcinj","status":"publish","type":"post","link":"https:\/\/www.visit-ulcinj.com\/blog\/2016\/07\/22\/organizovana-prezentacija-pppn-za-obalno-podrucje-pup-ulcinj\/","title":{"rendered":"Organizovana prezentacija PPPN za obalno podru\u010dje i PUP Ulcinj"},"content":{"rendered":"<p><a href=\"http:\/\/www.visit-ulcinj.com\/blog\/wp-content\/uploads\/2016\/07\/Organizovana-prezentacija-PPPN-za-Ulcinjsku-Solanu.jpg\"><img loading=\"lazy\" class=\"alignleft wp-image-98543\" src=\"http:\/\/www.visit-ulcinj.com\/blog\/wp-content\/uploads\/2016\/07\/Organizovana-prezentacija-PPPN-za-Ulcinjsku-Solanu.jpg\" alt=\"Organizovana prezentacija PPPN za Ulcinjsku Solanu\" width=\"508\" height=\"381\" \/><\/a>Javno preduze\u0107e za nacionalne parkove Crne Gore organizovalo je prezentaciju Prostornog plana posebne namjene za obalno podru\u010dje i PUP Ulcinj u dijelu planskih rije\u0161enja koja se odnose na prostor Solane, za \u010dlanove Savjetodavnog tijela za Solanu 21.07.2016. godine u prostorijama JPNPCG u Podgorici.<\/p>\n<p>Cilj ove prezentacije bio je otklanjanje nejasno\u0107a i nedoumica kada je planiranje na prostoru Solane u pitanju, a koje su postojale kao produkt razli\u010ditih verzija planova koje su prezentovane javnosti od momenta po\u010detka izrade ova dva zna\u010dajna planska dokumenta, kada je prostor Solane u pitanju.<\/p>\n<div class=\"art-layout-cell art-content\">\n<div class=\"art-post\">\n<div class=\"art-post-body\">\n<div class=\"art-post-inner\">\n<div class=\"art-postcontent\">\n<div class=\"art-article\">\n<p>Obra\u0111iva\u010di planova upoznali su \u010dlanove Savjetodavnog tijela za Solanu sa rije\u0161enjima koja su predvi\u0111ena u PPPNOP, kao i u\u00a0 PUP Ulcinj za ovaj prostor.<\/p>\n<p>U svom izlaganju su naveli da PPPNOP posebno tretira podru\u010dje Solane, ne uklju\u010duju\u0107i samo aspekat za\u0161tite, ve\u0107 i njegovu valorizaciju kako turisti\u010dku, tako i ekonomsku.<\/p>\n<p>Planeri su na prezentaciji istakli da u Solani klju\u010dno nastaviti proizvodnju soli, ali da je aspekt za\u0161tite nesporan.<\/p>\n<p>\u010clanovi Savjetodavnog tijela za Solanu saglasni su da je potrebno da se ova dva planska dokumenta u potpunosti usklade. Jednako je va\u017eno definisati na\u010din na koji \u0107e se u budu\u0107nosti tretirati Solana, odnosno koji stepen za\u0161tite \u0107e u\u017eivati, a koji treba definisati kroz reviziju studije za\u0161tite.<\/p>\n<p>Kao jedan od va\u017enih aspekata navedena je i ekonomska odr\u017eivost Solane, a kao problem na tom podru\u010dju prepoznata je i nelegalna i nekontrolisana gradnja u njenoj blizini.<\/p>\n<p>\u010clanovi Savjetodavnog tijela za Solanu i planeri imali su zajedni\u010dki zaklju\u010dak da su na istom zadatku kada je Solana u pitanju, a to je definisanje prostora i njegova za\u0161tita.<\/p>\n<p align=\"right\"><b>PR Slu\u017eba <\/b><\/p>\n<p align=\"right\"><b>JPNPCG <\/b><\/p>\n<\/div>\n<\/div>\n<\/div>\n<\/div>\n<\/div>\n<\/div>\n","protected":false},"excerpt":{"rendered":"<p>Javno preduze\u0107e za nacionalne parkove Crne Gore organizovalo je prezentaciju Prostornog plana posebne namjene za obalno podru\u010dje i PUP Ulcinj u dijelu planskih rije\u0161enja koja se odnose na prostor Solane, za \u010dlanove Savjetodavnog tijela za Solanu 21.07.2016. godine u prostorijama JPNPCG u Podgorici. Cilj ove prezentacije bio je otklanjanje nejasno\u0107a i nedoumica kada je planiranje [&hellip;]<\/p>\n","protected":false},"author":1,"featured_media":0,"comment_status":"closed","ping_status":"closed","sticky":false,"template":"","format":"standard","meta":{"spay_email":"","jetpack_publicize_message":"","jetpack_is_tweetstorm":false,"jetpack_publicize_feature_enabled":true},"categories":[8337],"tags":[],"jetpack_publicize_connections":[],"yoast_head":"<!-- This site is optimized with the Yoast SEO plugin v19.1 - https:\/\/yoast.com\/wordpress\/plugins\/seo\/ -->\n<title>Organizovana prezentacija PPPN za obalno podru\u010dje i PUP Ulcinj - Lajme nga Ulqini<\/title>\n<meta name=\"description\" content=\"Javno preduze\u0107e za nacionalne parkove Crne Gore organizovalo je prezentaciju Prostornog plana posebne namjene za obalno podru\u010dje i PUP Ulcinj u dijelu\" \/>\n<meta name=\"robots\" content=\"index, follow, max-snippet:-1, max-image-preview:large, max-video-preview:-1\" \/>\n<link rel=\"canonical\" href=\"https:\/\/www.visit-ulcinj.com\/blog\/2016\/07\/22\/organizovana-prezentacija-pppn-za-obalno-podrucje-pup-ulcinj\/\" \/>\n<meta property=\"og:locale\" content=\"en_US\" \/>\n<meta property=\"og:type\" content=\"article\" \/>\n<meta property=\"og:title\" content=\"Organizovana prezentacija PPPN za obalno podru\u010dje i PUP Ulcinj - Lajme nga Ulqini\" \/>\n<meta property=\"og:description\" content=\"Javno preduze\u0107e za nacionalne parkove Crne Gore organizovalo je prezentaciju Prostornog plana posebne namjene za obalno podru\u010dje i PUP Ulcinj u dijelu\" \/>\n<meta property=\"og:url\" content=\"https:\/\/www.visit-ulcinj.com\/blog\/2016\/07\/22\/organizovana-prezentacija-pppn-za-obalno-podrucje-pup-ulcinj\/\" \/>\n<meta property=\"og:site_name\" content=\"Lajme nga Ulqini\" \/>\n<meta property=\"article:published_time\" content=\"2016-07-22T06:58:28+00:00\" \/>\n<meta property=\"og:image\" content=\"http:\/\/www.visit-ulcinj.com\/blog\/wp-content\/uploads\/2016\/07\/Organizovana-prezentacija-PPPN-za-Ulcinjsku-Solanu.jpg\" \/>\n<meta name=\"twitter:label1\" content=\"Written by\" \/>\n\t<meta name=\"twitter:data1\" content=\"ulqini\" \/>\n\t<meta name=\"twitter:label2\" content=\"Est. reading time\" \/>\n\t<meta name=\"twitter:data2\" content=\"1 minute\" \/>\n<script type=\"application\/ld+json\" class=\"yoast-schema-graph\">{\"@context\":\"https:\/\/schema.org\",\"@graph\":[{\"@type\":\"WebSite\",\"@id\":\"https:\/\/www.visit-ulcinj.com\/blog\/#website\",\"url\":\"https:\/\/www.visit-ulcinj.com\/blog\/\",\"name\":\"Lajme nga Ulqini\",\"description\":\"Lajme,Vijesti,Ulqini,Ulqin,Crna Gora,Mali i Zi\",\"potentialAction\":[{\"@type\":\"SearchAction\",\"target\":{\"@type\":\"EntryPoint\",\"urlTemplate\":\"https:\/\/www.visit-ulcinj.com\/blog\/?s={search_term_string}\"},\"query-input\":\"required name=search_term_string\"}],\"inLanguage\":\"en-US\"},{\"@type\":\"ImageObject\",\"inLanguage\":\"en-US\",\"@id\":\"https:\/\/www.visit-ulcinj.com\/blog\/2016\/07\/22\/organizovana-prezentacija-pppn-za-obalno-podrucje-pup-ulcinj\/#primaryimage\",\"url\":\"http:\/\/www.visit-ulcinj.com\/blog\/wp-content\/uploads\/2016\/07\/Organizovana-prezentacija-PPPN-za-Ulcinjsku-Solanu.jpg\",\"contentUrl\":\"http:\/\/www.visit-ulcinj.com\/blog\/wp-content\/uploads\/2016\/07\/Organizovana-prezentacija-PPPN-za-Ulcinjsku-Solanu.jpg\"},{\"@type\":\"WebPage\",\"@id\":\"https:\/\/www.visit-ulcinj.com\/blog\/2016\/07\/22\/organizovana-prezentacija-pppn-za-obalno-podrucje-pup-ulcinj\/#webpage\",\"url\":\"https:\/\/www.visit-ulcinj.com\/blog\/2016\/07\/22\/organizovana-prezentacija-pppn-za-obalno-podrucje-pup-ulcinj\/\",\"name\":\"Organizovana prezentacija PPPN za obalno podru\u010dje i PUP Ulcinj - Lajme nga Ulqini\",\"isPartOf\":{\"@id\":\"https:\/\/www.visit-ulcinj.com\/blog\/#website\"},\"primaryImageOfPage\":{\"@id\":\"https:\/\/www.visit-ulcinj.com\/blog\/2016\/07\/22\/organizovana-prezentacija-pppn-za-obalno-podrucje-pup-ulcinj\/#primaryimage\"},\"datePublished\":\"2016-07-22T06:58:28+00:00\",\"dateModified\":\"2016-07-22T06:58:28+00:00\",\"author\":{\"@id\":\"https:\/\/www.visit-ulcinj.com\/blog\/#\/schema\/person\/dcab619c614d3038751c63bc2aadc06d\"},\"description\":\"Javno preduze\u0107e za nacionalne parkove Crne Gore organizovalo je prezentaciju Prostornog plana posebne namjene za obalno podru\u010dje i PUP Ulcinj u dijelu\",\"breadcrumb\":{\"@id\":\"https:\/\/www.visit-ulcinj.com\/blog\/2016\/07\/22\/organizovana-prezentacija-pppn-za-obalno-podrucje-pup-ulcinj\/#breadcrumb\"},\"inLanguage\":\"en-US\",\"potentialAction\":[{\"@type\":\"ReadAction\",\"target\":[\"https:\/\/www.visit-ulcinj.com\/blog\/2016\/07\/22\/organizovana-prezentacija-pppn-za-obalno-podrucje-pup-ulcinj\/\"]}]},{\"@type\":\"BreadcrumbList\",\"@id\":\"https:\/\/www.visit-ulcinj.com\/blog\/2016\/07\/22\/organizovana-prezentacija-pppn-za-obalno-podrucje-pup-ulcinj\/#breadcrumb\",\"itemListElement\":[{\"@type\":\"ListItem\",\"position\":1,\"name\":\"Organizovana prezentacija PPPN za obalno podru\u010dje i PUP Ulcinj\"}]},{\"@type\":\"Person\",\"@id\":\"https:\/\/www.visit-ulcinj.com\/blog\/#\/schema\/person\/dcab619c614d3038751c63bc2aadc06d\",\"name\":\"ulqini\",\"sameAs\":[\"http:\/\/www.visit-ulcinj.com\"],\"url\":\"https:\/\/www.visit-ulcinj.com\/blog\/author\/admin\/\"}]}<\/script>\n<!-- \/ Yoast SEO plugin. -->","yoast_head_json":{"title":"Organizovana prezentacija PPPN za obalno podru\u010dje i PUP Ulcinj - Lajme nga Ulqini","description":"Javno preduze\u0107e za nacionalne parkove Crne Gore organizovalo je prezentaciju Prostornog plana posebne namjene za obalno podru\u010dje i PUP Ulcinj u dijelu","robots":{"index":"index","follow":"follow","max-snippet":"max-snippet:-1","max-image-preview":"max-image-preview:large","max-video-preview":"max-video-preview:-1"},"canonical":"https:\/\/www.visit-ulcinj.com\/blog\/2016\/07\/22\/organizovana-prezentacija-pppn-za-obalno-podrucje-pup-ulcinj\/","og_locale":"en_US","og_type":"article","og_title":"Organizovana prezentacija PPPN za obalno podru\u010dje i PUP Ulcinj - Lajme nga Ulqini","og_description":"Javno preduze\u0107e za nacionalne parkove Crne Gore organizovalo je prezentaciju Prostornog plana posebne namjene za obalno podru\u010dje i PUP Ulcinj u dijelu","og_url":"https:\/\/www.visit-ulcinj.com\/blog\/2016\/07\/22\/organizovana-prezentacija-pppn-za-obalno-podrucje-pup-ulcinj\/","og_site_name":"Lajme nga Ulqini","article_published_time":"2016-07-22T06:58:28+00:00","og_image":[{"url":"http:\/\/www.visit-ulcinj.com\/blog\/wp-content\/uploads\/2016\/07\/Organizovana-prezentacija-PPPN-za-Ulcinjsku-Solanu.jpg"}],"twitter_misc":{"Written by":"ulqini","Est. reading time":"1 minute"},"schema":{"@context":"https:\/\/schema.org","@graph":[{"@type":"WebSite","@id":"https:\/\/www.visit-ulcinj.com\/blog\/#website","url":"https:\/\/www.visit-ulcinj.com\/blog\/","name":"Lajme nga Ulqini","description":"Lajme,Vijesti,Ulqini,Ulqin,Crna Gora,Mali i Zi","potentialAction":[{"@type":"SearchAction","target":{"@type":"EntryPoint","urlTemplate":"https:\/\/www.visit-ulcinj.com\/blog\/?s={search_term_string}"},"query-input":"required name=search_term_string"}],"inLanguage":"en-US"},{"@type":"ImageObject","inLanguage":"en-US","@id":"https:\/\/www.visit-ulcinj.com\/blog\/2016\/07\/22\/organizovana-prezentacija-pppn-za-obalno-podrucje-pup-ulcinj\/#primaryimage","url":"http:\/\/www.visit-ulcinj.com\/blog\/wp-content\/uploads\/2016\/07\/Organizovana-prezentacija-PPPN-za-Ulcinjsku-Solanu.jpg","contentUrl":"http:\/\/www.visit-ulcinj.com\/blog\/wp-content\/uploads\/2016\/07\/Organizovana-prezentacija-PPPN-za-Ulcinjsku-Solanu.jpg"},{"@type":"WebPage","@id":"https:\/\/www.visit-ulcinj.com\/blog\/2016\/07\/22\/organizovana-prezentacija-pppn-za-obalno-podrucje-pup-ulcinj\/#webpage","url":"https:\/\/www.visit-ulcinj.com\/blog\/2016\/07\/22\/organizovana-prezentacija-pppn-za-obalno-podrucje-pup-ulcinj\/","name":"Organizovana prezentacija PPPN za obalno podru\u010dje i PUP Ulcinj - Lajme nga Ulqini","isPartOf":{"@id":"https:\/\/www.visit-ulcinj.com\/blog\/#website"},"primaryImageOfPage":{"@id":"https:\/\/www.visit-ulcinj.com\/blog\/2016\/07\/22\/organizovana-prezentacija-pppn-za-obalno-podrucje-pup-ulcinj\/#primaryimage"},"datePublished":"2016-07-22T06:58:28+00:00","dateModified":"2016-07-22T06:58:28+00:00","author":{"@id":"https:\/\/www.visit-ulcinj.com\/blog\/#\/schema\/person\/dcab619c614d3038751c63bc2aadc06d"},"description":"Javno preduze\u0107e za nacionalne parkove Crne Gore organizovalo je prezentaciju Prostornog plana posebne namjene za obalno podru\u010dje i PUP Ulcinj u dijelu","breadcrumb":{"@id":"https:\/\/www.visit-ulcinj.com\/blog\/2016\/07\/22\/organizovana-prezentacija-pppn-za-obalno-podrucje-pup-ulcinj\/#breadcrumb"},"inLanguage":"en-US","potentialAction":[{"@type":"ReadAction","target":["https:\/\/www.visit-ulcinj.com\/blog\/2016\/07\/22\/organizovana-prezentacija-pppn-za-obalno-podrucje-pup-ulcinj\/"]}]},{"@type":"BreadcrumbList","@id":"https:\/\/www.visit-ulcinj.com\/blog\/2016\/07\/22\/organizovana-prezentacija-pppn-za-obalno-podrucje-pup-ulcinj\/#breadcrumb","itemListElement":[{"@type":"ListItem","position":1,"name":"Organizovana prezentacija PPPN za obalno podru\u010dje i PUP Ulcinj"}]},{"@type":"Person","@id":"https:\/\/www.visit-ulcinj.com\/blog\/#\/schema\/person\/dcab619c614d3038751c63bc2aadc06d","name":"ulqini","sameAs":["http:\/\/www.visit-ulcinj.com"],"url":"https:\/\/www.visit-ulcinj.com\/blog\/author\/admin\/"}]}},"jetpack_featured_media_url":"","jetpack_sharing_enabled":true,"jetpack_shortlink":"https:\/\/wp.me\/pe6lTn-pDo","_links":{"self":[{"href":"https:\/\/www.visit-ulcinj.com\/blog\/wp-json\/wp\/v2\/posts\/98542"}],"collection":[{"href":"https:\/\/www.visit-ulcinj.com\/blog\/wp-json\/wp\/v2\/posts"}],"about":[{"href":"https:\/\/www.visit-ulcinj.com\/blog\/wp-json\/wp\/v2\/types\/post"}],"author":[{"embeddable":true,"href":"https:\/\/www.visit-ulcinj.com\/blog\/wp-json\/wp\/v2\/users\/1"}],"replies":[{"embeddable":true,"href":"https:\/\/www.visit-ulcinj.com\/blog\/wp-json\/wp\/v2\/comments?post=98542"}],"version-history":[{"count":1,"href":"https:\/\/www.visit-ulcinj.com\/blog\/wp-json\/wp\/v2\/posts\/98542\/revisions"}],"predecessor-version":[{"id":98544,"href":"https:\/\/www.visit-ulcinj.com\/blog\/wp-json\/wp\/v2\/posts\/98542\/revisions\/98544"}],"wp:attachment":[{"href":"https:\/\/www.visit-ulcinj.com\/blog\/wp-json\/wp\/v2\/media?parent=98542"}],"wp:term":[{"taxonomy":"category","embeddable":true,"href":"https:\/\/www.visit-ulcinj.com\/blog\/wp-json\/wp\/v2\/categories?post=98542"},{"taxonomy":"post_tag","embeddable":true,"href":"https:\/\/www.visit-ulcinj.com\/blog\/wp-json\/wp\/v2\/tags?post=98542"}],"curies":[{"name":"wp","href":"https:\/\/api.w.org\/{rel}","templated":true}]}}