{"id":98561,"date":"2016-07-22T10:19:17","date_gmt":"2016-07-22T09:19:17","guid":{"rendered":"http:\/\/www.visit-ulcinj.com\/blog\/?p=98561"},"modified":"2016-07-23T15:14:31","modified_gmt":"2016-07-23T14:14:31","slug":"perplasje-gojore-ne-parlamentin-e-malit-te-zi-gjate-perdorimit-te-gjuhes-shqipe","status":"publish","type":"post","link":"https:\/\/www.visit-ulcinj.com\/blog\/2016\/07\/22\/perplasje-gojore-ne-parlamentin-e-malit-te-zi-gjate-perdorimit-te-gjuhes-shqipe\/","title":{"rendered":"P\u00ebrplasje gojore n\u00eb parlamentin e Malit t\u00eb Zi, gjat\u00eb p\u00ebrdorimit t\u00eb gjuh\u00ebs shqipe"},"content":{"rendered":"<p><strong><a href=\"http:\/\/www.visit-ulcinj.com\/blog\/wp-content\/uploads\/2016\/07\/Nimanbegu-Knezheviq-.jpg\"><img loading=\"lazy\" class=\"alignleft wp-image-98562\" src=\"http:\/\/www.visit-ulcinj.com\/blog\/wp-content\/uploads\/2016\/07\/Nimanbegu-Knezheviq-.jpg\" alt=\"Nimanbegu-Knezheviq-\" width=\"508\" height=\"285\" srcset=\"https:\/\/www.visit-ulcinj.com\/blog\/wp-content\/uploads\/2016\/07\/Nimanbegu-Knezheviq-.jpg 635w, https:\/\/www.visit-ulcinj.com\/blog\/wp-content\/uploads\/2016\/07\/Nimanbegu-Knezheviq--300x168.jpg 300w\" sizes=\"(max-width: 508px) 100vw, 508px\" \/><\/a>Debate e ashper ne mes te deputeteve Nimanbegu dhe Knezheviq lidhur me perdorimin e gjuhes shqipe parlamentin e Malit t\u00eb Zi<\/strong><\/p>\n<p>Gjate seances se Kuvendit te Malit te Zi ne piken per ndryshimet dhe plotesimet e Ligjit mbi mediat, deputeti i Forces Genci Nimanbegu ka shfrytezuar te drejten Kushtetuese per te cilen ka kohe qe e kane kerkuar, qe ne Kuvendin e Malit te Zi te mund te flitet ne gjuhen shqipe, raporton portali TV Teuta.<\/p>\n<p>Nimanbegu e pershendeti kete nisme dhe diskutimin e zhvilloi ne gjuhen amtare, mirepo deputeti i Frontit demokratik Millan Knezheviq tha se perdorimi i gjuhes shqipe vjen si rezultat i vizites se Ilir Metes te cilin e karakterizoi si bashkepuntori me i ngusht i Enver Hoxhes dhe tha se nuk do te komunikoje me deputetet \u00a0shqiptare derisa kete te drejte ta fitojne edhe deputetet serb ne Kuvendin e Shqiperise. Nimanbegu u pergjigj se kjo nuk ka te beje me zoteri Meten por me nje iniciative te cilen ai ka kohe qe e ka derguar ne kuvend, dhe se zoteri Meta nuk ka mundur te jete bashkepuntore i Enver Hoxhes pasi ka lindur ne vitin 1969.<\/p>\n<p><iframe loading=\"lazy\" src=\"\/\/www.dailymotion.com\/embed\/video\/x4l8y3c?autoPlay=1\" width=\"508\" height=\"350\" frameborder=\"0\" allowfullscreen=\"allowfullscreen\"><\/iframe><\/p>\n<p><strong>Mundeni ta ndigjoni videon nga TV Kuvendi i Malit t\u00eb Zi n\u00eb integritet n\u00eb You Tube n\u00eb or\u00ebn 5:39:11<\/strong><\/p>\n<p><iframe loading=\"lazy\" src=\"https:\/\/www.youtube.com\/embed\/3Er51k7QauA\" width=\"508\" height=\"360\" frameborder=\"0\" allowfullscreen=\"allowfullscreen\"><\/iframe><\/p>\n","protected":false},"excerpt":{"rendered":"<p>Debate e ashper ne mes te deputeteve Nimanbegu dhe Knezheviq lidhur me perdorimin e gjuhes shqipe parlamentin e Malit t\u00eb Zi Gjate seances se Kuvendit te Malit te Zi ne piken per ndryshimet dhe plotesimet e Ligjit mbi mediat, deputeti i Forces Genci Nimanbegu ka shfrytezuar te drejten Kushtetuese per te cilen ka kohe qe [&hellip;]<\/p>\n","protected":false},"author":1,"featured_media":0,"comment_status":"closed","ping_status":"closed","sticky":false,"template":"","format":"standard","meta":{"spay_email":"","jetpack_publicize_message":"","jetpack_is_tweetstorm":false,"jetpack_publicize_feature_enabled":true},"categories":[1,11],"tags":[],"jetpack_publicize_connections":[],"yoast_head":"<!-- This site is optimized with the Yoast SEO plugin v19.1 - https:\/\/yoast.com\/wordpress\/plugins\/seo\/ -->\n<title>P\u00ebrplasje gojore n\u00eb parlamentin e Malit t\u00eb Zi, gjat\u00eb p\u00ebrdorimit t\u00eb gjuh\u00ebs shqipe - Lajme nga Ulqini<\/title>\n<meta name=\"description\" content=\"Debate e ashper ne mes te deputeteve Nimanbegu dhe Knezheviq lidhur me perdorimin e gjuhes shqipe parlamentin e Malit t\u00eb Zi Gjate seances se Kuvendit te\" \/>\n<meta name=\"robots\" content=\"index, follow, max-snippet:-1, max-image-preview:large, max-video-preview:-1\" \/>\n<link rel=\"canonical\" href=\"https:\/\/www.visit-ulcinj.com\/blog\/2016\/07\/22\/perplasje-gojore-ne-parlamentin-e-malit-te-zi-gjate-perdorimit-te-gjuhes-shqipe\/\" \/>\n<meta property=\"og:locale\" content=\"en_US\" \/>\n<meta property=\"og:type\" content=\"article\" \/>\n<meta property=\"og:title\" content=\"P\u00ebrplasje gojore n\u00eb parlamentin e Malit t\u00eb Zi, gjat\u00eb p\u00ebrdorimit t\u00eb gjuh\u00ebs shqipe - Lajme nga Ulqini\" \/>\n<meta property=\"og:description\" content=\"Debate e ashper ne mes te deputeteve Nimanbegu dhe Knezheviq lidhur me perdorimin e gjuhes shqipe parlamentin e Malit t\u00eb Zi Gjate seances se Kuvendit te\" \/>\n<meta property=\"og:url\" content=\"https:\/\/www.visit-ulcinj.com\/blog\/2016\/07\/22\/perplasje-gojore-ne-parlamentin-e-malit-te-zi-gjate-perdorimit-te-gjuhes-shqipe\/\" \/>\n<meta property=\"og:site_name\" content=\"Lajme nga Ulqini\" \/>\n<meta property=\"article:published_time\" content=\"2016-07-22T09:19:17+00:00\" \/>\n<meta property=\"article:modified_time\" content=\"2016-07-23T14:14:31+00:00\" \/>\n<meta property=\"og:image\" content=\"http:\/\/www.visit-ulcinj.com\/blog\/wp-content\/uploads\/2016\/07\/Nimanbegu-Knezheviq-.jpg\" \/>\n<meta name=\"twitter:label1\" content=\"Written by\" \/>\n\t<meta name=\"twitter:data1\" content=\"ulqini\" \/>\n\t<meta name=\"twitter:label2\" content=\"Est. reading time\" \/>\n\t<meta name=\"twitter:data2\" content=\"1 minute\" \/>\n<script type=\"application\/ld+json\" class=\"yoast-schema-graph\">{\"@context\":\"https:\/\/schema.org\",\"@graph\":[{\"@type\":\"WebSite\",\"@id\":\"https:\/\/www.visit-ulcinj.com\/blog\/#website\",\"url\":\"https:\/\/www.visit-ulcinj.com\/blog\/\",\"name\":\"Lajme nga Ulqini\",\"description\":\"Lajme,Vijesti,Ulqini,Ulqin,Crna Gora,Mali i Zi\",\"potentialAction\":[{\"@type\":\"SearchAction\",\"target\":{\"@type\":\"EntryPoint\",\"urlTemplate\":\"https:\/\/www.visit-ulcinj.com\/blog\/?s={search_term_string}\"},\"query-input\":\"required name=search_term_string\"}],\"inLanguage\":\"en-US\"},{\"@type\":\"ImageObject\",\"inLanguage\":\"en-US\",\"@id\":\"https:\/\/www.visit-ulcinj.com\/blog\/2016\/07\/22\/perplasje-gojore-ne-parlamentin-e-malit-te-zi-gjate-perdorimit-te-gjuhes-shqipe\/#primaryimage\",\"url\":\"https:\/\/www.visit-ulcinj.com\/blog\/wp-content\/uploads\/2016\/07\/Nimanbegu-Knezheviq-.jpg\",\"contentUrl\":\"https:\/\/www.visit-ulcinj.com\/blog\/wp-content\/uploads\/2016\/07\/Nimanbegu-Knezheviq-.jpg\",\"width\":635,\"height\":356},{\"@type\":\"WebPage\",\"@id\":\"https:\/\/www.visit-ulcinj.com\/blog\/2016\/07\/22\/perplasje-gojore-ne-parlamentin-e-malit-te-zi-gjate-perdorimit-te-gjuhes-shqipe\/#webpage\",\"url\":\"https:\/\/www.visit-ulcinj.com\/blog\/2016\/07\/22\/perplasje-gojore-ne-parlamentin-e-malit-te-zi-gjate-perdorimit-te-gjuhes-shqipe\/\",\"name\":\"P\u00ebrplasje gojore n\u00eb parlamentin e Malit t\u00eb Zi, gjat\u00eb p\u00ebrdorimit t\u00eb gjuh\u00ebs shqipe - Lajme nga Ulqini\",\"isPartOf\":{\"@id\":\"https:\/\/www.visit-ulcinj.com\/blog\/#website\"},\"primaryImageOfPage\":{\"@id\":\"https:\/\/www.visit-ulcinj.com\/blog\/2016\/07\/22\/perplasje-gojore-ne-parlamentin-e-malit-te-zi-gjate-perdorimit-te-gjuhes-shqipe\/#primaryimage\"},\"datePublished\":\"2016-07-22T09:19:17+00:00\",\"dateModified\":\"2016-07-23T14:14:31+00:00\",\"author\":{\"@id\":\"https:\/\/www.visit-ulcinj.com\/blog\/#\/schema\/person\/dcab619c614d3038751c63bc2aadc06d\"},\"description\":\"Debate e ashper ne mes te deputeteve Nimanbegu dhe Knezheviq lidhur me perdorimin e gjuhes shqipe parlamentin e Malit t\u00eb Zi Gjate seances se Kuvendit te\",\"breadcrumb\":{\"@id\":\"https:\/\/www.visit-ulcinj.com\/blog\/2016\/07\/22\/perplasje-gojore-ne-parlamentin-e-malit-te-zi-gjate-perdorimit-te-gjuhes-shqipe\/#breadcrumb\"},\"inLanguage\":\"en-US\",\"potentialAction\":[{\"@type\":\"ReadAction\",\"target\":[\"https:\/\/www.visit-ulcinj.com\/blog\/2016\/07\/22\/perplasje-gojore-ne-parlamentin-e-malit-te-zi-gjate-perdorimit-te-gjuhes-shqipe\/\"]}]},{\"@type\":\"BreadcrumbList\",\"@id\":\"https:\/\/www.visit-ulcinj.com\/blog\/2016\/07\/22\/perplasje-gojore-ne-parlamentin-e-malit-te-zi-gjate-perdorimit-te-gjuhes-shqipe\/#breadcrumb\",\"itemListElement\":[{\"@type\":\"ListItem\",\"position\":1,\"name\":\"P\u00ebrplasje gojore n\u00eb parlamentin e Malit t\u00eb Zi, gjat\u00eb p\u00ebrdorimit t\u00eb gjuh\u00ebs shqipe\"}]},{\"@type\":\"Person\",\"@id\":\"https:\/\/www.visit-ulcinj.com\/blog\/#\/schema\/person\/dcab619c614d3038751c63bc2aadc06d\",\"name\":\"ulqini\",\"sameAs\":[\"http:\/\/www.visit-ulcinj.com\"],\"url\":\"https:\/\/www.visit-ulcinj.com\/blog\/author\/admin\/\"}]}<\/script>\n<!-- \/ Yoast SEO plugin. -->","yoast_head_json":{"title":"P\u00ebrplasje gojore n\u00eb parlamentin e Malit t\u00eb Zi, gjat\u00eb p\u00ebrdorimit t\u00eb gjuh\u00ebs shqipe - Lajme nga Ulqini","description":"Debate e ashper ne mes te deputeteve Nimanbegu dhe Knezheviq lidhur me perdorimin e gjuhes shqipe parlamentin e Malit t\u00eb Zi Gjate seances se Kuvendit te","robots":{"index":"index","follow":"follow","max-snippet":"max-snippet:-1","max-image-preview":"max-image-preview:large","max-video-preview":"max-video-preview:-1"},"canonical":"https:\/\/www.visit-ulcinj.com\/blog\/2016\/07\/22\/perplasje-gojore-ne-parlamentin-e-malit-te-zi-gjate-perdorimit-te-gjuhes-shqipe\/","og_locale":"en_US","og_type":"article","og_title":"P\u00ebrplasje gojore n\u00eb parlamentin e Malit t\u00eb Zi, gjat\u00eb p\u00ebrdorimit t\u00eb gjuh\u00ebs shqipe - Lajme nga Ulqini","og_description":"Debate e ashper ne mes te deputeteve Nimanbegu dhe Knezheviq lidhur me perdorimin e gjuhes shqipe parlamentin e Malit t\u00eb Zi Gjate seances se Kuvendit te","og_url":"https:\/\/www.visit-ulcinj.com\/blog\/2016\/07\/22\/perplasje-gojore-ne-parlamentin-e-malit-te-zi-gjate-perdorimit-te-gjuhes-shqipe\/","og_site_name":"Lajme nga Ulqini","article_published_time":"2016-07-22T09:19:17+00:00","article_modified_time":"2016-07-23T14:14:31+00:00","og_image":[{"url":"http:\/\/www.visit-ulcinj.com\/blog\/wp-content\/uploads\/2016\/07\/Nimanbegu-Knezheviq-.jpg"}],"twitter_misc":{"Written by":"ulqini","Est. reading time":"1 minute"},"schema":{"@context":"https:\/\/schema.org","@graph":[{"@type":"WebSite","@id":"https:\/\/www.visit-ulcinj.com\/blog\/#website","url":"https:\/\/www.visit-ulcinj.com\/blog\/","name":"Lajme nga Ulqini","description":"Lajme,Vijesti,Ulqini,Ulqin,Crna Gora,Mali i Zi","potentialAction":[{"@type":"SearchAction","target":{"@type":"EntryPoint","urlTemplate":"https:\/\/www.visit-ulcinj.com\/blog\/?s={search_term_string}"},"query-input":"required name=search_term_string"}],"inLanguage":"en-US"},{"@type":"ImageObject","inLanguage":"en-US","@id":"https:\/\/www.visit-ulcinj.com\/blog\/2016\/07\/22\/perplasje-gojore-ne-parlamentin-e-malit-te-zi-gjate-perdorimit-te-gjuhes-shqipe\/#primaryimage","url":"https:\/\/www.visit-ulcinj.com\/blog\/wp-content\/uploads\/2016\/07\/Nimanbegu-Knezheviq-.jpg","contentUrl":"https:\/\/www.visit-ulcinj.com\/blog\/wp-content\/uploads\/2016\/07\/Nimanbegu-Knezheviq-.jpg","width":635,"height":356},{"@type":"WebPage","@id":"https:\/\/www.visit-ulcinj.com\/blog\/2016\/07\/22\/perplasje-gojore-ne-parlamentin-e-malit-te-zi-gjate-perdorimit-te-gjuhes-shqipe\/#webpage","url":"https:\/\/www.visit-ulcinj.com\/blog\/2016\/07\/22\/perplasje-gojore-ne-parlamentin-e-malit-te-zi-gjate-perdorimit-te-gjuhes-shqipe\/","name":"P\u00ebrplasje gojore n\u00eb parlamentin e Malit t\u00eb Zi, gjat\u00eb p\u00ebrdorimit t\u00eb gjuh\u00ebs shqipe - Lajme nga Ulqini","isPartOf":{"@id":"https:\/\/www.visit-ulcinj.com\/blog\/#website"},"primaryImageOfPage":{"@id":"https:\/\/www.visit-ulcinj.com\/blog\/2016\/07\/22\/perplasje-gojore-ne-parlamentin-e-malit-te-zi-gjate-perdorimit-te-gjuhes-shqipe\/#primaryimage"},"datePublished":"2016-07-22T09:19:17+00:00","dateModified":"2016-07-23T14:14:31+00:00","author":{"@id":"https:\/\/www.visit-ulcinj.com\/blog\/#\/schema\/person\/dcab619c614d3038751c63bc2aadc06d"},"description":"Debate e ashper ne mes te deputeteve Nimanbegu dhe Knezheviq lidhur me perdorimin e gjuhes shqipe parlamentin e Malit t\u00eb Zi Gjate seances se Kuvendit te","breadcrumb":{"@id":"https:\/\/www.visit-ulcinj.com\/blog\/2016\/07\/22\/perplasje-gojore-ne-parlamentin-e-malit-te-zi-gjate-perdorimit-te-gjuhes-shqipe\/#breadcrumb"},"inLanguage":"en-US","potentialAction":[{"@type":"ReadAction","target":["https:\/\/www.visit-ulcinj.com\/blog\/2016\/07\/22\/perplasje-gojore-ne-parlamentin-e-malit-te-zi-gjate-perdorimit-te-gjuhes-shqipe\/"]}]},{"@type":"BreadcrumbList","@id":"https:\/\/www.visit-ulcinj.com\/blog\/2016\/07\/22\/perplasje-gojore-ne-parlamentin-e-malit-te-zi-gjate-perdorimit-te-gjuhes-shqipe\/#breadcrumb","itemListElement":[{"@type":"ListItem","position":1,"name":"P\u00ebrplasje gojore n\u00eb parlamentin e Malit t\u00eb Zi, gjat\u00eb p\u00ebrdorimit t\u00eb gjuh\u00ebs shqipe"}]},{"@type":"Person","@id":"https:\/\/www.visit-ulcinj.com\/blog\/#\/schema\/person\/dcab619c614d3038751c63bc2aadc06d","name":"ulqini","sameAs":["http:\/\/www.visit-ulcinj.com"],"url":"https:\/\/www.visit-ulcinj.com\/blog\/author\/admin\/"}]}},"jetpack_featured_media_url":"","jetpack_sharing_enabled":true,"jetpack_shortlink":"https:\/\/wp.me\/pe6lTn-pDH","_links":{"self":[{"href":"https:\/\/www.visit-ulcinj.com\/blog\/wp-json\/wp\/v2\/posts\/98561"}],"collection":[{"href":"https:\/\/www.visit-ulcinj.com\/blog\/wp-json\/wp\/v2\/posts"}],"about":[{"href":"https:\/\/www.visit-ulcinj.com\/blog\/wp-json\/wp\/v2\/types\/post"}],"author":[{"embeddable":true,"href":"https:\/\/www.visit-ulcinj.com\/blog\/wp-json\/wp\/v2\/users\/1"}],"replies":[{"embeddable":true,"href":"https:\/\/www.visit-ulcinj.com\/blog\/wp-json\/wp\/v2\/comments?post=98561"}],"version-history":[{"count":5,"href":"https:\/\/www.visit-ulcinj.com\/blog\/wp-json\/wp\/v2\/posts\/98561\/revisions"}],"predecessor-version":[{"id":98567,"href":"https:\/\/www.visit-ulcinj.com\/blog\/wp-json\/wp\/v2\/posts\/98561\/revisions\/98567"}],"wp:attachment":[{"href":"https:\/\/www.visit-ulcinj.com\/blog\/wp-json\/wp\/v2\/media?parent=98561"}],"wp:term":[{"taxonomy":"category","embeddable":true,"href":"https:\/\/www.visit-ulcinj.com\/blog\/wp-json\/wp\/v2\/categories?post=98561"},{"taxonomy":"post_tag","embeddable":true,"href":"https:\/\/www.visit-ulcinj.com\/blog\/wp-json\/wp\/v2\/tags?post=98561"}],"curies":[{"name":"wp","href":"https:\/\/api.w.org\/{rel}","templated":true}]}}