{"id":98568,"date":"2016-07-22T11:34:34","date_gmt":"2016-07-22T10:34:34","guid":{"rendered":"http:\/\/www.visit-ulcinj.com\/blog\/?p=98568"},"modified":"2016-07-22T11:34:34","modified_gmt":"2016-07-22T10:34:34","slug":"abazoviq-e-quan-skandaloz-denimin-e-hotelierit-alloviq","status":"publish","type":"post","link":"https:\/\/www.visit-ulcinj.com\/blog\/2016\/07\/22\/abazoviq-e-quan-skandaloz-denimin-e-hotelierit-alloviq\/","title":{"rendered":"Abazoviq e quan skandaloz d\u00ebnimin e hotelierit Alloviq"},"content":{"rendered":"<p><a href=\"http:\/\/www.visit-ulcinj.com\/blog\/wp-content\/uploads\/2016\/07\/Dritan-Abazoviq-.jpg\"><img loading=\"lazy\" class=\"alignleft wp-image-98569\" src=\"http:\/\/www.visit-ulcinj.com\/blog\/wp-content\/uploads\/2016\/07\/Dritan-Abazoviq-.jpg\" alt=\"Dritan-Abazoviq-\" width=\"508\" height=\"325\" srcset=\"https:\/\/www.visit-ulcinj.com\/blog\/wp-content\/uploads\/2016\/07\/Dritan-Abazoviq-.jpg 984w, https:\/\/www.visit-ulcinj.com\/blog\/wp-content\/uploads\/2016\/07\/Dritan-Abazoviq--300x192.jpg 300w, https:\/\/www.visit-ulcinj.com\/blog\/wp-content\/uploads\/2016\/07\/Dritan-Abazoviq--768x492.jpg 768w\" sizes=\"(max-width: 508px) 100vw, 508px\" \/><\/a>N\u00ebnkryetari i URA-s\u00eb dhe deputeti n\u00eb Kuvendin e Malit t\u00eb Zi Dritan Abazoviq ka vler\u00ebsuar se vendimi i organeve gjyq\u00ebsore q\u00eb t\u00eb d\u00ebnohet hotelieri Skender Alloviq me d\u00ebnim prej 1500 euro \u00ebsht\u00eb skandaloz, raporton portali Ul.info.<\/p>\n<p>Ky d\u00ebnim pak koh\u00eb m\u00eb par\u00eb \u00ebsht\u00eb p\u00ebrcaktuar n\u00eb Gjykat\u00ebn p\u00ebr kund\u00ebrvajtje n\u00eb Ulqin, sipas padis\u00eb s\u00eb policis\u00eb, p\u00ebr arsye se n\u00eb lokalin e tij \u201eShisha bar\u201c erdhi deri tek \u201eprishja e rendit dhe qet\u00ebsis\u00eb publike\u201c gjat\u00eb ndeshjes futbollistike Armeni-Shqip\u00ebri t\u00eb luajtur n\u00eb tetor t\u00eb vitit 2015.<\/p>\n<p>\u201eNuk mund t\u00eb besoj se policia p\u00ebrdor k\u00ebto mjete. Kjo \u00ebsht\u00eb tejet jokorrekte, skandaloze. Tentojn\u00eb edhe nj\u00ebher\u00eb q\u00eb t\u00eb prishin imazhin qytetar\u00eb t\u00eb Ulqinit dhe t\u00eb krijojn\u00eb presion shtes\u00eb para zgjedhjeve parlamentare\u201c, tha Abazoviq n\u00eb Kuvendin e Malit t\u00eb Zi duke shtuar se \u201ek\u00ebto gj\u00ebra nuk e nderojn\u00eb gjyqin, e as policin\u00eb ton\u00eb\u201c.<\/p>\n","protected":false},"excerpt":{"rendered":"<p>N\u00ebnkryetari i URA-s\u00eb dhe deputeti n\u00eb Kuvendin e Malit t\u00eb Zi Dritan Abazoviq ka vler\u00ebsuar se vendimi i organeve gjyq\u00ebsore q\u00eb t\u00eb d\u00ebnohet hotelieri Skender Alloviq me d\u00ebnim prej 1500 euro \u00ebsht\u00eb skandaloz, raporton portali Ul.info. Ky d\u00ebnim pak koh\u00eb m\u00eb par\u00eb \u00ebsht\u00eb p\u00ebrcaktuar n\u00eb Gjykat\u00ebn p\u00ebr kund\u00ebrvajtje n\u00eb Ulqin, sipas padis\u00eb s\u00eb policis\u00eb, p\u00ebr [&hellip;]<\/p>\n","protected":false},"author":1,"featured_media":0,"comment_status":"closed","ping_status":"closed","sticky":false,"template":"","format":"standard","meta":{"spay_email":"","jetpack_publicize_message":"","jetpack_is_tweetstorm":false,"jetpack_publicize_feature_enabled":true},"categories":[6],"tags":[],"jetpack_publicize_connections":[],"yoast_head":"<!-- This site is optimized with the Yoast SEO plugin v19.1 - https:\/\/yoast.com\/wordpress\/plugins\/seo\/ -->\n<title>Abazoviq e quan skandaloz d\u00ebnimin e hotelierit Alloviq - Lajme nga Ulqini<\/title>\n<meta name=\"description\" content=\"N\u00ebnkryetari i URA-s\u00eb dhe deputeti n\u00eb Kuvendin e Malit t\u00eb Zi Dritan Abazoviq ka vler\u00ebsuar se vendimi i organeve gjyq\u00ebsore q\u00eb t\u00eb d\u00ebnohet hotelieri Skender\" \/>\n<meta name=\"robots\" content=\"index, follow, max-snippet:-1, max-image-preview:large, max-video-preview:-1\" \/>\n<link rel=\"canonical\" href=\"https:\/\/www.visit-ulcinj.com\/blog\/2016\/07\/22\/abazoviq-e-quan-skandaloz-denimin-e-hotelierit-alloviq\/\" \/>\n<meta property=\"og:locale\" content=\"en_US\" \/>\n<meta property=\"og:type\" content=\"article\" \/>\n<meta property=\"og:title\" content=\"Abazoviq e quan skandaloz d\u00ebnimin e hotelierit Alloviq - Lajme nga Ulqini\" \/>\n<meta property=\"og:description\" content=\"N\u00ebnkryetari i URA-s\u00eb dhe deputeti n\u00eb Kuvendin e Malit t\u00eb Zi Dritan Abazoviq ka vler\u00ebsuar se vendimi i organeve gjyq\u00ebsore q\u00eb t\u00eb d\u00ebnohet hotelieri Skender\" \/>\n<meta property=\"og:url\" content=\"https:\/\/www.visit-ulcinj.com\/blog\/2016\/07\/22\/abazoviq-e-quan-skandaloz-denimin-e-hotelierit-alloviq\/\" \/>\n<meta property=\"og:site_name\" content=\"Lajme nga Ulqini\" \/>\n<meta property=\"article:published_time\" content=\"2016-07-22T10:34:34+00:00\" \/>\n<meta property=\"og:image\" content=\"http:\/\/www.visit-ulcinj.com\/blog\/wp-content\/uploads\/2016\/07\/Dritan-Abazoviq-.jpg\" \/>\n<meta name=\"twitter:label1\" content=\"Written by\" \/>\n\t<meta name=\"twitter:data1\" content=\"ulqini\" \/>\n\t<meta name=\"twitter:label2\" content=\"Est. reading time\" \/>\n\t<meta name=\"twitter:data2\" content=\"1 minute\" \/>\n<script type=\"application\/ld+json\" class=\"yoast-schema-graph\">{\"@context\":\"https:\/\/schema.org\",\"@graph\":[{\"@type\":\"WebSite\",\"@id\":\"https:\/\/www.visit-ulcinj.com\/blog\/#website\",\"url\":\"https:\/\/www.visit-ulcinj.com\/blog\/\",\"name\":\"Lajme nga Ulqini\",\"description\":\"Lajme,Vijesti,Ulqini,Ulqin,Crna Gora,Mali i Zi\",\"potentialAction\":[{\"@type\":\"SearchAction\",\"target\":{\"@type\":\"EntryPoint\",\"urlTemplate\":\"https:\/\/www.visit-ulcinj.com\/blog\/?s={search_term_string}\"},\"query-input\":\"required name=search_term_string\"}],\"inLanguage\":\"en-US\"},{\"@type\":\"ImageObject\",\"inLanguage\":\"en-US\",\"@id\":\"https:\/\/www.visit-ulcinj.com\/blog\/2016\/07\/22\/abazoviq-e-quan-skandaloz-denimin-e-hotelierit-alloviq\/#primaryimage\",\"url\":\"https:\/\/www.visit-ulcinj.com\/blog\/wp-content\/uploads\/2016\/07\/Dritan-Abazoviq-.jpg\",\"contentUrl\":\"https:\/\/www.visit-ulcinj.com\/blog\/wp-content\/uploads\/2016\/07\/Dritan-Abazoviq-.jpg\",\"width\":984,\"height\":630},{\"@type\":\"WebPage\",\"@id\":\"https:\/\/www.visit-ulcinj.com\/blog\/2016\/07\/22\/abazoviq-e-quan-skandaloz-denimin-e-hotelierit-alloviq\/#webpage\",\"url\":\"https:\/\/www.visit-ulcinj.com\/blog\/2016\/07\/22\/abazoviq-e-quan-skandaloz-denimin-e-hotelierit-alloviq\/\",\"name\":\"Abazoviq e quan skandaloz d\u00ebnimin e hotelierit Alloviq - Lajme nga Ulqini\",\"isPartOf\":{\"@id\":\"https:\/\/www.visit-ulcinj.com\/blog\/#website\"},\"primaryImageOfPage\":{\"@id\":\"https:\/\/www.visit-ulcinj.com\/blog\/2016\/07\/22\/abazoviq-e-quan-skandaloz-denimin-e-hotelierit-alloviq\/#primaryimage\"},\"datePublished\":\"2016-07-22T10:34:34+00:00\",\"dateModified\":\"2016-07-22T10:34:34+00:00\",\"author\":{\"@id\":\"https:\/\/www.visit-ulcinj.com\/blog\/#\/schema\/person\/dcab619c614d3038751c63bc2aadc06d\"},\"description\":\"N\u00ebnkryetari i URA-s\u00eb dhe deputeti n\u00eb Kuvendin e Malit t\u00eb Zi Dritan Abazoviq ka vler\u00ebsuar se vendimi i organeve gjyq\u00ebsore q\u00eb t\u00eb d\u00ebnohet hotelieri Skender\",\"breadcrumb\":{\"@id\":\"https:\/\/www.visit-ulcinj.com\/blog\/2016\/07\/22\/abazoviq-e-quan-skandaloz-denimin-e-hotelierit-alloviq\/#breadcrumb\"},\"inLanguage\":\"en-US\",\"potentialAction\":[{\"@type\":\"ReadAction\",\"target\":[\"https:\/\/www.visit-ulcinj.com\/blog\/2016\/07\/22\/abazoviq-e-quan-skandaloz-denimin-e-hotelierit-alloviq\/\"]}]},{\"@type\":\"BreadcrumbList\",\"@id\":\"https:\/\/www.visit-ulcinj.com\/blog\/2016\/07\/22\/abazoviq-e-quan-skandaloz-denimin-e-hotelierit-alloviq\/#breadcrumb\",\"itemListElement\":[{\"@type\":\"ListItem\",\"position\":1,\"name\":\"Abazoviq e quan skandaloz d\u00ebnimin e hotelierit Alloviq\"}]},{\"@type\":\"Person\",\"@id\":\"https:\/\/www.visit-ulcinj.com\/blog\/#\/schema\/person\/dcab619c614d3038751c63bc2aadc06d\",\"name\":\"ulqini\",\"sameAs\":[\"http:\/\/www.visit-ulcinj.com\"],\"url\":\"https:\/\/www.visit-ulcinj.com\/blog\/author\/admin\/\"}]}<\/script>\n<!-- \/ Yoast SEO plugin. -->","yoast_head_json":{"title":"Abazoviq e quan skandaloz d\u00ebnimin e hotelierit Alloviq - Lajme nga Ulqini","description":"N\u00ebnkryetari i URA-s\u00eb dhe deputeti n\u00eb Kuvendin e Malit t\u00eb Zi Dritan Abazoviq ka vler\u00ebsuar se vendimi i organeve gjyq\u00ebsore q\u00eb t\u00eb d\u00ebnohet hotelieri Skender","robots":{"index":"index","follow":"follow","max-snippet":"max-snippet:-1","max-image-preview":"max-image-preview:large","max-video-preview":"max-video-preview:-1"},"canonical":"https:\/\/www.visit-ulcinj.com\/blog\/2016\/07\/22\/abazoviq-e-quan-skandaloz-denimin-e-hotelierit-alloviq\/","og_locale":"en_US","og_type":"article","og_title":"Abazoviq e quan skandaloz d\u00ebnimin e hotelierit Alloviq - Lajme nga Ulqini","og_description":"N\u00ebnkryetari i URA-s\u00eb dhe deputeti n\u00eb Kuvendin e Malit t\u00eb Zi Dritan Abazoviq ka vler\u00ebsuar se vendimi i organeve gjyq\u00ebsore q\u00eb t\u00eb d\u00ebnohet hotelieri Skender","og_url":"https:\/\/www.visit-ulcinj.com\/blog\/2016\/07\/22\/abazoviq-e-quan-skandaloz-denimin-e-hotelierit-alloviq\/","og_site_name":"Lajme nga Ulqini","article_published_time":"2016-07-22T10:34:34+00:00","og_image":[{"url":"http:\/\/www.visit-ulcinj.com\/blog\/wp-content\/uploads\/2016\/07\/Dritan-Abazoviq-.jpg"}],"twitter_misc":{"Written by":"ulqini","Est. reading time":"1 minute"},"schema":{"@context":"https:\/\/schema.org","@graph":[{"@type":"WebSite","@id":"https:\/\/www.visit-ulcinj.com\/blog\/#website","url":"https:\/\/www.visit-ulcinj.com\/blog\/","name":"Lajme nga Ulqini","description":"Lajme,Vijesti,Ulqini,Ulqin,Crna Gora,Mali i Zi","potentialAction":[{"@type":"SearchAction","target":{"@type":"EntryPoint","urlTemplate":"https:\/\/www.visit-ulcinj.com\/blog\/?s={search_term_string}"},"query-input":"required name=search_term_string"}],"inLanguage":"en-US"},{"@type":"ImageObject","inLanguage":"en-US","@id":"https:\/\/www.visit-ulcinj.com\/blog\/2016\/07\/22\/abazoviq-e-quan-skandaloz-denimin-e-hotelierit-alloviq\/#primaryimage","url":"https:\/\/www.visit-ulcinj.com\/blog\/wp-content\/uploads\/2016\/07\/Dritan-Abazoviq-.jpg","contentUrl":"https:\/\/www.visit-ulcinj.com\/blog\/wp-content\/uploads\/2016\/07\/Dritan-Abazoviq-.jpg","width":984,"height":630},{"@type":"WebPage","@id":"https:\/\/www.visit-ulcinj.com\/blog\/2016\/07\/22\/abazoviq-e-quan-skandaloz-denimin-e-hotelierit-alloviq\/#webpage","url":"https:\/\/www.visit-ulcinj.com\/blog\/2016\/07\/22\/abazoviq-e-quan-skandaloz-denimin-e-hotelierit-alloviq\/","name":"Abazoviq e quan skandaloz d\u00ebnimin e hotelierit Alloviq - Lajme nga Ulqini","isPartOf":{"@id":"https:\/\/www.visit-ulcinj.com\/blog\/#website"},"primaryImageOfPage":{"@id":"https:\/\/www.visit-ulcinj.com\/blog\/2016\/07\/22\/abazoviq-e-quan-skandaloz-denimin-e-hotelierit-alloviq\/#primaryimage"},"datePublished":"2016-07-22T10:34:34+00:00","dateModified":"2016-07-22T10:34:34+00:00","author":{"@id":"https:\/\/www.visit-ulcinj.com\/blog\/#\/schema\/person\/dcab619c614d3038751c63bc2aadc06d"},"description":"N\u00ebnkryetari i URA-s\u00eb dhe deputeti n\u00eb Kuvendin e Malit t\u00eb Zi Dritan Abazoviq ka vler\u00ebsuar se vendimi i organeve gjyq\u00ebsore q\u00eb t\u00eb d\u00ebnohet hotelieri Skender","breadcrumb":{"@id":"https:\/\/www.visit-ulcinj.com\/blog\/2016\/07\/22\/abazoviq-e-quan-skandaloz-denimin-e-hotelierit-alloviq\/#breadcrumb"},"inLanguage":"en-US","potentialAction":[{"@type":"ReadAction","target":["https:\/\/www.visit-ulcinj.com\/blog\/2016\/07\/22\/abazoviq-e-quan-skandaloz-denimin-e-hotelierit-alloviq\/"]}]},{"@type":"BreadcrumbList","@id":"https:\/\/www.visit-ulcinj.com\/blog\/2016\/07\/22\/abazoviq-e-quan-skandaloz-denimin-e-hotelierit-alloviq\/#breadcrumb","itemListElement":[{"@type":"ListItem","position":1,"name":"Abazoviq e quan skandaloz d\u00ebnimin e hotelierit Alloviq"}]},{"@type":"Person","@id":"https:\/\/www.visit-ulcinj.com\/blog\/#\/schema\/person\/dcab619c614d3038751c63bc2aadc06d","name":"ulqini","sameAs":["http:\/\/www.visit-ulcinj.com"],"url":"https:\/\/www.visit-ulcinj.com\/blog\/author\/admin\/"}]}},"jetpack_featured_media_url":"","jetpack_sharing_enabled":true,"jetpack_shortlink":"https:\/\/wp.me\/pe6lTn-pDO","_links":{"self":[{"href":"https:\/\/www.visit-ulcinj.com\/blog\/wp-json\/wp\/v2\/posts\/98568"}],"collection":[{"href":"https:\/\/www.visit-ulcinj.com\/blog\/wp-json\/wp\/v2\/posts"}],"about":[{"href":"https:\/\/www.visit-ulcinj.com\/blog\/wp-json\/wp\/v2\/types\/post"}],"author":[{"embeddable":true,"href":"https:\/\/www.visit-ulcinj.com\/blog\/wp-json\/wp\/v2\/users\/1"}],"replies":[{"embeddable":true,"href":"https:\/\/www.visit-ulcinj.com\/blog\/wp-json\/wp\/v2\/comments?post=98568"}],"version-history":[{"count":1,"href":"https:\/\/www.visit-ulcinj.com\/blog\/wp-json\/wp\/v2\/posts\/98568\/revisions"}],"predecessor-version":[{"id":98570,"href":"https:\/\/www.visit-ulcinj.com\/blog\/wp-json\/wp\/v2\/posts\/98568\/revisions\/98570"}],"wp:attachment":[{"href":"https:\/\/www.visit-ulcinj.com\/blog\/wp-json\/wp\/v2\/media?parent=98568"}],"wp:term":[{"taxonomy":"category","embeddable":true,"href":"https:\/\/www.visit-ulcinj.com\/blog\/wp-json\/wp\/v2\/categories?post=98568"},{"taxonomy":"post_tag","embeddable":true,"href":"https:\/\/www.visit-ulcinj.com\/blog\/wp-json\/wp\/v2\/tags?post=98568"}],"curies":[{"name":"wp","href":"https:\/\/api.w.org\/{rel}","templated":true}]}}