{"id":98575,"date":"2016-07-22T12:13:51","date_gmt":"2016-07-22T11:13:51","guid":{"rendered":"http:\/\/www.visit-ulcinj.com\/blog\/?p=98575"},"modified":"2016-07-22T12:13:51","modified_gmt":"2016-07-22T11:13:51","slug":"cila-eshte-kjo-bukuroshe-malazeze-ne-foto-genen","status":"publish","type":"post","link":"https:\/\/www.visit-ulcinj.com\/blog\/2016\/07\/22\/cila-eshte-kjo-bukuroshe-malazeze-ne-foto-genen\/","title":{"rendered":"Cila \u00ebsht\u00eb kjo bukuroshe malazeze n\u00eb foto me Gen\u00ebn ?"},"content":{"rendered":"<p><strong><a href=\"http:\/\/www.visit-ulcinj.com\/blog\/wp-content\/uploads\/2016\/07\/Gena-Lito-bukuroshja-malazeze.jpg\"><img loading=\"lazy\" class=\"alignleft wp-image-98576\" src=\"http:\/\/www.visit-ulcinj.com\/blog\/wp-content\/uploads\/2016\/07\/Gena-Lito-bukuroshja-malazeze.jpg\" alt=\"Gena-Lito-bukuroshja-malazeze\" width=\"508\" height=\"741\" \/><\/a>Nj\u00ebri nga k\u00ebng\u00ebtar\u00ebt m\u00eb t\u00eb mir\u00eb n\u00eb muzik\u00ebn arg\u00ebtuese padyshim q\u00eb \u00ebsht\u00eb edhe ai nga Shqip\u00ebria, Gena.<br \/>\n<\/strong><br \/>\nAutori i hiteve si \u2018Ti je jeta ime\u2019 apo \u2018M\u00eb foli\u2019, \u00ebsht\u00eb duke k\u00ebnduar n\u00eb \u00e7do qytet ku ka shqiptar\u00eb gjat\u00eb k\u00ebtyre dit\u00ebve t\u00eb nxehta t\u00eb ver\u00ebs.<\/p>\n<p>Telegrafi ka siguruar nj\u00eb foto t\u00eb Gen\u00ebs me nj\u00eb bukuroshe malazeze, foto q\u00eb \u00ebsht\u00eb b\u00ebr\u00eb gjat\u00eb k\u00ebtyre dit\u00ebve.<\/p>\n<p>Besohet se Gena \u00ebsht\u00eb n\u00eb lidhje me bukuroshen malazeze por ende nuk ka ndonj\u00eb konfirmim zyrtar nga k\u00ebng\u00ebtari i mir\u00ebnjohur shqiptar.<\/p>\n<p>Kujtojm\u00eb q\u00eb Gena \u00ebsht\u00eb nj\u00ebri nga k\u00ebng\u00ebtar\u00ebt m\u00eb t\u00eb k\u00ebrkuar n\u00eb tregun muzikor dhe ai po vazhdon mbr\u00ebmjet e shumta n\u00eb t\u00eb gjitha vendet ku ka shqiptar\u00eb me muzik\u00ebn e tij fantastike q\u00eb e b\u00ebn\u00eb live. \/Telegrafi\/<\/p>\n<!--YouTube Error: bad URL entered-->\n","protected":false},"excerpt":{"rendered":"<p>Nj\u00ebri nga k\u00ebng\u00ebtar\u00ebt m\u00eb t\u00eb mir\u00eb n\u00eb muzik\u00ebn arg\u00ebtuese padyshim q\u00eb \u00ebsht\u00eb edhe ai nga Shqip\u00ebria, Gena. Autori i hiteve si \u2018Ti je jeta ime\u2019 apo \u2018M\u00eb foli\u2019, \u00ebsht\u00eb duke k\u00ebnduar n\u00eb \u00e7do qytet ku ka shqiptar\u00eb gjat\u00eb k\u00ebtyre dit\u00ebve t\u00eb nxehta t\u00eb ver\u00ebs. Telegrafi ka siguruar nj\u00eb foto t\u00eb Gen\u00ebs me nj\u00eb bukuroshe malazeze, [&hellip;]<\/p>\n","protected":false},"author":1,"featured_media":0,"comment_status":"closed","ping_status":"closed","sticky":false,"template":"","format":"standard","meta":{"spay_email":"","jetpack_publicize_message":"","jetpack_is_tweetstorm":false,"jetpack_publicize_feature_enabled":true},"categories":[1],"tags":[],"jetpack_publicize_connections":[],"yoast_head":"<!-- This site is optimized with the Yoast SEO plugin v19.1 - https:\/\/yoast.com\/wordpress\/plugins\/seo\/ -->\n<title>Cila \u00ebsht\u00eb kjo bukuroshe malazeze n\u00eb foto me Gen\u00ebn ? - Lajme nga Ulqini<\/title>\n<meta name=\"description\" content=\"Nj\u00ebri nga k\u00ebng\u00ebtar\u00ebt m\u00eb t\u00eb mir\u00eb n\u00eb muzik\u00ebn arg\u00ebtuese padyshim q\u00eb \u00ebsht\u00eb edhe ai nga Shqip\u00ebria, Gena. Autori i hiteve si \u2018Ti je jeta ime\u2019 apo \u2018M\u00eb foli\u2019,\" \/>\n<meta name=\"robots\" content=\"index, follow, max-snippet:-1, max-image-preview:large, max-video-preview:-1\" \/>\n<link rel=\"canonical\" href=\"https:\/\/www.visit-ulcinj.com\/blog\/2016\/07\/22\/cila-eshte-kjo-bukuroshe-malazeze-ne-foto-genen\/\" \/>\n<meta property=\"og:locale\" content=\"en_US\" \/>\n<meta property=\"og:type\" content=\"article\" \/>\n<meta property=\"og:title\" content=\"Cila \u00ebsht\u00eb kjo bukuroshe malazeze n\u00eb foto me Gen\u00ebn ? - Lajme nga Ulqini\" \/>\n<meta property=\"og:description\" content=\"Nj\u00ebri nga k\u00ebng\u00ebtar\u00ebt m\u00eb t\u00eb mir\u00eb n\u00eb muzik\u00ebn arg\u00ebtuese padyshim q\u00eb \u00ebsht\u00eb edhe ai nga Shqip\u00ebria, Gena. Autori i hiteve si \u2018Ti je jeta ime\u2019 apo \u2018M\u00eb foli\u2019,\" \/>\n<meta property=\"og:url\" content=\"https:\/\/www.visit-ulcinj.com\/blog\/2016\/07\/22\/cila-eshte-kjo-bukuroshe-malazeze-ne-foto-genen\/\" \/>\n<meta property=\"og:site_name\" content=\"Lajme nga Ulqini\" \/>\n<meta property=\"article:published_time\" content=\"2016-07-22T11:13:51+00:00\" \/>\n<meta property=\"og:image\" content=\"http:\/\/www.visit-ulcinj.com\/blog\/wp-content\/uploads\/2016\/07\/Gena-Lito-bukuroshja-malazeze.jpg\" \/>\n<meta name=\"twitter:label1\" content=\"Written by\" \/>\n\t<meta name=\"twitter:data1\" content=\"ulqini\" \/>\n\t<meta name=\"twitter:label2\" content=\"Est. reading time\" \/>\n\t<meta name=\"twitter:data2\" content=\"1 minute\" \/>\n<script type=\"application\/ld+json\" class=\"yoast-schema-graph\">{\"@context\":\"https:\/\/schema.org\",\"@graph\":[{\"@type\":\"WebSite\",\"@id\":\"https:\/\/www.visit-ulcinj.com\/blog\/#website\",\"url\":\"https:\/\/www.visit-ulcinj.com\/blog\/\",\"name\":\"Lajme nga Ulqini\",\"description\":\"Lajme,Vijesti,Ulqini,Ulqin,Crna Gora,Mali i Zi\",\"potentialAction\":[{\"@type\":\"SearchAction\",\"target\":{\"@type\":\"EntryPoint\",\"urlTemplate\":\"https:\/\/www.visit-ulcinj.com\/blog\/?s={search_term_string}\"},\"query-input\":\"required name=search_term_string\"}],\"inLanguage\":\"en-US\"},{\"@type\":\"ImageObject\",\"inLanguage\":\"en-US\",\"@id\":\"https:\/\/www.visit-ulcinj.com\/blog\/2016\/07\/22\/cila-eshte-kjo-bukuroshe-malazeze-ne-foto-genen\/#primaryimage\",\"url\":\"http:\/\/www.visit-ulcinj.com\/blog\/wp-content\/uploads\/2016\/07\/Gena-Lito-bukuroshja-malazeze.jpg\",\"contentUrl\":\"http:\/\/www.visit-ulcinj.com\/blog\/wp-content\/uploads\/2016\/07\/Gena-Lito-bukuroshja-malazeze.jpg\"},{\"@type\":\"WebPage\",\"@id\":\"https:\/\/www.visit-ulcinj.com\/blog\/2016\/07\/22\/cila-eshte-kjo-bukuroshe-malazeze-ne-foto-genen\/#webpage\",\"url\":\"https:\/\/www.visit-ulcinj.com\/blog\/2016\/07\/22\/cila-eshte-kjo-bukuroshe-malazeze-ne-foto-genen\/\",\"name\":\"Cila \u00ebsht\u00eb kjo bukuroshe malazeze n\u00eb foto me Gen\u00ebn ? - Lajme nga Ulqini\",\"isPartOf\":{\"@id\":\"https:\/\/www.visit-ulcinj.com\/blog\/#website\"},\"primaryImageOfPage\":{\"@id\":\"https:\/\/www.visit-ulcinj.com\/blog\/2016\/07\/22\/cila-eshte-kjo-bukuroshe-malazeze-ne-foto-genen\/#primaryimage\"},\"datePublished\":\"2016-07-22T11:13:51+00:00\",\"dateModified\":\"2016-07-22T11:13:51+00:00\",\"author\":{\"@id\":\"https:\/\/www.visit-ulcinj.com\/blog\/#\/schema\/person\/dcab619c614d3038751c63bc2aadc06d\"},\"description\":\"Nj\u00ebri nga k\u00ebng\u00ebtar\u00ebt m\u00eb t\u00eb mir\u00eb n\u00eb muzik\u00ebn arg\u00ebtuese padyshim q\u00eb \u00ebsht\u00eb edhe ai nga Shqip\u00ebria, Gena. Autori i hiteve si \u2018Ti je jeta ime\u2019 apo \u2018M\u00eb foli\u2019,\",\"breadcrumb\":{\"@id\":\"https:\/\/www.visit-ulcinj.com\/blog\/2016\/07\/22\/cila-eshte-kjo-bukuroshe-malazeze-ne-foto-genen\/#breadcrumb\"},\"inLanguage\":\"en-US\",\"potentialAction\":[{\"@type\":\"ReadAction\",\"target\":[\"https:\/\/www.visit-ulcinj.com\/blog\/2016\/07\/22\/cila-eshte-kjo-bukuroshe-malazeze-ne-foto-genen\/\"]}]},{\"@type\":\"BreadcrumbList\",\"@id\":\"https:\/\/www.visit-ulcinj.com\/blog\/2016\/07\/22\/cila-eshte-kjo-bukuroshe-malazeze-ne-foto-genen\/#breadcrumb\",\"itemListElement\":[{\"@type\":\"ListItem\",\"position\":1,\"name\":\"Cila \u00ebsht\u00eb kjo bukuroshe malazeze n\u00eb foto me Gen\u00ebn ?\"}]},{\"@type\":\"Person\",\"@id\":\"https:\/\/www.visit-ulcinj.com\/blog\/#\/schema\/person\/dcab619c614d3038751c63bc2aadc06d\",\"name\":\"ulqini\",\"sameAs\":[\"http:\/\/www.visit-ulcinj.com\"],\"url\":\"https:\/\/www.visit-ulcinj.com\/blog\/author\/admin\/\"}]}<\/script>\n<!-- \/ Yoast SEO plugin. -->","yoast_head_json":{"title":"Cila \u00ebsht\u00eb kjo bukuroshe malazeze n\u00eb foto me Gen\u00ebn ? - Lajme nga Ulqini","description":"Nj\u00ebri nga k\u00ebng\u00ebtar\u00ebt m\u00eb t\u00eb mir\u00eb n\u00eb muzik\u00ebn arg\u00ebtuese padyshim q\u00eb \u00ebsht\u00eb edhe ai nga Shqip\u00ebria, Gena. Autori i hiteve si \u2018Ti je jeta ime\u2019 apo \u2018M\u00eb foli\u2019,","robots":{"index":"index","follow":"follow","max-snippet":"max-snippet:-1","max-image-preview":"max-image-preview:large","max-video-preview":"max-video-preview:-1"},"canonical":"https:\/\/www.visit-ulcinj.com\/blog\/2016\/07\/22\/cila-eshte-kjo-bukuroshe-malazeze-ne-foto-genen\/","og_locale":"en_US","og_type":"article","og_title":"Cila \u00ebsht\u00eb kjo bukuroshe malazeze n\u00eb foto me Gen\u00ebn ? - Lajme nga Ulqini","og_description":"Nj\u00ebri nga k\u00ebng\u00ebtar\u00ebt m\u00eb t\u00eb mir\u00eb n\u00eb muzik\u00ebn arg\u00ebtuese padyshim q\u00eb \u00ebsht\u00eb edhe ai nga Shqip\u00ebria, Gena. Autori i hiteve si \u2018Ti je jeta ime\u2019 apo \u2018M\u00eb foli\u2019,","og_url":"https:\/\/www.visit-ulcinj.com\/blog\/2016\/07\/22\/cila-eshte-kjo-bukuroshe-malazeze-ne-foto-genen\/","og_site_name":"Lajme nga Ulqini","article_published_time":"2016-07-22T11:13:51+00:00","og_image":[{"url":"http:\/\/www.visit-ulcinj.com\/blog\/wp-content\/uploads\/2016\/07\/Gena-Lito-bukuroshja-malazeze.jpg"}],"twitter_misc":{"Written by":"ulqini","Est. reading time":"1 minute"},"schema":{"@context":"https:\/\/schema.org","@graph":[{"@type":"WebSite","@id":"https:\/\/www.visit-ulcinj.com\/blog\/#website","url":"https:\/\/www.visit-ulcinj.com\/blog\/","name":"Lajme nga Ulqini","description":"Lajme,Vijesti,Ulqini,Ulqin,Crna Gora,Mali i Zi","potentialAction":[{"@type":"SearchAction","target":{"@type":"EntryPoint","urlTemplate":"https:\/\/www.visit-ulcinj.com\/blog\/?s={search_term_string}"},"query-input":"required name=search_term_string"}],"inLanguage":"en-US"},{"@type":"ImageObject","inLanguage":"en-US","@id":"https:\/\/www.visit-ulcinj.com\/blog\/2016\/07\/22\/cila-eshte-kjo-bukuroshe-malazeze-ne-foto-genen\/#primaryimage","url":"http:\/\/www.visit-ulcinj.com\/blog\/wp-content\/uploads\/2016\/07\/Gena-Lito-bukuroshja-malazeze.jpg","contentUrl":"http:\/\/www.visit-ulcinj.com\/blog\/wp-content\/uploads\/2016\/07\/Gena-Lito-bukuroshja-malazeze.jpg"},{"@type":"WebPage","@id":"https:\/\/www.visit-ulcinj.com\/blog\/2016\/07\/22\/cila-eshte-kjo-bukuroshe-malazeze-ne-foto-genen\/#webpage","url":"https:\/\/www.visit-ulcinj.com\/blog\/2016\/07\/22\/cila-eshte-kjo-bukuroshe-malazeze-ne-foto-genen\/","name":"Cila \u00ebsht\u00eb kjo bukuroshe malazeze n\u00eb foto me Gen\u00ebn ? - Lajme nga Ulqini","isPartOf":{"@id":"https:\/\/www.visit-ulcinj.com\/blog\/#website"},"primaryImageOfPage":{"@id":"https:\/\/www.visit-ulcinj.com\/blog\/2016\/07\/22\/cila-eshte-kjo-bukuroshe-malazeze-ne-foto-genen\/#primaryimage"},"datePublished":"2016-07-22T11:13:51+00:00","dateModified":"2016-07-22T11:13:51+00:00","author":{"@id":"https:\/\/www.visit-ulcinj.com\/blog\/#\/schema\/person\/dcab619c614d3038751c63bc2aadc06d"},"description":"Nj\u00ebri nga k\u00ebng\u00ebtar\u00ebt m\u00eb t\u00eb mir\u00eb n\u00eb muzik\u00ebn arg\u00ebtuese padyshim q\u00eb \u00ebsht\u00eb edhe ai nga Shqip\u00ebria, Gena. Autori i hiteve si \u2018Ti je jeta ime\u2019 apo \u2018M\u00eb foli\u2019,","breadcrumb":{"@id":"https:\/\/www.visit-ulcinj.com\/blog\/2016\/07\/22\/cila-eshte-kjo-bukuroshe-malazeze-ne-foto-genen\/#breadcrumb"},"inLanguage":"en-US","potentialAction":[{"@type":"ReadAction","target":["https:\/\/www.visit-ulcinj.com\/blog\/2016\/07\/22\/cila-eshte-kjo-bukuroshe-malazeze-ne-foto-genen\/"]}]},{"@type":"BreadcrumbList","@id":"https:\/\/www.visit-ulcinj.com\/blog\/2016\/07\/22\/cila-eshte-kjo-bukuroshe-malazeze-ne-foto-genen\/#breadcrumb","itemListElement":[{"@type":"ListItem","position":1,"name":"Cila \u00ebsht\u00eb kjo bukuroshe malazeze n\u00eb foto me Gen\u00ebn ?"}]},{"@type":"Person","@id":"https:\/\/www.visit-ulcinj.com\/blog\/#\/schema\/person\/dcab619c614d3038751c63bc2aadc06d","name":"ulqini","sameAs":["http:\/\/www.visit-ulcinj.com"],"url":"https:\/\/www.visit-ulcinj.com\/blog\/author\/admin\/"}]}},"jetpack_featured_media_url":"","jetpack_sharing_enabled":true,"jetpack_shortlink":"https:\/\/wp.me\/pe6lTn-pDV","_links":{"self":[{"href":"https:\/\/www.visit-ulcinj.com\/blog\/wp-json\/wp\/v2\/posts\/98575"}],"collection":[{"href":"https:\/\/www.visit-ulcinj.com\/blog\/wp-json\/wp\/v2\/posts"}],"about":[{"href":"https:\/\/www.visit-ulcinj.com\/blog\/wp-json\/wp\/v2\/types\/post"}],"author":[{"embeddable":true,"href":"https:\/\/www.visit-ulcinj.com\/blog\/wp-json\/wp\/v2\/users\/1"}],"replies":[{"embeddable":true,"href":"https:\/\/www.visit-ulcinj.com\/blog\/wp-json\/wp\/v2\/comments?post=98575"}],"version-history":[{"count":1,"href":"https:\/\/www.visit-ulcinj.com\/blog\/wp-json\/wp\/v2\/posts\/98575\/revisions"}],"predecessor-version":[{"id":98577,"href":"https:\/\/www.visit-ulcinj.com\/blog\/wp-json\/wp\/v2\/posts\/98575\/revisions\/98577"}],"wp:attachment":[{"href":"https:\/\/www.visit-ulcinj.com\/blog\/wp-json\/wp\/v2\/media?parent=98575"}],"wp:term":[{"taxonomy":"category","embeddable":true,"href":"https:\/\/www.visit-ulcinj.com\/blog\/wp-json\/wp\/v2\/categories?post=98575"},{"taxonomy":"post_tag","embeddable":true,"href":"https:\/\/www.visit-ulcinj.com\/blog\/wp-json\/wp\/v2\/tags?post=98575"}],"curies":[{"name":"wp","href":"https:\/\/api.w.org\/{rel}","templated":true}]}}