{"id":98580,"date":"2016-07-23T06:55:53","date_gmt":"2016-07-23T05:55:53","guid":{"rendered":"http:\/\/www.visit-ulcinj.com\/blog\/?p=98580"},"modified":"2016-07-23T06:55:53","modified_gmt":"2016-07-23T05:55:53","slug":"ulcinjska-rivijera-krivicna-prijava-protiv-novinarke-kurira","status":"publish","type":"post","link":"https:\/\/www.visit-ulcinj.com\/blog\/2016\/07\/23\/ulcinjska-rivijera-krivicna-prijava-protiv-novinarke-kurira\/","title":{"rendered":"Ulcinjska rivijera: Krivi\u010dna prijava protiv novinarke Kurira"},"content":{"rendered":"<p><strong><a href=\"http:\/\/www.visit-ulcinj.com\/blog\/wp-content\/uploads\/2010\/09\/Ulcinji-Rivi\u00e9ra-Montenegr\u00f3-Akci\u00f3s-aj\u00e1nlatok.13.jpg\"><img loading=\"lazy\" class=\"alignleft wp-image-37555\" src=\"http:\/\/www.visit-ulcinj.com\/blog\/wp-content\/uploads\/2010\/09\/Ulcinji-Rivi\u00e9ra-Montenegr\u00f3-Akci\u00f3s-aj\u00e1nlatok.13.jpg\" alt=\"Ulcinji Rivi\u00e9ra Montenegr\u00f3 - Akci\u00f3s aj\u00e1nlatok.13, Kis Strand , Strandok Ulcinj , Nudista Strand , V\u00f6r\u00f6s ulcinj , Nagy strand ulcinj , V\u00f6r\u00f6s strand ulcinj , Kir\u00e1lyn\u0151 strandja ulcinj , Montenegr\u00f3 orsz\u00e1gi apartmanok , Montenegr\u00f3 ulcinj orsz\u00e1gi sz\u00e1ll\u00e1sok , ulcinj mag\u00e1nsz\u00e1ll\u00e1sok , Montenegr\u00f3 orsz\u00e1g , K\u00e9k Adria , Apartmanok , sz\u00e1ll\u00e1sok , Montener\u00f3 - Apartments , accommodation , sz\u00e1ll\u00e1s , apartmanok , sz\u00e1ll\u00e1shely , foglal\u00e1s ,mag\u00e1nsz\u00e1ll\u00e1s , sz\u00e1ll\u00e1shely keres\u0151 , olcs\u00f3 sz\u00e1ll\u00e1s , akci\u00f3s aj\u00e1nlatok , Montenegr\u00f3 , ulcinj , wellness sz\u00e1ll\u00e1sok , utaz\u00e1s , nyaral\u00e1s , utazni , utaz\u00e1sok , last-minute , akci\u00f3s sz\u00e1ll\u00e1sok , wellness , idegenforgalom , pihen\u00e9s , program , rendezv\u00e9ny , szabadid\u0151 , sz\u00e1ll\u00e1slehet\u0151s\u00e9g , mag\u00e1nh\u00e1z , vend\u00e9gl\u00e1t\u00f3helyek , ada bojana , D\u00e9l ulcinj , tavak d\u00e9l \u0160as , fedett medence el\u0151- \u00e9s ut\u00f3szezonban , szauna , sportp\u00e1ly\u00e1k , v\u00edzisportok, terasz , \u00e9tterem , diszk\u00f3 , tenisz , lovagl\u00e1s. horg\u00e1szparadicsom a Bojana foly\u00f3n, naperny\u0151t , napoz\u00f3\u00e1gyat b\u00e9relni , \u00e9tkezni , j\u00e1tszani , sz\u00f6rf\u00f6zni , kite-olni , v\u00edzis\u00edelni , focizni , strand r\u00f6plabd\u00e1zni, Ulcinji Rivi\u00e9ra, Akci\u00f3s aj\u00e1nlatok,\" width=\"508\" height=\"230\" srcset=\"https:\/\/www.visit-ulcinj.com\/blog\/wp-content\/uploads\/2010\/09\/Ulcinji-Rivi\u00e9ra-Montenegr\u00f3-Akci\u00f3s-aj\u00e1nlatok.13.jpg 800w, https:\/\/www.visit-ulcinj.com\/blog\/wp-content\/uploads\/2010\/09\/Ulcinji-Rivi\u00e9ra-Montenegr\u00f3-Akci\u00f3s-aj\u00e1nlatok.13-300x135.jpg 300w\" sizes=\"(max-width: 508px) 100vw, 508px\" \/><\/a>\u201eUlcinjska rivijera\u201c podnijela je krivi\u010dnu prijavu protiv novinarke Kurira Marije Dejanovi\u0107. U prijavi se navodi da je novinarka neovla\u0161\u0107eno snimala i objavljivala fotografije njihove go\u0161\u0107e, poznate beogradske glumice Danice Maksimovi\u0107, koja boravi na Adi Bojani.<\/strong><\/p>\n<div id=\"articleContent\">\n<p>\u201cPrema Krivi\u010dnom zakoniku Crne Gore i \u010dlanovima 174. i 175. nije dozvoljeno neovla\u0161\u0107eno fotografisanje i objavljivanje portreta ili snimka na bilo kom javnom ili privatnom mjestu. Podsje\u0107amo da se ovdje radi ne o uobi\u010dajenoj ve\u0107 o nudisti\u010dkoj plaza.\u201d pi\u0161e u saop\u0161tenju \u201eUlcinjske rivijere\u201c. U toj kompaniji smatraju da fotografisanje nekoga ko je na nudisti\u010dkoj pla\u017ei nije novinarstvo ve\u0107 \u010dist voajerizam.<\/p>\n<p>\u201c Voajerizam i pravljenje paparaco fotografija na nudisti\u010dkim pla\u017eama svuda u svijetu je zabranjeno pa tako i na Adi Bojani. Mi na\u0161im gostima garantujemo privatnost, \u0161to jeste te\u0161ko u dana\u0161nje vrijeme, jer svaki gost ima sa sobom telefon, a nikome na \u010delu ne pi\u0161e da ga ne\u0107e i zloupotrijebiti \u201cdodaje se u saop\u0161tenju. Navodi se da je zbog brutalnog ugro\u017eavanja privatnosti na nudisti\u010dkoj pla\u017ei, poznata glumica reagovala na licu mjesta, a reagovalo je i obezbje\u0111enje. &#8211; Ali i pored svih reakcija fotografije su dospjele na naslovnu stranu Kurira.<\/p>\n<p>Uredni\u0161tvo tvrdi kako je glumica napala novinarku Kurir je objavio kako je glumica Danica Maksimovi\u0107 na Adi Bojani, zajedno s obezbje\u0111enjem, fizi\u010dki napala njihovu novinarku Mariju Dejanovi\u0107.<\/p>\n<p>\u201cDanica Maksimovi\u0107 i njen suprug, ve\u0107 nekoliko dana borave na Adi Bojani. Ekipa Kurira ih je zatekla na pla\u017ei. Kako su na\u0161a novinarka i fotoreporter tamo bili na zadatku, fotografisali su Maksimovi\u0107 kao javnu li\u010dnost na javnom mjestu. Me\u0111utim, poznatu glumicu je to toliko razbijesnilo, da je uz podr\u0161ku obezbje\u0111enja napala na\u0161u ekipu, grubo udarila novinarku preko usta i razbila joj telefon \u201c pi\u0161e u Kuriru. Dodaje se da je obezbje\u0111enje, protivno zakonu i propisima, obrisalo fotografije iz njenog mobilnog, uz najodvratnije psovke, grube re\u010di i prijetnje.<\/p>\n<p>Pobjeda<\/p>\n<\/div>\n","protected":false},"excerpt":{"rendered":"<p>\u201eUlcinjska rivijera\u201c podnijela je krivi\u010dnu prijavu protiv novinarke Kurira Marije Dejanovi\u0107. U prijavi se navodi da je novinarka neovla\u0161\u0107eno snimala i objavljivala fotografije njihove go\u0161\u0107e, poznate beogradske glumice Danice Maksimovi\u0107, koja boravi na Adi Bojani. \u201cPrema Krivi\u010dnom zakoniku Crne Gore i \u010dlanovima 174. i 175. nije dozvoljeno neovla\u0161\u0107eno fotografisanje i objavljivanje portreta ili snimka na [&hellip;]<\/p>\n","protected":false},"author":1,"featured_media":0,"comment_status":"closed","ping_status":"closed","sticky":false,"template":"","format":"standard","meta":{"spay_email":"","jetpack_publicize_message":"","jetpack_is_tweetstorm":false,"jetpack_publicize_feature_enabled":true},"categories":[8337],"tags":[],"jetpack_publicize_connections":[],"yoast_head":"<!-- This site is optimized with the Yoast SEO plugin v19.1 - https:\/\/yoast.com\/wordpress\/plugins\/seo\/ -->\n<title>Ulcinjska rivijera: Krivi\u010dna prijava protiv novinarke Kurira - Lajme nga Ulqini<\/title>\n<meta name=\"description\" content=\"\u201eUlcinjska rivijera\u201c podnijela je krivi\u010dnu prijavu protiv novinarke Kurira Marije Dejanovi\u0107. U prijavi se navodi da je novinarka neovla\u0161\u0107eno snimala i\" \/>\n<meta name=\"robots\" content=\"index, follow, max-snippet:-1, max-image-preview:large, max-video-preview:-1\" \/>\n<link rel=\"canonical\" href=\"https:\/\/www.visit-ulcinj.com\/blog\/2016\/07\/23\/ulcinjska-rivijera-krivicna-prijava-protiv-novinarke-kurira\/\" \/>\n<meta property=\"og:locale\" content=\"en_US\" \/>\n<meta property=\"og:type\" content=\"article\" \/>\n<meta property=\"og:title\" content=\"Ulcinjska rivijera: Krivi\u010dna prijava protiv novinarke Kurira - Lajme nga Ulqini\" \/>\n<meta property=\"og:description\" content=\"\u201eUlcinjska rivijera\u201c podnijela je krivi\u010dnu prijavu protiv novinarke Kurira Marije Dejanovi\u0107. U prijavi se navodi da je novinarka neovla\u0161\u0107eno snimala i\" \/>\n<meta property=\"og:url\" content=\"https:\/\/www.visit-ulcinj.com\/blog\/2016\/07\/23\/ulcinjska-rivijera-krivicna-prijava-protiv-novinarke-kurira\/\" \/>\n<meta property=\"og:site_name\" content=\"Lajme nga Ulqini\" \/>\n<meta property=\"article:published_time\" content=\"2016-07-23T05:55:53+00:00\" \/>\n<meta name=\"twitter:label1\" content=\"Written by\" \/>\n\t<meta name=\"twitter:data1\" content=\"ulqini\" \/>\n\t<meta name=\"twitter:label2\" content=\"Est. reading time\" \/>\n\t<meta name=\"twitter:data2\" content=\"2 minutes\" \/>\n<script type=\"application\/ld+json\" class=\"yoast-schema-graph\">{\"@context\":\"https:\/\/schema.org\",\"@graph\":[{\"@type\":\"WebSite\",\"@id\":\"https:\/\/www.visit-ulcinj.com\/blog\/#website\",\"url\":\"https:\/\/www.visit-ulcinj.com\/blog\/\",\"name\":\"Lajme nga Ulqini\",\"description\":\"Lajme,Vijesti,Ulqini,Ulqin,Crna Gora,Mali i Zi\",\"potentialAction\":[{\"@type\":\"SearchAction\",\"target\":{\"@type\":\"EntryPoint\",\"urlTemplate\":\"https:\/\/www.visit-ulcinj.com\/blog\/?s={search_term_string}\"},\"query-input\":\"required name=search_term_string\"}],\"inLanguage\":\"en-US\"},{\"@type\":\"WebPage\",\"@id\":\"https:\/\/www.visit-ulcinj.com\/blog\/2016\/07\/23\/ulcinjska-rivijera-krivicna-prijava-protiv-novinarke-kurira\/#webpage\",\"url\":\"https:\/\/www.visit-ulcinj.com\/blog\/2016\/07\/23\/ulcinjska-rivijera-krivicna-prijava-protiv-novinarke-kurira\/\",\"name\":\"Ulcinjska rivijera: Krivi\u010dna prijava protiv novinarke Kurira - Lajme nga Ulqini\",\"isPartOf\":{\"@id\":\"https:\/\/www.visit-ulcinj.com\/blog\/#website\"},\"datePublished\":\"2016-07-23T05:55:53+00:00\",\"dateModified\":\"2016-07-23T05:55:53+00:00\",\"author\":{\"@id\":\"https:\/\/www.visit-ulcinj.com\/blog\/#\/schema\/person\/dcab619c614d3038751c63bc2aadc06d\"},\"description\":\"\u201eUlcinjska rivijera\u201c podnijela je krivi\u010dnu prijavu protiv novinarke Kurira Marije Dejanovi\u0107. U prijavi se navodi da je novinarka neovla\u0161\u0107eno snimala i\",\"breadcrumb\":{\"@id\":\"https:\/\/www.visit-ulcinj.com\/blog\/2016\/07\/23\/ulcinjska-rivijera-krivicna-prijava-protiv-novinarke-kurira\/#breadcrumb\"},\"inLanguage\":\"en-US\",\"potentialAction\":[{\"@type\":\"ReadAction\",\"target\":[\"https:\/\/www.visit-ulcinj.com\/blog\/2016\/07\/23\/ulcinjska-rivijera-krivicna-prijava-protiv-novinarke-kurira\/\"]}]},{\"@type\":\"BreadcrumbList\",\"@id\":\"https:\/\/www.visit-ulcinj.com\/blog\/2016\/07\/23\/ulcinjska-rivijera-krivicna-prijava-protiv-novinarke-kurira\/#breadcrumb\",\"itemListElement\":[{\"@type\":\"ListItem\",\"position\":1,\"name\":\"Ulcinjska rivijera: Krivi\u010dna prijava protiv novinarke Kurira\"}]},{\"@type\":\"Person\",\"@id\":\"https:\/\/www.visit-ulcinj.com\/blog\/#\/schema\/person\/dcab619c614d3038751c63bc2aadc06d\",\"name\":\"ulqini\",\"sameAs\":[\"http:\/\/www.visit-ulcinj.com\"],\"url\":\"https:\/\/www.visit-ulcinj.com\/blog\/author\/admin\/\"}]}<\/script>\n<!-- \/ Yoast SEO plugin. -->","yoast_head_json":{"title":"Ulcinjska rivijera: Krivi\u010dna prijava protiv novinarke Kurira - Lajme nga Ulqini","description":"\u201eUlcinjska rivijera\u201c podnijela je krivi\u010dnu prijavu protiv novinarke Kurira Marije Dejanovi\u0107. U prijavi se navodi da je novinarka neovla\u0161\u0107eno snimala i","robots":{"index":"index","follow":"follow","max-snippet":"max-snippet:-1","max-image-preview":"max-image-preview:large","max-video-preview":"max-video-preview:-1"},"canonical":"https:\/\/www.visit-ulcinj.com\/blog\/2016\/07\/23\/ulcinjska-rivijera-krivicna-prijava-protiv-novinarke-kurira\/","og_locale":"en_US","og_type":"article","og_title":"Ulcinjska rivijera: Krivi\u010dna prijava protiv novinarke Kurira - Lajme nga Ulqini","og_description":"\u201eUlcinjska rivijera\u201c podnijela je krivi\u010dnu prijavu protiv novinarke Kurira Marije Dejanovi\u0107. U prijavi se navodi da je novinarka neovla\u0161\u0107eno snimala i","og_url":"https:\/\/www.visit-ulcinj.com\/blog\/2016\/07\/23\/ulcinjska-rivijera-krivicna-prijava-protiv-novinarke-kurira\/","og_site_name":"Lajme nga Ulqini","article_published_time":"2016-07-23T05:55:53+00:00","twitter_misc":{"Written by":"ulqini","Est. reading time":"2 minutes"},"schema":{"@context":"https:\/\/schema.org","@graph":[{"@type":"WebSite","@id":"https:\/\/www.visit-ulcinj.com\/blog\/#website","url":"https:\/\/www.visit-ulcinj.com\/blog\/","name":"Lajme nga Ulqini","description":"Lajme,Vijesti,Ulqini,Ulqin,Crna Gora,Mali i Zi","potentialAction":[{"@type":"SearchAction","target":{"@type":"EntryPoint","urlTemplate":"https:\/\/www.visit-ulcinj.com\/blog\/?s={search_term_string}"},"query-input":"required name=search_term_string"}],"inLanguage":"en-US"},{"@type":"WebPage","@id":"https:\/\/www.visit-ulcinj.com\/blog\/2016\/07\/23\/ulcinjska-rivijera-krivicna-prijava-protiv-novinarke-kurira\/#webpage","url":"https:\/\/www.visit-ulcinj.com\/blog\/2016\/07\/23\/ulcinjska-rivijera-krivicna-prijava-protiv-novinarke-kurira\/","name":"Ulcinjska rivijera: Krivi\u010dna prijava protiv novinarke Kurira - Lajme nga Ulqini","isPartOf":{"@id":"https:\/\/www.visit-ulcinj.com\/blog\/#website"},"datePublished":"2016-07-23T05:55:53+00:00","dateModified":"2016-07-23T05:55:53+00:00","author":{"@id":"https:\/\/www.visit-ulcinj.com\/blog\/#\/schema\/person\/dcab619c614d3038751c63bc2aadc06d"},"description":"\u201eUlcinjska rivijera\u201c podnijela je krivi\u010dnu prijavu protiv novinarke Kurira Marije Dejanovi\u0107. U prijavi se navodi da je novinarka neovla\u0161\u0107eno snimala i","breadcrumb":{"@id":"https:\/\/www.visit-ulcinj.com\/blog\/2016\/07\/23\/ulcinjska-rivijera-krivicna-prijava-protiv-novinarke-kurira\/#breadcrumb"},"inLanguage":"en-US","potentialAction":[{"@type":"ReadAction","target":["https:\/\/www.visit-ulcinj.com\/blog\/2016\/07\/23\/ulcinjska-rivijera-krivicna-prijava-protiv-novinarke-kurira\/"]}]},{"@type":"BreadcrumbList","@id":"https:\/\/www.visit-ulcinj.com\/blog\/2016\/07\/23\/ulcinjska-rivijera-krivicna-prijava-protiv-novinarke-kurira\/#breadcrumb","itemListElement":[{"@type":"ListItem","position":1,"name":"Ulcinjska rivijera: Krivi\u010dna prijava protiv novinarke Kurira"}]},{"@type":"Person","@id":"https:\/\/www.visit-ulcinj.com\/blog\/#\/schema\/person\/dcab619c614d3038751c63bc2aadc06d","name":"ulqini","sameAs":["http:\/\/www.visit-ulcinj.com"],"url":"https:\/\/www.visit-ulcinj.com\/blog\/author\/admin\/"}]}},"jetpack_featured_media_url":"","jetpack_sharing_enabled":true,"jetpack_shortlink":"https:\/\/wp.me\/pe6lTn-pE0","_links":{"self":[{"href":"https:\/\/www.visit-ulcinj.com\/blog\/wp-json\/wp\/v2\/posts\/98580"}],"collection":[{"href":"https:\/\/www.visit-ulcinj.com\/blog\/wp-json\/wp\/v2\/posts"}],"about":[{"href":"https:\/\/www.visit-ulcinj.com\/blog\/wp-json\/wp\/v2\/types\/post"}],"author":[{"embeddable":true,"href":"https:\/\/www.visit-ulcinj.com\/blog\/wp-json\/wp\/v2\/users\/1"}],"replies":[{"embeddable":true,"href":"https:\/\/www.visit-ulcinj.com\/blog\/wp-json\/wp\/v2\/comments?post=98580"}],"version-history":[{"count":1,"href":"https:\/\/www.visit-ulcinj.com\/blog\/wp-json\/wp\/v2\/posts\/98580\/revisions"}],"predecessor-version":[{"id":98581,"href":"https:\/\/www.visit-ulcinj.com\/blog\/wp-json\/wp\/v2\/posts\/98580\/revisions\/98581"}],"wp:attachment":[{"href":"https:\/\/www.visit-ulcinj.com\/blog\/wp-json\/wp\/v2\/media?parent=98580"}],"wp:term":[{"taxonomy":"category","embeddable":true,"href":"https:\/\/www.visit-ulcinj.com\/blog\/wp-json\/wp\/v2\/categories?post=98580"},{"taxonomy":"post_tag","embeddable":true,"href":"https:\/\/www.visit-ulcinj.com\/blog\/wp-json\/wp\/v2\/tags?post=98580"}],"curies":[{"name":"wp","href":"https:\/\/api.w.org\/{rel}","templated":true}]}}