{"id":98588,"date":"2016-07-23T14:51:02","date_gmt":"2016-07-23T13:51:02","guid":{"rendered":"http:\/\/www.visit-ulcinj.com\/blog\/?p=98588"},"modified":"2016-07-23T14:58:20","modified_gmt":"2016-07-23T13:58:20","slug":"kush-eshte-prane-gold-ag-ne-ulqin","status":"publish","type":"post","link":"https:\/\/www.visit-ulcinj.com\/blog\/2016\/07\/23\/kush-eshte-prane-gold-ag-ne-ulqin\/","title":{"rendered":"Kush \u00ebsht\u00eb pran\u00eb Gold Ag n\u00eb Ulqin"},"content":{"rendered":"<p><a href=\"http:\/\/www.visit-ulcinj.com\/blog\/wp-content\/uploads\/2016\/07\/Gold-AG-Cabo-Beach-Ulqin.jpg\"><img loading=\"lazy\" class=\"alignleft wp-image-98589\" src=\"http:\/\/www.visit-ulcinj.com\/blog\/wp-content\/uploads\/2016\/07\/Gold-AG-Cabo-Beach-Ulqin.jpg\" alt=\"Gold AG-Cabo Beach, Ulqin\" width=\"508\" height=\"499\" \/><\/a>Arian Agushi, reperi i njohur shqiptar Gold AG, \u00ebsht\u00eb duke b\u00ebr\u00eb buje t\u00eb madhe m\u00eb projekte t\u00eb shumta brenda nj\u00eb koh\u00eb t\u00eb shkurter e q\u00eb t\u00eb gjitha k\u00ebto po b\u00ebhen hite.<\/p>\n<p>Ai momentalisht \u00ebsht\u00eb duke shijuar sukseset e projekteve t\u00eb tij n\u00eb plazhin e Ulqinit Cabo Beach, ku ai i ka kushtuar k\u00ebng\u00ebn n\u2019Deti disa jav\u00eb m\u00eb pare Durr\u00ebsit, Vlor\u00ebs, Sh\u00ebngjinit, Velipoj\u00ebs etj. Ai s\u00eb fundmi p\u00ebrve\u00e7\u00a0angazhimeve t\u00eb shumta q\u00eb ka me mbr\u00ebmje muzikore si n\u00eb vend ashtu dhe jasht, Goldi po gjen\u00eb koh\u00eb edhe p\u00ebr tu relaksuar edhe n\u00eb bredgdetin e Ulqinit<\/p>\n<p>N\u00eb fotografit\u00eb e publikuara n\u00eb rrjetet sociali Gold AG shfaqet n\u00eb shoq\u00ebrim t\u00eb shok\u00ebve t\u00eb tij. Goldi zakonisht nuk b\u00ebn\u00eb publike jet\u00ebn e tij private, se a ka di\u00e7ka t\u00eb reja nga ai nuk dihet ende Femra q\u00eb shihet pran\u00eb tij nuk dihet se kush \u00ebsht\u00eb, vet\u00ebm se duket mjaft seksi!<\/p>\n<p>N\u00eb disa foto t\u00eb derguara nga lexuesit e Gazet\u00ebs Blic shihet ai s\u00eb bashku me shoq\u00ebrin\u00eb tij duke pushuar n\u00eb plazhin e Ulqinit.<\/p>\n<!--YouTube Error: bad URL entered-->\n<p><a href=\"http:\/\/www.visit-ulcinj.com\/blog\/wp-content\/uploads\/2016\/07\/Gold-AG-Cabo-Beach-Ulqin-1.jpg\"><img loading=\"lazy\" class=\"alignleft wp-image-98590\" src=\"http:\/\/www.visit-ulcinj.com\/blog\/wp-content\/uploads\/2016\/07\/Gold-AG-Cabo-Beach-Ulqin-1.jpg\" alt=\"Gold AG-Cabo Beach, Ulqin-1\" width=\"508\" height=\"649\" \/><\/a><\/p>\n<p><a href=\"http:\/\/www.visit-ulcinj.com\/blog\/wp-content\/uploads\/2016\/07\/Gold-AG-Cabo-Beach-Ulqin-4.jpg\"><img loading=\"lazy\" class=\"alignleft wp-image-98594\" src=\"http:\/\/www.visit-ulcinj.com\/blog\/wp-content\/uploads\/2016\/07\/Gold-AG-Cabo-Beach-Ulqin-4.jpg\" alt=\"Gold AG-Cabo Beach, Ulqin-4\" width=\"508\" height=\"903\" srcset=\"https:\/\/www.visit-ulcinj.com\/blog\/wp-content\/uploads\/2016\/07\/Gold-AG-Cabo-Beach-Ulqin-4.jpg 540w, https:\/\/www.visit-ulcinj.com\/blog\/wp-content\/uploads\/2016\/07\/Gold-AG-Cabo-Beach-Ulqin-4-169x300.jpg 169w\" sizes=\"(max-width: 508px) 100vw, 508px\" \/><\/a><\/p>\n<p><a href=\"http:\/\/www.visit-ulcinj.com\/blog\/wp-content\/uploads\/2016\/07\/Gold-AG-Cabo-Beach-Ulqin-2.jpg\"><img loading=\"lazy\" class=\"alignleft wp-image-98591\" src=\"http:\/\/www.visit-ulcinj.com\/blog\/wp-content\/uploads\/2016\/07\/Gold-AG-Cabo-Beach-Ulqin-2.jpg\" alt=\"Gold AG-Cabo Beach, Ulqin-2\" width=\"508\" height=\"381\" \/><\/a><\/p>\n<p><a href=\"http:\/\/www.visit-ulcinj.com\/blog\/wp-content\/uploads\/2016\/07\/Gold-AG-Cabo-Beach-Ulqin-3.jpg\"><img loading=\"lazy\" class=\"alignleft wp-image-98592\" src=\"http:\/\/www.visit-ulcinj.com\/blog\/wp-content\/uploads\/2016\/07\/Gold-AG-Cabo-Beach-Ulqin-3.jpg\" alt=\"Gold AG-Cabo Beach, Ulqin-3\" width=\"508\" height=\"478\" \/><\/a><\/p>\n","protected":false},"excerpt":{"rendered":"<p>Arian Agushi, reperi i njohur shqiptar Gold AG, \u00ebsht\u00eb duke b\u00ebr\u00eb buje t\u00eb madhe m\u00eb projekte t\u00eb shumta brenda nj\u00eb koh\u00eb t\u00eb shkurter e q\u00eb t\u00eb gjitha k\u00ebto po b\u00ebhen hite. Ai momentalisht \u00ebsht\u00eb duke shijuar sukseset e projekteve t\u00eb tij n\u00eb plazhin e Ulqinit Cabo Beach, ku ai i ka kushtuar k\u00ebng\u00ebn n\u2019Deti disa [&hellip;]<\/p>\n","protected":false},"author":1,"featured_media":0,"comment_status":"closed","ping_status":"closed","sticky":false,"template":"","format":"standard","meta":{"spay_email":"","jetpack_publicize_message":"","jetpack_is_tweetstorm":false,"jetpack_publicize_feature_enabled":true},"categories":[1],"tags":[],"jetpack_publicize_connections":[],"yoast_head":"<!-- This site is optimized with the Yoast SEO plugin v19.1 - https:\/\/yoast.com\/wordpress\/plugins\/seo\/ -->\n<title>Kush \u00ebsht\u00eb pran\u00eb Gold Ag n\u00eb Ulqin - Lajme nga Ulqini<\/title>\n<meta name=\"description\" content=\"Arian Agushi, reperi i njohur shqiptar Gold AG, \u00ebsht\u00eb duke b\u00ebr\u00eb buje t\u00eb madhe m\u00eb projekte t\u00eb shumta brenda nj\u00eb koh\u00eb t\u00eb shkurter e q\u00eb t\u00eb gjitha k\u00ebto po\" \/>\n<meta name=\"robots\" content=\"index, follow, max-snippet:-1, max-image-preview:large, max-video-preview:-1\" \/>\n<link rel=\"canonical\" href=\"https:\/\/www.visit-ulcinj.com\/blog\/2016\/07\/23\/kush-eshte-prane-gold-ag-ne-ulqin\/\" \/>\n<meta property=\"og:locale\" content=\"en_US\" \/>\n<meta property=\"og:type\" content=\"article\" \/>\n<meta property=\"og:title\" content=\"Kush \u00ebsht\u00eb pran\u00eb Gold Ag n\u00eb Ulqin - Lajme nga Ulqini\" \/>\n<meta property=\"og:description\" content=\"Arian Agushi, reperi i njohur shqiptar Gold AG, \u00ebsht\u00eb duke b\u00ebr\u00eb buje t\u00eb madhe m\u00eb projekte t\u00eb shumta brenda nj\u00eb koh\u00eb t\u00eb shkurter e q\u00eb t\u00eb gjitha k\u00ebto po\" \/>\n<meta property=\"og:url\" content=\"https:\/\/www.visit-ulcinj.com\/blog\/2016\/07\/23\/kush-eshte-prane-gold-ag-ne-ulqin\/\" \/>\n<meta property=\"og:site_name\" content=\"Lajme nga Ulqini\" \/>\n<meta property=\"article:published_time\" content=\"2016-07-23T13:51:02+00:00\" \/>\n<meta property=\"article:modified_time\" content=\"2016-07-23T13:58:20+00:00\" \/>\n<meta property=\"og:image\" content=\"http:\/\/www.visit-ulcinj.com\/blog\/wp-content\/uploads\/2016\/07\/Gold-AG-Cabo-Beach-Ulqin.jpg\" \/>\n<meta name=\"twitter:label1\" content=\"Written by\" \/>\n\t<meta name=\"twitter:data1\" content=\"ulqini\" \/>\n\t<meta name=\"twitter:label2\" content=\"Est. reading time\" \/>\n\t<meta name=\"twitter:data2\" content=\"1 minute\" \/>\n<script type=\"application\/ld+json\" class=\"yoast-schema-graph\">{\"@context\":\"https:\/\/schema.org\",\"@graph\":[{\"@type\":\"WebSite\",\"@id\":\"https:\/\/www.visit-ulcinj.com\/blog\/#website\",\"url\":\"https:\/\/www.visit-ulcinj.com\/blog\/\",\"name\":\"Lajme nga Ulqini\",\"description\":\"Lajme,Vijesti,Ulqini,Ulqin,Crna Gora,Mali i Zi\",\"potentialAction\":[{\"@type\":\"SearchAction\",\"target\":{\"@type\":\"EntryPoint\",\"urlTemplate\":\"https:\/\/www.visit-ulcinj.com\/blog\/?s={search_term_string}\"},\"query-input\":\"required name=search_term_string\"}],\"inLanguage\":\"en-US\"},{\"@type\":\"ImageObject\",\"inLanguage\":\"en-US\",\"@id\":\"https:\/\/www.visit-ulcinj.com\/blog\/2016\/07\/23\/kush-eshte-prane-gold-ag-ne-ulqin\/#primaryimage\",\"url\":\"http:\/\/www.visit-ulcinj.com\/blog\/wp-content\/uploads\/2016\/07\/Gold-AG-Cabo-Beach-Ulqin.jpg\",\"contentUrl\":\"http:\/\/www.visit-ulcinj.com\/blog\/wp-content\/uploads\/2016\/07\/Gold-AG-Cabo-Beach-Ulqin.jpg\"},{\"@type\":\"WebPage\",\"@id\":\"https:\/\/www.visit-ulcinj.com\/blog\/2016\/07\/23\/kush-eshte-prane-gold-ag-ne-ulqin\/#webpage\",\"url\":\"https:\/\/www.visit-ulcinj.com\/blog\/2016\/07\/23\/kush-eshte-prane-gold-ag-ne-ulqin\/\",\"name\":\"Kush \u00ebsht\u00eb pran\u00eb Gold Ag n\u00eb Ulqin - Lajme nga Ulqini\",\"isPartOf\":{\"@id\":\"https:\/\/www.visit-ulcinj.com\/blog\/#website\"},\"primaryImageOfPage\":{\"@id\":\"https:\/\/www.visit-ulcinj.com\/blog\/2016\/07\/23\/kush-eshte-prane-gold-ag-ne-ulqin\/#primaryimage\"},\"datePublished\":\"2016-07-23T13:51:02+00:00\",\"dateModified\":\"2016-07-23T13:58:20+00:00\",\"author\":{\"@id\":\"https:\/\/www.visit-ulcinj.com\/blog\/#\/schema\/person\/dcab619c614d3038751c63bc2aadc06d\"},\"description\":\"Arian Agushi, reperi i njohur shqiptar Gold AG, \u00ebsht\u00eb duke b\u00ebr\u00eb buje t\u00eb madhe m\u00eb projekte t\u00eb shumta brenda nj\u00eb koh\u00eb t\u00eb shkurter e q\u00eb t\u00eb gjitha k\u00ebto po\",\"breadcrumb\":{\"@id\":\"https:\/\/www.visit-ulcinj.com\/blog\/2016\/07\/23\/kush-eshte-prane-gold-ag-ne-ulqin\/#breadcrumb\"},\"inLanguage\":\"en-US\",\"potentialAction\":[{\"@type\":\"ReadAction\",\"target\":[\"https:\/\/www.visit-ulcinj.com\/blog\/2016\/07\/23\/kush-eshte-prane-gold-ag-ne-ulqin\/\"]}]},{\"@type\":\"BreadcrumbList\",\"@id\":\"https:\/\/www.visit-ulcinj.com\/blog\/2016\/07\/23\/kush-eshte-prane-gold-ag-ne-ulqin\/#breadcrumb\",\"itemListElement\":[{\"@type\":\"ListItem\",\"position\":1,\"name\":\"Kush \u00ebsht\u00eb pran\u00eb Gold Ag n\u00eb Ulqin\"}]},{\"@type\":\"Person\",\"@id\":\"https:\/\/www.visit-ulcinj.com\/blog\/#\/schema\/person\/dcab619c614d3038751c63bc2aadc06d\",\"name\":\"ulqini\",\"sameAs\":[\"http:\/\/www.visit-ulcinj.com\"],\"url\":\"https:\/\/www.visit-ulcinj.com\/blog\/author\/admin\/\"}]}<\/script>\n<!-- \/ Yoast SEO plugin. -->","yoast_head_json":{"title":"Kush \u00ebsht\u00eb pran\u00eb Gold Ag n\u00eb Ulqin - Lajme nga Ulqini","description":"Arian Agushi, reperi i njohur shqiptar Gold AG, \u00ebsht\u00eb duke b\u00ebr\u00eb buje t\u00eb madhe m\u00eb projekte t\u00eb shumta brenda nj\u00eb koh\u00eb t\u00eb shkurter e q\u00eb t\u00eb gjitha k\u00ebto po","robots":{"index":"index","follow":"follow","max-snippet":"max-snippet:-1","max-image-preview":"max-image-preview:large","max-video-preview":"max-video-preview:-1"},"canonical":"https:\/\/www.visit-ulcinj.com\/blog\/2016\/07\/23\/kush-eshte-prane-gold-ag-ne-ulqin\/","og_locale":"en_US","og_type":"article","og_title":"Kush \u00ebsht\u00eb pran\u00eb Gold Ag n\u00eb Ulqin - Lajme nga Ulqini","og_description":"Arian Agushi, reperi i njohur shqiptar Gold AG, \u00ebsht\u00eb duke b\u00ebr\u00eb buje t\u00eb madhe m\u00eb projekte t\u00eb shumta brenda nj\u00eb koh\u00eb t\u00eb shkurter e q\u00eb t\u00eb gjitha k\u00ebto po","og_url":"https:\/\/www.visit-ulcinj.com\/blog\/2016\/07\/23\/kush-eshte-prane-gold-ag-ne-ulqin\/","og_site_name":"Lajme nga Ulqini","article_published_time":"2016-07-23T13:51:02+00:00","article_modified_time":"2016-07-23T13:58:20+00:00","og_image":[{"url":"http:\/\/www.visit-ulcinj.com\/blog\/wp-content\/uploads\/2016\/07\/Gold-AG-Cabo-Beach-Ulqin.jpg"}],"twitter_misc":{"Written by":"ulqini","Est. reading time":"1 minute"},"schema":{"@context":"https:\/\/schema.org","@graph":[{"@type":"WebSite","@id":"https:\/\/www.visit-ulcinj.com\/blog\/#website","url":"https:\/\/www.visit-ulcinj.com\/blog\/","name":"Lajme nga Ulqini","description":"Lajme,Vijesti,Ulqini,Ulqin,Crna Gora,Mali i Zi","potentialAction":[{"@type":"SearchAction","target":{"@type":"EntryPoint","urlTemplate":"https:\/\/www.visit-ulcinj.com\/blog\/?s={search_term_string}"},"query-input":"required name=search_term_string"}],"inLanguage":"en-US"},{"@type":"ImageObject","inLanguage":"en-US","@id":"https:\/\/www.visit-ulcinj.com\/blog\/2016\/07\/23\/kush-eshte-prane-gold-ag-ne-ulqin\/#primaryimage","url":"http:\/\/www.visit-ulcinj.com\/blog\/wp-content\/uploads\/2016\/07\/Gold-AG-Cabo-Beach-Ulqin.jpg","contentUrl":"http:\/\/www.visit-ulcinj.com\/blog\/wp-content\/uploads\/2016\/07\/Gold-AG-Cabo-Beach-Ulqin.jpg"},{"@type":"WebPage","@id":"https:\/\/www.visit-ulcinj.com\/blog\/2016\/07\/23\/kush-eshte-prane-gold-ag-ne-ulqin\/#webpage","url":"https:\/\/www.visit-ulcinj.com\/blog\/2016\/07\/23\/kush-eshte-prane-gold-ag-ne-ulqin\/","name":"Kush \u00ebsht\u00eb pran\u00eb Gold Ag n\u00eb Ulqin - Lajme nga Ulqini","isPartOf":{"@id":"https:\/\/www.visit-ulcinj.com\/blog\/#website"},"primaryImageOfPage":{"@id":"https:\/\/www.visit-ulcinj.com\/blog\/2016\/07\/23\/kush-eshte-prane-gold-ag-ne-ulqin\/#primaryimage"},"datePublished":"2016-07-23T13:51:02+00:00","dateModified":"2016-07-23T13:58:20+00:00","author":{"@id":"https:\/\/www.visit-ulcinj.com\/blog\/#\/schema\/person\/dcab619c614d3038751c63bc2aadc06d"},"description":"Arian Agushi, reperi i njohur shqiptar Gold AG, \u00ebsht\u00eb duke b\u00ebr\u00eb buje t\u00eb madhe m\u00eb projekte t\u00eb shumta brenda nj\u00eb koh\u00eb t\u00eb shkurter e q\u00eb t\u00eb gjitha k\u00ebto po","breadcrumb":{"@id":"https:\/\/www.visit-ulcinj.com\/blog\/2016\/07\/23\/kush-eshte-prane-gold-ag-ne-ulqin\/#breadcrumb"},"inLanguage":"en-US","potentialAction":[{"@type":"ReadAction","target":["https:\/\/www.visit-ulcinj.com\/blog\/2016\/07\/23\/kush-eshte-prane-gold-ag-ne-ulqin\/"]}]},{"@type":"BreadcrumbList","@id":"https:\/\/www.visit-ulcinj.com\/blog\/2016\/07\/23\/kush-eshte-prane-gold-ag-ne-ulqin\/#breadcrumb","itemListElement":[{"@type":"ListItem","position":1,"name":"Kush \u00ebsht\u00eb pran\u00eb Gold Ag n\u00eb Ulqin"}]},{"@type":"Person","@id":"https:\/\/www.visit-ulcinj.com\/blog\/#\/schema\/person\/dcab619c614d3038751c63bc2aadc06d","name":"ulqini","sameAs":["http:\/\/www.visit-ulcinj.com"],"url":"https:\/\/www.visit-ulcinj.com\/blog\/author\/admin\/"}]}},"jetpack_featured_media_url":"","jetpack_sharing_enabled":true,"jetpack_shortlink":"https:\/\/wp.me\/pe6lTn-pE8","_links":{"self":[{"href":"https:\/\/www.visit-ulcinj.com\/blog\/wp-json\/wp\/v2\/posts\/98588"}],"collection":[{"href":"https:\/\/www.visit-ulcinj.com\/blog\/wp-json\/wp\/v2\/posts"}],"about":[{"href":"https:\/\/www.visit-ulcinj.com\/blog\/wp-json\/wp\/v2\/types\/post"}],"author":[{"embeddable":true,"href":"https:\/\/www.visit-ulcinj.com\/blog\/wp-json\/wp\/v2\/users\/1"}],"replies":[{"embeddable":true,"href":"https:\/\/www.visit-ulcinj.com\/blog\/wp-json\/wp\/v2\/comments?post=98588"}],"version-history":[{"count":3,"href":"https:\/\/www.visit-ulcinj.com\/blog\/wp-json\/wp\/v2\/posts\/98588\/revisions"}],"predecessor-version":[{"id":98596,"href":"https:\/\/www.visit-ulcinj.com\/blog\/wp-json\/wp\/v2\/posts\/98588\/revisions\/98596"}],"wp:attachment":[{"href":"https:\/\/www.visit-ulcinj.com\/blog\/wp-json\/wp\/v2\/media?parent=98588"}],"wp:term":[{"taxonomy":"category","embeddable":true,"href":"https:\/\/www.visit-ulcinj.com\/blog\/wp-json\/wp\/v2\/categories?post=98588"},{"taxonomy":"post_tag","embeddable":true,"href":"https:\/\/www.visit-ulcinj.com\/blog\/wp-json\/wp\/v2\/tags?post=98588"}],"curies":[{"name":"wp","href":"https:\/\/api.w.org\/{rel}","templated":true}]}}