{"id":9859,"date":"2009-01-27T07:12:30","date_gmt":"2009-01-27T06:12:30","guid":{"rendered":"http:\/\/www.visit-ulcinj.com\/blog\/?p=9859"},"modified":"2009-01-27T13:15:55","modified_gmt":"2009-01-27T12:15:55","slug":"ciljeta-arrin-te-vije-ne-forme-me-disa-kg-me-pak","status":"publish","type":"post","link":"https:\/\/www.visit-ulcinj.com\/blog\/2009\/01\/27\/ciljeta-arrin-te-vije-ne-forme-me-disa-kg-me-pak\/","title":{"rendered":"\u00c7iljeta arrin t\u00eb vij\u00eb n\u00eb form\u00eb me disa kg m\u00eb pak"},"content":{"rendered":"<p><a rel=\"attachment wp-att-9860\" href=\"http:\/\/www.visit-ulcinj.com\/blog\/2009\/01\/27\/ciljeta-arrin-te-vije-ne-forme-me-disa-kg-me-pak\/ciljeta-ne-disco-boleros5\/\"><img loading=\"lazy\" class=\"alignleft size-full wp-image-9860\" title=\"ciljeta-ne-disco-boleros5\" src=\"http:\/\/www.visit-ulcinj.com\/blog\/wp-content\/uploads\/2009\/01\/ciljeta-ne-disco-boleros5.jpg\" alt=\"ciljeta-ne-disco-boleros5\" width=\"570\" height=\"400\" \/><\/a>Mania e dob\u00ebsimit me \u00e7do kusht ka prekur dhe \u00c7iljeta Xhilag\u00ebn, e cila gjithmon\u00eb \u00ebsht\u00eb shquar p\u00ebr linjat e mbushura. Nj\u00eb teprim, me pesh\u00ebn e saj u vu re pak muaj m\u00eb par\u00eb, kur ajo konkurroi n\u00eb festivalin \u201cK\u00ebnga Magjike\u2019 me k\u00ebng\u00ebn \u201cDuty free\u201d. Me nj\u00eb fustan t\u00eb shkurt\u00ebr t\u00eb dizenjuar sipas stilit t\u00eb marinarit, prej nga ishte frym\u00ebzuar dhe Kristina Aguilera n\u00eb k\u00ebng\u00ebn \u201cOne stop shop\u201d u pa dhe nj\u00eb pesh\u00eb m\u00eb e madhe. Por k\u00ebto dit\u00eb, paparaci yn\u00eb e ka fotografuar \u00c7iljet\u00ebn n\u00eb nj\u00eb nga pub-et e Tiran\u00ebs duke u arg\u00ebtuar me miq t\u00eb saj. Si\u00e7 e shihni dhe n\u00eb foto, duket se ka humbur n\u00eb pesh\u00eb krahasuar me pak muaj m\u00eb par\u00eb. E veshur me nj\u00eb fustan leopardi, nj\u00eb nga preferencat e p\u00ebrhershme t\u00eb \u00c7iljet\u00ebs, ajo duket me linja t\u00eb dob\u00ebsuara.<\/p>\n<p>Deri tani ajo kishte b\u00ebr\u00eb buj\u00eb me ngjyr\u00ebn e flok\u00ebve, q\u00eb n\u00eb ver\u00eb e ndryshoi ekstremisht nga t\u00eb zez\u00eb n\u00eb bionde. Po me k\u00ebt\u00eb ngjyr\u00eb flok\u00ebsh u prezantua dhe tek \u201cK\u00ebnga Magjike\u201d, por me flok\u00eb t\u00eb shkurtuara shum\u00eb. Se sa kg \u00ebsht\u00eb dob\u00ebsuar nuk mund ta themi ekzakt\u00ebsisht pasi dihet q\u00eb n\u00eb var\u00ebsi t\u00eb veshjeve ndryshojn\u00eb n\u00eb dukje dhe linjat. \u00cbsht\u00eb sigurt q\u00eb ka humbur kile, pavar\u00ebsisht se si duket n\u00ebse vesh rroba sportive, klasike apo ekstravagante. Sa p\u00ebr look-un, tani ajo eksperimenton, me t\u00eb gjitha ngjyrat. \u00c7iljeta \u00ebsht\u00eb nj\u00eb nga k\u00ebng\u00ebtaret m\u00eb t\u00eb paguara edhe p\u00ebr shkak t\u00eb linjave \u201csexy\u201d, dhe ndoshta kur ka parasysh k\u00ebt\u00eb, ia vlen t\u00eb sakrifikoj\u00eb qoft\u00eb edhe me dieta t\u00eb ndryshme, vrap, apo palest\u00ebr.<br \/>\n<strong><br \/>\nPanoramaPlus<\/strong><\/p>\n<p><strong><\/p>\n<p><\/strong><\/p>\n<p><strong><\/strong><\/p>\n<p><!--YouTube Error: bad URL entered--><strong><br \/>\n<\/strong><\/p>\n","protected":false},"excerpt":{"rendered":"<p>Mania e dob\u00ebsimit me \u00e7do kusht ka prekur dhe \u00c7iljeta Xhilag\u00ebn, e cila gjithmon\u00eb \u00ebsht\u00eb shquar p\u00ebr linjat e mbushura. Nj\u00eb teprim, me pesh\u00ebn e saj u vu re pak muaj m\u00eb par\u00eb, kur ajo konkurroi n\u00eb festivalin \u201cK\u00ebnga Magjike\u2019 me k\u00ebng\u00ebn \u201cDuty free\u201d. Me nj\u00eb fustan t\u00eb shkurt\u00ebr t\u00eb dizenjuar sipas stilit t\u00eb marinarit, [&hellip;]<\/p>\n","protected":false},"author":1,"featured_media":0,"comment_status":"open","ping_status":"closed","sticky":false,"template":"","format":"standard","meta":{"spay_email":"","jetpack_publicize_message":"","jetpack_is_tweetstorm":false,"jetpack_publicize_feature_enabled":true},"categories":[1],"tags":[5456,6122,5750,4966],"jetpack_publicize_connections":[],"yoast_head":"<!-- This site is optimized with the Yoast SEO plugin v19.1 - https:\/\/yoast.com\/wordpress\/plugins\/seo\/ -->\n<title>\u00c7iljeta arrin t\u00eb vij\u00eb n\u00eb form\u00eb me disa kg m\u00eb pak - Lajme nga Ulqini<\/title>\n<meta name=\"description\" content=\"Mania e dob\u00ebsimit me \u00e7do kusht ka prekur dhe \u00c7iljeta Xhilag\u00ebn, e cila gjithmon\u00eb \u00ebsht\u00eb shquar p\u00ebr linjat e mbushura. Nj\u00eb teprim, me pesh\u00ebn e saj u vu re\" \/>\n<meta name=\"robots\" content=\"index, follow, max-snippet:-1, max-image-preview:large, max-video-preview:-1\" \/>\n<link rel=\"canonical\" href=\"https:\/\/www.visit-ulcinj.com\/blog\/2009\/01\/27\/ciljeta-arrin-te-vije-ne-forme-me-disa-kg-me-pak\/\" \/>\n<meta property=\"og:locale\" content=\"en_US\" \/>\n<meta property=\"og:type\" content=\"article\" \/>\n<meta property=\"og:title\" content=\"\u00c7iljeta arrin t\u00eb vij\u00eb n\u00eb form\u00eb me disa kg m\u00eb pak - Lajme nga Ulqini\" \/>\n<meta property=\"og:description\" content=\"Mania e dob\u00ebsimit me \u00e7do kusht ka prekur dhe \u00c7iljeta Xhilag\u00ebn, e cila gjithmon\u00eb \u00ebsht\u00eb shquar p\u00ebr linjat e mbushura. Nj\u00eb teprim, me pesh\u00ebn e saj u vu re\" \/>\n<meta property=\"og:url\" content=\"https:\/\/www.visit-ulcinj.com\/blog\/2009\/01\/27\/ciljeta-arrin-te-vije-ne-forme-me-disa-kg-me-pak\/\" \/>\n<meta property=\"og:site_name\" content=\"Lajme nga Ulqini\" \/>\n<meta property=\"article:published_time\" content=\"2009-01-27T06:12:30+00:00\" \/>\n<meta property=\"article:modified_time\" content=\"2009-01-27T12:15:55+00:00\" \/>\n<meta property=\"og:image\" content=\"https:\/\/www.visit-ulcinj.com\/blog\/wp-content\/uploads\/2009\/01\/ciljeta-ne-disco-boleros5-150x150.jpg\" \/>\n<meta name=\"twitter:label1\" content=\"Written by\" \/>\n\t<meta name=\"twitter:data1\" content=\"ulqini\" \/>\n\t<meta name=\"twitter:label2\" content=\"Est. reading time\" \/>\n\t<meta name=\"twitter:data2\" content=\"2 minutes\" \/>\n<script type=\"application\/ld+json\" class=\"yoast-schema-graph\">{\"@context\":\"https:\/\/schema.org\",\"@graph\":[{\"@type\":\"WebSite\",\"@id\":\"https:\/\/www.visit-ulcinj.com\/blog\/#website\",\"url\":\"https:\/\/www.visit-ulcinj.com\/blog\/\",\"name\":\"Lajme nga Ulqini\",\"description\":\"Lajme,Vijesti,Ulqini,Ulqin,Crna Gora,Mali i Zi\",\"potentialAction\":[{\"@type\":\"SearchAction\",\"target\":{\"@type\":\"EntryPoint\",\"urlTemplate\":\"https:\/\/www.visit-ulcinj.com\/blog\/?s={search_term_string}\"},\"query-input\":\"required name=search_term_string\"}],\"inLanguage\":\"en-US\"},{\"@type\":\"ImageObject\",\"inLanguage\":\"en-US\",\"@id\":\"https:\/\/www.visit-ulcinj.com\/blog\/2009\/01\/27\/ciljeta-arrin-te-vije-ne-forme-me-disa-kg-me-pak\/#primaryimage\",\"url\":\"http:\/\/www.visit-ulcinj.com\/blog\/wp-content\/uploads\/2009\/01\/ciljeta-ne-disco-boleros5.jpg\",\"contentUrl\":\"http:\/\/www.visit-ulcinj.com\/blog\/wp-content\/uploads\/2009\/01\/ciljeta-ne-disco-boleros5.jpg\"},{\"@type\":\"WebPage\",\"@id\":\"https:\/\/www.visit-ulcinj.com\/blog\/2009\/01\/27\/ciljeta-arrin-te-vije-ne-forme-me-disa-kg-me-pak\/#webpage\",\"url\":\"https:\/\/www.visit-ulcinj.com\/blog\/2009\/01\/27\/ciljeta-arrin-te-vije-ne-forme-me-disa-kg-me-pak\/\",\"name\":\"\u00c7iljeta arrin t\u00eb vij\u00eb n\u00eb form\u00eb me disa kg m\u00eb pak - Lajme nga Ulqini\",\"isPartOf\":{\"@id\":\"https:\/\/www.visit-ulcinj.com\/blog\/#website\"},\"primaryImageOfPage\":{\"@id\":\"https:\/\/www.visit-ulcinj.com\/blog\/2009\/01\/27\/ciljeta-arrin-te-vije-ne-forme-me-disa-kg-me-pak\/#primaryimage\"},\"datePublished\":\"2009-01-27T06:12:30+00:00\",\"dateModified\":\"2009-01-27T12:15:55+00:00\",\"author\":{\"@id\":\"https:\/\/www.visit-ulcinj.com\/blog\/#\/schema\/person\/dcab619c614d3038751c63bc2aadc06d\"},\"description\":\"Mania e dob\u00ebsimit me \u00e7do kusht ka prekur dhe \u00c7iljeta Xhilag\u00ebn, e cila gjithmon\u00eb \u00ebsht\u00eb shquar p\u00ebr linjat e mbushura. Nj\u00eb teprim, me pesh\u00ebn e saj u vu re\",\"breadcrumb\":{\"@id\":\"https:\/\/www.visit-ulcinj.com\/blog\/2009\/01\/27\/ciljeta-arrin-te-vije-ne-forme-me-disa-kg-me-pak\/#breadcrumb\"},\"inLanguage\":\"en-US\",\"potentialAction\":[{\"@type\":\"ReadAction\",\"target\":[\"https:\/\/www.visit-ulcinj.com\/blog\/2009\/01\/27\/ciljeta-arrin-te-vije-ne-forme-me-disa-kg-me-pak\/\"]}]},{\"@type\":\"BreadcrumbList\",\"@id\":\"https:\/\/www.visit-ulcinj.com\/blog\/2009\/01\/27\/ciljeta-arrin-te-vije-ne-forme-me-disa-kg-me-pak\/#breadcrumb\",\"itemListElement\":[{\"@type\":\"ListItem\",\"position\":1,\"name\":\"\u00c7iljeta arrin t\u00eb vij\u00eb n\u00eb form\u00eb me disa kg m\u00eb pak\"}]},{\"@type\":\"Person\",\"@id\":\"https:\/\/www.visit-ulcinj.com\/blog\/#\/schema\/person\/dcab619c614d3038751c63bc2aadc06d\",\"name\":\"ulqini\",\"sameAs\":[\"http:\/\/www.visit-ulcinj.com\"],\"url\":\"https:\/\/www.visit-ulcinj.com\/blog\/author\/admin\/\"}]}<\/script>\n<!-- \/ Yoast SEO plugin. -->","yoast_head_json":{"title":"\u00c7iljeta arrin t\u00eb vij\u00eb n\u00eb form\u00eb me disa kg m\u00eb pak - Lajme nga Ulqini","description":"Mania e dob\u00ebsimit me \u00e7do kusht ka prekur dhe \u00c7iljeta Xhilag\u00ebn, e cila gjithmon\u00eb \u00ebsht\u00eb shquar p\u00ebr linjat e mbushura. Nj\u00eb teprim, me pesh\u00ebn e saj u vu re","robots":{"index":"index","follow":"follow","max-snippet":"max-snippet:-1","max-image-preview":"max-image-preview:large","max-video-preview":"max-video-preview:-1"},"canonical":"https:\/\/www.visit-ulcinj.com\/blog\/2009\/01\/27\/ciljeta-arrin-te-vije-ne-forme-me-disa-kg-me-pak\/","og_locale":"en_US","og_type":"article","og_title":"\u00c7iljeta arrin t\u00eb vij\u00eb n\u00eb form\u00eb me disa kg m\u00eb pak - Lajme nga Ulqini","og_description":"Mania e dob\u00ebsimit me \u00e7do kusht ka prekur dhe \u00c7iljeta Xhilag\u00ebn, e cila gjithmon\u00eb \u00ebsht\u00eb shquar p\u00ebr linjat e mbushura. Nj\u00eb teprim, me pesh\u00ebn e saj u vu re","og_url":"https:\/\/www.visit-ulcinj.com\/blog\/2009\/01\/27\/ciljeta-arrin-te-vije-ne-forme-me-disa-kg-me-pak\/","og_site_name":"Lajme nga Ulqini","article_published_time":"2009-01-27T06:12:30+00:00","article_modified_time":"2009-01-27T12:15:55+00:00","og_image":[{"url":"https:\/\/www.visit-ulcinj.com\/blog\/wp-content\/uploads\/2009\/01\/ciljeta-ne-disco-boleros5-150x150.jpg"}],"twitter_misc":{"Written by":"ulqini","Est. reading time":"2 minutes"},"schema":{"@context":"https:\/\/schema.org","@graph":[{"@type":"WebSite","@id":"https:\/\/www.visit-ulcinj.com\/blog\/#website","url":"https:\/\/www.visit-ulcinj.com\/blog\/","name":"Lajme nga Ulqini","description":"Lajme,Vijesti,Ulqini,Ulqin,Crna Gora,Mali i Zi","potentialAction":[{"@type":"SearchAction","target":{"@type":"EntryPoint","urlTemplate":"https:\/\/www.visit-ulcinj.com\/blog\/?s={search_term_string}"},"query-input":"required name=search_term_string"}],"inLanguage":"en-US"},{"@type":"ImageObject","inLanguage":"en-US","@id":"https:\/\/www.visit-ulcinj.com\/blog\/2009\/01\/27\/ciljeta-arrin-te-vije-ne-forme-me-disa-kg-me-pak\/#primaryimage","url":"http:\/\/www.visit-ulcinj.com\/blog\/wp-content\/uploads\/2009\/01\/ciljeta-ne-disco-boleros5.jpg","contentUrl":"http:\/\/www.visit-ulcinj.com\/blog\/wp-content\/uploads\/2009\/01\/ciljeta-ne-disco-boleros5.jpg"},{"@type":"WebPage","@id":"https:\/\/www.visit-ulcinj.com\/blog\/2009\/01\/27\/ciljeta-arrin-te-vije-ne-forme-me-disa-kg-me-pak\/#webpage","url":"https:\/\/www.visit-ulcinj.com\/blog\/2009\/01\/27\/ciljeta-arrin-te-vije-ne-forme-me-disa-kg-me-pak\/","name":"\u00c7iljeta arrin t\u00eb vij\u00eb n\u00eb form\u00eb me disa kg m\u00eb pak - Lajme nga Ulqini","isPartOf":{"@id":"https:\/\/www.visit-ulcinj.com\/blog\/#website"},"primaryImageOfPage":{"@id":"https:\/\/www.visit-ulcinj.com\/blog\/2009\/01\/27\/ciljeta-arrin-te-vije-ne-forme-me-disa-kg-me-pak\/#primaryimage"},"datePublished":"2009-01-27T06:12:30+00:00","dateModified":"2009-01-27T12:15:55+00:00","author":{"@id":"https:\/\/www.visit-ulcinj.com\/blog\/#\/schema\/person\/dcab619c614d3038751c63bc2aadc06d"},"description":"Mania e dob\u00ebsimit me \u00e7do kusht ka prekur dhe \u00c7iljeta Xhilag\u00ebn, e cila gjithmon\u00eb \u00ebsht\u00eb shquar p\u00ebr linjat e mbushura. Nj\u00eb teprim, me pesh\u00ebn e saj u vu re","breadcrumb":{"@id":"https:\/\/www.visit-ulcinj.com\/blog\/2009\/01\/27\/ciljeta-arrin-te-vije-ne-forme-me-disa-kg-me-pak\/#breadcrumb"},"inLanguage":"en-US","potentialAction":[{"@type":"ReadAction","target":["https:\/\/www.visit-ulcinj.com\/blog\/2009\/01\/27\/ciljeta-arrin-te-vije-ne-forme-me-disa-kg-me-pak\/"]}]},{"@type":"BreadcrumbList","@id":"https:\/\/www.visit-ulcinj.com\/blog\/2009\/01\/27\/ciljeta-arrin-te-vije-ne-forme-me-disa-kg-me-pak\/#breadcrumb","itemListElement":[{"@type":"ListItem","position":1,"name":"\u00c7iljeta arrin t\u00eb vij\u00eb n\u00eb form\u00eb me disa kg m\u00eb pak"}]},{"@type":"Person","@id":"https:\/\/www.visit-ulcinj.com\/blog\/#\/schema\/person\/dcab619c614d3038751c63bc2aadc06d","name":"ulqini","sameAs":["http:\/\/www.visit-ulcinj.com"],"url":"https:\/\/www.visit-ulcinj.com\/blog\/author\/admin\/"}]}},"jetpack_featured_media_url":"","jetpack_sharing_enabled":true,"jetpack_shortlink":"https:\/\/wp.me\/pe6lTn-2z1","_links":{"self":[{"href":"https:\/\/www.visit-ulcinj.com\/blog\/wp-json\/wp\/v2\/posts\/9859"}],"collection":[{"href":"https:\/\/www.visit-ulcinj.com\/blog\/wp-json\/wp\/v2\/posts"}],"about":[{"href":"https:\/\/www.visit-ulcinj.com\/blog\/wp-json\/wp\/v2\/types\/post"}],"author":[{"embeddable":true,"href":"https:\/\/www.visit-ulcinj.com\/blog\/wp-json\/wp\/v2\/users\/1"}],"replies":[{"embeddable":true,"href":"https:\/\/www.visit-ulcinj.com\/blog\/wp-json\/wp\/v2\/comments?post=9859"}],"version-history":[{"count":0,"href":"https:\/\/www.visit-ulcinj.com\/blog\/wp-json\/wp\/v2\/posts\/9859\/revisions"}],"wp:attachment":[{"href":"https:\/\/www.visit-ulcinj.com\/blog\/wp-json\/wp\/v2\/media?parent=9859"}],"wp:term":[{"taxonomy":"category","embeddable":true,"href":"https:\/\/www.visit-ulcinj.com\/blog\/wp-json\/wp\/v2\/categories?post=9859"},{"taxonomy":"post_tag","embeddable":true,"href":"https:\/\/www.visit-ulcinj.com\/blog\/wp-json\/wp\/v2\/tags?post=9859"}],"curies":[{"name":"wp","href":"https:\/\/api.w.org\/{rel}","templated":true}]}}