{"id":98625,"date":"2016-07-24T05:38:46","date_gmt":"2016-07-24T04:38:46","guid":{"rendered":"http:\/\/www.visit-ulcinj.com\/blog\/?p=98625"},"modified":"2016-07-24T05:38:46","modified_gmt":"2016-07-24T04:38:46","slug":"nika-cfare-te-behet-pas-te-henes-objektet-e-perkohshme","status":"publish","type":"post","link":"https:\/\/www.visit-ulcinj.com\/blog\/2016\/07\/24\/nika-cfare-te-behet-pas-te-henes-objektet-e-perkohshme\/","title":{"rendered":"Nika: \u00c7far\u00eb do t\u00eb b\u00ebhet pas t\u00eb h\u00ebn\u00ebs me objektet e p\u00ebrkohshme&#8230;?!"},"content":{"rendered":"<p><strong><em><a href=\"http:\/\/www.visit-ulcinj.com\/blog\/wp-content\/uploads\/2014\/11\/Muhamet-Nika.jpg\"><img loading=\"lazy\" class=\"alignleft wp-image-86143 size-full\" src=\"http:\/\/www.visit-ulcinj.com\/blog\/wp-content\/uploads\/2014\/11\/Muhamet-Nika.jpg\" alt=\"Muhamet Nika\" width=\"256\" height=\"319\" srcset=\"https:\/\/www.visit-ulcinj.com\/blog\/wp-content\/uploads\/2014\/11\/Muhamet-Nika.jpg 256w, https:\/\/www.visit-ulcinj.com\/blog\/wp-content\/uploads\/2014\/11\/Muhamet-Nika-240x300.jpg 240w\" sizes=\"(max-width: 256px) 100vw, 256px\" \/><\/a>Shkruan Muhamet Nika<\/em><\/strong><\/p>\n<ul>\n<li><strong><em>KUVENDI NUK KA KVORUM?!!<\/em><\/strong><\/li>\n<\/ul>\n<p>I paralajm\u00ebruar nga kryetari\u00a0 i tij L. Ndrekiq, q\u00eb kuvendi do t\u00eb vazhdoj\u00eb pun\u00ebn, \u00a0\u00a0k\u00ebsaj t\u00eb premteje \u00a0\u00a0p\u00ebr t\u00eb votuar\u00a0 programin \u00a0e \u00a0objekteve t\u00eb p\u00ebrkohsh\u00ebm ,\u00a0 p\u00ebrs\u00ebri \u00a0nuk\u00a0 ndodhi &#8230;, arsyeja &#8211; \u00a0mungonte kuorumi..?!<\/p>\n<p>Merret vesh q\u00eb ai, \u00a0pritet t\u00eb vazhdoj\u00eb t\u00eb h\u00ebn\u00ebn, por me pak gjasa minimale \u00a0pasi nj\u00eb krah i \u00a0Gjek\u00ebs, nuk duan t\u00eb b\u00ebjn\u00eb shumic\u00eb duke kaluar programin- p\u00ebr ve\u00e7\u00a0 ndonj\u00ebrit , q\u00eb mbase lidhet me interes personal&#8230;.?!<\/p>\n<p>Bile p\u00ebr k\u00ebt\u00eb, edhe po t\u00eb duan- t\u00eb\u00a0 nd\u00ebrrojn\u00eb mendim, zor se do ta \u00a0mund\u00a0 ta b\u00ebnin&#8230;, pasi\u00a0 \u00a0mund t\u00eb ndihen\u201d t\u00eb p\u00ebrdhunuar..\u201d p\u00ebr nj\u00eb veprim t\u00eb till\u00eb nga Forca! \u00a0K\u00ebshilltar\u00ebt e Forc\u00ebs \u00a0pat\u00ebm rastin t\u00eb shohim\u00a0 se i kishin k\u00ebrc\u00ebnuar ata \u00a0\u00a0me fjal\u00ebt : N\u00ebse ju nuk votoni programin \u2013 Ne nuk ju votojm\u00eb Met Gjonin p\u00ebr n\u00ebnkryetar komune?!<\/p>\n<p><strong><em>\u00c7KA\u00a0 NDODH\u00cb- N\u00cbSE\u00a0 KUVENDI NUK\u00a0 VOTON\u00a0 PROGRAMIN&#8230;?!!<\/em><\/strong><\/p>\n<p>A \u00a0do t\u00eb thot\u00eb kjo , se k\u00ebshilltar\u00ebt , me bojkot t\u00eb tij eventual , rrezikojn\u00eb\u00a0 mbushjen e buxhetit t\u00eb komun\u00ebs dhe se kjo \u00ebsht\u00eb me interes p\u00ebr qytetar\u00ebt- arsyetim i d\u00ebgjuar \u00a0n\u00eb kuvend nga Genc Niman Begu &#8211; \u00a0Me siguri jo?!<\/p>\n<p>Lejet e dh\u00ebna nga kryetari , nuk \u00ebsht\u00eb se mund t\u00eb anulohen \u2013 t\u00eb zhb\u00ebhen nga KUVENDI&#8230;?!<\/p>\n<p>&#8211; Ata lirisht , vazhdojn\u00eb\u00a0 pun\u00ebn e vet pa kurrfar\u00eb problemi ?!!Qofshin \u00a0ato edhe\u00a0 kontestuese me ligj &#8230;?!<\/p>\n<p>Po \u00a0at\u00ebher\u00eb &#8211; \u00a0p\u00ebrse e gjith\u00eb kjo zhurm\u00eb&#8230;?! Edhe\u00a0 vet \u00a0nuk \u00a0po e kuptojm\u00eb&#8230;?!<\/p>\n<p>Nj\u00eb gj\u00eb e dim\u00eb \u2013 Ligji i till\u00eb nuk \u00ebsht\u00eb q\u00eb sot n\u00eb fuqi dhe \u00a0as programi\u00a0 nuk\u00a0 \u00ebsht\u00eb se votohet p\u00ebr her\u00eb t\u00eb par\u00eb me t\u00eb meta q\u00eb flet Bashoviq. V\u00ebrtet\u00eb n\u00eb koh\u00eb tjera, por\u00a0 ka ndodhur q\u00eb bile programi \u00a0, as \u00a0nuk i \u00a0ofrohej\u00a0 fare\u00a0 kuvendit n\u00eb miratim .<\/p>\n<p>Madje \u00a0edhe n\u00eb koh\u00ebn time-\u00a0 kryetari Hajdinaga , nuk m\u00eb shtinte\u00a0 n\u00eb\u00a0 zor, si Cungu- loron, dhe e\u00a0 n\u00ebnshkruante\u00a0 vet programin e p\u00ebrkohsh\u00ebm&#8230;?!<\/p>\n<p>Por\u00a0 ama- as opozita e at\u00ebhershme \u2013\u00a0 FORCA, nuk \u00ebsht\u00eb se nuk merrej vesh \u00a0p\u00ebr k\u00ebt\u00eb\u00a0 pun\u00eb \u00a0dhe nuk \u00a0k\u00ebrkonin si opozit\u00eb \u2013 TRANSPARENC\u00cb&#8230;, \u00a0q\u00eb programi \u00a0I OBJEKTEVE &#8230;.t\u00eb \u00a0votohej n\u00eb kuvend<strong>( n\u00eb se nuk m\u00eb ka l\u00ebn\u00eb\u00a0 kujtesa)&#8230;?<\/strong> Por-\u00a0 po.., kam par\u00eb t\u00eb ankoheshin \u00a0&#8211; si Forc\u00eb , vet\u00ebm p\u00ebr Valdanos&#8230;Ku na i lenin \u2013do ka\u00e7ile ullinjsh , pas der\u00eb\u00a0 s\u00eb komun\u00ebs&#8230;..?!!<\/p>\n<p><strong><em>Cili mund t\u00eb jet\u00eb rezultati?!<\/em><\/strong><\/p>\n<p>Kjo mbase edhe \u00a0mund \u00a0dihet- n\u00ebse nuk u kalon inati, p\u00ebr pasoj\u00eb do kishim-\u00a0 mos zgjedhja e n\u00ebnkryetarit\u00a0 t\u00eb PD-s\u00eb. Por as ky akt , nuk do ti shqet\u00ebsoj\u00eb\u00a0 ata q\u00eb mbeten\u00a0 n\u00eb parlament( nga t\u00eb F. Gjek\u00ebs).<\/p>\n<p>Mbase\u00a0 do t\u00eb shpresojn\u00eb , q\u00eb\u00a0 n\u00ebse \u2013 Cungu, <strong><em>\u201d nuk i dveti- p\u00ebr\u00a0 \u00a0\u00a0Bajram t\u00eb \u00a0\u00a0Madh\u201d- program&#8230;, \u00a0at\u00ebher\u00eb \u00a0do t\u2019i \u00a0pyes\u00a0 p\u00ebr Bajram t\u00eb Vog\u00ebl &#8230;..?!! Kuptohet pas dy muajve&#8230;?!!!<\/em><\/strong><\/p>\n<p>&nbsp;<\/p>\n<p><strong>Pik\u00ebpamjet e shprehura n\u00eb faqen \u201cOPINIONE\u201d nuk p\u00ebrfaq\u00ebsojn\u00eb domosdoshm\u00ebrisht politik\u00ebn redaksionale t\u00eb \u201eLajmeve nga Ulqini\u201e<\/strong><\/p>\n","protected":false},"excerpt":{"rendered":"<p>Shkruan Muhamet Nika KUVENDI NUK KA KVORUM?!! I paralajm\u00ebruar nga kryetari\u00a0 i tij L. Ndrekiq, q\u00eb kuvendi do t\u00eb vazhdoj\u00eb pun\u00ebn, \u00a0\u00a0k\u00ebsaj t\u00eb premteje \u00a0\u00a0p\u00ebr t\u00eb votuar\u00a0 programin \u00a0e \u00a0objekteve t\u00eb p\u00ebrkohsh\u00ebm ,\u00a0 p\u00ebrs\u00ebri \u00a0nuk\u00a0 ndodhi &#8230;, arsyeja &#8211; \u00a0mungonte kuorumi..?! Merret vesh q\u00eb ai, \u00a0pritet t\u00eb vazhdoj\u00eb t\u00eb h\u00ebn\u00ebn, por me pak gjasa minimale [&hellip;]<\/p>\n","protected":false},"author":1,"featured_media":0,"comment_status":"closed","ping_status":"closed","sticky":false,"template":"","format":"standard","meta":{"spay_email":"","jetpack_publicize_message":"","jetpack_is_tweetstorm":false,"jetpack_publicize_feature_enabled":true},"categories":[14249],"tags":[],"jetpack_publicize_connections":[],"yoast_head":"<!-- This site is optimized with the Yoast SEO plugin v19.1 - https:\/\/yoast.com\/wordpress\/plugins\/seo\/ -->\n<title>Nika: \u00c7far\u00eb do t\u00eb b\u00ebhet pas t\u00eb h\u00ebn\u00ebs me objektet e p\u00ebrkohshme...?! - Lajme nga Ulqini<\/title>\n<meta name=\"description\" content=\"Shkruan Muhamet Nika KUVENDI NUK KA KVORUM?!! I paralajm\u00ebruar nga kryetari\u00a0 i tij L. Ndrekiq, q\u00eb kuvendi do t\u00eb vazhdoj\u00eb pun\u00ebn, \u00a0\u00a0k\u00ebsaj t\u00eb premteje \u00a0\u00a0p\u00ebr\" \/>\n<meta name=\"robots\" content=\"index, follow, max-snippet:-1, max-image-preview:large, max-video-preview:-1\" \/>\n<link rel=\"canonical\" href=\"https:\/\/www.visit-ulcinj.com\/blog\/2016\/07\/24\/nika-cfare-te-behet-pas-te-henes-objektet-e-perkohshme\/\" \/>\n<meta property=\"og:locale\" content=\"en_US\" \/>\n<meta property=\"og:type\" content=\"article\" \/>\n<meta property=\"og:title\" content=\"Nika: \u00c7far\u00eb do t\u00eb b\u00ebhet pas t\u00eb h\u00ebn\u00ebs me objektet e p\u00ebrkohshme...?! - Lajme nga Ulqini\" \/>\n<meta property=\"og:description\" content=\"Shkruan Muhamet Nika KUVENDI NUK KA KVORUM?!! I paralajm\u00ebruar nga kryetari\u00a0 i tij L. Ndrekiq, q\u00eb kuvendi do t\u00eb vazhdoj\u00eb pun\u00ebn, \u00a0\u00a0k\u00ebsaj t\u00eb premteje \u00a0\u00a0p\u00ebr\" \/>\n<meta property=\"og:url\" content=\"https:\/\/www.visit-ulcinj.com\/blog\/2016\/07\/24\/nika-cfare-te-behet-pas-te-henes-objektet-e-perkohshme\/\" \/>\n<meta property=\"og:site_name\" content=\"Lajme nga Ulqini\" \/>\n<meta property=\"article:published_time\" content=\"2016-07-24T04:38:46+00:00\" \/>\n<meta property=\"og:image\" content=\"http:\/\/www.visit-ulcinj.com\/blog\/wp-content\/uploads\/2014\/11\/Muhamet-Nika.jpg\" \/>\n<meta name=\"twitter:label1\" content=\"Written by\" \/>\n\t<meta name=\"twitter:data1\" content=\"ulqini\" \/>\n\t<meta name=\"twitter:label2\" content=\"Est. reading time\" \/>\n\t<meta name=\"twitter:data2\" content=\"3 minutes\" \/>\n<script type=\"application\/ld+json\" class=\"yoast-schema-graph\">{\"@context\":\"https:\/\/schema.org\",\"@graph\":[{\"@type\":\"WebSite\",\"@id\":\"https:\/\/www.visit-ulcinj.com\/blog\/#website\",\"url\":\"https:\/\/www.visit-ulcinj.com\/blog\/\",\"name\":\"Lajme nga Ulqini\",\"description\":\"Lajme,Vijesti,Ulqini,Ulqin,Crna Gora,Mali i Zi\",\"potentialAction\":[{\"@type\":\"SearchAction\",\"target\":{\"@type\":\"EntryPoint\",\"urlTemplate\":\"https:\/\/www.visit-ulcinj.com\/blog\/?s={search_term_string}\"},\"query-input\":\"required name=search_term_string\"}],\"inLanguage\":\"en-US\"},{\"@type\":\"ImageObject\",\"inLanguage\":\"en-US\",\"@id\":\"https:\/\/www.visit-ulcinj.com\/blog\/2016\/07\/24\/nika-cfare-te-behet-pas-te-henes-objektet-e-perkohshme\/#primaryimage\",\"url\":\"https:\/\/www.visit-ulcinj.com\/blog\/wp-content\/uploads\/2014\/11\/Muhamet-Nika.jpg\",\"contentUrl\":\"https:\/\/www.visit-ulcinj.com\/blog\/wp-content\/uploads\/2014\/11\/Muhamet-Nika.jpg\",\"width\":256,\"height\":319},{\"@type\":\"WebPage\",\"@id\":\"https:\/\/www.visit-ulcinj.com\/blog\/2016\/07\/24\/nika-cfare-te-behet-pas-te-henes-objektet-e-perkohshme\/#webpage\",\"url\":\"https:\/\/www.visit-ulcinj.com\/blog\/2016\/07\/24\/nika-cfare-te-behet-pas-te-henes-objektet-e-perkohshme\/\",\"name\":\"Nika: \u00c7far\u00eb do t\u00eb b\u00ebhet pas t\u00eb h\u00ebn\u00ebs me objektet e p\u00ebrkohshme...?! - Lajme nga Ulqini\",\"isPartOf\":{\"@id\":\"https:\/\/www.visit-ulcinj.com\/blog\/#website\"},\"primaryImageOfPage\":{\"@id\":\"https:\/\/www.visit-ulcinj.com\/blog\/2016\/07\/24\/nika-cfare-te-behet-pas-te-henes-objektet-e-perkohshme\/#primaryimage\"},\"datePublished\":\"2016-07-24T04:38:46+00:00\",\"dateModified\":\"2016-07-24T04:38:46+00:00\",\"author\":{\"@id\":\"https:\/\/www.visit-ulcinj.com\/blog\/#\/schema\/person\/dcab619c614d3038751c63bc2aadc06d\"},\"description\":\"Shkruan Muhamet Nika KUVENDI NUK KA KVORUM?!! I paralajm\u00ebruar nga kryetari\u00a0 i tij L. Ndrekiq, q\u00eb kuvendi do t\u00eb vazhdoj\u00eb pun\u00ebn, \u00a0\u00a0k\u00ebsaj t\u00eb premteje \u00a0\u00a0p\u00ebr\",\"breadcrumb\":{\"@id\":\"https:\/\/www.visit-ulcinj.com\/blog\/2016\/07\/24\/nika-cfare-te-behet-pas-te-henes-objektet-e-perkohshme\/#breadcrumb\"},\"inLanguage\":\"en-US\",\"potentialAction\":[{\"@type\":\"ReadAction\",\"target\":[\"https:\/\/www.visit-ulcinj.com\/blog\/2016\/07\/24\/nika-cfare-te-behet-pas-te-henes-objektet-e-perkohshme\/\"]}]},{\"@type\":\"BreadcrumbList\",\"@id\":\"https:\/\/www.visit-ulcinj.com\/blog\/2016\/07\/24\/nika-cfare-te-behet-pas-te-henes-objektet-e-perkohshme\/#breadcrumb\",\"itemListElement\":[{\"@type\":\"ListItem\",\"position\":1,\"name\":\"Nika: \u00c7far\u00eb do t\u00eb b\u00ebhet pas t\u00eb h\u00ebn\u00ebs me objektet e p\u00ebrkohshme&#8230;?!\"}]},{\"@type\":\"Person\",\"@id\":\"https:\/\/www.visit-ulcinj.com\/blog\/#\/schema\/person\/dcab619c614d3038751c63bc2aadc06d\",\"name\":\"ulqini\",\"sameAs\":[\"http:\/\/www.visit-ulcinj.com\"],\"url\":\"https:\/\/www.visit-ulcinj.com\/blog\/author\/admin\/\"}]}<\/script>\n<!-- \/ Yoast SEO plugin. -->","yoast_head_json":{"title":"Nika: \u00c7far\u00eb do t\u00eb b\u00ebhet pas t\u00eb h\u00ebn\u00ebs me objektet e p\u00ebrkohshme...?! - Lajme nga Ulqini","description":"Shkruan Muhamet Nika KUVENDI NUK KA KVORUM?!! I paralajm\u00ebruar nga kryetari\u00a0 i tij L. Ndrekiq, q\u00eb kuvendi do t\u00eb vazhdoj\u00eb pun\u00ebn, \u00a0\u00a0k\u00ebsaj t\u00eb premteje \u00a0\u00a0p\u00ebr","robots":{"index":"index","follow":"follow","max-snippet":"max-snippet:-1","max-image-preview":"max-image-preview:large","max-video-preview":"max-video-preview:-1"},"canonical":"https:\/\/www.visit-ulcinj.com\/blog\/2016\/07\/24\/nika-cfare-te-behet-pas-te-henes-objektet-e-perkohshme\/","og_locale":"en_US","og_type":"article","og_title":"Nika: \u00c7far\u00eb do t\u00eb b\u00ebhet pas t\u00eb h\u00ebn\u00ebs me objektet e p\u00ebrkohshme...?! - Lajme nga Ulqini","og_description":"Shkruan Muhamet Nika KUVENDI NUK KA KVORUM?!! I paralajm\u00ebruar nga kryetari\u00a0 i tij L. Ndrekiq, q\u00eb kuvendi do t\u00eb vazhdoj\u00eb pun\u00ebn, \u00a0\u00a0k\u00ebsaj t\u00eb premteje \u00a0\u00a0p\u00ebr","og_url":"https:\/\/www.visit-ulcinj.com\/blog\/2016\/07\/24\/nika-cfare-te-behet-pas-te-henes-objektet-e-perkohshme\/","og_site_name":"Lajme nga Ulqini","article_published_time":"2016-07-24T04:38:46+00:00","og_image":[{"url":"http:\/\/www.visit-ulcinj.com\/blog\/wp-content\/uploads\/2014\/11\/Muhamet-Nika.jpg"}],"twitter_misc":{"Written by":"ulqini","Est. reading time":"3 minutes"},"schema":{"@context":"https:\/\/schema.org","@graph":[{"@type":"WebSite","@id":"https:\/\/www.visit-ulcinj.com\/blog\/#website","url":"https:\/\/www.visit-ulcinj.com\/blog\/","name":"Lajme nga Ulqini","description":"Lajme,Vijesti,Ulqini,Ulqin,Crna Gora,Mali i Zi","potentialAction":[{"@type":"SearchAction","target":{"@type":"EntryPoint","urlTemplate":"https:\/\/www.visit-ulcinj.com\/blog\/?s={search_term_string}"},"query-input":"required name=search_term_string"}],"inLanguage":"en-US"},{"@type":"ImageObject","inLanguage":"en-US","@id":"https:\/\/www.visit-ulcinj.com\/blog\/2016\/07\/24\/nika-cfare-te-behet-pas-te-henes-objektet-e-perkohshme\/#primaryimage","url":"https:\/\/www.visit-ulcinj.com\/blog\/wp-content\/uploads\/2014\/11\/Muhamet-Nika.jpg","contentUrl":"https:\/\/www.visit-ulcinj.com\/blog\/wp-content\/uploads\/2014\/11\/Muhamet-Nika.jpg","width":256,"height":319},{"@type":"WebPage","@id":"https:\/\/www.visit-ulcinj.com\/blog\/2016\/07\/24\/nika-cfare-te-behet-pas-te-henes-objektet-e-perkohshme\/#webpage","url":"https:\/\/www.visit-ulcinj.com\/blog\/2016\/07\/24\/nika-cfare-te-behet-pas-te-henes-objektet-e-perkohshme\/","name":"Nika: \u00c7far\u00eb do t\u00eb b\u00ebhet pas t\u00eb h\u00ebn\u00ebs me objektet e p\u00ebrkohshme...?! - Lajme nga Ulqini","isPartOf":{"@id":"https:\/\/www.visit-ulcinj.com\/blog\/#website"},"primaryImageOfPage":{"@id":"https:\/\/www.visit-ulcinj.com\/blog\/2016\/07\/24\/nika-cfare-te-behet-pas-te-henes-objektet-e-perkohshme\/#primaryimage"},"datePublished":"2016-07-24T04:38:46+00:00","dateModified":"2016-07-24T04:38:46+00:00","author":{"@id":"https:\/\/www.visit-ulcinj.com\/blog\/#\/schema\/person\/dcab619c614d3038751c63bc2aadc06d"},"description":"Shkruan Muhamet Nika KUVENDI NUK KA KVORUM?!! I paralajm\u00ebruar nga kryetari\u00a0 i tij L. Ndrekiq, q\u00eb kuvendi do t\u00eb vazhdoj\u00eb pun\u00ebn, \u00a0\u00a0k\u00ebsaj t\u00eb premteje \u00a0\u00a0p\u00ebr","breadcrumb":{"@id":"https:\/\/www.visit-ulcinj.com\/blog\/2016\/07\/24\/nika-cfare-te-behet-pas-te-henes-objektet-e-perkohshme\/#breadcrumb"},"inLanguage":"en-US","potentialAction":[{"@type":"ReadAction","target":["https:\/\/www.visit-ulcinj.com\/blog\/2016\/07\/24\/nika-cfare-te-behet-pas-te-henes-objektet-e-perkohshme\/"]}]},{"@type":"BreadcrumbList","@id":"https:\/\/www.visit-ulcinj.com\/blog\/2016\/07\/24\/nika-cfare-te-behet-pas-te-henes-objektet-e-perkohshme\/#breadcrumb","itemListElement":[{"@type":"ListItem","position":1,"name":"Nika: \u00c7far\u00eb do t\u00eb b\u00ebhet pas t\u00eb h\u00ebn\u00ebs me objektet e p\u00ebrkohshme&#8230;?!"}]},{"@type":"Person","@id":"https:\/\/www.visit-ulcinj.com\/blog\/#\/schema\/person\/dcab619c614d3038751c63bc2aadc06d","name":"ulqini","sameAs":["http:\/\/www.visit-ulcinj.com"],"url":"https:\/\/www.visit-ulcinj.com\/blog\/author\/admin\/"}]}},"jetpack_featured_media_url":"","jetpack_sharing_enabled":true,"jetpack_shortlink":"https:\/\/wp.me\/pe6lTn-pEJ","_links":{"self":[{"href":"https:\/\/www.visit-ulcinj.com\/blog\/wp-json\/wp\/v2\/posts\/98625"}],"collection":[{"href":"https:\/\/www.visit-ulcinj.com\/blog\/wp-json\/wp\/v2\/posts"}],"about":[{"href":"https:\/\/www.visit-ulcinj.com\/blog\/wp-json\/wp\/v2\/types\/post"}],"author":[{"embeddable":true,"href":"https:\/\/www.visit-ulcinj.com\/blog\/wp-json\/wp\/v2\/users\/1"}],"replies":[{"embeddable":true,"href":"https:\/\/www.visit-ulcinj.com\/blog\/wp-json\/wp\/v2\/comments?post=98625"}],"version-history":[{"count":1,"href":"https:\/\/www.visit-ulcinj.com\/blog\/wp-json\/wp\/v2\/posts\/98625\/revisions"}],"predecessor-version":[{"id":98626,"href":"https:\/\/www.visit-ulcinj.com\/blog\/wp-json\/wp\/v2\/posts\/98625\/revisions\/98626"}],"wp:attachment":[{"href":"https:\/\/www.visit-ulcinj.com\/blog\/wp-json\/wp\/v2\/media?parent=98625"}],"wp:term":[{"taxonomy":"category","embeddable":true,"href":"https:\/\/www.visit-ulcinj.com\/blog\/wp-json\/wp\/v2\/categories?post=98625"},{"taxonomy":"post_tag","embeddable":true,"href":"https:\/\/www.visit-ulcinj.com\/blog\/wp-json\/wp\/v2\/tags?post=98625"}],"curies":[{"name":"wp","href":"https:\/\/api.w.org\/{rel}","templated":true}]}}