{"id":98636,"date":"2016-07-24T15:31:04","date_gmt":"2016-07-24T14:31:04","guid":{"rendered":"http:\/\/www.visit-ulcinj.com\/blog\/?p=98636"},"modified":"2016-07-25T19:18:42","modified_gmt":"2016-07-25T18:18:42","slug":"sonte-pritet-qe-ledri-dhe-gena-ta-kallin-ulqinin","status":"publish","type":"post","link":"https:\/\/www.visit-ulcinj.com\/blog\/2016\/07\/24\/sonte-pritet-qe-ledri-dhe-gena-ta-kallin-ulqinin\/","title":{"rendered":"Sonte pritet q\u00eb Ledri dhe Gena ta \u201ckallin\u201d Ulqinin &#8211; Video"},"content":{"rendered":"<p><a href=\"http:\/\/www.visit-ulcinj.com\/blog\/wp-content\/uploads\/2016\/07\/Ledri-Gena-Ulqin.jpg\"><img loading=\"lazy\" class=\"alignleft wp-image-98637\" src=\"http:\/\/www.visit-ulcinj.com\/blog\/wp-content\/uploads\/2016\/07\/Ledri-Gena-Ulqin.jpg\" alt=\"Ledri-Gena-Ulqin\" width=\"508\" height=\"712\" \/><\/a>Dyshja e njohur Ledri Vula dhe Gena sonte do t\u00eb performojn\u00eb bashk\u00eb p\u00ebr her\u00eb t\u00eb par\u00eb p\u00ebr fansat e tyre n\u00eb Ulqin.<\/p>\n<p>Atmosfera padyshim q\u00eb do t\u00eb jet\u00eb n\u00eb maksimum pasi Ledri dhe Gena gjithmon\u00eb e ndezin kudo q\u00eb performojn\u00eb, shkruan lajmi.net.<\/p>\n<p>Ata sonte do t\u00eb k\u00ebndojn\u00eb n\u00eb \u201cDisco FAR beach\u201d dhe pritet q\u00eb t\u00eb jet\u00eb nj\u00eb nat\u00eb e paharruar, pasi t\u00eb dy num\u00ebrojn\u00eb shum\u00eb hite n\u00eb karrier\u00eb.<\/p>\n<p><span class=\"email\">lajmi.net<\/span><\/p>\n<blockquote class=\"instagram-media\" data-instgrm-captioned data-instgrm-version=\"7\" style=\" background:#FFF; border:0; border-radius:3px; box-shadow:0 0 1px 0 rgba(0,0,0,0.5),0 1px 10px 0 rgba(0,0,0,0.15); margin: 1px; max-width:658px; padding:0; width:99.375%; width:-webkit-calc(100% - 2px); width:calc(100% - 2px);\">\n<div style=\"padding:8px;\">\n<div style=\" background:#F8F8F8; line-height:0; margin-top:40px; padding:28.125% 0; text-align:center; width:100%;\">\n<div style=\" background:url(data:image\/png;base64,iVBORw0KGgoAAAANSUhEUgAAACwAAAAsCAMAAAApWqozAAAABGdBTUEAALGPC\/xhBQAAAAFzUkdCAK7OHOkAAAAMUExURczMzPf399fX1+bm5mzY9AMAAADiSURBVDjLvZXbEsMgCES5\/P8\/t9FuRVCRmU73JWlzosgSIIZURCjo\/ad+EQJJB4Hv8BFt+IDpQoCx1wjOSBFhh2XssxEIYn3ulI\/6MNReE07UIWJEv8UEOWDS88LY97kqyTliJKKtuYBbruAyVh5wOHiXmpi5we58Ek028czwyuQdLKPG1Bkb4NnM+VeAnfHqn1k4+GPT6uGQcvu2h2OVuIf\/gWUFyy8OWEpdyZSa3aVCqpVoVvzZZ2VTnn2wU8qzVjDDetO90GSy9mVLqtgYSy231MxrY6I2gGqjrTY0L8fxCxfCBbhWrsYYAAAAAElFTkSuQmCC); display:block; height:44px; margin:0 auto -44px; position:relative; top:-22px; width:44px;\"><\/div>\n<\/div>\n<p style=\" margin:8px 0 0 0; padding:0 4px;\"> <a href=\"https:\/\/www.instagram.com\/p\/BILAQoPhSdI\/\" style=\" color:#000; font-family:Arial,sans-serif; font-size:14px; font-style:normal; font-weight:normal; line-height:17px; text-decoration:none; word-wrap:break-word;\" target=\"_blank\">&#x1f32a; nuk doket ndryshe<\/a><\/p>\n<p style=\" color:#c9c8cd; font-family:Arial,sans-serif; font-size:14px; line-height:17px; margin-bottom:0; margin-top:8px; overflow:hidden; padding:8px 0 7px; text-align:center; text-overflow:ellipsis; white-space:nowrap;\">A video posted by Ledri Vula (@ledrivula) on <time style=\" font-family:Arial,sans-serif; font-size:14px; line-height:17px;\" datetime=\"2016-07-22T17:21:19+00:00\">Jul 22, 2016 at 10:21am PDT<\/time><\/p>\n<\/div>\n<\/blockquote>\n<p><script async defer src=\"\/\/platform.instagram.com\/en_US\/embeds.js\"><\/script><\/p>\n","protected":false},"excerpt":{"rendered":"<p>Dyshja e njohur Ledri Vula dhe Gena sonte do t\u00eb performojn\u00eb bashk\u00eb p\u00ebr her\u00eb t\u00eb par\u00eb p\u00ebr fansat e tyre n\u00eb Ulqin. Atmosfera padyshim q\u00eb do t\u00eb jet\u00eb n\u00eb maksimum pasi Ledri dhe Gena gjithmon\u00eb e ndezin kudo q\u00eb performojn\u00eb, shkruan lajmi.net. Ata sonte do t\u00eb k\u00ebndojn\u00eb n\u00eb \u201cDisco FAR beach\u201d dhe pritet q\u00eb t\u00eb [&hellip;]<\/p>\n","protected":false},"author":1,"featured_media":0,"comment_status":"closed","ping_status":"closed","sticky":false,"template":"","format":"standard","meta":{"spay_email":"","jetpack_publicize_message":"","jetpack_is_tweetstorm":false,"jetpack_publicize_feature_enabled":true},"categories":[1],"tags":[],"jetpack_publicize_connections":[],"yoast_head":"<!-- This site is optimized with the Yoast SEO plugin v19.1 - https:\/\/yoast.com\/wordpress\/plugins\/seo\/ -->\n<title>Sonte pritet q\u00eb Ledri dhe Gena ta \u201ckallin\u201d Ulqinin - Video - Lajme nga Ulqini<\/title>\n<meta name=\"description\" content=\"Dyshja e njohur Ledri Vula dhe Gena sonte do t\u00eb performojn\u00eb bashk\u00eb p\u00ebr her\u00eb t\u00eb par\u00eb p\u00ebr fansat e tyre n\u00eb Ulqin. Atmosfera padyshim q\u00eb do t\u00eb jet\u00eb n\u00eb\" \/>\n<meta name=\"robots\" content=\"index, follow, max-snippet:-1, max-image-preview:large, max-video-preview:-1\" \/>\n<link rel=\"canonical\" href=\"https:\/\/www.visit-ulcinj.com\/blog\/2016\/07\/24\/sonte-pritet-qe-ledri-dhe-gena-ta-kallin-ulqinin\/\" \/>\n<meta property=\"og:locale\" content=\"en_US\" \/>\n<meta property=\"og:type\" content=\"article\" \/>\n<meta property=\"og:title\" content=\"Sonte pritet q\u00eb Ledri dhe Gena ta \u201ckallin\u201d Ulqinin - Video - Lajme nga Ulqini\" \/>\n<meta property=\"og:description\" content=\"Dyshja e njohur Ledri Vula dhe Gena sonte do t\u00eb performojn\u00eb bashk\u00eb p\u00ebr her\u00eb t\u00eb par\u00eb p\u00ebr fansat e tyre n\u00eb Ulqin. Atmosfera padyshim q\u00eb do t\u00eb jet\u00eb n\u00eb\" \/>\n<meta property=\"og:url\" content=\"https:\/\/www.visit-ulcinj.com\/blog\/2016\/07\/24\/sonte-pritet-qe-ledri-dhe-gena-ta-kallin-ulqinin\/\" \/>\n<meta property=\"og:site_name\" content=\"Lajme nga Ulqini\" \/>\n<meta property=\"article:published_time\" content=\"2016-07-24T14:31:04+00:00\" \/>\n<meta property=\"article:modified_time\" content=\"2016-07-25T18:18:42+00:00\" \/>\n<meta property=\"og:image\" content=\"http:\/\/www.visit-ulcinj.com\/blog\/wp-content\/uploads\/2016\/07\/Ledri-Gena-Ulqin.jpg\" \/>\n<meta name=\"twitter:label1\" content=\"Written by\" \/>\n\t<meta name=\"twitter:data1\" content=\"ulqini\" \/>\n<script type=\"application\/ld+json\" class=\"yoast-schema-graph\">{\"@context\":\"https:\/\/schema.org\",\"@graph\":[{\"@type\":\"WebSite\",\"@id\":\"https:\/\/www.visit-ulcinj.com\/blog\/#website\",\"url\":\"https:\/\/www.visit-ulcinj.com\/blog\/\",\"name\":\"Lajme nga Ulqini\",\"description\":\"Lajme,Vijesti,Ulqini,Ulqin,Crna Gora,Mali i Zi\",\"potentialAction\":[{\"@type\":\"SearchAction\",\"target\":{\"@type\":\"EntryPoint\",\"urlTemplate\":\"https:\/\/www.visit-ulcinj.com\/blog\/?s={search_term_string}\"},\"query-input\":\"required name=search_term_string\"}],\"inLanguage\":\"en-US\"},{\"@type\":\"ImageObject\",\"inLanguage\":\"en-US\",\"@id\":\"https:\/\/www.visit-ulcinj.com\/blog\/2016\/07\/24\/sonte-pritet-qe-ledri-dhe-gena-ta-kallin-ulqinin\/#primaryimage\",\"url\":\"http:\/\/www.visit-ulcinj.com\/blog\/wp-content\/uploads\/2016\/07\/Ledri-Gena-Ulqin.jpg\",\"contentUrl\":\"http:\/\/www.visit-ulcinj.com\/blog\/wp-content\/uploads\/2016\/07\/Ledri-Gena-Ulqin.jpg\"},{\"@type\":\"WebPage\",\"@id\":\"https:\/\/www.visit-ulcinj.com\/blog\/2016\/07\/24\/sonte-pritet-qe-ledri-dhe-gena-ta-kallin-ulqinin\/#webpage\",\"url\":\"https:\/\/www.visit-ulcinj.com\/blog\/2016\/07\/24\/sonte-pritet-qe-ledri-dhe-gena-ta-kallin-ulqinin\/\",\"name\":\"Sonte pritet q\u00eb Ledri dhe Gena ta \u201ckallin\u201d Ulqinin - Video - Lajme nga Ulqini\",\"isPartOf\":{\"@id\":\"https:\/\/www.visit-ulcinj.com\/blog\/#website\"},\"primaryImageOfPage\":{\"@id\":\"https:\/\/www.visit-ulcinj.com\/blog\/2016\/07\/24\/sonte-pritet-qe-ledri-dhe-gena-ta-kallin-ulqinin\/#primaryimage\"},\"datePublished\":\"2016-07-24T14:31:04+00:00\",\"dateModified\":\"2016-07-25T18:18:42+00:00\",\"author\":{\"@id\":\"https:\/\/www.visit-ulcinj.com\/blog\/#\/schema\/person\/dcab619c614d3038751c63bc2aadc06d\"},\"description\":\"Dyshja e njohur Ledri Vula dhe Gena sonte do t\u00eb performojn\u00eb bashk\u00eb p\u00ebr her\u00eb t\u00eb par\u00eb p\u00ebr fansat e tyre n\u00eb Ulqin. Atmosfera padyshim q\u00eb do t\u00eb jet\u00eb n\u00eb\",\"breadcrumb\":{\"@id\":\"https:\/\/www.visit-ulcinj.com\/blog\/2016\/07\/24\/sonte-pritet-qe-ledri-dhe-gena-ta-kallin-ulqinin\/#breadcrumb\"},\"inLanguage\":\"en-US\",\"potentialAction\":[{\"@type\":\"ReadAction\",\"target\":[\"https:\/\/www.visit-ulcinj.com\/blog\/2016\/07\/24\/sonte-pritet-qe-ledri-dhe-gena-ta-kallin-ulqinin\/\"]}]},{\"@type\":\"BreadcrumbList\",\"@id\":\"https:\/\/www.visit-ulcinj.com\/blog\/2016\/07\/24\/sonte-pritet-qe-ledri-dhe-gena-ta-kallin-ulqinin\/#breadcrumb\",\"itemListElement\":[{\"@type\":\"ListItem\",\"position\":1,\"name\":\"Sonte pritet q\u00eb Ledri dhe Gena ta \u201ckallin\u201d Ulqinin &#8211; Video\"}]},{\"@type\":\"Person\",\"@id\":\"https:\/\/www.visit-ulcinj.com\/blog\/#\/schema\/person\/dcab619c614d3038751c63bc2aadc06d\",\"name\":\"ulqini\",\"sameAs\":[\"http:\/\/www.visit-ulcinj.com\"],\"url\":\"https:\/\/www.visit-ulcinj.com\/blog\/author\/admin\/\"}]}<\/script>\n<!-- \/ Yoast SEO plugin. -->","yoast_head_json":{"title":"Sonte pritet q\u00eb Ledri dhe Gena ta \u201ckallin\u201d Ulqinin - Video - Lajme nga Ulqini","description":"Dyshja e njohur Ledri Vula dhe Gena sonte do t\u00eb performojn\u00eb bashk\u00eb p\u00ebr her\u00eb t\u00eb par\u00eb p\u00ebr fansat e tyre n\u00eb Ulqin. Atmosfera padyshim q\u00eb do t\u00eb jet\u00eb n\u00eb","robots":{"index":"index","follow":"follow","max-snippet":"max-snippet:-1","max-image-preview":"max-image-preview:large","max-video-preview":"max-video-preview:-1"},"canonical":"https:\/\/www.visit-ulcinj.com\/blog\/2016\/07\/24\/sonte-pritet-qe-ledri-dhe-gena-ta-kallin-ulqinin\/","og_locale":"en_US","og_type":"article","og_title":"Sonte pritet q\u00eb Ledri dhe Gena ta \u201ckallin\u201d Ulqinin - Video - Lajme nga Ulqini","og_description":"Dyshja e njohur Ledri Vula dhe Gena sonte do t\u00eb performojn\u00eb bashk\u00eb p\u00ebr her\u00eb t\u00eb par\u00eb p\u00ebr fansat e tyre n\u00eb Ulqin. Atmosfera padyshim q\u00eb do t\u00eb jet\u00eb n\u00eb","og_url":"https:\/\/www.visit-ulcinj.com\/blog\/2016\/07\/24\/sonte-pritet-qe-ledri-dhe-gena-ta-kallin-ulqinin\/","og_site_name":"Lajme nga Ulqini","article_published_time":"2016-07-24T14:31:04+00:00","article_modified_time":"2016-07-25T18:18:42+00:00","og_image":[{"url":"http:\/\/www.visit-ulcinj.com\/blog\/wp-content\/uploads\/2016\/07\/Ledri-Gena-Ulqin.jpg"}],"twitter_misc":{"Written by":"ulqini"},"schema":{"@context":"https:\/\/schema.org","@graph":[{"@type":"WebSite","@id":"https:\/\/www.visit-ulcinj.com\/blog\/#website","url":"https:\/\/www.visit-ulcinj.com\/blog\/","name":"Lajme nga Ulqini","description":"Lajme,Vijesti,Ulqini,Ulqin,Crna Gora,Mali i Zi","potentialAction":[{"@type":"SearchAction","target":{"@type":"EntryPoint","urlTemplate":"https:\/\/www.visit-ulcinj.com\/blog\/?s={search_term_string}"},"query-input":"required name=search_term_string"}],"inLanguage":"en-US"},{"@type":"ImageObject","inLanguage":"en-US","@id":"https:\/\/www.visit-ulcinj.com\/blog\/2016\/07\/24\/sonte-pritet-qe-ledri-dhe-gena-ta-kallin-ulqinin\/#primaryimage","url":"http:\/\/www.visit-ulcinj.com\/blog\/wp-content\/uploads\/2016\/07\/Ledri-Gena-Ulqin.jpg","contentUrl":"http:\/\/www.visit-ulcinj.com\/blog\/wp-content\/uploads\/2016\/07\/Ledri-Gena-Ulqin.jpg"},{"@type":"WebPage","@id":"https:\/\/www.visit-ulcinj.com\/blog\/2016\/07\/24\/sonte-pritet-qe-ledri-dhe-gena-ta-kallin-ulqinin\/#webpage","url":"https:\/\/www.visit-ulcinj.com\/blog\/2016\/07\/24\/sonte-pritet-qe-ledri-dhe-gena-ta-kallin-ulqinin\/","name":"Sonte pritet q\u00eb Ledri dhe Gena ta \u201ckallin\u201d Ulqinin - Video - Lajme nga Ulqini","isPartOf":{"@id":"https:\/\/www.visit-ulcinj.com\/blog\/#website"},"primaryImageOfPage":{"@id":"https:\/\/www.visit-ulcinj.com\/blog\/2016\/07\/24\/sonte-pritet-qe-ledri-dhe-gena-ta-kallin-ulqinin\/#primaryimage"},"datePublished":"2016-07-24T14:31:04+00:00","dateModified":"2016-07-25T18:18:42+00:00","author":{"@id":"https:\/\/www.visit-ulcinj.com\/blog\/#\/schema\/person\/dcab619c614d3038751c63bc2aadc06d"},"description":"Dyshja e njohur Ledri Vula dhe Gena sonte do t\u00eb performojn\u00eb bashk\u00eb p\u00ebr her\u00eb t\u00eb par\u00eb p\u00ebr fansat e tyre n\u00eb Ulqin. Atmosfera padyshim q\u00eb do t\u00eb jet\u00eb n\u00eb","breadcrumb":{"@id":"https:\/\/www.visit-ulcinj.com\/blog\/2016\/07\/24\/sonte-pritet-qe-ledri-dhe-gena-ta-kallin-ulqinin\/#breadcrumb"},"inLanguage":"en-US","potentialAction":[{"@type":"ReadAction","target":["https:\/\/www.visit-ulcinj.com\/blog\/2016\/07\/24\/sonte-pritet-qe-ledri-dhe-gena-ta-kallin-ulqinin\/"]}]},{"@type":"BreadcrumbList","@id":"https:\/\/www.visit-ulcinj.com\/blog\/2016\/07\/24\/sonte-pritet-qe-ledri-dhe-gena-ta-kallin-ulqinin\/#breadcrumb","itemListElement":[{"@type":"ListItem","position":1,"name":"Sonte pritet q\u00eb Ledri dhe Gena ta \u201ckallin\u201d Ulqinin &#8211; Video"}]},{"@type":"Person","@id":"https:\/\/www.visit-ulcinj.com\/blog\/#\/schema\/person\/dcab619c614d3038751c63bc2aadc06d","name":"ulqini","sameAs":["http:\/\/www.visit-ulcinj.com"],"url":"https:\/\/www.visit-ulcinj.com\/blog\/author\/admin\/"}]}},"jetpack_featured_media_url":"","jetpack_sharing_enabled":true,"jetpack_shortlink":"https:\/\/wp.me\/pe6lTn-pEU","_links":{"self":[{"href":"https:\/\/www.visit-ulcinj.com\/blog\/wp-json\/wp\/v2\/posts\/98636"}],"collection":[{"href":"https:\/\/www.visit-ulcinj.com\/blog\/wp-json\/wp\/v2\/posts"}],"about":[{"href":"https:\/\/www.visit-ulcinj.com\/blog\/wp-json\/wp\/v2\/types\/post"}],"author":[{"embeddable":true,"href":"https:\/\/www.visit-ulcinj.com\/blog\/wp-json\/wp\/v2\/users\/1"}],"replies":[{"embeddable":true,"href":"https:\/\/www.visit-ulcinj.com\/blog\/wp-json\/wp\/v2\/comments?post=98636"}],"version-history":[{"count":2,"href":"https:\/\/www.visit-ulcinj.com\/blog\/wp-json\/wp\/v2\/posts\/98636\/revisions"}],"predecessor-version":[{"id":98690,"href":"https:\/\/www.visit-ulcinj.com\/blog\/wp-json\/wp\/v2\/posts\/98636\/revisions\/98690"}],"wp:attachment":[{"href":"https:\/\/www.visit-ulcinj.com\/blog\/wp-json\/wp\/v2\/media?parent=98636"}],"wp:term":[{"taxonomy":"category","embeddable":true,"href":"https:\/\/www.visit-ulcinj.com\/blog\/wp-json\/wp\/v2\/categories?post=98636"},{"taxonomy":"post_tag","embeddable":true,"href":"https:\/\/www.visit-ulcinj.com\/blog\/wp-json\/wp\/v2\/tags?post=98636"}],"curies":[{"name":"wp","href":"https:\/\/api.w.org\/{rel}","templated":true}]}}