{"id":98645,"date":"2016-07-24T22:54:19","date_gmt":"2016-07-24T21:54:19","guid":{"rendered":"http:\/\/www.visit-ulcinj.com\/blog\/?p=98645"},"modified":"2016-07-24T22:54:19","modified_gmt":"2016-07-24T21:54:19","slug":"darvin-erovic-na-celu-mladih-dps-ulcinj","status":"publish","type":"post","link":"https:\/\/www.visit-ulcinj.com\/blog\/2016\/07\/24\/darvin-erovic-na-celu-mladih-dps-ulcinj\/","title":{"rendered":"Darvin Erovi\u0107 na \u010delu mladih DPS-a Ulcinj"},"content":{"rendered":"<p><strong><a href=\"http:\/\/www.visit-ulcinj.com\/blog\/wp-content\/uploads\/2016\/07\/Predsjednik_SM_DPS_Ulcinj_Darvin_Erovic.jpg\"><img loading=\"lazy\" class=\"alignleft wp-image-98646\" src=\"http:\/\/www.visit-ulcinj.com\/blog\/wp-content\/uploads\/2016\/07\/Predsjednik_SM_DPS_Ulcinj_Darvin_Erovic.jpg\" alt=\"Predsjednik_SM_DPS_Ulcinj_Darvin_Erovic\" width=\"508\" height=\"381\" srcset=\"https:\/\/www.visit-ulcinj.com\/blog\/wp-content\/uploads\/2016\/07\/Predsjednik_SM_DPS_Ulcinj_Darvin_Erovic.jpg 667w, https:\/\/www.visit-ulcinj.com\/blog\/wp-content\/uploads\/2016\/07\/Predsjednik_SM_DPS_Ulcinj_Darvin_Erovic-300x225.jpg 300w\" sizes=\"(max-width: 508px) 100vw, 508px\" \/><\/a>Darvin Erovi\u0107 izabran je za predsjednika Savjeta mladih izabran DPS Ulcinj, na Op\u0161tinskoj izbornoj konferenciji koja je odr\u017eana danas u tom gradu. <\/strong><\/p>\n<p>Na konferenciji je izabran Op\u0161tinski odbor Savjeta mladih koji \u0107e u ovom mandatu imati 36 \u010dlanova.<\/p>\n<p>Op\u0161tinskoj izbornoj konferenciji prisustvovali su delegati mjesnih odbora Savjeta mladih, kao i Halil Dukovi\u0107, koordinator ispred Predsjedni\u0161tva stranke, predsjednik Op\u0161tinskog odbora Ljoro Nreki\u0107, \u010dlan Izvr\u0161nog odbora Bojan \u0110akonovi\u0107, poslanik Ljui\u0111 \u0160krelja, \u010dlan Glavnog odbora Nail Red\u017ea i predsjednik Savjeta mladih DPS Crne Gore Nikola Pe\u0161i\u0107.<\/p>\n<p>Izvor: RTCG<\/p>\n","protected":false},"excerpt":{"rendered":"<p>Darvin Erovi\u0107 izabran je za predsjednika Savjeta mladih izabran DPS Ulcinj, na Op\u0161tinskoj izbornoj konferenciji koja je odr\u017eana danas u tom gradu. Na konferenciji je izabran Op\u0161tinski odbor Savjeta mladih koji \u0107e u ovom mandatu imati 36 \u010dlanova. Op\u0161tinskoj izbornoj konferenciji prisustvovali su delegati mjesnih odbora Savjeta mladih, kao i Halil Dukovi\u0107, koordinator ispred Predsjedni\u0161tva [&hellip;]<\/p>\n","protected":false},"author":1,"featured_media":0,"comment_status":"closed","ping_status":"closed","sticky":false,"template":"","format":"standard","meta":{"spay_email":"","jetpack_publicize_message":"","jetpack_is_tweetstorm":false,"jetpack_publicize_feature_enabled":true},"categories":[6950],"tags":[],"jetpack_publicize_connections":[],"yoast_head":"<!-- This site is optimized with the Yoast SEO plugin v19.1 - https:\/\/yoast.com\/wordpress\/plugins\/seo\/ -->\n<title>Darvin Erovi\u0107 na \u010delu mladih DPS-a Ulcinj - Lajme nga Ulqini<\/title>\n<meta name=\"description\" content=\"Darvin Erovi\u0107 izabran je za predsjednika Savjeta mladih izabran DPS Ulcinj, na Op\u0161tinskoj izbornoj konferenciji koja je odr\u017eana danas u tom gradu. Na\" \/>\n<meta name=\"robots\" content=\"index, follow, max-snippet:-1, max-image-preview:large, max-video-preview:-1\" \/>\n<link rel=\"canonical\" href=\"https:\/\/www.visit-ulcinj.com\/blog\/2016\/07\/24\/darvin-erovic-na-celu-mladih-dps-ulcinj\/\" \/>\n<meta property=\"og:locale\" content=\"en_US\" \/>\n<meta property=\"og:type\" content=\"article\" \/>\n<meta property=\"og:title\" content=\"Darvin Erovi\u0107 na \u010delu mladih DPS-a Ulcinj - Lajme nga Ulqini\" \/>\n<meta property=\"og:description\" content=\"Darvin Erovi\u0107 izabran je za predsjednika Savjeta mladih izabran DPS Ulcinj, na Op\u0161tinskoj izbornoj konferenciji koja je odr\u017eana danas u tom gradu. Na\" \/>\n<meta property=\"og:url\" content=\"https:\/\/www.visit-ulcinj.com\/blog\/2016\/07\/24\/darvin-erovic-na-celu-mladih-dps-ulcinj\/\" \/>\n<meta property=\"og:site_name\" content=\"Lajme nga Ulqini\" \/>\n<meta property=\"article:published_time\" content=\"2016-07-24T21:54:19+00:00\" \/>\n<meta property=\"og:image\" content=\"http:\/\/www.visit-ulcinj.com\/blog\/wp-content\/uploads\/2016\/07\/Predsjednik_SM_DPS_Ulcinj_Darvin_Erovic.jpg\" \/>\n<meta name=\"twitter:label1\" content=\"Written by\" \/>\n\t<meta name=\"twitter:data1\" content=\"ulqini\" \/>\n<script type=\"application\/ld+json\" class=\"yoast-schema-graph\">{\"@context\":\"https:\/\/schema.org\",\"@graph\":[{\"@type\":\"WebSite\",\"@id\":\"https:\/\/www.visit-ulcinj.com\/blog\/#website\",\"url\":\"https:\/\/www.visit-ulcinj.com\/blog\/\",\"name\":\"Lajme nga Ulqini\",\"description\":\"Lajme,Vijesti,Ulqini,Ulqin,Crna Gora,Mali i Zi\",\"potentialAction\":[{\"@type\":\"SearchAction\",\"target\":{\"@type\":\"EntryPoint\",\"urlTemplate\":\"https:\/\/www.visit-ulcinj.com\/blog\/?s={search_term_string}\"},\"query-input\":\"required name=search_term_string\"}],\"inLanguage\":\"en-US\"},{\"@type\":\"ImageObject\",\"inLanguage\":\"en-US\",\"@id\":\"https:\/\/www.visit-ulcinj.com\/blog\/2016\/07\/24\/darvin-erovic-na-celu-mladih-dps-ulcinj\/#primaryimage\",\"url\":\"https:\/\/www.visit-ulcinj.com\/blog\/wp-content\/uploads\/2016\/07\/Predsjednik_SM_DPS_Ulcinj_Darvin_Erovic.jpg\",\"contentUrl\":\"https:\/\/www.visit-ulcinj.com\/blog\/wp-content\/uploads\/2016\/07\/Predsjednik_SM_DPS_Ulcinj_Darvin_Erovic.jpg\",\"width\":667,\"height\":500},{\"@type\":\"WebPage\",\"@id\":\"https:\/\/www.visit-ulcinj.com\/blog\/2016\/07\/24\/darvin-erovic-na-celu-mladih-dps-ulcinj\/#webpage\",\"url\":\"https:\/\/www.visit-ulcinj.com\/blog\/2016\/07\/24\/darvin-erovic-na-celu-mladih-dps-ulcinj\/\",\"name\":\"Darvin Erovi\u0107 na \u010delu mladih DPS-a Ulcinj - Lajme nga Ulqini\",\"isPartOf\":{\"@id\":\"https:\/\/www.visit-ulcinj.com\/blog\/#website\"},\"primaryImageOfPage\":{\"@id\":\"https:\/\/www.visit-ulcinj.com\/blog\/2016\/07\/24\/darvin-erovic-na-celu-mladih-dps-ulcinj\/#primaryimage\"},\"datePublished\":\"2016-07-24T21:54:19+00:00\",\"dateModified\":\"2016-07-24T21:54:19+00:00\",\"author\":{\"@id\":\"https:\/\/www.visit-ulcinj.com\/blog\/#\/schema\/person\/dcab619c614d3038751c63bc2aadc06d\"},\"description\":\"Darvin Erovi\u0107 izabran je za predsjednika Savjeta mladih izabran DPS Ulcinj, na Op\u0161tinskoj izbornoj konferenciji koja je odr\u017eana danas u tom gradu. Na\",\"breadcrumb\":{\"@id\":\"https:\/\/www.visit-ulcinj.com\/blog\/2016\/07\/24\/darvin-erovic-na-celu-mladih-dps-ulcinj\/#breadcrumb\"},\"inLanguage\":\"en-US\",\"potentialAction\":[{\"@type\":\"ReadAction\",\"target\":[\"https:\/\/www.visit-ulcinj.com\/blog\/2016\/07\/24\/darvin-erovic-na-celu-mladih-dps-ulcinj\/\"]}]},{\"@type\":\"BreadcrumbList\",\"@id\":\"https:\/\/www.visit-ulcinj.com\/blog\/2016\/07\/24\/darvin-erovic-na-celu-mladih-dps-ulcinj\/#breadcrumb\",\"itemListElement\":[{\"@type\":\"ListItem\",\"position\":1,\"name\":\"Darvin Erovi\u0107 na \u010delu mladih DPS-a Ulcinj\"}]},{\"@type\":\"Person\",\"@id\":\"https:\/\/www.visit-ulcinj.com\/blog\/#\/schema\/person\/dcab619c614d3038751c63bc2aadc06d\",\"name\":\"ulqini\",\"sameAs\":[\"http:\/\/www.visit-ulcinj.com\"],\"url\":\"https:\/\/www.visit-ulcinj.com\/blog\/author\/admin\/\"}]}<\/script>\n<!-- \/ Yoast SEO plugin. -->","yoast_head_json":{"title":"Darvin Erovi\u0107 na \u010delu mladih DPS-a Ulcinj - Lajme nga Ulqini","description":"Darvin Erovi\u0107 izabran je za predsjednika Savjeta mladih izabran DPS Ulcinj, na Op\u0161tinskoj izbornoj konferenciji koja je odr\u017eana danas u tom gradu. Na","robots":{"index":"index","follow":"follow","max-snippet":"max-snippet:-1","max-image-preview":"max-image-preview:large","max-video-preview":"max-video-preview:-1"},"canonical":"https:\/\/www.visit-ulcinj.com\/blog\/2016\/07\/24\/darvin-erovic-na-celu-mladih-dps-ulcinj\/","og_locale":"en_US","og_type":"article","og_title":"Darvin Erovi\u0107 na \u010delu mladih DPS-a Ulcinj - Lajme nga Ulqini","og_description":"Darvin Erovi\u0107 izabran je za predsjednika Savjeta mladih izabran DPS Ulcinj, na Op\u0161tinskoj izbornoj konferenciji koja je odr\u017eana danas u tom gradu. Na","og_url":"https:\/\/www.visit-ulcinj.com\/blog\/2016\/07\/24\/darvin-erovic-na-celu-mladih-dps-ulcinj\/","og_site_name":"Lajme nga Ulqini","article_published_time":"2016-07-24T21:54:19+00:00","og_image":[{"url":"http:\/\/www.visit-ulcinj.com\/blog\/wp-content\/uploads\/2016\/07\/Predsjednik_SM_DPS_Ulcinj_Darvin_Erovic.jpg"}],"twitter_misc":{"Written by":"ulqini"},"schema":{"@context":"https:\/\/schema.org","@graph":[{"@type":"WebSite","@id":"https:\/\/www.visit-ulcinj.com\/blog\/#website","url":"https:\/\/www.visit-ulcinj.com\/blog\/","name":"Lajme nga Ulqini","description":"Lajme,Vijesti,Ulqini,Ulqin,Crna Gora,Mali i Zi","potentialAction":[{"@type":"SearchAction","target":{"@type":"EntryPoint","urlTemplate":"https:\/\/www.visit-ulcinj.com\/blog\/?s={search_term_string}"},"query-input":"required name=search_term_string"}],"inLanguage":"en-US"},{"@type":"ImageObject","inLanguage":"en-US","@id":"https:\/\/www.visit-ulcinj.com\/blog\/2016\/07\/24\/darvin-erovic-na-celu-mladih-dps-ulcinj\/#primaryimage","url":"https:\/\/www.visit-ulcinj.com\/blog\/wp-content\/uploads\/2016\/07\/Predsjednik_SM_DPS_Ulcinj_Darvin_Erovic.jpg","contentUrl":"https:\/\/www.visit-ulcinj.com\/blog\/wp-content\/uploads\/2016\/07\/Predsjednik_SM_DPS_Ulcinj_Darvin_Erovic.jpg","width":667,"height":500},{"@type":"WebPage","@id":"https:\/\/www.visit-ulcinj.com\/blog\/2016\/07\/24\/darvin-erovic-na-celu-mladih-dps-ulcinj\/#webpage","url":"https:\/\/www.visit-ulcinj.com\/blog\/2016\/07\/24\/darvin-erovic-na-celu-mladih-dps-ulcinj\/","name":"Darvin Erovi\u0107 na \u010delu mladih DPS-a Ulcinj - Lajme nga Ulqini","isPartOf":{"@id":"https:\/\/www.visit-ulcinj.com\/blog\/#website"},"primaryImageOfPage":{"@id":"https:\/\/www.visit-ulcinj.com\/blog\/2016\/07\/24\/darvin-erovic-na-celu-mladih-dps-ulcinj\/#primaryimage"},"datePublished":"2016-07-24T21:54:19+00:00","dateModified":"2016-07-24T21:54:19+00:00","author":{"@id":"https:\/\/www.visit-ulcinj.com\/blog\/#\/schema\/person\/dcab619c614d3038751c63bc2aadc06d"},"description":"Darvin Erovi\u0107 izabran je za predsjednika Savjeta mladih izabran DPS Ulcinj, na Op\u0161tinskoj izbornoj konferenciji koja je odr\u017eana danas u tom gradu. Na","breadcrumb":{"@id":"https:\/\/www.visit-ulcinj.com\/blog\/2016\/07\/24\/darvin-erovic-na-celu-mladih-dps-ulcinj\/#breadcrumb"},"inLanguage":"en-US","potentialAction":[{"@type":"ReadAction","target":["https:\/\/www.visit-ulcinj.com\/blog\/2016\/07\/24\/darvin-erovic-na-celu-mladih-dps-ulcinj\/"]}]},{"@type":"BreadcrumbList","@id":"https:\/\/www.visit-ulcinj.com\/blog\/2016\/07\/24\/darvin-erovic-na-celu-mladih-dps-ulcinj\/#breadcrumb","itemListElement":[{"@type":"ListItem","position":1,"name":"Darvin Erovi\u0107 na \u010delu mladih DPS-a Ulcinj"}]},{"@type":"Person","@id":"https:\/\/www.visit-ulcinj.com\/blog\/#\/schema\/person\/dcab619c614d3038751c63bc2aadc06d","name":"ulqini","sameAs":["http:\/\/www.visit-ulcinj.com"],"url":"https:\/\/www.visit-ulcinj.com\/blog\/author\/admin\/"}]}},"jetpack_featured_media_url":"","jetpack_sharing_enabled":true,"jetpack_shortlink":"https:\/\/wp.me\/pe6lTn-pF3","_links":{"self":[{"href":"https:\/\/www.visit-ulcinj.com\/blog\/wp-json\/wp\/v2\/posts\/98645"}],"collection":[{"href":"https:\/\/www.visit-ulcinj.com\/blog\/wp-json\/wp\/v2\/posts"}],"about":[{"href":"https:\/\/www.visit-ulcinj.com\/blog\/wp-json\/wp\/v2\/types\/post"}],"author":[{"embeddable":true,"href":"https:\/\/www.visit-ulcinj.com\/blog\/wp-json\/wp\/v2\/users\/1"}],"replies":[{"embeddable":true,"href":"https:\/\/www.visit-ulcinj.com\/blog\/wp-json\/wp\/v2\/comments?post=98645"}],"version-history":[{"count":1,"href":"https:\/\/www.visit-ulcinj.com\/blog\/wp-json\/wp\/v2\/posts\/98645\/revisions"}],"predecessor-version":[{"id":98647,"href":"https:\/\/www.visit-ulcinj.com\/blog\/wp-json\/wp\/v2\/posts\/98645\/revisions\/98647"}],"wp:attachment":[{"href":"https:\/\/www.visit-ulcinj.com\/blog\/wp-json\/wp\/v2\/media?parent=98645"}],"wp:term":[{"taxonomy":"category","embeddable":true,"href":"https:\/\/www.visit-ulcinj.com\/blog\/wp-json\/wp\/v2\/categories?post=98645"},{"taxonomy":"post_tag","embeddable":true,"href":"https:\/\/www.visit-ulcinj.com\/blog\/wp-json\/wp\/v2\/tags?post=98645"}],"curies":[{"name":"wp","href":"https:\/\/api.w.org\/{rel}","templated":true}]}}