{"id":98652,"date":"2016-07-25T16:22:21","date_gmt":"2016-07-25T15:22:21","guid":{"rendered":"http:\/\/www.visit-ulcinj.com\/blog\/?p=98652"},"modified":"2016-07-27T10:20:42","modified_gmt":"2016-07-27T09:20:42","slug":"cungu-pershendet-pjesemarresit-e-paranirit-tradicional-decani-2016","status":"publish","type":"post","link":"https:\/\/www.visit-ulcinj.com\/blog\/2016\/07\/25\/cungu-pershendet-pjesemarresit-e-paranirit-tradicional-decani-2016\/","title":{"rendered":"Cungu, p\u00ebrsh\u00ebndet pjes\u00ebmarr\u00ebsit e Paranirit tradicional ,,De\u00e7ani 2016,,"},"content":{"rendered":"<p><strong>\u00a0<a href=\"http:\/\/www.visit-ulcinj.com\/blog\/wp-content\/uploads\/2016\/07\/dit\u00ebt-e-diaspores-ne-Ulqin-Decani2016.jpg\"><img loading=\"lazy\" class=\"alignleft wp-image-98653\" src=\"http:\/\/www.visit-ulcinj.com\/blog\/wp-content\/uploads\/2016\/07\/dit\u00ebt-e-diaspores-ne-Ulqin-Decani2016.jpg\" alt=\"dit\u00ebt e diaspores-ne Ulqin-Decani2016\" width=\"508\" height=\"381\" srcset=\"https:\/\/www.visit-ulcinj.com\/blog\/wp-content\/uploads\/2016\/07\/dit\u00ebt-e-diaspores-ne-Ulqin-Decani2016.jpg 664w, https:\/\/www.visit-ulcinj.com\/blog\/wp-content\/uploads\/2016\/07\/dit\u00ebt-e-diaspores-ne-Ulqin-Decani2016-300x225.jpg 300w\" sizes=\"(max-width: 508px) 100vw, 508px\" \/><\/a>Kryetari I Ulqinit Nazif Cungu, p\u00ebrsh\u00ebndet\u00a0 pjes\u00ebmarr\u00ebsit\u00a0 e\u00a0 Paranirit tradicional ,,De\u00e7ani 2016,,<\/strong><\/p>\n<p>Ky Panair, q\u00eb promovon\u00a0 bizneset\u00a0 vendore ,turizmin\u00a0 dhe produktet\u00a0 tradicionale jo vet\u00ebm t\u00eb De\u00e7anit por edhe m\u00eb gj\u00ebr\u00eb\u00a0 zhvillohet\u00a0 n\u00eb kuad\u00ebr t\u00eb dit\u00ebve t\u00eb Diaspor\u00ebs me moton \u201cTi je pjes\u00eb\u00a0 e Atdheut\u201d. N\u00eb ceremonin\u00eb e hapjes Kryetari Cungu tha se \u201cPanairi \u00ebsht\u00eb nj\u00eb ngjarje\u00a0 q\u00eb p\u00ebrvecse bashkon\u00a0 vlerat\u00a0 tradicionale\u00a0 mund\u00ebson\u00a0 shk\u00ebmbimin\u00a0 e p\u00ebrvojave ,ruajtjen dhe\u00a0 kultivimin\u00a0 e trash\u00ebgimis\u00eb\u00a0 son\u00eb t\u00eb pasur. Ai n\u00eb vazhdim foli\u00a0 p\u00ebr diaspor\u00ebn q\u00eb \u00ebsht\u00eb dhe mbetet\u00a0 faktor I r\u00ebnd\u00ebsish\u00ebm p\u00ebr\u00a0 zhvillimin ekonomik\u201d. Theks t\u00eb vecant\u00eb\u00a0 I kushtoi sektorit\u00a0 privat q\u00eb sipas tij \u00ebsht\u00eb sektor I r\u00ebnd\u00ebsis\u00eb s\u00eb vecant\u00eb p\u00ebr zhvillimin ekonomik t\u00eb vendit. Kryetari Cungu I shoq\u00ebruar nga Kryetari I Kuvendit Loro Nrekiqi dhe Drejtori I OT Fuad Haxhibeti, m\u00eb pas paten nj\u00eb s\u00ebr\u00eb takimesh\u00a0 me zyrtar\u00eb t\u00eb Decanit, Kryetarin Rasim Selmanaj,\u00a0 dhe me Ministrin e Diaspor\u00ebs Valon Murati ku\u00a0 bashk\u00ebpunimi\u00a0 reciprok e me interes t\u00eb p\u00ebrbashk\u00ebt ishte n\u00eb qend\u00ebr t\u00eb vemendjes. Bashk\u00ebbiseduesit u pajtuan se takime te k\u00ebtij lloji\u00a0 I ndihmojn\u00eb\u00a0 bashk\u00ebpunimit\u00a0 rajonal dhe jan\u00eb faktor\u00a0 shtytese\u00a0 p\u00ebr rritjen ekonomike. T\u00eb shtojm\u00eb\u00a0 q\u00eb Komuna e Ulqinit dhe ajo\u00a0 e De\u00e7anit jan\u00eb\u00a0 binjak\u00ebzuar\u00a0 vitin e shkuar dhe kan\u00eb\u00a0 t\u00eb n\u00ebnshkruar nje memorandum bashk\u00ebpunimi\u00a0 I\u00a0 cili parasheh\u00a0 bashk\u00ebpunim ne fusha t\u00eb ndryshme.<\/p>\n","protected":false},"excerpt":{"rendered":"<p>\u00a0Kryetari I Ulqinit Nazif Cungu, p\u00ebrsh\u00ebndet\u00a0 pjes\u00ebmarr\u00ebsit\u00a0 e\u00a0 Paranirit tradicional ,,De\u00e7ani 2016,, Ky Panair, q\u00eb promovon\u00a0 bizneset\u00a0 vendore ,turizmin\u00a0 dhe produktet\u00a0 tradicionale jo vet\u00ebm t\u00eb De\u00e7anit por edhe m\u00eb gj\u00ebr\u00eb\u00a0 zhvillohet\u00a0 n\u00eb kuad\u00ebr t\u00eb dit\u00ebve t\u00eb Diaspor\u00ebs me moton \u201cTi je pjes\u00eb\u00a0 e Atdheut\u201d. N\u00eb ceremonin\u00eb e hapjes Kryetari Cungu tha se \u201cPanairi \u00ebsht\u00eb nj\u00eb [&hellip;]<\/p>\n","protected":false},"author":1,"featured_media":0,"comment_status":"closed","ping_status":"closed","sticky":false,"template":"","format":"standard","meta":{"spay_email":"","jetpack_publicize_message":"","jetpack_is_tweetstorm":false,"jetpack_publicize_feature_enabled":true},"categories":[1,11],"tags":[],"jetpack_publicize_connections":[],"yoast_head":"<!-- This site is optimized with the Yoast SEO plugin v19.1 - https:\/\/yoast.com\/wordpress\/plugins\/seo\/ -->\n<title>Cungu, p\u00ebrsh\u00ebndet pjes\u00ebmarr\u00ebsit e Paranirit tradicional ,,De\u00e7ani 2016,, - Lajme nga Ulqini<\/title>\n<meta name=\"description\" content=\"\u00a0Kryetari I Ulqinit Nazif Cungu, p\u00ebrsh\u00ebndet\u00a0 pjes\u00ebmarr\u00ebsit\u00a0 e\u00a0 Paranirit tradicional ,,De\u00e7ani 2016,, Ky Panair, q\u00eb promovon\u00a0 bizneset\u00a0 vendore ,turizmin\u00a0\" \/>\n<meta name=\"robots\" content=\"index, follow, max-snippet:-1, max-image-preview:large, max-video-preview:-1\" \/>\n<link rel=\"canonical\" href=\"https:\/\/www.visit-ulcinj.com\/blog\/2016\/07\/25\/cungu-pershendet-pjesemarresit-e-paranirit-tradicional-decani-2016\/\" \/>\n<meta property=\"og:locale\" content=\"en_US\" \/>\n<meta property=\"og:type\" content=\"article\" \/>\n<meta property=\"og:title\" content=\"Cungu, p\u00ebrsh\u00ebndet pjes\u00ebmarr\u00ebsit e Paranirit tradicional ,,De\u00e7ani 2016,, - Lajme nga Ulqini\" \/>\n<meta property=\"og:description\" content=\"\u00a0Kryetari I Ulqinit Nazif Cungu, p\u00ebrsh\u00ebndet\u00a0 pjes\u00ebmarr\u00ebsit\u00a0 e\u00a0 Paranirit tradicional ,,De\u00e7ani 2016,, Ky Panair, q\u00eb promovon\u00a0 bizneset\u00a0 vendore ,turizmin\u00a0\" \/>\n<meta property=\"og:url\" content=\"https:\/\/www.visit-ulcinj.com\/blog\/2016\/07\/25\/cungu-pershendet-pjesemarresit-e-paranirit-tradicional-decani-2016\/\" \/>\n<meta property=\"og:site_name\" content=\"Lajme nga Ulqini\" \/>\n<meta property=\"article:published_time\" content=\"2016-07-25T15:22:21+00:00\" \/>\n<meta property=\"article:modified_time\" content=\"2016-07-27T09:20:42+00:00\" \/>\n<meta name=\"twitter:label1\" content=\"Written by\" \/>\n\t<meta name=\"twitter:data1\" content=\"ulqini\" \/>\n\t<meta name=\"twitter:label2\" content=\"Est. reading time\" \/>\n\t<meta name=\"twitter:data2\" content=\"1 minute\" \/>\n<script type=\"application\/ld+json\" class=\"yoast-schema-graph\">{\"@context\":\"https:\/\/schema.org\",\"@graph\":[{\"@type\":\"WebSite\",\"@id\":\"https:\/\/www.visit-ulcinj.com\/blog\/#website\",\"url\":\"https:\/\/www.visit-ulcinj.com\/blog\/\",\"name\":\"Lajme nga Ulqini\",\"description\":\"Lajme,Vijesti,Ulqini,Ulqin,Crna Gora,Mali i Zi\",\"potentialAction\":[{\"@type\":\"SearchAction\",\"target\":{\"@type\":\"EntryPoint\",\"urlTemplate\":\"https:\/\/www.visit-ulcinj.com\/blog\/?s={search_term_string}\"},\"query-input\":\"required name=search_term_string\"}],\"inLanguage\":\"en-US\"},{\"@type\":\"WebPage\",\"@id\":\"https:\/\/www.visit-ulcinj.com\/blog\/2016\/07\/25\/cungu-pershendet-pjesemarresit-e-paranirit-tradicional-decani-2016\/#webpage\",\"url\":\"https:\/\/www.visit-ulcinj.com\/blog\/2016\/07\/25\/cungu-pershendet-pjesemarresit-e-paranirit-tradicional-decani-2016\/\",\"name\":\"Cungu, p\u00ebrsh\u00ebndet pjes\u00ebmarr\u00ebsit e Paranirit tradicional ,,De\u00e7ani 2016,, - Lajme nga Ulqini\",\"isPartOf\":{\"@id\":\"https:\/\/www.visit-ulcinj.com\/blog\/#website\"},\"datePublished\":\"2016-07-25T15:22:21+00:00\",\"dateModified\":\"2016-07-27T09:20:42+00:00\",\"author\":{\"@id\":\"https:\/\/www.visit-ulcinj.com\/blog\/#\/schema\/person\/dcab619c614d3038751c63bc2aadc06d\"},\"description\":\"\u00a0Kryetari I Ulqinit Nazif Cungu, p\u00ebrsh\u00ebndet\u00a0 pjes\u00ebmarr\u00ebsit\u00a0 e\u00a0 Paranirit tradicional ,,De\u00e7ani 2016,, Ky Panair, q\u00eb promovon\u00a0 bizneset\u00a0 vendore ,turizmin\u00a0\",\"breadcrumb\":{\"@id\":\"https:\/\/www.visit-ulcinj.com\/blog\/2016\/07\/25\/cungu-pershendet-pjesemarresit-e-paranirit-tradicional-decani-2016\/#breadcrumb\"},\"inLanguage\":\"en-US\",\"potentialAction\":[{\"@type\":\"ReadAction\",\"target\":[\"https:\/\/www.visit-ulcinj.com\/blog\/2016\/07\/25\/cungu-pershendet-pjesemarresit-e-paranirit-tradicional-decani-2016\/\"]}]},{\"@type\":\"BreadcrumbList\",\"@id\":\"https:\/\/www.visit-ulcinj.com\/blog\/2016\/07\/25\/cungu-pershendet-pjesemarresit-e-paranirit-tradicional-decani-2016\/#breadcrumb\",\"itemListElement\":[{\"@type\":\"ListItem\",\"position\":1,\"name\":\"Cungu, p\u00ebrsh\u00ebndet pjes\u00ebmarr\u00ebsit e Paranirit tradicional ,,De\u00e7ani 2016,,\"}]},{\"@type\":\"Person\",\"@id\":\"https:\/\/www.visit-ulcinj.com\/blog\/#\/schema\/person\/dcab619c614d3038751c63bc2aadc06d\",\"name\":\"ulqini\",\"sameAs\":[\"http:\/\/www.visit-ulcinj.com\"],\"url\":\"https:\/\/www.visit-ulcinj.com\/blog\/author\/admin\/\"}]}<\/script>\n<!-- \/ Yoast SEO plugin. -->","yoast_head_json":{"title":"Cungu, p\u00ebrsh\u00ebndet pjes\u00ebmarr\u00ebsit e Paranirit tradicional ,,De\u00e7ani 2016,, - Lajme nga Ulqini","description":"\u00a0Kryetari I Ulqinit Nazif Cungu, p\u00ebrsh\u00ebndet\u00a0 pjes\u00ebmarr\u00ebsit\u00a0 e\u00a0 Paranirit tradicional ,,De\u00e7ani 2016,, Ky Panair, q\u00eb promovon\u00a0 bizneset\u00a0 vendore ,turizmin\u00a0","robots":{"index":"index","follow":"follow","max-snippet":"max-snippet:-1","max-image-preview":"max-image-preview:large","max-video-preview":"max-video-preview:-1"},"canonical":"https:\/\/www.visit-ulcinj.com\/blog\/2016\/07\/25\/cungu-pershendet-pjesemarresit-e-paranirit-tradicional-decani-2016\/","og_locale":"en_US","og_type":"article","og_title":"Cungu, p\u00ebrsh\u00ebndet pjes\u00ebmarr\u00ebsit e Paranirit tradicional ,,De\u00e7ani 2016,, - Lajme nga Ulqini","og_description":"\u00a0Kryetari I Ulqinit Nazif Cungu, p\u00ebrsh\u00ebndet\u00a0 pjes\u00ebmarr\u00ebsit\u00a0 e\u00a0 Paranirit tradicional ,,De\u00e7ani 2016,, Ky Panair, q\u00eb promovon\u00a0 bizneset\u00a0 vendore ,turizmin\u00a0","og_url":"https:\/\/www.visit-ulcinj.com\/blog\/2016\/07\/25\/cungu-pershendet-pjesemarresit-e-paranirit-tradicional-decani-2016\/","og_site_name":"Lajme nga Ulqini","article_published_time":"2016-07-25T15:22:21+00:00","article_modified_time":"2016-07-27T09:20:42+00:00","twitter_misc":{"Written by":"ulqini","Est. reading time":"1 minute"},"schema":{"@context":"https:\/\/schema.org","@graph":[{"@type":"WebSite","@id":"https:\/\/www.visit-ulcinj.com\/blog\/#website","url":"https:\/\/www.visit-ulcinj.com\/blog\/","name":"Lajme nga Ulqini","description":"Lajme,Vijesti,Ulqini,Ulqin,Crna Gora,Mali i Zi","potentialAction":[{"@type":"SearchAction","target":{"@type":"EntryPoint","urlTemplate":"https:\/\/www.visit-ulcinj.com\/blog\/?s={search_term_string}"},"query-input":"required name=search_term_string"}],"inLanguage":"en-US"},{"@type":"WebPage","@id":"https:\/\/www.visit-ulcinj.com\/blog\/2016\/07\/25\/cungu-pershendet-pjesemarresit-e-paranirit-tradicional-decani-2016\/#webpage","url":"https:\/\/www.visit-ulcinj.com\/blog\/2016\/07\/25\/cungu-pershendet-pjesemarresit-e-paranirit-tradicional-decani-2016\/","name":"Cungu, p\u00ebrsh\u00ebndet pjes\u00ebmarr\u00ebsit e Paranirit tradicional ,,De\u00e7ani 2016,, - Lajme nga Ulqini","isPartOf":{"@id":"https:\/\/www.visit-ulcinj.com\/blog\/#website"},"datePublished":"2016-07-25T15:22:21+00:00","dateModified":"2016-07-27T09:20:42+00:00","author":{"@id":"https:\/\/www.visit-ulcinj.com\/blog\/#\/schema\/person\/dcab619c614d3038751c63bc2aadc06d"},"description":"\u00a0Kryetari I Ulqinit Nazif Cungu, p\u00ebrsh\u00ebndet\u00a0 pjes\u00ebmarr\u00ebsit\u00a0 e\u00a0 Paranirit tradicional ,,De\u00e7ani 2016,, Ky Panair, q\u00eb promovon\u00a0 bizneset\u00a0 vendore ,turizmin\u00a0","breadcrumb":{"@id":"https:\/\/www.visit-ulcinj.com\/blog\/2016\/07\/25\/cungu-pershendet-pjesemarresit-e-paranirit-tradicional-decani-2016\/#breadcrumb"},"inLanguage":"en-US","potentialAction":[{"@type":"ReadAction","target":["https:\/\/www.visit-ulcinj.com\/blog\/2016\/07\/25\/cungu-pershendet-pjesemarresit-e-paranirit-tradicional-decani-2016\/"]}]},{"@type":"BreadcrumbList","@id":"https:\/\/www.visit-ulcinj.com\/blog\/2016\/07\/25\/cungu-pershendet-pjesemarresit-e-paranirit-tradicional-decani-2016\/#breadcrumb","itemListElement":[{"@type":"ListItem","position":1,"name":"Cungu, p\u00ebrsh\u00ebndet pjes\u00ebmarr\u00ebsit e Paranirit tradicional ,,De\u00e7ani 2016,,"}]},{"@type":"Person","@id":"https:\/\/www.visit-ulcinj.com\/blog\/#\/schema\/person\/dcab619c614d3038751c63bc2aadc06d","name":"ulqini","sameAs":["http:\/\/www.visit-ulcinj.com"],"url":"https:\/\/www.visit-ulcinj.com\/blog\/author\/admin\/"}]}},"jetpack_featured_media_url":"","jetpack_sharing_enabled":true,"jetpack_shortlink":"https:\/\/wp.me\/pe6lTn-pFa","_links":{"self":[{"href":"https:\/\/www.visit-ulcinj.com\/blog\/wp-json\/wp\/v2\/posts\/98652"}],"collection":[{"href":"https:\/\/www.visit-ulcinj.com\/blog\/wp-json\/wp\/v2\/posts"}],"about":[{"href":"https:\/\/www.visit-ulcinj.com\/blog\/wp-json\/wp\/v2\/types\/post"}],"author":[{"embeddable":true,"href":"https:\/\/www.visit-ulcinj.com\/blog\/wp-json\/wp\/v2\/users\/1"}],"replies":[{"embeddable":true,"href":"https:\/\/www.visit-ulcinj.com\/blog\/wp-json\/wp\/v2\/comments?post=98652"}],"version-history":[{"count":1,"href":"https:\/\/www.visit-ulcinj.com\/blog\/wp-json\/wp\/v2\/posts\/98652\/revisions"}],"predecessor-version":[{"id":98654,"href":"https:\/\/www.visit-ulcinj.com\/blog\/wp-json\/wp\/v2\/posts\/98652\/revisions\/98654"}],"wp:attachment":[{"href":"https:\/\/www.visit-ulcinj.com\/blog\/wp-json\/wp\/v2\/media?parent=98652"}],"wp:term":[{"taxonomy":"category","embeddable":true,"href":"https:\/\/www.visit-ulcinj.com\/blog\/wp-json\/wp\/v2\/categories?post=98652"},{"taxonomy":"post_tag","embeddable":true,"href":"https:\/\/www.visit-ulcinj.com\/blog\/wp-json\/wp\/v2\/tags?post=98652"}],"curies":[{"name":"wp","href":"https:\/\/api.w.org\/{rel}","templated":true}]}}