{"id":98661,"date":"2016-07-25T17:28:05","date_gmt":"2016-07-25T16:28:05","guid":{"rendered":"http:\/\/www.visit-ulcinj.com\/blog\/?p=98661"},"modified":"2016-07-25T17:28:41","modified_gmt":"2016-07-25T16:28:41","slug":"ilir-pali-ky-eshte-lojtari-qe-polonezet-e-falenderojne-per-golat-e-tij","status":"publish","type":"post","link":"https:\/\/www.visit-ulcinj.com\/blog\/2016\/07\/25\/ilir-pali-ky-eshte-lojtari-qe-polonezet-e-falenderojne-per-golat-e-tij\/","title":{"rendered":"Ilir Pali, ky \u00ebsht\u00eb lojtari q\u00eb polonez\u00ebt e fal\u00ebnderojn\u00eb p\u00ebr golat e tij"},"content":{"rendered":"<p><a href=\"http:\/\/www.visit-ulcinj.com\/blog\/wp-content\/uploads\/2016\/07\/ilir-pali-.jpg\"><img loading=\"lazy\" class=\"alignleft wp-image-98662\" src=\"http:\/\/www.visit-ulcinj.com\/blog\/wp-content\/uploads\/2016\/07\/ilir-pali-.jpg\" alt=\"ilir-pali-\" width=\"508\" height=\"508\" \/><\/a>Ilir Pali 21 vje\u00e7, me prinder nga Ulqini i lindur ne Australi fitoj 2 vite kontrakt ne lig\u00eb te par\u00eb t\u00eb Polonis\u00eb, gjegj\u00ebsisht klubin Podbeskizie Bielsko Biala, ku edhe shenoj golin e par\u00eb p\u00ebr k\u00ebte skuader, k\u00ebshtu fitoj simpatin e tifozeris lokale n\u00eb qytetin Bielsko Biala n\u00eb Poloni.<\/p>\n<p>Naim Flamuri<\/p>\n<p><a href=\"http:\/\/www.visit-ulcinj.com\/blog\/wp-content\/uploads\/2016\/07\/ilir-pali-1.jpg\"><img loading=\"lazy\" class=\"alignleft wp-image-98663\" src=\"http:\/\/www.visit-ulcinj.com\/blog\/wp-content\/uploads\/2016\/07\/ilir-pali-1.jpg\" alt=\"ilir-pali-1\" width=\"508\" height=\"339\" \/><\/a><\/p>\n","protected":false},"excerpt":{"rendered":"<p>Ilir Pali 21 vje\u00e7, me prinder nga Ulqini i lindur ne Australi fitoj 2 vite kontrakt ne lig\u00eb te par\u00eb t\u00eb Polonis\u00eb, gjegj\u00ebsisht klubin Podbeskizie Bielsko Biala, ku edhe shenoj golin e par\u00eb p\u00ebr k\u00ebte skuader, k\u00ebshtu fitoj simpatin e tifozeris lokale n\u00eb qytetin Bielsko Biala n\u00eb Poloni. Naim Flamuri<\/p>\n","protected":false},"author":1,"featured_media":0,"comment_status":"closed","ping_status":"closed","sticky":false,"template":"","format":"standard","meta":{"spay_email":"","jetpack_publicize_message":"","jetpack_is_tweetstorm":false,"jetpack_publicize_feature_enabled":true},"categories":[3],"tags":[],"jetpack_publicize_connections":[],"yoast_head":"<!-- This site is optimized with the Yoast SEO plugin v19.1 - https:\/\/yoast.com\/wordpress\/plugins\/seo\/ -->\n<title>Ilir Pali, ky \u00ebsht\u00eb lojtari q\u00eb polonez\u00ebt e fal\u00ebnderojn\u00eb p\u00ebr golat e tij - Lajme nga Ulqini<\/title>\n<meta name=\"description\" content=\"Ilir Pali 21 vje\u00e7, me prinder nga Ulqini i lindur ne Australi fitoj 2 vite kontrakt ne lig\u00eb te par\u00eb t\u00eb Polonis\u00eb, gjegj\u00ebsisht klubin Podbeskizie Bielsko\" \/>\n<meta name=\"robots\" content=\"index, follow, max-snippet:-1, max-image-preview:large, max-video-preview:-1\" \/>\n<link rel=\"canonical\" href=\"https:\/\/www.visit-ulcinj.com\/blog\/2016\/07\/25\/ilir-pali-ky-eshte-lojtari-qe-polonezet-e-falenderojne-per-golat-e-tij\/\" \/>\n<meta property=\"og:locale\" content=\"en_US\" \/>\n<meta property=\"og:type\" content=\"article\" \/>\n<meta property=\"og:title\" content=\"Ilir Pali, ky \u00ebsht\u00eb lojtari q\u00eb polonez\u00ebt e fal\u00ebnderojn\u00eb p\u00ebr golat e tij - Lajme nga Ulqini\" \/>\n<meta property=\"og:description\" content=\"Ilir Pali 21 vje\u00e7, me prinder nga Ulqini i lindur ne Australi fitoj 2 vite kontrakt ne lig\u00eb te par\u00eb t\u00eb Polonis\u00eb, gjegj\u00ebsisht klubin Podbeskizie Bielsko\" \/>\n<meta property=\"og:url\" content=\"https:\/\/www.visit-ulcinj.com\/blog\/2016\/07\/25\/ilir-pali-ky-eshte-lojtari-qe-polonezet-e-falenderojne-per-golat-e-tij\/\" \/>\n<meta property=\"og:site_name\" content=\"Lajme nga Ulqini\" \/>\n<meta property=\"article:published_time\" content=\"2016-07-25T16:28:05+00:00\" \/>\n<meta property=\"article:modified_time\" content=\"2016-07-25T16:28:41+00:00\" \/>\n<meta property=\"og:image\" content=\"http:\/\/www.visit-ulcinj.com\/blog\/wp-content\/uploads\/2016\/07\/ilir-pali-.jpg\" \/>\n<meta name=\"twitter:label1\" content=\"Written by\" \/>\n\t<meta name=\"twitter:data1\" content=\"ulqini\" \/>\n<script type=\"application\/ld+json\" class=\"yoast-schema-graph\">{\"@context\":\"https:\/\/schema.org\",\"@graph\":[{\"@type\":\"WebSite\",\"@id\":\"https:\/\/www.visit-ulcinj.com\/blog\/#website\",\"url\":\"https:\/\/www.visit-ulcinj.com\/blog\/\",\"name\":\"Lajme nga Ulqini\",\"description\":\"Lajme,Vijesti,Ulqini,Ulqin,Crna Gora,Mali i Zi\",\"potentialAction\":[{\"@type\":\"SearchAction\",\"target\":{\"@type\":\"EntryPoint\",\"urlTemplate\":\"https:\/\/www.visit-ulcinj.com\/blog\/?s={search_term_string}\"},\"query-input\":\"required name=search_term_string\"}],\"inLanguage\":\"en-US\"},{\"@type\":\"ImageObject\",\"inLanguage\":\"en-US\",\"@id\":\"https:\/\/www.visit-ulcinj.com\/blog\/2016\/07\/25\/ilir-pali-ky-eshte-lojtari-qe-polonezet-e-falenderojne-per-golat-e-tij\/#primaryimage\",\"url\":\"http:\/\/www.visit-ulcinj.com\/blog\/wp-content\/uploads\/2016\/07\/ilir-pali-.jpg\",\"contentUrl\":\"http:\/\/www.visit-ulcinj.com\/blog\/wp-content\/uploads\/2016\/07\/ilir-pali-.jpg\"},{\"@type\":\"WebPage\",\"@id\":\"https:\/\/www.visit-ulcinj.com\/blog\/2016\/07\/25\/ilir-pali-ky-eshte-lojtari-qe-polonezet-e-falenderojne-per-golat-e-tij\/#webpage\",\"url\":\"https:\/\/www.visit-ulcinj.com\/blog\/2016\/07\/25\/ilir-pali-ky-eshte-lojtari-qe-polonezet-e-falenderojne-per-golat-e-tij\/\",\"name\":\"Ilir Pali, ky \u00ebsht\u00eb lojtari q\u00eb polonez\u00ebt e fal\u00ebnderojn\u00eb p\u00ebr golat e tij - Lajme nga Ulqini\",\"isPartOf\":{\"@id\":\"https:\/\/www.visit-ulcinj.com\/blog\/#website\"},\"primaryImageOfPage\":{\"@id\":\"https:\/\/www.visit-ulcinj.com\/blog\/2016\/07\/25\/ilir-pali-ky-eshte-lojtari-qe-polonezet-e-falenderojne-per-golat-e-tij\/#primaryimage\"},\"datePublished\":\"2016-07-25T16:28:05+00:00\",\"dateModified\":\"2016-07-25T16:28:41+00:00\",\"author\":{\"@id\":\"https:\/\/www.visit-ulcinj.com\/blog\/#\/schema\/person\/dcab619c614d3038751c63bc2aadc06d\"},\"description\":\"Ilir Pali 21 vje\u00e7, me prinder nga Ulqini i lindur ne Australi fitoj 2 vite kontrakt ne lig\u00eb te par\u00eb t\u00eb Polonis\u00eb, gjegj\u00ebsisht klubin Podbeskizie Bielsko\",\"breadcrumb\":{\"@id\":\"https:\/\/www.visit-ulcinj.com\/blog\/2016\/07\/25\/ilir-pali-ky-eshte-lojtari-qe-polonezet-e-falenderojne-per-golat-e-tij\/#breadcrumb\"},\"inLanguage\":\"en-US\",\"potentialAction\":[{\"@type\":\"ReadAction\",\"target\":[\"https:\/\/www.visit-ulcinj.com\/blog\/2016\/07\/25\/ilir-pali-ky-eshte-lojtari-qe-polonezet-e-falenderojne-per-golat-e-tij\/\"]}]},{\"@type\":\"BreadcrumbList\",\"@id\":\"https:\/\/www.visit-ulcinj.com\/blog\/2016\/07\/25\/ilir-pali-ky-eshte-lojtari-qe-polonezet-e-falenderojne-per-golat-e-tij\/#breadcrumb\",\"itemListElement\":[{\"@type\":\"ListItem\",\"position\":1,\"name\":\"Ilir Pali, ky \u00ebsht\u00eb lojtari q\u00eb polonez\u00ebt e fal\u00ebnderojn\u00eb p\u00ebr golat e tij\"}]},{\"@type\":\"Person\",\"@id\":\"https:\/\/www.visit-ulcinj.com\/blog\/#\/schema\/person\/dcab619c614d3038751c63bc2aadc06d\",\"name\":\"ulqini\",\"sameAs\":[\"http:\/\/www.visit-ulcinj.com\"],\"url\":\"https:\/\/www.visit-ulcinj.com\/blog\/author\/admin\/\"}]}<\/script>\n<!-- \/ Yoast SEO plugin. -->","yoast_head_json":{"title":"Ilir Pali, ky \u00ebsht\u00eb lojtari q\u00eb polonez\u00ebt e fal\u00ebnderojn\u00eb p\u00ebr golat e tij - Lajme nga Ulqini","description":"Ilir Pali 21 vje\u00e7, me prinder nga Ulqini i lindur ne Australi fitoj 2 vite kontrakt ne lig\u00eb te par\u00eb t\u00eb Polonis\u00eb, gjegj\u00ebsisht klubin Podbeskizie Bielsko","robots":{"index":"index","follow":"follow","max-snippet":"max-snippet:-1","max-image-preview":"max-image-preview:large","max-video-preview":"max-video-preview:-1"},"canonical":"https:\/\/www.visit-ulcinj.com\/blog\/2016\/07\/25\/ilir-pali-ky-eshte-lojtari-qe-polonezet-e-falenderojne-per-golat-e-tij\/","og_locale":"en_US","og_type":"article","og_title":"Ilir Pali, ky \u00ebsht\u00eb lojtari q\u00eb polonez\u00ebt e fal\u00ebnderojn\u00eb p\u00ebr golat e tij - Lajme nga Ulqini","og_description":"Ilir Pali 21 vje\u00e7, me prinder nga Ulqini i lindur ne Australi fitoj 2 vite kontrakt ne lig\u00eb te par\u00eb t\u00eb Polonis\u00eb, gjegj\u00ebsisht klubin Podbeskizie Bielsko","og_url":"https:\/\/www.visit-ulcinj.com\/blog\/2016\/07\/25\/ilir-pali-ky-eshte-lojtari-qe-polonezet-e-falenderojne-per-golat-e-tij\/","og_site_name":"Lajme nga Ulqini","article_published_time":"2016-07-25T16:28:05+00:00","article_modified_time":"2016-07-25T16:28:41+00:00","og_image":[{"url":"http:\/\/www.visit-ulcinj.com\/blog\/wp-content\/uploads\/2016\/07\/ilir-pali-.jpg"}],"twitter_misc":{"Written by":"ulqini"},"schema":{"@context":"https:\/\/schema.org","@graph":[{"@type":"WebSite","@id":"https:\/\/www.visit-ulcinj.com\/blog\/#website","url":"https:\/\/www.visit-ulcinj.com\/blog\/","name":"Lajme nga Ulqini","description":"Lajme,Vijesti,Ulqini,Ulqin,Crna Gora,Mali i Zi","potentialAction":[{"@type":"SearchAction","target":{"@type":"EntryPoint","urlTemplate":"https:\/\/www.visit-ulcinj.com\/blog\/?s={search_term_string}"},"query-input":"required name=search_term_string"}],"inLanguage":"en-US"},{"@type":"ImageObject","inLanguage":"en-US","@id":"https:\/\/www.visit-ulcinj.com\/blog\/2016\/07\/25\/ilir-pali-ky-eshte-lojtari-qe-polonezet-e-falenderojne-per-golat-e-tij\/#primaryimage","url":"http:\/\/www.visit-ulcinj.com\/blog\/wp-content\/uploads\/2016\/07\/ilir-pali-.jpg","contentUrl":"http:\/\/www.visit-ulcinj.com\/blog\/wp-content\/uploads\/2016\/07\/ilir-pali-.jpg"},{"@type":"WebPage","@id":"https:\/\/www.visit-ulcinj.com\/blog\/2016\/07\/25\/ilir-pali-ky-eshte-lojtari-qe-polonezet-e-falenderojne-per-golat-e-tij\/#webpage","url":"https:\/\/www.visit-ulcinj.com\/blog\/2016\/07\/25\/ilir-pali-ky-eshte-lojtari-qe-polonezet-e-falenderojne-per-golat-e-tij\/","name":"Ilir Pali, ky \u00ebsht\u00eb lojtari q\u00eb polonez\u00ebt e fal\u00ebnderojn\u00eb p\u00ebr golat e tij - Lajme nga Ulqini","isPartOf":{"@id":"https:\/\/www.visit-ulcinj.com\/blog\/#website"},"primaryImageOfPage":{"@id":"https:\/\/www.visit-ulcinj.com\/blog\/2016\/07\/25\/ilir-pali-ky-eshte-lojtari-qe-polonezet-e-falenderojne-per-golat-e-tij\/#primaryimage"},"datePublished":"2016-07-25T16:28:05+00:00","dateModified":"2016-07-25T16:28:41+00:00","author":{"@id":"https:\/\/www.visit-ulcinj.com\/blog\/#\/schema\/person\/dcab619c614d3038751c63bc2aadc06d"},"description":"Ilir Pali 21 vje\u00e7, me prinder nga Ulqini i lindur ne Australi fitoj 2 vite kontrakt ne lig\u00eb te par\u00eb t\u00eb Polonis\u00eb, gjegj\u00ebsisht klubin Podbeskizie Bielsko","breadcrumb":{"@id":"https:\/\/www.visit-ulcinj.com\/blog\/2016\/07\/25\/ilir-pali-ky-eshte-lojtari-qe-polonezet-e-falenderojne-per-golat-e-tij\/#breadcrumb"},"inLanguage":"en-US","potentialAction":[{"@type":"ReadAction","target":["https:\/\/www.visit-ulcinj.com\/blog\/2016\/07\/25\/ilir-pali-ky-eshte-lojtari-qe-polonezet-e-falenderojne-per-golat-e-tij\/"]}]},{"@type":"BreadcrumbList","@id":"https:\/\/www.visit-ulcinj.com\/blog\/2016\/07\/25\/ilir-pali-ky-eshte-lojtari-qe-polonezet-e-falenderojne-per-golat-e-tij\/#breadcrumb","itemListElement":[{"@type":"ListItem","position":1,"name":"Ilir Pali, ky \u00ebsht\u00eb lojtari q\u00eb polonez\u00ebt e fal\u00ebnderojn\u00eb p\u00ebr golat e tij"}]},{"@type":"Person","@id":"https:\/\/www.visit-ulcinj.com\/blog\/#\/schema\/person\/dcab619c614d3038751c63bc2aadc06d","name":"ulqini","sameAs":["http:\/\/www.visit-ulcinj.com"],"url":"https:\/\/www.visit-ulcinj.com\/blog\/author\/admin\/"}]}},"jetpack_featured_media_url":"","jetpack_sharing_enabled":true,"jetpack_shortlink":"https:\/\/wp.me\/pe6lTn-pFj","_links":{"self":[{"href":"https:\/\/www.visit-ulcinj.com\/blog\/wp-json\/wp\/v2\/posts\/98661"}],"collection":[{"href":"https:\/\/www.visit-ulcinj.com\/blog\/wp-json\/wp\/v2\/posts"}],"about":[{"href":"https:\/\/www.visit-ulcinj.com\/blog\/wp-json\/wp\/v2\/types\/post"}],"author":[{"embeddable":true,"href":"https:\/\/www.visit-ulcinj.com\/blog\/wp-json\/wp\/v2\/users\/1"}],"replies":[{"embeddable":true,"href":"https:\/\/www.visit-ulcinj.com\/blog\/wp-json\/wp\/v2\/comments?post=98661"}],"version-history":[{"count":2,"href":"https:\/\/www.visit-ulcinj.com\/blog\/wp-json\/wp\/v2\/posts\/98661\/revisions"}],"predecessor-version":[{"id":98665,"href":"https:\/\/www.visit-ulcinj.com\/blog\/wp-json\/wp\/v2\/posts\/98661\/revisions\/98665"}],"wp:attachment":[{"href":"https:\/\/www.visit-ulcinj.com\/blog\/wp-json\/wp\/v2\/media?parent=98661"}],"wp:term":[{"taxonomy":"category","embeddable":true,"href":"https:\/\/www.visit-ulcinj.com\/blog\/wp-json\/wp\/v2\/categories?post=98661"},{"taxonomy":"post_tag","embeddable":true,"href":"https:\/\/www.visit-ulcinj.com\/blog\/wp-json\/wp\/v2\/tags?post=98661"}],"curies":[{"name":"wp","href":"https:\/\/api.w.org\/{rel}","templated":true}]}}