{"id":98666,"date":"2016-07-25T17:38:16","date_gmt":"2016-07-25T16:38:16","guid":{"rendered":"http:\/\/www.visit-ulcinj.com\/blog\/?p=98666"},"modified":"2016-07-25T17:38:36","modified_gmt":"2016-07-25T16:38:36","slug":"met-gjoni-nenkryetar-ri-komunes-se-ulqinit","status":"publish","type":"post","link":"https:\/\/www.visit-ulcinj.com\/blog\/2016\/07\/25\/met-gjoni-nenkryetar-ri-komunes-se-ulqinit\/","title":{"rendered":"Met Gjoni n\u00ebnkryetar i ri i komun\u00ebs s\u00eb Ulqinit"},"content":{"rendered":"<p><a href=\"http:\/\/www.visit-ulcinj.com\/blog\/wp-content\/uploads\/2013\/03\/Met-Gjoni-perkrah-Vujanoviqin-ne-zgjedhjet-presidenciale.jpg\"><img loading=\"lazy\" class=\"alignleft wp-image-69743\" src=\"http:\/\/www.visit-ulcinj.com\/blog\/wp-content\/uploads\/2013\/03\/Met-Gjoni-perkrah-Vujanoviqin-ne-zgjedhjet-presidenciale.jpg\" alt=\"Met Gjoni-perkrah Vujanoviqin ne zgjedhjet presidenciale\" width=\"508\" height=\"338\" srcset=\"https:\/\/www.visit-ulcinj.com\/blog\/wp-content\/uploads\/2013\/03\/Met-Gjoni-perkrah-Vujanoviqin-ne-zgjedhjet-presidenciale.jpg 1000w, https:\/\/www.visit-ulcinj.com\/blog\/wp-content\/uploads\/2013\/03\/Met-Gjoni-perkrah-Vujanoviqin-ne-zgjedhjet-presidenciale-300x199.jpg 300w\" sizes=\"(max-width: 508px) 100vw, 508px\" \/><\/a>Funksionari i lart\u00eb i Partis\u00eb demokratike Met Gjoni prej sot \u00ebsht\u00eb n\u00ebnkryetari i ri i Komun\u00ebs s\u00eb Ulqinit, u vendos n\u00eb mbledhjen e Parlamentit lokal, raporton portali Ul.info.<\/p>\n<p>\u00cbsht\u00eb dh\u00ebn\u00eb p\u00eblqimi q\u00eb Astrit Salaj t\u00eb jet\u00eb drejtori i ri i NP \u201cQendra e kultur\u00ebs\u201d.<\/p>\n<p>U krye edhe p\u00ebrzgjedhja e dy an\u00ebtar\u00ebve t\u00eb Komisionit komunal zgjedhor (KKZ) nga radh\u00ebt e opozit\u00ebs. N\u00eb em\u00ebr t\u00eb PSD-s\u00eb sekretar i KKZ-s\u00eb do t\u00eb jet\u00eb avokatja Vesna Ga\u00e7eviq \u2013 Rogova, derisa an\u00ebtar i p\u00ebrhersh\u00ebm do t\u00eb jet\u00eb p\u00ebrfaq\u00ebsuesi i PSP-s\u00eb Millosh Qetkoviq.<\/p>\n<p>K\u00ebshilltar\u00ebt kan\u00eb miratuar edhe Plot\u00ebsimin e planit p\u00ebr objekte t\u00eb p\u00ebrkohshme p\u00ebr vitit 2016.<\/p>\n<p>\u201cN\u00eb afat prej 15 dit\u00ebsh pres q\u00eb t\u00eb mbahet edhe nj\u00eb mbledhje e Kuvendit komunal\u201d, tha n\u00eb fund t\u00eb seanc\u00ebs kryetari i Parlamentit Loro Nrekiq.<\/p>\n","protected":false},"excerpt":{"rendered":"<p>Funksionari i lart\u00eb i Partis\u00eb demokratike Met Gjoni prej sot \u00ebsht\u00eb n\u00ebnkryetari i ri i Komun\u00ebs s\u00eb Ulqinit, u vendos n\u00eb mbledhjen e Parlamentit lokal, raporton portali Ul.info. \u00cbsht\u00eb dh\u00ebn\u00eb p\u00eblqimi q\u00eb Astrit Salaj t\u00eb jet\u00eb drejtori i ri i NP \u201cQendra e kultur\u00ebs\u201d. U krye edhe p\u00ebrzgjedhja e dy an\u00ebtar\u00ebve t\u00eb Komisionit komunal zgjedhor [&hellip;]<\/p>\n","protected":false},"author":1,"featured_media":0,"comment_status":"closed","ping_status":"closed","sticky":false,"template":"","format":"standard","meta":{"spay_email":"","jetpack_publicize_message":"","jetpack_is_tweetstorm":false,"jetpack_publicize_feature_enabled":true},"categories":[6],"tags":[],"jetpack_publicize_connections":[],"yoast_head":"<!-- This site is optimized with the Yoast SEO plugin v19.1 - https:\/\/yoast.com\/wordpress\/plugins\/seo\/ -->\n<title>Met Gjoni n\u00ebnkryetar i ri i komun\u00ebs s\u00eb Ulqinit - Lajme nga Ulqini<\/title>\n<meta name=\"description\" content=\"Funksionari i lart\u00eb i Partis\u00eb demokratike Met Gjoni prej sot \u00ebsht\u00eb n\u00ebnkryetari i ri i Komun\u00ebs s\u00eb Ulqinit, u vendos n\u00eb mbledhjen e Parlamentit lokal,\" \/>\n<meta name=\"robots\" content=\"index, follow, max-snippet:-1, max-image-preview:large, max-video-preview:-1\" \/>\n<link rel=\"canonical\" href=\"https:\/\/www.visit-ulcinj.com\/blog\/2016\/07\/25\/met-gjoni-nenkryetar-ri-komunes-se-ulqinit\/\" \/>\n<meta property=\"og:locale\" content=\"en_US\" \/>\n<meta property=\"og:type\" content=\"article\" \/>\n<meta property=\"og:title\" content=\"Met Gjoni n\u00ebnkryetar i ri i komun\u00ebs s\u00eb Ulqinit - Lajme nga Ulqini\" \/>\n<meta property=\"og:description\" content=\"Funksionari i lart\u00eb i Partis\u00eb demokratike Met Gjoni prej sot \u00ebsht\u00eb n\u00ebnkryetari i ri i Komun\u00ebs s\u00eb Ulqinit, u vendos n\u00eb mbledhjen e Parlamentit lokal,\" \/>\n<meta property=\"og:url\" content=\"https:\/\/www.visit-ulcinj.com\/blog\/2016\/07\/25\/met-gjoni-nenkryetar-ri-komunes-se-ulqinit\/\" \/>\n<meta property=\"og:site_name\" content=\"Lajme nga Ulqini\" \/>\n<meta property=\"article:published_time\" content=\"2016-07-25T16:38:16+00:00\" \/>\n<meta property=\"article:modified_time\" content=\"2016-07-25T16:38:36+00:00\" \/>\n<meta property=\"og:image\" content=\"http:\/\/www.visit-ulcinj.com\/blog\/wp-content\/uploads\/2013\/03\/Met-Gjoni-perkrah-Vujanoviqin-ne-zgjedhjet-presidenciale.jpg\" \/>\n<meta name=\"twitter:label1\" content=\"Written by\" \/>\n\t<meta name=\"twitter:data1\" content=\"ulqini\" \/>\n\t<meta name=\"twitter:label2\" content=\"Est. reading time\" \/>\n\t<meta name=\"twitter:data2\" content=\"1 minute\" \/>\n<script type=\"application\/ld+json\" class=\"yoast-schema-graph\">{\"@context\":\"https:\/\/schema.org\",\"@graph\":[{\"@type\":\"WebSite\",\"@id\":\"https:\/\/www.visit-ulcinj.com\/blog\/#website\",\"url\":\"https:\/\/www.visit-ulcinj.com\/blog\/\",\"name\":\"Lajme nga Ulqini\",\"description\":\"Lajme,Vijesti,Ulqini,Ulqin,Crna Gora,Mali i Zi\",\"potentialAction\":[{\"@type\":\"SearchAction\",\"target\":{\"@type\":\"EntryPoint\",\"urlTemplate\":\"https:\/\/www.visit-ulcinj.com\/blog\/?s={search_term_string}\"},\"query-input\":\"required name=search_term_string\"}],\"inLanguage\":\"en-US\"},{\"@type\":\"ImageObject\",\"inLanguage\":\"en-US\",\"@id\":\"https:\/\/www.visit-ulcinj.com\/blog\/2016\/07\/25\/met-gjoni-nenkryetar-ri-komunes-se-ulqinit\/#primaryimage\",\"url\":\"https:\/\/www.visit-ulcinj.com\/blog\/wp-content\/uploads\/2013\/03\/Met-Gjoni-perkrah-Vujanoviqin-ne-zgjedhjet-presidenciale.jpg\",\"contentUrl\":\"https:\/\/www.visit-ulcinj.com\/blog\/wp-content\/uploads\/2013\/03\/Met-Gjoni-perkrah-Vujanoviqin-ne-zgjedhjet-presidenciale.jpg\",\"width\":1000,\"height\":665},{\"@type\":\"WebPage\",\"@id\":\"https:\/\/www.visit-ulcinj.com\/blog\/2016\/07\/25\/met-gjoni-nenkryetar-ri-komunes-se-ulqinit\/#webpage\",\"url\":\"https:\/\/www.visit-ulcinj.com\/blog\/2016\/07\/25\/met-gjoni-nenkryetar-ri-komunes-se-ulqinit\/\",\"name\":\"Met Gjoni n\u00ebnkryetar i ri i komun\u00ebs s\u00eb Ulqinit - Lajme nga Ulqini\",\"isPartOf\":{\"@id\":\"https:\/\/www.visit-ulcinj.com\/blog\/#website\"},\"primaryImageOfPage\":{\"@id\":\"https:\/\/www.visit-ulcinj.com\/blog\/2016\/07\/25\/met-gjoni-nenkryetar-ri-komunes-se-ulqinit\/#primaryimage\"},\"datePublished\":\"2016-07-25T16:38:16+00:00\",\"dateModified\":\"2016-07-25T16:38:36+00:00\",\"author\":{\"@id\":\"https:\/\/www.visit-ulcinj.com\/blog\/#\/schema\/person\/dcab619c614d3038751c63bc2aadc06d\"},\"description\":\"Funksionari i lart\u00eb i Partis\u00eb demokratike Met Gjoni prej sot \u00ebsht\u00eb n\u00ebnkryetari i ri i Komun\u00ebs s\u00eb Ulqinit, u vendos n\u00eb mbledhjen e Parlamentit lokal,\",\"breadcrumb\":{\"@id\":\"https:\/\/www.visit-ulcinj.com\/blog\/2016\/07\/25\/met-gjoni-nenkryetar-ri-komunes-se-ulqinit\/#breadcrumb\"},\"inLanguage\":\"en-US\",\"potentialAction\":[{\"@type\":\"ReadAction\",\"target\":[\"https:\/\/www.visit-ulcinj.com\/blog\/2016\/07\/25\/met-gjoni-nenkryetar-ri-komunes-se-ulqinit\/\"]}]},{\"@type\":\"BreadcrumbList\",\"@id\":\"https:\/\/www.visit-ulcinj.com\/blog\/2016\/07\/25\/met-gjoni-nenkryetar-ri-komunes-se-ulqinit\/#breadcrumb\",\"itemListElement\":[{\"@type\":\"ListItem\",\"position\":1,\"name\":\"Met Gjoni n\u00ebnkryetar i ri i komun\u00ebs s\u00eb Ulqinit\"}]},{\"@type\":\"Person\",\"@id\":\"https:\/\/www.visit-ulcinj.com\/blog\/#\/schema\/person\/dcab619c614d3038751c63bc2aadc06d\",\"name\":\"ulqini\",\"sameAs\":[\"http:\/\/www.visit-ulcinj.com\"],\"url\":\"https:\/\/www.visit-ulcinj.com\/blog\/author\/admin\/\"}]}<\/script>\n<!-- \/ Yoast SEO plugin. -->","yoast_head_json":{"title":"Met Gjoni n\u00ebnkryetar i ri i komun\u00ebs s\u00eb Ulqinit - Lajme nga Ulqini","description":"Funksionari i lart\u00eb i Partis\u00eb demokratike Met Gjoni prej sot \u00ebsht\u00eb n\u00ebnkryetari i ri i Komun\u00ebs s\u00eb Ulqinit, u vendos n\u00eb mbledhjen e Parlamentit lokal,","robots":{"index":"index","follow":"follow","max-snippet":"max-snippet:-1","max-image-preview":"max-image-preview:large","max-video-preview":"max-video-preview:-1"},"canonical":"https:\/\/www.visit-ulcinj.com\/blog\/2016\/07\/25\/met-gjoni-nenkryetar-ri-komunes-se-ulqinit\/","og_locale":"en_US","og_type":"article","og_title":"Met Gjoni n\u00ebnkryetar i ri i komun\u00ebs s\u00eb Ulqinit - Lajme nga Ulqini","og_description":"Funksionari i lart\u00eb i Partis\u00eb demokratike Met Gjoni prej sot \u00ebsht\u00eb n\u00ebnkryetari i ri i Komun\u00ebs s\u00eb Ulqinit, u vendos n\u00eb mbledhjen e Parlamentit lokal,","og_url":"https:\/\/www.visit-ulcinj.com\/blog\/2016\/07\/25\/met-gjoni-nenkryetar-ri-komunes-se-ulqinit\/","og_site_name":"Lajme nga Ulqini","article_published_time":"2016-07-25T16:38:16+00:00","article_modified_time":"2016-07-25T16:38:36+00:00","og_image":[{"url":"http:\/\/www.visit-ulcinj.com\/blog\/wp-content\/uploads\/2013\/03\/Met-Gjoni-perkrah-Vujanoviqin-ne-zgjedhjet-presidenciale.jpg"}],"twitter_misc":{"Written by":"ulqini","Est. reading time":"1 minute"},"schema":{"@context":"https:\/\/schema.org","@graph":[{"@type":"WebSite","@id":"https:\/\/www.visit-ulcinj.com\/blog\/#website","url":"https:\/\/www.visit-ulcinj.com\/blog\/","name":"Lajme nga Ulqini","description":"Lajme,Vijesti,Ulqini,Ulqin,Crna Gora,Mali i Zi","potentialAction":[{"@type":"SearchAction","target":{"@type":"EntryPoint","urlTemplate":"https:\/\/www.visit-ulcinj.com\/blog\/?s={search_term_string}"},"query-input":"required name=search_term_string"}],"inLanguage":"en-US"},{"@type":"ImageObject","inLanguage":"en-US","@id":"https:\/\/www.visit-ulcinj.com\/blog\/2016\/07\/25\/met-gjoni-nenkryetar-ri-komunes-se-ulqinit\/#primaryimage","url":"https:\/\/www.visit-ulcinj.com\/blog\/wp-content\/uploads\/2013\/03\/Met-Gjoni-perkrah-Vujanoviqin-ne-zgjedhjet-presidenciale.jpg","contentUrl":"https:\/\/www.visit-ulcinj.com\/blog\/wp-content\/uploads\/2013\/03\/Met-Gjoni-perkrah-Vujanoviqin-ne-zgjedhjet-presidenciale.jpg","width":1000,"height":665},{"@type":"WebPage","@id":"https:\/\/www.visit-ulcinj.com\/blog\/2016\/07\/25\/met-gjoni-nenkryetar-ri-komunes-se-ulqinit\/#webpage","url":"https:\/\/www.visit-ulcinj.com\/blog\/2016\/07\/25\/met-gjoni-nenkryetar-ri-komunes-se-ulqinit\/","name":"Met Gjoni n\u00ebnkryetar i ri i komun\u00ebs s\u00eb Ulqinit - Lajme nga Ulqini","isPartOf":{"@id":"https:\/\/www.visit-ulcinj.com\/blog\/#website"},"primaryImageOfPage":{"@id":"https:\/\/www.visit-ulcinj.com\/blog\/2016\/07\/25\/met-gjoni-nenkryetar-ri-komunes-se-ulqinit\/#primaryimage"},"datePublished":"2016-07-25T16:38:16+00:00","dateModified":"2016-07-25T16:38:36+00:00","author":{"@id":"https:\/\/www.visit-ulcinj.com\/blog\/#\/schema\/person\/dcab619c614d3038751c63bc2aadc06d"},"description":"Funksionari i lart\u00eb i Partis\u00eb demokratike Met Gjoni prej sot \u00ebsht\u00eb n\u00ebnkryetari i ri i Komun\u00ebs s\u00eb Ulqinit, u vendos n\u00eb mbledhjen e Parlamentit lokal,","breadcrumb":{"@id":"https:\/\/www.visit-ulcinj.com\/blog\/2016\/07\/25\/met-gjoni-nenkryetar-ri-komunes-se-ulqinit\/#breadcrumb"},"inLanguage":"en-US","potentialAction":[{"@type":"ReadAction","target":["https:\/\/www.visit-ulcinj.com\/blog\/2016\/07\/25\/met-gjoni-nenkryetar-ri-komunes-se-ulqinit\/"]}]},{"@type":"BreadcrumbList","@id":"https:\/\/www.visit-ulcinj.com\/blog\/2016\/07\/25\/met-gjoni-nenkryetar-ri-komunes-se-ulqinit\/#breadcrumb","itemListElement":[{"@type":"ListItem","position":1,"name":"Met Gjoni n\u00ebnkryetar i ri i komun\u00ebs s\u00eb Ulqinit"}]},{"@type":"Person","@id":"https:\/\/www.visit-ulcinj.com\/blog\/#\/schema\/person\/dcab619c614d3038751c63bc2aadc06d","name":"ulqini","sameAs":["http:\/\/www.visit-ulcinj.com"],"url":"https:\/\/www.visit-ulcinj.com\/blog\/author\/admin\/"}]}},"jetpack_featured_media_url":"","jetpack_sharing_enabled":true,"jetpack_shortlink":"https:\/\/wp.me\/pe6lTn-pFo","_links":{"self":[{"href":"https:\/\/www.visit-ulcinj.com\/blog\/wp-json\/wp\/v2\/posts\/98666"}],"collection":[{"href":"https:\/\/www.visit-ulcinj.com\/blog\/wp-json\/wp\/v2\/posts"}],"about":[{"href":"https:\/\/www.visit-ulcinj.com\/blog\/wp-json\/wp\/v2\/types\/post"}],"author":[{"embeddable":true,"href":"https:\/\/www.visit-ulcinj.com\/blog\/wp-json\/wp\/v2\/users\/1"}],"replies":[{"embeddable":true,"href":"https:\/\/www.visit-ulcinj.com\/blog\/wp-json\/wp\/v2\/comments?post=98666"}],"version-history":[{"count":2,"href":"https:\/\/www.visit-ulcinj.com\/blog\/wp-json\/wp\/v2\/posts\/98666\/revisions"}],"predecessor-version":[{"id":98668,"href":"https:\/\/www.visit-ulcinj.com\/blog\/wp-json\/wp\/v2\/posts\/98666\/revisions\/98668"}],"wp:attachment":[{"href":"https:\/\/www.visit-ulcinj.com\/blog\/wp-json\/wp\/v2\/media?parent=98666"}],"wp:term":[{"taxonomy":"category","embeddable":true,"href":"https:\/\/www.visit-ulcinj.com\/blog\/wp-json\/wp\/v2\/categories?post=98666"},{"taxonomy":"post_tag","embeddable":true,"href":"https:\/\/www.visit-ulcinj.com\/blog\/wp-json\/wp\/v2\/tags?post=98666"}],"curies":[{"name":"wp","href":"https:\/\/api.w.org\/{rel}","templated":true}]}}