{"id":98674,"date":"2016-07-25T18:55:54","date_gmt":"2016-07-25T17:55:54","guid":{"rendered":"http:\/\/www.visit-ulcinj.com\/blog\/?p=98674"},"modified":"2016-07-25T19:14:15","modified_gmt":"2016-07-25T18:14:15","slug":"ku-mbeti-beli-holle-ences-pa-photoshop-publikon-nje-video-nga-ulqini-video","status":"publish","type":"post","link":"https:\/\/www.visit-ulcinj.com\/blog\/2016\/07\/25\/ku-mbeti-beli-holle-ences-pa-photoshop-publikon-nje-video-nga-ulqini-video\/","title":{"rendered":"Ku mbeti beli i holl\u00eb i Enc\u00ebs? Pa \u2018Photoshop\u2019 publikon nj\u00eb video nga Ulqini (Video)"},"content":{"rendered":"<p><a href=\"http:\/\/www.visit-ulcinj.com\/blog\/wp-content\/uploads\/2016\/07\/Enca-Haxhia-ne-Ulqin.jpg\"><img loading=\"lazy\" class=\"alignleft wp-image-98675\" src=\"http:\/\/www.visit-ulcinj.com\/blog\/wp-content\/uploads\/2016\/07\/Enca-Haxhia-ne-Ulqin.jpg\" alt=\"Enca Haxhia ne Ulqin\" width=\"508\" height=\"317\" \/><\/a>Enca Haxhia padyshim se \u00ebsht\u00eb nj\u00ebra \u00a0nd\u00ebr k\u00ebng\u00ebtaret m\u00eb t\u00eb p\u00ebrfolur t\u00eb showbizit shqiptar\u00eb.<\/p>\n<p>Por n\u00eb shum\u00eb raste ajo ka qen\u00eb tejet e p\u00ebrfolur p\u00ebr fotografi t\u00eb shumta n\u00eb t\u00eb cilat ka p\u00ebrdorur \u2018Photoshop\u2019.<\/p>\n<p><a href=\"http:\/\/www.visit-ulcinj.com\/blog\/wp-content\/uploads\/2016\/07\/Enca-Haxhia-ne-Ulqin-1.jpg\"><img loading=\"lazy\" class=\"alignleft wp-image-98676\" src=\"http:\/\/www.visit-ulcinj.com\/blog\/wp-content\/uploads\/2016\/07\/Enca-Haxhia-ne-Ulqin-1.jpg\" alt=\"Enca Haxhia ne Ulqin-1\" width=\"508\" height=\"638\" \/><\/a>Enca, duke publikuar nj\u00eb video t\u00eb fundit n\u00eb Instagram, nga nj\u00eb mbr\u00ebmje n\u00eb t\u00eb cil\u00ebn ajo ka performuar si duket ka harruar se \u00ebsht\u00eb pa nd\u00ebrhyrje nga \u2018Photoshop\u2019 dhe duke arritur q\u00eb t\u00eb gjith\u00eb t\u00eb v\u00ebrejn\u00eb se sa m\u00eb shum\u00eb pesh\u00eb ka ajo se kur publikon fotografi, transmeton Indeksonline.<\/p>\n<p>Nd\u00ebrsa duhet p\u00ebrkujtuar q\u00eb Enca, \u00ebsht\u00eb duke shijuar edhe suksesin e k\u00ebng\u00ebve t\u00eb saj t\u00eb fundit e sidomos t\u00eb asaj n\u00eb bashk\u00ebpunim me reperin \u2018Noizy\u2019 t\u00eb cil\u00ebn edhe \u00ebsht\u00eb duke perfomuar n\u00eb k\u00ebt\u00eb video.<\/p>\n<p><strong>Infokus Media Group<\/strong><\/p>\n<blockquote class=\"instagram-media\" data-instgrm-version=\"7\" style=\" background:#FFF; border:0; border-radius:3px; box-shadow:0 0 1px 0 rgba(0,0,0,0.5),0 1px 10px 0 rgba(0,0,0,0.15); margin: 1px; max-width:658px; padding:0; width:99.375%; width:-webkit-calc(100% - 2px); width:calc(100% - 2px);\">\n<div style=\"padding:8px;\">\n<div style=\" background:#F8F8F8; line-height:0; margin-top:40px; padding:28.1018518519% 0; text-align:center; width:100%;\">\n<div style=\" background:url(data:image\/png;base64,iVBORw0KGgoAAAANSUhEUgAAACwAAAAsCAMAAAApWqozAAAABGdBTUEAALGPC\/xhBQAAAAFzUkdCAK7OHOkAAAAMUExURczMzPf399fX1+bm5mzY9AMAAADiSURBVDjLvZXbEsMgCES5\/P8\/t9FuRVCRmU73JWlzosgSIIZURCjo\/ad+EQJJB4Hv8BFt+IDpQoCx1wjOSBFhh2XssxEIYn3ulI\/6MNReE07UIWJEv8UEOWDS88LY97kqyTliJKKtuYBbruAyVh5wOHiXmpi5we58Ek028czwyuQdLKPG1Bkb4NnM+VeAnfHqn1k4+GPT6uGQcvu2h2OVuIf\/gWUFyy8OWEpdyZSa3aVCqpVoVvzZZ2VTnn2wU8qzVjDDetO90GSy9mVLqtgYSy231MxrY6I2gGqjrTY0L8fxCxfCBbhWrsYYAAAAAElFTkSuQmCC); display:block; height:44px; margin:0 auto -44px; position:relative; top:-22px; width:44px;\"><\/div>\n<\/div>\n<p style=\" color:#c9c8cd; font-family:Arial,sans-serif; font-size:14px; line-height:17px; margin-bottom:0; margin-top:8px; overflow:hidden; padding:8px 0 7px; text-align:center; text-overflow:ellipsis; white-space:nowrap;\"><a href=\"https:\/\/www.instagram.com\/p\/BISi8UJgBdl\/\" style=\" color:#c9c8cd; font-family:Arial,sans-serif; font-size:14px; font-style:normal; font-weight:normal; line-height:17px; text-decoration:none;\" target=\"_blank\">Une vid\u00e9o publi\u00e9e par ENCA (@encahaxhia)<\/a> le <time style=\" font-family:Arial,sans-serif; font-size:14px; line-height:17px;\" datetime=\"2016-07-25T15:39:04+00:00\">25 Juil. 2016 \u00e0 8h39 PDT<\/time><\/p>\n<\/div>\n<\/blockquote>\n<p><script async defer src=\"\/\/platform.instagram.com\/en_US\/embeds.js\"><\/script><\/p>\n","protected":false},"excerpt":{"rendered":"<p>Enca Haxhia padyshim se \u00ebsht\u00eb nj\u00ebra \u00a0nd\u00ebr k\u00ebng\u00ebtaret m\u00eb t\u00eb p\u00ebrfolur t\u00eb showbizit shqiptar\u00eb. Por n\u00eb shum\u00eb raste ajo ka qen\u00eb tejet e p\u00ebrfolur p\u00ebr fotografi t\u00eb shumta n\u00eb t\u00eb cilat ka p\u00ebrdorur \u2018Photoshop\u2019. Enca, duke publikuar nj\u00eb video t\u00eb fundit n\u00eb Instagram, nga nj\u00eb mbr\u00ebmje n\u00eb t\u00eb cil\u00ebn ajo ka performuar si duket ka [&hellip;]<\/p>\n","protected":false},"author":1,"featured_media":0,"comment_status":"closed","ping_status":"closed","sticky":false,"template":"","format":"standard","meta":{"spay_email":"","jetpack_publicize_message":"","jetpack_is_tweetstorm":false,"jetpack_publicize_feature_enabled":true},"categories":[1],"tags":[],"jetpack_publicize_connections":[],"yoast_head":"<!-- This site is optimized with the Yoast SEO plugin v19.1 - https:\/\/yoast.com\/wordpress\/plugins\/seo\/ -->\n<title>Ku mbeti beli i holl\u00eb i Enc\u00ebs? Pa \u2018Photoshop\u2019 publikon nj\u00eb video nga Ulqini (Video) - Lajme nga Ulqini<\/title>\n<meta name=\"description\" content=\"Enca Haxhia padyshim se \u00ebsht\u00eb nj\u00ebra \u00a0nd\u00ebr k\u00ebng\u00ebtaret m\u00eb t\u00eb p\u00ebrfolur t\u00eb showbizit shqiptar\u00eb. Por n\u00eb shum\u00eb raste ajo ka qen\u00eb tejet e p\u00ebrfolur p\u00ebr fotografi\" \/>\n<meta name=\"robots\" content=\"index, follow, max-snippet:-1, max-image-preview:large, max-video-preview:-1\" \/>\n<link rel=\"canonical\" href=\"https:\/\/www.visit-ulcinj.com\/blog\/2016\/07\/25\/ku-mbeti-beli-holle-ences-pa-photoshop-publikon-nje-video-nga-ulqini-video\/\" \/>\n<meta property=\"og:locale\" content=\"en_US\" \/>\n<meta property=\"og:type\" content=\"article\" \/>\n<meta property=\"og:title\" content=\"Ku mbeti beli i holl\u00eb i Enc\u00ebs? Pa \u2018Photoshop\u2019 publikon nj\u00eb video nga Ulqini (Video) - Lajme nga Ulqini\" \/>\n<meta property=\"og:description\" content=\"Enca Haxhia padyshim se \u00ebsht\u00eb nj\u00ebra \u00a0nd\u00ebr k\u00ebng\u00ebtaret m\u00eb t\u00eb p\u00ebrfolur t\u00eb showbizit shqiptar\u00eb. Por n\u00eb shum\u00eb raste ajo ka qen\u00eb tejet e p\u00ebrfolur p\u00ebr fotografi\" \/>\n<meta property=\"og:url\" content=\"https:\/\/www.visit-ulcinj.com\/blog\/2016\/07\/25\/ku-mbeti-beli-holle-ences-pa-photoshop-publikon-nje-video-nga-ulqini-video\/\" \/>\n<meta property=\"og:site_name\" content=\"Lajme nga Ulqini\" \/>\n<meta property=\"article:published_time\" content=\"2016-07-25T17:55:54+00:00\" \/>\n<meta property=\"article:modified_time\" content=\"2016-07-25T18:14:15+00:00\" \/>\n<meta property=\"og:image\" content=\"http:\/\/www.visit-ulcinj.com\/blog\/wp-content\/uploads\/2016\/07\/Enca-Haxhia-ne-Ulqin.jpg\" \/>\n<meta name=\"twitter:label1\" content=\"Written by\" \/>\n\t<meta name=\"twitter:data1\" content=\"ulqini\" \/>\n\t<meta name=\"twitter:label2\" content=\"Est. reading time\" \/>\n\t<meta name=\"twitter:data2\" content=\"1 minute\" \/>\n<script type=\"application\/ld+json\" class=\"yoast-schema-graph\">{\"@context\":\"https:\/\/schema.org\",\"@graph\":[{\"@type\":\"WebSite\",\"@id\":\"https:\/\/www.visit-ulcinj.com\/blog\/#website\",\"url\":\"https:\/\/www.visit-ulcinj.com\/blog\/\",\"name\":\"Lajme nga Ulqini\",\"description\":\"Lajme,Vijesti,Ulqini,Ulqin,Crna Gora,Mali i Zi\",\"potentialAction\":[{\"@type\":\"SearchAction\",\"target\":{\"@type\":\"EntryPoint\",\"urlTemplate\":\"https:\/\/www.visit-ulcinj.com\/blog\/?s={search_term_string}\"},\"query-input\":\"required name=search_term_string\"}],\"inLanguage\":\"en-US\"},{\"@type\":\"ImageObject\",\"inLanguage\":\"en-US\",\"@id\":\"https:\/\/www.visit-ulcinj.com\/blog\/2016\/07\/25\/ku-mbeti-beli-holle-ences-pa-photoshop-publikon-nje-video-nga-ulqini-video\/#primaryimage\",\"url\":\"http:\/\/www.visit-ulcinj.com\/blog\/wp-content\/uploads\/2016\/07\/Enca-Haxhia-ne-Ulqin.jpg\",\"contentUrl\":\"http:\/\/www.visit-ulcinj.com\/blog\/wp-content\/uploads\/2016\/07\/Enca-Haxhia-ne-Ulqin.jpg\"},{\"@type\":\"WebPage\",\"@id\":\"https:\/\/www.visit-ulcinj.com\/blog\/2016\/07\/25\/ku-mbeti-beli-holle-ences-pa-photoshop-publikon-nje-video-nga-ulqini-video\/#webpage\",\"url\":\"https:\/\/www.visit-ulcinj.com\/blog\/2016\/07\/25\/ku-mbeti-beli-holle-ences-pa-photoshop-publikon-nje-video-nga-ulqini-video\/\",\"name\":\"Ku mbeti beli i holl\u00eb i Enc\u00ebs? Pa \u2018Photoshop\u2019 publikon nj\u00eb video nga Ulqini (Video) - Lajme nga Ulqini\",\"isPartOf\":{\"@id\":\"https:\/\/www.visit-ulcinj.com\/blog\/#website\"},\"primaryImageOfPage\":{\"@id\":\"https:\/\/www.visit-ulcinj.com\/blog\/2016\/07\/25\/ku-mbeti-beli-holle-ences-pa-photoshop-publikon-nje-video-nga-ulqini-video\/#primaryimage\"},\"datePublished\":\"2016-07-25T17:55:54+00:00\",\"dateModified\":\"2016-07-25T18:14:15+00:00\",\"author\":{\"@id\":\"https:\/\/www.visit-ulcinj.com\/blog\/#\/schema\/person\/dcab619c614d3038751c63bc2aadc06d\"},\"description\":\"Enca Haxhia padyshim se \u00ebsht\u00eb nj\u00ebra \u00a0nd\u00ebr k\u00ebng\u00ebtaret m\u00eb t\u00eb p\u00ebrfolur t\u00eb showbizit shqiptar\u00eb. Por n\u00eb shum\u00eb raste ajo ka qen\u00eb tejet e p\u00ebrfolur p\u00ebr fotografi\",\"breadcrumb\":{\"@id\":\"https:\/\/www.visit-ulcinj.com\/blog\/2016\/07\/25\/ku-mbeti-beli-holle-ences-pa-photoshop-publikon-nje-video-nga-ulqini-video\/#breadcrumb\"},\"inLanguage\":\"en-US\",\"potentialAction\":[{\"@type\":\"ReadAction\",\"target\":[\"https:\/\/www.visit-ulcinj.com\/blog\/2016\/07\/25\/ku-mbeti-beli-holle-ences-pa-photoshop-publikon-nje-video-nga-ulqini-video\/\"]}]},{\"@type\":\"BreadcrumbList\",\"@id\":\"https:\/\/www.visit-ulcinj.com\/blog\/2016\/07\/25\/ku-mbeti-beli-holle-ences-pa-photoshop-publikon-nje-video-nga-ulqini-video\/#breadcrumb\",\"itemListElement\":[{\"@type\":\"ListItem\",\"position\":1,\"name\":\"Ku mbeti beli i holl\u00eb i Enc\u00ebs? Pa \u2018Photoshop\u2019 publikon nj\u00eb video nga Ulqini (Video)\"}]},{\"@type\":\"Person\",\"@id\":\"https:\/\/www.visit-ulcinj.com\/blog\/#\/schema\/person\/dcab619c614d3038751c63bc2aadc06d\",\"name\":\"ulqini\",\"sameAs\":[\"http:\/\/www.visit-ulcinj.com\"],\"url\":\"https:\/\/www.visit-ulcinj.com\/blog\/author\/admin\/\"}]}<\/script>\n<!-- \/ Yoast SEO plugin. -->","yoast_head_json":{"title":"Ku mbeti beli i holl\u00eb i Enc\u00ebs? Pa \u2018Photoshop\u2019 publikon nj\u00eb video nga Ulqini (Video) - Lajme nga Ulqini","description":"Enca Haxhia padyshim se \u00ebsht\u00eb nj\u00ebra \u00a0nd\u00ebr k\u00ebng\u00ebtaret m\u00eb t\u00eb p\u00ebrfolur t\u00eb showbizit shqiptar\u00eb. Por n\u00eb shum\u00eb raste ajo ka qen\u00eb tejet e p\u00ebrfolur p\u00ebr fotografi","robots":{"index":"index","follow":"follow","max-snippet":"max-snippet:-1","max-image-preview":"max-image-preview:large","max-video-preview":"max-video-preview:-1"},"canonical":"https:\/\/www.visit-ulcinj.com\/blog\/2016\/07\/25\/ku-mbeti-beli-holle-ences-pa-photoshop-publikon-nje-video-nga-ulqini-video\/","og_locale":"en_US","og_type":"article","og_title":"Ku mbeti beli i holl\u00eb i Enc\u00ebs? Pa \u2018Photoshop\u2019 publikon nj\u00eb video nga Ulqini (Video) - Lajme nga Ulqini","og_description":"Enca Haxhia padyshim se \u00ebsht\u00eb nj\u00ebra \u00a0nd\u00ebr k\u00ebng\u00ebtaret m\u00eb t\u00eb p\u00ebrfolur t\u00eb showbizit shqiptar\u00eb. Por n\u00eb shum\u00eb raste ajo ka qen\u00eb tejet e p\u00ebrfolur p\u00ebr fotografi","og_url":"https:\/\/www.visit-ulcinj.com\/blog\/2016\/07\/25\/ku-mbeti-beli-holle-ences-pa-photoshop-publikon-nje-video-nga-ulqini-video\/","og_site_name":"Lajme nga Ulqini","article_published_time":"2016-07-25T17:55:54+00:00","article_modified_time":"2016-07-25T18:14:15+00:00","og_image":[{"url":"http:\/\/www.visit-ulcinj.com\/blog\/wp-content\/uploads\/2016\/07\/Enca-Haxhia-ne-Ulqin.jpg"}],"twitter_misc":{"Written by":"ulqini","Est. reading time":"1 minute"},"schema":{"@context":"https:\/\/schema.org","@graph":[{"@type":"WebSite","@id":"https:\/\/www.visit-ulcinj.com\/blog\/#website","url":"https:\/\/www.visit-ulcinj.com\/blog\/","name":"Lajme nga Ulqini","description":"Lajme,Vijesti,Ulqini,Ulqin,Crna Gora,Mali i Zi","potentialAction":[{"@type":"SearchAction","target":{"@type":"EntryPoint","urlTemplate":"https:\/\/www.visit-ulcinj.com\/blog\/?s={search_term_string}"},"query-input":"required name=search_term_string"}],"inLanguage":"en-US"},{"@type":"ImageObject","inLanguage":"en-US","@id":"https:\/\/www.visit-ulcinj.com\/blog\/2016\/07\/25\/ku-mbeti-beli-holle-ences-pa-photoshop-publikon-nje-video-nga-ulqini-video\/#primaryimage","url":"http:\/\/www.visit-ulcinj.com\/blog\/wp-content\/uploads\/2016\/07\/Enca-Haxhia-ne-Ulqin.jpg","contentUrl":"http:\/\/www.visit-ulcinj.com\/blog\/wp-content\/uploads\/2016\/07\/Enca-Haxhia-ne-Ulqin.jpg"},{"@type":"WebPage","@id":"https:\/\/www.visit-ulcinj.com\/blog\/2016\/07\/25\/ku-mbeti-beli-holle-ences-pa-photoshop-publikon-nje-video-nga-ulqini-video\/#webpage","url":"https:\/\/www.visit-ulcinj.com\/blog\/2016\/07\/25\/ku-mbeti-beli-holle-ences-pa-photoshop-publikon-nje-video-nga-ulqini-video\/","name":"Ku mbeti beli i holl\u00eb i Enc\u00ebs? Pa \u2018Photoshop\u2019 publikon nj\u00eb video nga Ulqini (Video) - Lajme nga Ulqini","isPartOf":{"@id":"https:\/\/www.visit-ulcinj.com\/blog\/#website"},"primaryImageOfPage":{"@id":"https:\/\/www.visit-ulcinj.com\/blog\/2016\/07\/25\/ku-mbeti-beli-holle-ences-pa-photoshop-publikon-nje-video-nga-ulqini-video\/#primaryimage"},"datePublished":"2016-07-25T17:55:54+00:00","dateModified":"2016-07-25T18:14:15+00:00","author":{"@id":"https:\/\/www.visit-ulcinj.com\/blog\/#\/schema\/person\/dcab619c614d3038751c63bc2aadc06d"},"description":"Enca Haxhia padyshim se \u00ebsht\u00eb nj\u00ebra \u00a0nd\u00ebr k\u00ebng\u00ebtaret m\u00eb t\u00eb p\u00ebrfolur t\u00eb showbizit shqiptar\u00eb. Por n\u00eb shum\u00eb raste ajo ka qen\u00eb tejet e p\u00ebrfolur p\u00ebr fotografi","breadcrumb":{"@id":"https:\/\/www.visit-ulcinj.com\/blog\/2016\/07\/25\/ku-mbeti-beli-holle-ences-pa-photoshop-publikon-nje-video-nga-ulqini-video\/#breadcrumb"},"inLanguage":"en-US","potentialAction":[{"@type":"ReadAction","target":["https:\/\/www.visit-ulcinj.com\/blog\/2016\/07\/25\/ku-mbeti-beli-holle-ences-pa-photoshop-publikon-nje-video-nga-ulqini-video\/"]}]},{"@type":"BreadcrumbList","@id":"https:\/\/www.visit-ulcinj.com\/blog\/2016\/07\/25\/ku-mbeti-beli-holle-ences-pa-photoshop-publikon-nje-video-nga-ulqini-video\/#breadcrumb","itemListElement":[{"@type":"ListItem","position":1,"name":"Ku mbeti beli i holl\u00eb i Enc\u00ebs? Pa \u2018Photoshop\u2019 publikon nj\u00eb video nga Ulqini (Video)"}]},{"@type":"Person","@id":"https:\/\/www.visit-ulcinj.com\/blog\/#\/schema\/person\/dcab619c614d3038751c63bc2aadc06d","name":"ulqini","sameAs":["http:\/\/www.visit-ulcinj.com"],"url":"https:\/\/www.visit-ulcinj.com\/blog\/author\/admin\/"}]}},"jetpack_featured_media_url":"","jetpack_sharing_enabled":true,"jetpack_shortlink":"https:\/\/wp.me\/pe6lTn-pFw","_links":{"self":[{"href":"https:\/\/www.visit-ulcinj.com\/blog\/wp-json\/wp\/v2\/posts\/98674"}],"collection":[{"href":"https:\/\/www.visit-ulcinj.com\/blog\/wp-json\/wp\/v2\/posts"}],"about":[{"href":"https:\/\/www.visit-ulcinj.com\/blog\/wp-json\/wp\/v2\/types\/post"}],"author":[{"embeddable":true,"href":"https:\/\/www.visit-ulcinj.com\/blog\/wp-json\/wp\/v2\/users\/1"}],"replies":[{"embeddable":true,"href":"https:\/\/www.visit-ulcinj.com\/blog\/wp-json\/wp\/v2\/comments?post=98674"}],"version-history":[{"count":4,"href":"https:\/\/www.visit-ulcinj.com\/blog\/wp-json\/wp\/v2\/posts\/98674\/revisions"}],"predecessor-version":[{"id":98688,"href":"https:\/\/www.visit-ulcinj.com\/blog\/wp-json\/wp\/v2\/posts\/98674\/revisions\/98688"}],"wp:attachment":[{"href":"https:\/\/www.visit-ulcinj.com\/blog\/wp-json\/wp\/v2\/media?parent=98674"}],"wp:term":[{"taxonomy":"category","embeddable":true,"href":"https:\/\/www.visit-ulcinj.com\/blog\/wp-json\/wp\/v2\/categories?post=98674"},{"taxonomy":"post_tag","embeddable":true,"href":"https:\/\/www.visit-ulcinj.com\/blog\/wp-json\/wp\/v2\/tags?post=98674"}],"curies":[{"name":"wp","href":"https:\/\/api.w.org\/{rel}","templated":true}]}}