{"id":98678,"date":"2016-07-25T19:07:39","date_gmt":"2016-07-25T18:07:39","guid":{"rendered":"http:\/\/www.visit-ulcinj.com\/blog\/?p=98678"},"modified":"2016-07-25T19:19:18","modified_gmt":"2016-07-25T18:19:18","slug":"nora-istrefi-e-ledri-vula-postojne-fotografi-nga-ulqini","status":"publish","type":"post","link":"https:\/\/www.visit-ulcinj.com\/blog\/2016\/07\/25\/nora-istrefi-e-ledri-vula-postojne-fotografi-nga-ulqini\/","title":{"rendered":"Nora Istrefi e Ledri Vula, postojn\u00eb fotografi nga Ulqini &#8211; Video"},"content":{"rendered":"<p><a href=\"http:\/\/www.visit-ulcinj.com\/blog\/wp-content\/uploads\/2016\/07\/Nora-Istrefi-e-Ledri-Vula-ne-Ulqin.jpg\"><img loading=\"lazy\" class=\"alignleft wp-image-98679\" src=\"http:\/\/www.visit-ulcinj.com\/blog\/wp-content\/uploads\/2016\/07\/Nora-Istrefi-e-Ledri-Vula-ne-Ulqin.jpg\" alt=\"Nora Istrefi e Ledri Vula ne Ulqin\" width=\"508\" height=\"280\" \/><\/a>Ndejat verore n\u00eb vendet bregdetare sapo kan\u00eb filluar, e k\u00ebng\u00ebtar\u00ebt tan\u00eb jan\u00eb n\u00eb gjendje gadishm\u00ebrie p\u00ebr ta dh\u00ebn\u00eb maksimumin.<\/p>\n<p>N\u00eb t\u00eb njejt\u00ebn koh\u00eb, dit\u00ebn po e shfryt\u00ebzojn\u00eb detin duke ndar\u00eb k\u00ebshtu pak pushim p\u00ebr vete, shkruan lajmi.net.<\/p>\n<p><a href=\"http:\/\/www.visit-ulcinj.com\/blog\/wp-content\/uploads\/2016\/07\/Ledri-Vula-Ulqin.jpg\"><img loading=\"lazy\" class=\"alignleft wp-image-98687\" src=\"http:\/\/www.visit-ulcinj.com\/blog\/wp-content\/uploads\/2016\/07\/Ledri-Vula-Ulqin.jpg\" alt=\"Ledri-Vula-Ulqin\" width=\"508\" height=\"381\" srcset=\"https:\/\/www.visit-ulcinj.com\/blog\/wp-content\/uploads\/2016\/07\/Ledri-Vula-Ulqin.jpg 1080w, https:\/\/www.visit-ulcinj.com\/blog\/wp-content\/uploads\/2016\/07\/Ledri-Vula-Ulqin-300x225.jpg 300w, https:\/\/www.visit-ulcinj.com\/blog\/wp-content\/uploads\/2016\/07\/Ledri-Vula-Ulqin-768x576.jpg 768w, https:\/\/www.visit-ulcinj.com\/blog\/wp-content\/uploads\/2016\/07\/Ledri-Vula-Ulqin-1024x768.jpg 1024w\" sizes=\"(max-width: 508px) 100vw, 508px\" \/><\/a><\/p>\n<p>Nj\u00ebsoj edhe k\u00ebng\u00ebtar\u00ebt, Nora Istrefi e Ledri Vula, t\u00eb cil\u00ebt po postojn\u00eb fotografi nga Ulqini.<\/p>\n<p>Kujtojm\u00eb se t\u00eb dy jan\u00eb shum\u00eb t\u00eb dashur p\u00ebr publikun, e adhuruesit kan\u00eb fatin q\u00eb t\u2019i gjejn\u00eb n\u00eb nj\u00eb vend.\/lajmi.net<\/p>\n<p><a href=\"http:\/\/www.visit-ulcinj.com\/blog\/wp-content\/uploads\/2016\/07\/Nora-Istrefi-ne-Ulqin.jpg\"><img loading=\"lazy\" class=\"alignleft wp-image-98681\" src=\"http:\/\/www.visit-ulcinj.com\/blog\/wp-content\/uploads\/2016\/07\/Nora-Istrefi-ne-Ulqin.jpg\" alt=\"Nora Istrefi ne Ulqin\" width=\"508\" height=\"903\" \/><\/a><\/p>\n<p><a href=\"http:\/\/www.visit-ulcinj.com\/blog\/wp-content\/uploads\/2016\/07\/Nora-Istrefi-ne-Ulqin-1.jpg\"><img loading=\"lazy\" class=\"alignleft wp-image-98684\" src=\"http:\/\/www.visit-ulcinj.com\/blog\/wp-content\/uploads\/2016\/07\/Nora-Istrefi-ne-Ulqin-1.jpg\" alt=\"Nora Istrefi ne Ulqin-1\" width=\"508\" height=\"903\" \/><\/a><\/p>\n<p><a href=\"http:\/\/www.visit-ulcinj.com\/blog\/wp-content\/uploads\/2016\/07\/Ledri.jpg\"><img loading=\"lazy\" class=\"alignleft wp-image-98685\" src=\"http:\/\/www.visit-ulcinj.com\/blog\/wp-content\/uploads\/2016\/07\/Ledri.jpg\" alt=\"Ledri\" width=\"508\" height=\"376\" srcset=\"https:\/\/www.visit-ulcinj.com\/blog\/wp-content\/uploads\/2016\/07\/Ledri.jpg 598w, https:\/\/www.visit-ulcinj.com\/blog\/wp-content\/uploads\/2016\/07\/Ledri-300x222.jpg 300w\" sizes=\"(max-width: 508px) 100vw, 508px\" \/><\/a><\/p>\n<blockquote class=\"instagram-media\" data-instgrm-captioned data-instgrm-version=\"7\" style=\" background:#FFF; border:0; border-radius:3px; box-shadow:0 0 1px 0 rgba(0,0,0,0.5),0 1px 10px 0 rgba(0,0,0,0.15); margin: 1px; max-width:658px; padding:0; width:99.375%; width:-webkit-calc(100% - 2px); width:calc(100% - 2px);\">\n<div style=\"padding:8px;\">\n<div style=\" background:#F8F8F8; line-height:0; margin-top:40px; padding:28.125% 0; text-align:center; width:100%;\">\n<div style=\" background:url(data:image\/png;base64,iVBORw0KGgoAAAANSUhEUgAAACwAAAAsCAMAAAApWqozAAAABGdBTUEAALGPC\/xhBQAAAAFzUkdCAK7OHOkAAAAMUExURczMzPf399fX1+bm5mzY9AMAAADiSURBVDjLvZXbEsMgCES5\/P8\/t9FuRVCRmU73JWlzosgSIIZURCjo\/ad+EQJJB4Hv8BFt+IDpQoCx1wjOSBFhh2XssxEIYn3ulI\/6MNReE07UIWJEv8UEOWDS88LY97kqyTliJKKtuYBbruAyVh5wOHiXmpi5we58Ek028czwyuQdLKPG1Bkb4NnM+VeAnfHqn1k4+GPT6uGQcvu2h2OVuIf\/gWUFyy8OWEpdyZSa3aVCqpVoVvzZZ2VTnn2wU8qzVjDDetO90GSy9mVLqtgYSy231MxrY6I2gGqjrTY0L8fxCxfCBbhWrsYYAAAAAElFTkSuQmCC); display:block; height:44px; margin:0 auto -44px; position:relative; top:-22px; width:44px;\"><\/div>\n<\/div>\n<p style=\" margin:8px 0 0 0; padding:0 4px;\"> <a href=\"https:\/\/www.instagram.com\/p\/BILAQoPhSdI\/\" style=\" color:#000; font-family:Arial,sans-serif; font-size:14px; font-style:normal; font-weight:normal; line-height:17px; text-decoration:none; word-wrap:break-word;\" target=\"_blank\">&#x1f32a; nuk doket ndryshe<\/a><\/p>\n<p style=\" color:#c9c8cd; font-family:Arial,sans-serif; font-size:14px; line-height:17px; margin-bottom:0; margin-top:8px; overflow:hidden; padding:8px 0 7px; text-align:center; text-overflow:ellipsis; white-space:nowrap;\">A video posted by Ledri Vula (@ledrivula) on <time style=\" font-family:Arial,sans-serif; font-size:14px; line-height:17px;\" datetime=\"2016-07-22T17:21:19+00:00\">Jul 22, 2016 at 10:21am PDT<\/time><\/p>\n<\/div>\n<\/blockquote>\n<p><script async defer src=\"\/\/platform.instagram.com\/en_US\/embeds.js\"><\/script><\/p>\n","protected":false},"excerpt":{"rendered":"<p>Ndejat verore n\u00eb vendet bregdetare sapo kan\u00eb filluar, e k\u00ebng\u00ebtar\u00ebt tan\u00eb jan\u00eb n\u00eb gjendje gadishm\u00ebrie p\u00ebr ta dh\u00ebn\u00eb maksimumin. N\u00eb t\u00eb njejt\u00ebn koh\u00eb, dit\u00ebn po e shfryt\u00ebzojn\u00eb detin duke ndar\u00eb k\u00ebshtu pak pushim p\u00ebr vete, shkruan lajmi.net. Nj\u00ebsoj edhe k\u00ebng\u00ebtar\u00ebt, Nora Istrefi e Ledri Vula, t\u00eb cil\u00ebt po postojn\u00eb fotografi nga Ulqini. Kujtojm\u00eb se t\u00eb [&hellip;]<\/p>\n","protected":false},"author":1,"featured_media":0,"comment_status":"closed","ping_status":"closed","sticky":false,"template":"","format":"standard","meta":{"spay_email":"","jetpack_publicize_message":"","jetpack_is_tweetstorm":false,"jetpack_publicize_feature_enabled":true},"categories":[1],"tags":[],"jetpack_publicize_connections":[],"yoast_head":"<!-- This site is optimized with the Yoast SEO plugin v19.1 - https:\/\/yoast.com\/wordpress\/plugins\/seo\/ -->\n<title>Nora Istrefi e Ledri Vula, postojn\u00eb fotografi nga Ulqini - Video - Lajme nga Ulqini<\/title>\n<meta name=\"description\" content=\"Ndejat verore n\u00eb vendet bregdetare sapo kan\u00eb filluar, e k\u00ebng\u00ebtar\u00ebt tan\u00eb jan\u00eb n\u00eb gjendje gadishm\u00ebrie p\u00ebr ta dh\u00ebn\u00eb maksimumin. N\u00eb t\u00eb njejt\u00ebn koh\u00eb, dit\u00ebn po\" \/>\n<meta name=\"robots\" content=\"index, follow, max-snippet:-1, max-image-preview:large, max-video-preview:-1\" \/>\n<link rel=\"canonical\" href=\"https:\/\/www.visit-ulcinj.com\/blog\/2016\/07\/25\/nora-istrefi-e-ledri-vula-postojne-fotografi-nga-ulqini\/\" \/>\n<meta property=\"og:locale\" content=\"en_US\" \/>\n<meta property=\"og:type\" content=\"article\" \/>\n<meta property=\"og:title\" content=\"Nora Istrefi e Ledri Vula, postojn\u00eb fotografi nga Ulqini - Video - Lajme nga Ulqini\" \/>\n<meta property=\"og:description\" content=\"Ndejat verore n\u00eb vendet bregdetare sapo kan\u00eb filluar, e k\u00ebng\u00ebtar\u00ebt tan\u00eb jan\u00eb n\u00eb gjendje gadishm\u00ebrie p\u00ebr ta dh\u00ebn\u00eb maksimumin. N\u00eb t\u00eb njejt\u00ebn koh\u00eb, dit\u00ebn po\" \/>\n<meta property=\"og:url\" content=\"https:\/\/www.visit-ulcinj.com\/blog\/2016\/07\/25\/nora-istrefi-e-ledri-vula-postojne-fotografi-nga-ulqini\/\" \/>\n<meta property=\"og:site_name\" content=\"Lajme nga Ulqini\" \/>\n<meta property=\"article:published_time\" content=\"2016-07-25T18:07:39+00:00\" \/>\n<meta property=\"article:modified_time\" content=\"2016-07-25T18:19:18+00:00\" \/>\n<meta property=\"og:image\" content=\"http:\/\/www.visit-ulcinj.com\/blog\/wp-content\/uploads\/2016\/07\/Nora-Istrefi-e-Ledri-Vula-ne-Ulqin.jpg\" \/>\n<meta name=\"twitter:label1\" content=\"Written by\" \/>\n\t<meta name=\"twitter:data1\" content=\"ulqini\" \/>\n\t<meta name=\"twitter:label2\" content=\"Est. reading time\" \/>\n\t<meta name=\"twitter:data2\" content=\"1 minute\" \/>\n<script type=\"application\/ld+json\" class=\"yoast-schema-graph\">{\"@context\":\"https:\/\/schema.org\",\"@graph\":[{\"@type\":\"WebSite\",\"@id\":\"https:\/\/www.visit-ulcinj.com\/blog\/#website\",\"url\":\"https:\/\/www.visit-ulcinj.com\/blog\/\",\"name\":\"Lajme nga Ulqini\",\"description\":\"Lajme,Vijesti,Ulqini,Ulqin,Crna Gora,Mali i Zi\",\"potentialAction\":[{\"@type\":\"SearchAction\",\"target\":{\"@type\":\"EntryPoint\",\"urlTemplate\":\"https:\/\/www.visit-ulcinj.com\/blog\/?s={search_term_string}\"},\"query-input\":\"required name=search_term_string\"}],\"inLanguage\":\"en-US\"},{\"@type\":\"ImageObject\",\"inLanguage\":\"en-US\",\"@id\":\"https:\/\/www.visit-ulcinj.com\/blog\/2016\/07\/25\/nora-istrefi-e-ledri-vula-postojne-fotografi-nga-ulqini\/#primaryimage\",\"url\":\"http:\/\/www.visit-ulcinj.com\/blog\/wp-content\/uploads\/2016\/07\/Nora-Istrefi-e-Ledri-Vula-ne-Ulqin.jpg\",\"contentUrl\":\"http:\/\/www.visit-ulcinj.com\/blog\/wp-content\/uploads\/2016\/07\/Nora-Istrefi-e-Ledri-Vula-ne-Ulqin.jpg\"},{\"@type\":\"WebPage\",\"@id\":\"https:\/\/www.visit-ulcinj.com\/blog\/2016\/07\/25\/nora-istrefi-e-ledri-vula-postojne-fotografi-nga-ulqini\/#webpage\",\"url\":\"https:\/\/www.visit-ulcinj.com\/blog\/2016\/07\/25\/nora-istrefi-e-ledri-vula-postojne-fotografi-nga-ulqini\/\",\"name\":\"Nora Istrefi e Ledri Vula, postojn\u00eb fotografi nga Ulqini - Video - Lajme nga Ulqini\",\"isPartOf\":{\"@id\":\"https:\/\/www.visit-ulcinj.com\/blog\/#website\"},\"primaryImageOfPage\":{\"@id\":\"https:\/\/www.visit-ulcinj.com\/blog\/2016\/07\/25\/nora-istrefi-e-ledri-vula-postojne-fotografi-nga-ulqini\/#primaryimage\"},\"datePublished\":\"2016-07-25T18:07:39+00:00\",\"dateModified\":\"2016-07-25T18:19:18+00:00\",\"author\":{\"@id\":\"https:\/\/www.visit-ulcinj.com\/blog\/#\/schema\/person\/dcab619c614d3038751c63bc2aadc06d\"},\"description\":\"Ndejat verore n\u00eb vendet bregdetare sapo kan\u00eb filluar, e k\u00ebng\u00ebtar\u00ebt tan\u00eb jan\u00eb n\u00eb gjendje gadishm\u00ebrie p\u00ebr ta dh\u00ebn\u00eb maksimumin. N\u00eb t\u00eb njejt\u00ebn koh\u00eb, dit\u00ebn po\",\"breadcrumb\":{\"@id\":\"https:\/\/www.visit-ulcinj.com\/blog\/2016\/07\/25\/nora-istrefi-e-ledri-vula-postojne-fotografi-nga-ulqini\/#breadcrumb\"},\"inLanguage\":\"en-US\",\"potentialAction\":[{\"@type\":\"ReadAction\",\"target\":[\"https:\/\/www.visit-ulcinj.com\/blog\/2016\/07\/25\/nora-istrefi-e-ledri-vula-postojne-fotografi-nga-ulqini\/\"]}]},{\"@type\":\"BreadcrumbList\",\"@id\":\"https:\/\/www.visit-ulcinj.com\/blog\/2016\/07\/25\/nora-istrefi-e-ledri-vula-postojne-fotografi-nga-ulqini\/#breadcrumb\",\"itemListElement\":[{\"@type\":\"ListItem\",\"position\":1,\"name\":\"Nora Istrefi e Ledri Vula, postojn\u00eb fotografi nga Ulqini &#8211; Video\"}]},{\"@type\":\"Person\",\"@id\":\"https:\/\/www.visit-ulcinj.com\/blog\/#\/schema\/person\/dcab619c614d3038751c63bc2aadc06d\",\"name\":\"ulqini\",\"sameAs\":[\"http:\/\/www.visit-ulcinj.com\"],\"url\":\"https:\/\/www.visit-ulcinj.com\/blog\/author\/admin\/\"}]}<\/script>\n<!-- \/ Yoast SEO plugin. -->","yoast_head_json":{"title":"Nora Istrefi e Ledri Vula, postojn\u00eb fotografi nga Ulqini - Video - Lajme nga Ulqini","description":"Ndejat verore n\u00eb vendet bregdetare sapo kan\u00eb filluar, e k\u00ebng\u00ebtar\u00ebt tan\u00eb jan\u00eb n\u00eb gjendje gadishm\u00ebrie p\u00ebr ta dh\u00ebn\u00eb maksimumin. N\u00eb t\u00eb njejt\u00ebn koh\u00eb, dit\u00ebn po","robots":{"index":"index","follow":"follow","max-snippet":"max-snippet:-1","max-image-preview":"max-image-preview:large","max-video-preview":"max-video-preview:-1"},"canonical":"https:\/\/www.visit-ulcinj.com\/blog\/2016\/07\/25\/nora-istrefi-e-ledri-vula-postojne-fotografi-nga-ulqini\/","og_locale":"en_US","og_type":"article","og_title":"Nora Istrefi e Ledri Vula, postojn\u00eb fotografi nga Ulqini - Video - Lajme nga Ulqini","og_description":"Ndejat verore n\u00eb vendet bregdetare sapo kan\u00eb filluar, e k\u00ebng\u00ebtar\u00ebt tan\u00eb jan\u00eb n\u00eb gjendje gadishm\u00ebrie p\u00ebr ta dh\u00ebn\u00eb maksimumin. N\u00eb t\u00eb njejt\u00ebn koh\u00eb, dit\u00ebn po","og_url":"https:\/\/www.visit-ulcinj.com\/blog\/2016\/07\/25\/nora-istrefi-e-ledri-vula-postojne-fotografi-nga-ulqini\/","og_site_name":"Lajme nga Ulqini","article_published_time":"2016-07-25T18:07:39+00:00","article_modified_time":"2016-07-25T18:19:18+00:00","og_image":[{"url":"http:\/\/www.visit-ulcinj.com\/blog\/wp-content\/uploads\/2016\/07\/Nora-Istrefi-e-Ledri-Vula-ne-Ulqin.jpg"}],"twitter_misc":{"Written by":"ulqini","Est. reading time":"1 minute"},"schema":{"@context":"https:\/\/schema.org","@graph":[{"@type":"WebSite","@id":"https:\/\/www.visit-ulcinj.com\/blog\/#website","url":"https:\/\/www.visit-ulcinj.com\/blog\/","name":"Lajme nga Ulqini","description":"Lajme,Vijesti,Ulqini,Ulqin,Crna Gora,Mali i Zi","potentialAction":[{"@type":"SearchAction","target":{"@type":"EntryPoint","urlTemplate":"https:\/\/www.visit-ulcinj.com\/blog\/?s={search_term_string}"},"query-input":"required name=search_term_string"}],"inLanguage":"en-US"},{"@type":"ImageObject","inLanguage":"en-US","@id":"https:\/\/www.visit-ulcinj.com\/blog\/2016\/07\/25\/nora-istrefi-e-ledri-vula-postojne-fotografi-nga-ulqini\/#primaryimage","url":"http:\/\/www.visit-ulcinj.com\/blog\/wp-content\/uploads\/2016\/07\/Nora-Istrefi-e-Ledri-Vula-ne-Ulqin.jpg","contentUrl":"http:\/\/www.visit-ulcinj.com\/blog\/wp-content\/uploads\/2016\/07\/Nora-Istrefi-e-Ledri-Vula-ne-Ulqin.jpg"},{"@type":"WebPage","@id":"https:\/\/www.visit-ulcinj.com\/blog\/2016\/07\/25\/nora-istrefi-e-ledri-vula-postojne-fotografi-nga-ulqini\/#webpage","url":"https:\/\/www.visit-ulcinj.com\/blog\/2016\/07\/25\/nora-istrefi-e-ledri-vula-postojne-fotografi-nga-ulqini\/","name":"Nora Istrefi e Ledri Vula, postojn\u00eb fotografi nga Ulqini - Video - Lajme nga Ulqini","isPartOf":{"@id":"https:\/\/www.visit-ulcinj.com\/blog\/#website"},"primaryImageOfPage":{"@id":"https:\/\/www.visit-ulcinj.com\/blog\/2016\/07\/25\/nora-istrefi-e-ledri-vula-postojne-fotografi-nga-ulqini\/#primaryimage"},"datePublished":"2016-07-25T18:07:39+00:00","dateModified":"2016-07-25T18:19:18+00:00","author":{"@id":"https:\/\/www.visit-ulcinj.com\/blog\/#\/schema\/person\/dcab619c614d3038751c63bc2aadc06d"},"description":"Ndejat verore n\u00eb vendet bregdetare sapo kan\u00eb filluar, e k\u00ebng\u00ebtar\u00ebt tan\u00eb jan\u00eb n\u00eb gjendje gadishm\u00ebrie p\u00ebr ta dh\u00ebn\u00eb maksimumin. N\u00eb t\u00eb njejt\u00ebn koh\u00eb, dit\u00ebn po","breadcrumb":{"@id":"https:\/\/www.visit-ulcinj.com\/blog\/2016\/07\/25\/nora-istrefi-e-ledri-vula-postojne-fotografi-nga-ulqini\/#breadcrumb"},"inLanguage":"en-US","potentialAction":[{"@type":"ReadAction","target":["https:\/\/www.visit-ulcinj.com\/blog\/2016\/07\/25\/nora-istrefi-e-ledri-vula-postojne-fotografi-nga-ulqini\/"]}]},{"@type":"BreadcrumbList","@id":"https:\/\/www.visit-ulcinj.com\/blog\/2016\/07\/25\/nora-istrefi-e-ledri-vula-postojne-fotografi-nga-ulqini\/#breadcrumb","itemListElement":[{"@type":"ListItem","position":1,"name":"Nora Istrefi e Ledri Vula, postojn\u00eb fotografi nga Ulqini &#8211; Video"}]},{"@type":"Person","@id":"https:\/\/www.visit-ulcinj.com\/blog\/#\/schema\/person\/dcab619c614d3038751c63bc2aadc06d","name":"ulqini","sameAs":["http:\/\/www.visit-ulcinj.com"],"url":"https:\/\/www.visit-ulcinj.com\/blog\/author\/admin\/"}]}},"jetpack_featured_media_url":"","jetpack_sharing_enabled":true,"jetpack_shortlink":"https:\/\/wp.me\/pe6lTn-pFA","_links":{"self":[{"href":"https:\/\/www.visit-ulcinj.com\/blog\/wp-json\/wp\/v2\/posts\/98678"}],"collection":[{"href":"https:\/\/www.visit-ulcinj.com\/blog\/wp-json\/wp\/v2\/posts"}],"about":[{"href":"https:\/\/www.visit-ulcinj.com\/blog\/wp-json\/wp\/v2\/types\/post"}],"author":[{"embeddable":true,"href":"https:\/\/www.visit-ulcinj.com\/blog\/wp-json\/wp\/v2\/users\/1"}],"replies":[{"embeddable":true,"href":"https:\/\/www.visit-ulcinj.com\/blog\/wp-json\/wp\/v2\/comments?post=98678"}],"version-history":[{"count":3,"href":"https:\/\/www.visit-ulcinj.com\/blog\/wp-json\/wp\/v2\/posts\/98678\/revisions"}],"predecessor-version":[{"id":98691,"href":"https:\/\/www.visit-ulcinj.com\/blog\/wp-json\/wp\/v2\/posts\/98678\/revisions\/98691"}],"wp:attachment":[{"href":"https:\/\/www.visit-ulcinj.com\/blog\/wp-json\/wp\/v2\/media?parent=98678"}],"wp:term":[{"taxonomy":"category","embeddable":true,"href":"https:\/\/www.visit-ulcinj.com\/blog\/wp-json\/wp\/v2\/categories?post=98678"},{"taxonomy":"post_tag","embeddable":true,"href":"https:\/\/www.visit-ulcinj.com\/blog\/wp-json\/wp\/v2\/tags?post=98678"}],"curies":[{"name":"wp","href":"https:\/\/api.w.org\/{rel}","templated":true}]}}